{"id":15351,"date":"2017-12-18T19:55:59","date_gmt":"2017-12-18T18:55:59","guid":{"rendered":"https:\/\/balkangreenenergynews.com\/rs\/?p=15351"},"modified":"2020-10-30T12:05:23","modified_gmt":"2020-10-30T11:05:23","slug":"giz-pokrenuo-regionalni-projekat-o-odrzivoj-urbanoj-mobilnosti-u-zemljama-jie","status":"publish","type":"post","link":"https:\/\/balkangreenenergynews.com\/rs\/giz-pokrenuo-regionalni-projekat-o-odrzivoj-urbanoj-mobilnosti-u-zemljama-jie\/","title":{"rendered":"GIZ pokrenuo regionalni projekat o odr\u017eivoj urbanoj mobilnosti u zemljama JIE"},"content":{"rendered":"<h2>Otvoreni regionalni fond za Jugoisto\u010dnu Evropu &#8211; Energetska efikasnost (ORF-EE), njema\u010dke organizacije GIZ, 12. decembra je pokrenuo novi regionalni projekat pod nazivom <em>Odr\u017eiva urbana mobilnost u zemljama jugoisto\u010dne Evrope \u2013 gradovi jugoisto\u010dne Evrope (JIE) zajedno za odr\u017eiv i energetski efikasan transport (SUMSEEC)<\/em>. Sve\u010dani sastanak je odr\u017ean u Skoplju u Makedoniji (BJR), a okupio je predstavnike\/ce gradova i op\u0107ina jugoisto\u010dne Evrope, kao i druge interesne grupe.<\/h2>\n<p>Ovaj sve\u0107ani doga\u0111aj u Skoplju je ozna\u010dio po\u010detak implementacije sporazuma koji je potpisan u Berlinu u aprilu ove godine izme\u0111u glavnih gradova jugoisto\u010dne Evrope, Sarajeva, Podgorice, Skoplja, Tirane i Pri\u0161tine, kada su predstavnici gradova iskazali svoju posve\u0107enost za udru\u017eivanje snaga s ciljem unaprije\u0111enja odr\u017eive urbane mobilnosti u jugoisto\u010dnoj Evropi. \u0160tovi\u0161e, doga\u0111aj u Skoplju je na neki na\u010din utemeljio platformu za sve gradove regiona koji su zainteresovani za pridru\u017eivanje ovoj regionalnoj inicijativi.<\/p>\n<p>Cilj novog ORF-EE projekta je da kroz regionalne mre\u017ee pove\u017ee predstavnike\/ce politi\u010dkog i civilnog sektora iz jugoisto\u010dne Evrope, koji su klju\u010dni za implementaciju bitnih rje\u0161enja u domenu energetske efikasnosti i odr\u017eive urbane mobilnosti. Preciznije, fokus projekta je na pru\u017eanju direktne podr\u0161ke zemljama JIE kroz ja\u010danje kapaciteta gradova, kao i za ovu oblast zna\u010dajnih aktera, s namjerom efektivne implementacije relevantnih EU regulativa u domenu energetske efikasnosti i za\u0161tite od klimatskih promjena. Na du\u017ee staze, podr\u0161ka ORF-EE-a \u0107e doprinijeti ubla\u017eavnju klimatskih promjena i urbane zagu\u0161enosti u zemljama JIE.<\/p>\n<p>Menad\u017eerka SUMSEEC projekta, Dubravka Bo\u0161njak, na ovom doga\u0111aju je izjavila da su negativni uticaji transportnog sistema u glavnim i velikim gradovima jugoisto\u010dne Evrope svakako izazov, i da je upravo zbog toga <em>ozeljenjavanje<\/em> (eng. greening) transportnog sistema u regiji od klju\u010dnog zna\u010daja. Naglasila je da lokalne aktivnosti za smanjenje posljedica transportnog sistema u zemljama regiona mogu imati instantni pozitivni uticaj i doprinijeti stvaranju pozitivnog efekta globalnih razmjera. \u201eNapori bi se stoga trebali odmah ulo\u017eiti\u201c, dodala je Bo\u0161njak.<\/p>\n<figure id=\"attachment_15353\" aria-describedby=\"caption-attachment-15353\" style=\"width: 795px\" class=\"wp-caption alignnone\"><img loading=\"lazy\" decoding=\"async\" class=\"wp-image-15353 size-full\" src=\"https:\/\/balkangreenenergynews.com\/rs\/wp-content\/uploads\/2017\/12\/Photo-1.-Launch-of-the-GIZ-Regional-Project-on-Sustainable-Urban-Mobility-in-SEE-Countries.-Skopje-Macedonia-12.12.-2017..jpg\" alt=\"Pokrenut regionalni projekat o odr\u017eivoj urbanoj mobilnosti u zemljama JIE\" width=\"795\" height=\"339\" srcset=\"https:\/\/balkangreenenergynews.com\/rs\/wp-content\/uploads\/2017\/12\/Photo-1.-Launch-of-the-GIZ-Regional-Project-on-Sustainable-Urban-Mobility-in-SEE-Countries.-Skopje-Macedonia-12.12.-2017..jpg 795w, https:\/\/balkangreenenergynews.com\/rs\/wp-content\/uploads\/2017\/12\/Photo-1.-Launch-of-the-GIZ-Regional-Project-on-Sustainable-Urban-Mobility-in-SEE-Countries.-Skopje-Macedonia-12.12.-2017.-500x213.jpg 500w, https:\/\/balkangreenenergynews.com\/rs\/wp-content\/uploads\/2017\/12\/Photo-1.-Launch-of-the-GIZ-Regional-Project-on-Sustainable-Urban-Mobility-in-SEE-Countries.-Skopje-Macedonia-12.12.-2017.-768x327.jpg 768w, https:\/\/balkangreenenergynews.com\/rs\/wp-content\/uploads\/2017\/12\/Photo-1.-Launch-of-the-GIZ-Regional-Project-on-Sustainable-Urban-Mobility-in-SEE-Countries.-Skopje-Macedonia-12.12.-2017.-300x128.jpg 300w\" sizes=\"auto, (max-width: 795px) 100vw, 795px\" \/><figcaption id=\"caption-attachment-15353\" class=\"wp-caption-text\"><em>Slika 1. Pokrenut regionalni projekat o odr\u017eivoj urbanoj mobilnosti u zemljama JIE, Skoplje, Makedonija, 12. decembar 2017. <\/em><\/figcaption><\/figure>\n<p>Podsje\u0107aju\u0107i na zna\u010daj regionalne inicijative i koriste\u0107i priliku da iska\u017ee posve\u0107enost grada Skoplja iznala\u017eenju rje\u0161enja odr\u017eivog urbanog transporta, gradona\u010delnik Skoplja, Petre \u0160ilegov je ovom prilikom izjavio da grad Skoplje pridaje veliki zna\u010daj altrenativnoj vrsti transporta kao \u0161to su bicikla. Dodao je kako \u201eSkoplje aktivno radi na tome da postane Zelena prijestolnica Evrope 2021. godine\u201c.<\/p>\n<p>Lazarela Kalezi\u0107-Tri\u0161i\u0107 iz Sekretarijata za prostorno planiranje i okoli\u0161, ispred Grada Podgorica, izjavila je da je SUMSEEC projekat od klju\u010dne va\u017enosti za region JIE. Istakla je da \u201eovaj regionalni projekat predstavlja bitan odgovor na situaciju vezanu za klimatske promjene, energetsku efikasnost \u00a0i zaga\u0111enost zraka u jugoisto\u010dnoj Evropi, jer je njegov direktni cilj pobolj\u0161anje kvaliteta \u017eivota u na\u0161im gradovima.\u201c<\/p>\n<p>Projekat \u0107e biti implementiran u toku naredne dvije godine.<\/p>\n<p>&nbsp;<\/p>\n","protected":false},"excerpt":{"rendered":"<p>Otvoreni regionalni fond za Jugoisto\u010dnu Evropu &#8211; Energetska efikasnost (ORF-EE), njema\u010dke organizacije GIZ, 12. decembra&#8230;<\/p>\n","protected":false},"author":2,"featured_media":15352,"comment_status":"open","ping_status":"closed","sticky":false,"template":"","format":"standard","meta":{"_acf_changed":false,"_monsterinsights_skip_tracking":false,"_monsterinsights_sitenote_active":false,"_monsterinsights_sitenote_note":"","_monsterinsights_sitenote_category":0,"footnotes":""},"categories":[3,7],"tags":[490,226,1439],"class_list":["post-15351","post","type-post","status-publish","format-standard","has-post-thumbnail","hentry","category-energetska-efikasnost","category-mobilnost","tag-dubravka-bosnjak","tag-giz-orf-ee","tag-skoplje","country-regioneu"],"acf":[],"yoast_head":"<!-- This site is optimized with the Yoast SEO plugin v27.4 - https:\/\/yoast.com\/product\/yoast-seo-wordpress\/ -->\n<title>GIZ pokrenuo regionalni projekat o odr\u017eivoj urbanoj mobilnosti u zemljama JIE<\/title>\n<meta name=\"description\" content=\"GIZ ORF-EE pokrenuo je regionalni projekat Odr\u017eiva urbana mobilnost u zemljama jugoisto\u010dne Evrope \u2013 zajedno za odr\u017eiv i energetski efikasan transport.\" \/>\n<meta name=\"robots\" content=\"index, follow, max-snippet:-1, max-image-preview:large, max-video-preview:-1\" \/>\n<link rel=\"canonical\" href=\"https:\/\/balkangreenenergynews.com\/rs\/giz-pokrenuo-regionalni-projekat-o-odrzivoj-urbanoj-mobilnosti-u-zemljama-jie\/\" \/>\n<meta property=\"og:locale\" content=\"sr_RS\" \/>\n<meta property=\"og:type\" content=\"article\" \/>\n<meta property=\"og:title\" content=\"GIZ pokrenuo regionalni projekat o odr\u017eivoj urbanoj mobilnosti u zemljama JIE\" \/>\n<meta property=\"og:description\" content=\"GIZ ORF-EE pokrenuo je regionalni projekat Odr\u017eiva urbana mobilnost u zemljama jugoisto\u010dne Evrope \u2013 zajedno za odr\u017eiv i energetski efikasan transport.\" \/>\n<meta property=\"og:url\" content=\"https:\/\/balkangreenenergynews.com\/rs\/giz-pokrenuo-regionalni-projekat-o-odrzivoj-urbanoj-mobilnosti-u-zemljama-jie\/\" \/>\n<meta property=\"og:site_name\" content=\"Balkan Green Energy News\" \/>\n<meta property=\"article:published_time\" content=\"2017-12-18T18:55:59+00:00\" \/>\n<meta property=\"article:modified_time\" content=\"2020-10-30T11:05:23+00:00\" \/>\n<meta property=\"og:image\" content=\"https:\/\/balkangreenenergynews.com\/rs\/wp-content\/uploads\/2017\/12\/Launch-of-GIZ-Regional-Project-on-Sustainable-Urban-Mobility-in-SEE-Countries.jpg\" \/>\n\t<meta property=\"og:image:width\" content=\"795\" \/>\n\t<meta property=\"og:image:height\" content=\"407\" \/>\n\t<meta property=\"og:image:type\" content=\"image\/jpeg\" \/>\n<meta name=\"author\" content=\"Branislava Jovi\u010di\u0107\" \/>\n<meta name=\"twitter:card\" content=\"summary_large_image\" \/>\n<meta name=\"twitter:creator\" content=\"@https:\/\/twitter.com\/BranaJovicic\" \/>\n<meta name=\"twitter:label1\" content=\"\u041d\u0430\u043f\u0438\u0441\u0430\u043d\u043e \u043e\u0434\" \/>\n\t<meta name=\"twitter:data1\" content=\"Branislava Jovi\u010di\u0107\" \/>\n\t<meta name=\"twitter:label2\" content=\"\u041f\u0440\u043e\u0446\u0435\u045a\u0435\u043d\u043e \u0432\u0440\u0435\u043c\u0435 \u0447\u0438\u0442\u0430\u045a\u0430\" \/>\n\t<meta name=\"twitter:data2\" content=\"3 \u043c\u0438\u043d\u0443\u0442\u0430\" \/>\n<script type=\"application\/ld+json\" class=\"yoast-schema-graph\">{\"@context\":\"https:\\\/\\\/schema.org\",\"@graph\":[{\"@type\":\"Article\",\"@id\":\"https:\\\/\\\/balkangreenenergynews.com\\\/rs\\\/giz-pokrenuo-regionalni-projekat-o-odrzivoj-urbanoj-mobilnosti-u-zemljama-jie\\\/#article\",\"isPartOf\":{\"@id\":\"https:\\\/\\\/balkangreenenergynews.com\\\/rs\\\/giz-pokrenuo-regionalni-projekat-o-odrzivoj-urbanoj-mobilnosti-u-zemljama-jie\\\/\"},\"author\":{\"name\":\"Branislava Jovi\u010di\u0107\",\"@id\":\"https:\\\/\\\/balkangreenenergynews.com\\\/rs\\\/#\\\/schema\\\/person\\\/ff4e9f9457769ba580672215875f5b38\"},\"headline\":\"GIZ pokrenuo regionalni projekat o odr\u017eivoj urbanoj mobilnosti u zemljama JIE\",\"datePublished\":\"2017-12-18T18:55:59+00:00\",\"dateModified\":\"2020-10-30T11:05:23+00:00\",\"mainEntityOfPage\":{\"@id\":\"https:\\\/\\\/balkangreenenergynews.com\\\/rs\\\/giz-pokrenuo-regionalni-projekat-o-odrzivoj-urbanoj-mobilnosti-u-zemljama-jie\\\/\"},\"wordCount\":522,\"commentCount\":0,\"image\":{\"@id\":\"https:\\\/\\\/balkangreenenergynews.com\\\/rs\\\/giz-pokrenuo-regionalni-projekat-o-odrzivoj-urbanoj-mobilnosti-u-zemljama-jie\\\/#primaryimage\"},\"thumbnailUrl\":\"https:\\\/\\\/balkangreenenergynews.com\\\/rs\\\/wp-content\\\/uploads\\\/2017\\\/12\\\/Launch-of-GIZ-Regional-Project-on-Sustainable-Urban-Mobility-in-SEE-Countries.jpg?wsr\",\"keywords\":[\"Dubravka Bo\u0161njak\",\"GIZ ORF-EE\",\"Skoplje\"],\"articleSection\":[\"Energetska efikasnost\",\"Mobilnost\"],\"inLanguage\":\"sr-RS\",\"potentialAction\":[{\"@type\":\"CommentAction\",\"name\":\"Comment\",\"target\":[\"https:\\\/\\\/balkangreenenergynews.com\\\/rs\\\/giz-pokrenuo-regionalni-projekat-o-odrzivoj-urbanoj-mobilnosti-u-zemljama-jie\\\/#respond\"]}]},{\"@type\":\"WebPage\",\"@id\":\"https:\\\/\\\/balkangreenenergynews.com\\\/rs\\\/giz-pokrenuo-regionalni-projekat-o-odrzivoj-urbanoj-mobilnosti-u-zemljama-jie\\\/\",\"url\":\"https:\\\/\\\/balkangreenenergynews.com\\\/rs\\\/giz-pokrenuo-regionalni-projekat-o-odrzivoj-urbanoj-mobilnosti-u-zemljama-jie\\\/\",\"name\":\"GIZ pokrenuo regionalni projekat o odr\u017eivoj urbanoj mobilnosti u zemljama JIE\",\"isPartOf\":{\"@id\":\"https:\\\/\\\/balkangreenenergynews.com\\\/rs\\\/#website\"},\"primaryImageOfPage\":{\"@id\":\"https:\\\/\\\/balkangreenenergynews.com\\\/rs\\\/giz-pokrenuo-regionalni-projekat-o-odrzivoj-urbanoj-mobilnosti-u-zemljama-jie\\\/#primaryimage\"},\"image\":{\"@id\":\"https:\\\/\\\/balkangreenenergynews.com\\\/rs\\\/giz-pokrenuo-regionalni-projekat-o-odrzivoj-urbanoj-mobilnosti-u-zemljama-jie\\\/#primaryimage\"},\"thumbnailUrl\":\"https:\\\/\\\/balkangreenenergynews.com\\\/rs\\\/wp-content\\\/uploads\\\/2017\\\/12\\\/Launch-of-GIZ-Regional-Project-on-Sustainable-Urban-Mobility-in-SEE-Countries.jpg?wsr\",\"datePublished\":\"2017-12-18T18:55:59+00:00\",\"dateModified\":\"2020-10-30T11:05:23+00:00\",\"author\":{\"@id\":\"https:\\\/\\\/balkangreenenergynews.com\\\/rs\\\/#\\\/schema\\\/person\\\/ff4e9f9457769ba580672215875f5b38\"},\"description\":\"GIZ ORF-EE pokrenuo je regionalni projekat Odr\u017eiva urbana mobilnost u zemljama jugoisto\u010dne Evrope \u2013 zajedno za odr\u017eiv i energetski efikasan transport.\",\"breadcrumb\":{\"@id\":\"https:\\\/\\\/balkangreenenergynews.com\\\/rs\\\/giz-pokrenuo-regionalni-projekat-o-odrzivoj-urbanoj-mobilnosti-u-zemljama-jie\\\/#breadcrumb\"},\"inLanguage\":\"sr-RS\",\"potentialAction\":[{\"@type\":\"ReadAction\",\"target\":[\"https:\\\/\\\/balkangreenenergynews.com\\\/rs\\\/giz-pokrenuo-regionalni-projekat-o-odrzivoj-urbanoj-mobilnosti-u-zemljama-jie\\\/\"]}]},{\"@type\":\"ImageObject\",\"inLanguage\":\"sr-RS\",\"@id\":\"https:\\\/\\\/balkangreenenergynews.com\\\/rs\\\/giz-pokrenuo-regionalni-projekat-o-odrzivoj-urbanoj-mobilnosti-u-zemljama-jie\\\/#primaryimage\",\"url\":\"https:\\\/\\\/balkangreenenergynews.com\\\/rs\\\/wp-content\\\/uploads\\\/2017\\\/12\\\/Launch-of-GIZ-Regional-Project-on-Sustainable-Urban-Mobility-in-SEE-Countries.jpg?wsr\",\"contentUrl\":\"https:\\\/\\\/balkangreenenergynews.com\\\/rs\\\/wp-content\\\/uploads\\\/2017\\\/12\\\/Launch-of-GIZ-Regional-Project-on-Sustainable-Urban-Mobility-in-SEE-Countries.jpg?wsr\",\"width\":795,\"height\":407,\"caption\":\"GIZ pokrenuo regionalni projekat o odrzivoj urbanoj mobilnosti u zemljama JIE\"},{\"@type\":\"BreadcrumbList\",\"@id\":\"https:\\\/\\\/balkangreenenergynews.com\\\/rs\\\/giz-pokrenuo-regionalni-projekat-o-odrzivoj-urbanoj-mobilnosti-u-zemljama-jie\\\/#breadcrumb\",\"itemListElement\":[{\"@type\":\"ListItem\",\"position\":1,\"name\":\"Po\u010detna\",\"item\":\"https:\\\/\\\/balkangreenenergynews.com\\\/rs\\\/\"},{\"@type\":\"ListItem\",\"position\":2,\"name\":\"GIZ ORF-EE\",\"item\":\"https:\\\/\\\/balkangreenenergynews.com\\\/rs\\\/kategorija\\\/giz-orf-ee\\\/\"},{\"@type\":\"ListItem\",\"position\":3,\"name\":\"GIZ pokrenuo regionalni projekat o odr\u017eivoj urbanoj mobilnosti u zemljama JIE\"}]},{\"@type\":\"WebSite\",\"@id\":\"https:\\\/\\\/balkangreenenergynews.com\\\/rs\\\/#website\",\"url\":\"https:\\\/\\\/balkangreenenergynews.com\\\/rs\\\/\",\"name\":\"Balkan Green Energy News\",\"description\":\"Naj\u0161iri izbor vesti sa Balkana o zelenoj energiji\",\"potentialAction\":[{\"@type\":\"SearchAction\",\"target\":{\"@type\":\"EntryPoint\",\"urlTemplate\":\"https:\\\/\\\/balkangreenenergynews.com\\\/rs\\\/?s={search_term_string}\"},\"query-input\":{\"@type\":\"PropertyValueSpecification\",\"valueRequired\":true,\"valueName\":\"search_term_string\"}}],\"inLanguage\":\"sr-RS\"},{\"@type\":\"Person\",\"@id\":\"https:\\\/\\\/balkangreenenergynews.com\\\/rs\\\/#\\\/schema\\\/person\\\/ff4e9f9457769ba580672215875f5b38\",\"name\":\"Branislava Jovi\u010di\u0107\",\"description\":\"\u017divimo u vremenu koje je pred na\u0161u generaciju postavilo veoma va\u017ean zadatak. Nije na nama sva krivica za stanje u kojem se nalazi planeta, ali odgovornot svakako jeste. Zato usmerimo svoja znanja, ve\u0161tine i pamet ka pronala\u017eenju odr\u017eivih, pametnih i zelenih re\u0161enja.\",\"sameAs\":[\"https:\\\/\\\/www.linkedin.com\\\/in\\\/branislava-jovicic-043080a\\\/\",\"https:\\\/\\\/x.com\\\/https:\\\/\\\/twitter.com\\\/BranaJovicic\"],\"url\":\"https:\\\/\\\/balkangreenenergynews.com\\\/rs\\\/author\\\/bgen\\\/\"}]}<\/script>\n<!-- \/ Yoast SEO plugin. -->","yoast_head_json":{"title":"GIZ pokrenuo regionalni projekat o odr\u017eivoj urbanoj mobilnosti u zemljama JIE","description":"GIZ ORF-EE pokrenuo je regionalni projekat Odr\u017eiva urbana mobilnost u zemljama jugoisto\u010dne Evrope \u2013 zajedno za odr\u017eiv i energetski efikasan transport.","robots":{"index":"index","follow":"follow","max-snippet":"max-snippet:-1","max-image-preview":"max-image-preview:large","max-video-preview":"max-video-preview:-1"},"canonical":"https:\/\/balkangreenenergynews.com\/rs\/giz-pokrenuo-regionalni-projekat-o-odrzivoj-urbanoj-mobilnosti-u-zemljama-jie\/","og_locale":"sr_RS","og_type":"article","og_title":"GIZ pokrenuo regionalni projekat o odr\u017eivoj urbanoj mobilnosti u zemljama JIE","og_description":"GIZ ORF-EE pokrenuo je regionalni projekat Odr\u017eiva urbana mobilnost u zemljama jugoisto\u010dne Evrope \u2013 zajedno za odr\u017eiv i energetski efikasan transport.","og_url":"https:\/\/balkangreenenergynews.com\/rs\/giz-pokrenuo-regionalni-projekat-o-odrzivoj-urbanoj-mobilnosti-u-zemljama-jie\/","og_site_name":"Balkan Green Energy News","article_published_time":"2017-12-18T18:55:59+00:00","article_modified_time":"2020-10-30T11:05:23+00:00","og_image":[{"width":795,"height":407,"url":"https:\/\/balkangreenenergynews.com\/rs\/wp-content\/uploads\/2017\/12\/Launch-of-GIZ-Regional-Project-on-Sustainable-Urban-Mobility-in-SEE-Countries.jpg","type":"image\/jpeg"}],"author":"Branislava Jovi\u010di\u0107","twitter_card":"summary_large_image","twitter_creator":"@https:\/\/twitter.com\/BranaJovicic","twitter_misc":{"\u041d\u0430\u043f\u0438\u0441\u0430\u043d\u043e \u043e\u0434":"Branislava Jovi\u010di\u0107","\u041f\u0440\u043e\u0446\u0435\u045a\u0435\u043d\u043e \u0432\u0440\u0435\u043c\u0435 \u0447\u0438\u0442\u0430\u045a\u0430":"3 \u043c\u0438\u043d\u0443\u0442\u0430"},"schema":{"@context":"https:\/\/schema.org","@graph":[{"@type":"Article","@id":"https:\/\/balkangreenenergynews.com\/rs\/giz-pokrenuo-regionalni-projekat-o-odrzivoj-urbanoj-mobilnosti-u-zemljama-jie\/#article","isPartOf":{"@id":"https:\/\/balkangreenenergynews.com\/rs\/giz-pokrenuo-regionalni-projekat-o-odrzivoj-urbanoj-mobilnosti-u-zemljama-jie\/"},"author":{"name":"Branislava Jovi\u010di\u0107","@id":"https:\/\/balkangreenenergynews.com\/rs\/#\/schema\/person\/ff4e9f9457769ba580672215875f5b38"},"headline":"GIZ pokrenuo regionalni projekat o odr\u017eivoj urbanoj mobilnosti u zemljama JIE","datePublished":"2017-12-18T18:55:59+00:00","dateModified":"2020-10-30T11:05:23+00:00","mainEntityOfPage":{"@id":"https:\/\/balkangreenenergynews.com\/rs\/giz-pokrenuo-regionalni-projekat-o-odrzivoj-urbanoj-mobilnosti-u-zemljama-jie\/"},"wordCount":522,"commentCount":0,"image":{"@id":"https:\/\/balkangreenenergynews.com\/rs\/giz-pokrenuo-regionalni-projekat-o-odrzivoj-urbanoj-mobilnosti-u-zemljama-jie\/#primaryimage"},"thumbnailUrl":"https:\/\/balkangreenenergynews.com\/rs\/wp-content\/uploads\/2017\/12\/Launch-of-GIZ-Regional-Project-on-Sustainable-Urban-Mobility-in-SEE-Countries.jpg?wsr","keywords":["Dubravka Bo\u0161njak","GIZ ORF-EE","Skoplje"],"articleSection":["Energetska efikasnost","Mobilnost"],"inLanguage":"sr-RS","potentialAction":[{"@type":"CommentAction","name":"Comment","target":["https:\/\/balkangreenenergynews.com\/rs\/giz-pokrenuo-regionalni-projekat-o-odrzivoj-urbanoj-mobilnosti-u-zemljama-jie\/#respond"]}]},{"@type":"WebPage","@id":"https:\/\/balkangreenenergynews.com\/rs\/giz-pokrenuo-regionalni-projekat-o-odrzivoj-urbanoj-mobilnosti-u-zemljama-jie\/","url":"https:\/\/balkangreenenergynews.com\/rs\/giz-pokrenuo-regionalni-projekat-o-odrzivoj-urbanoj-mobilnosti-u-zemljama-jie\/","name":"GIZ pokrenuo regionalni projekat o odr\u017eivoj urbanoj mobilnosti u zemljama JIE","isPartOf":{"@id":"https:\/\/balkangreenenergynews.com\/rs\/#website"},"primaryImageOfPage":{"@id":"https:\/\/balkangreenenergynews.com\/rs\/giz-pokrenuo-regionalni-projekat-o-odrzivoj-urbanoj-mobilnosti-u-zemljama-jie\/#primaryimage"},"image":{"@id":"https:\/\/balkangreenenergynews.com\/rs\/giz-pokrenuo-regionalni-projekat-o-odrzivoj-urbanoj-mobilnosti-u-zemljama-jie\/#primaryimage"},"thumbnailUrl":"https:\/\/balkangreenenergynews.com\/rs\/wp-content\/uploads\/2017\/12\/Launch-of-GIZ-Regional-Project-on-Sustainable-Urban-Mobility-in-SEE-Countries.jpg?wsr","datePublished":"2017-12-18T18:55:59+00:00","dateModified":"2020-10-30T11:05:23+00:00","author":{"@id":"https:\/\/balkangreenenergynews.com\/rs\/#\/schema\/person\/ff4e9f9457769ba580672215875f5b38"},"description":"GIZ ORF-EE pokrenuo je regionalni projekat Odr\u017eiva urbana mobilnost u zemljama jugoisto\u010dne Evrope \u2013 zajedno za odr\u017eiv i energetski efikasan transport.","breadcrumb":{"@id":"https:\/\/balkangreenenergynews.com\/rs\/giz-pokrenuo-regionalni-projekat-o-odrzivoj-urbanoj-mobilnosti-u-zemljama-jie\/#breadcrumb"},"inLanguage":"sr-RS","potentialAction":[{"@type":"ReadAction","target":["https:\/\/balkangreenenergynews.com\/rs\/giz-pokrenuo-regionalni-projekat-o-odrzivoj-urbanoj-mobilnosti-u-zemljama-jie\/"]}]},{"@type":"ImageObject","inLanguage":"sr-RS","@id":"https:\/\/balkangreenenergynews.com\/rs\/giz-pokrenuo-regionalni-projekat-o-odrzivoj-urbanoj-mobilnosti-u-zemljama-jie\/#primaryimage","url":"https:\/\/balkangreenenergynews.com\/rs\/wp-content\/uploads\/2017\/12\/Launch-of-GIZ-Regional-Project-on-Sustainable-Urban-Mobility-in-SEE-Countries.jpg?wsr","contentUrl":"https:\/\/balkangreenenergynews.com\/rs\/wp-content\/uploads\/2017\/12\/Launch-of-GIZ-Regional-Project-on-Sustainable-Urban-Mobility-in-SEE-Countries.jpg?wsr","width":795,"height":407,"caption":"GIZ pokrenuo regionalni projekat o odrzivoj urbanoj mobilnosti u zemljama JIE"},{"@type":"BreadcrumbList","@id":"https:\/\/balkangreenenergynews.com\/rs\/giz-pokrenuo-regionalni-projekat-o-odrzivoj-urbanoj-mobilnosti-u-zemljama-jie\/#breadcrumb","itemListElement":[{"@type":"ListItem","position":1,"name":"Po\u010detna","item":"https:\/\/balkangreenenergynews.com\/rs\/"},{"@type":"ListItem","position":2,"name":"GIZ ORF-EE","item":"https:\/\/balkangreenenergynews.com\/rs\/kategorija\/giz-orf-ee\/"},{"@type":"ListItem","position":3,"name":"GIZ pokrenuo regionalni projekat o odr\u017eivoj urbanoj mobilnosti u zemljama JIE"}]},{"@type":"WebSite","@id":"https:\/\/balkangreenenergynews.com\/rs\/#website","url":"https:\/\/balkangreenenergynews.com\/rs\/","name":"Balkan Green Energy News","description":"Naj\u0161iri izbor vesti sa Balkana o zelenoj energiji","potentialAction":[{"@type":"SearchAction","target":{"@type":"EntryPoint","urlTemplate":"https:\/\/balkangreenenergynews.com\/rs\/?s={search_term_string}"},"query-input":{"@type":"PropertyValueSpecification","valueRequired":true,"valueName":"search_term_string"}}],"inLanguage":"sr-RS"},{"@type":"Person","@id":"https:\/\/balkangreenenergynews.com\/rs\/#\/schema\/person\/ff4e9f9457769ba580672215875f5b38","name":"Branislava Jovi\u010di\u0107","description":"\u017divimo u vremenu koje je pred na\u0161u generaciju postavilo veoma va\u017ean zadatak. Nije na nama sva krivica za stanje u kojem se nalazi planeta, ali odgovornot svakako jeste. Zato usmerimo svoja znanja, ve\u0161tine i pamet ka pronala\u017eenju odr\u017eivih, pametnih i zelenih re\u0161enja.","sameAs":["https:\/\/www.linkedin.com\/in\/branislava-jovicic-043080a\/","https:\/\/x.com\/https:\/\/twitter.com\/BranaJovicic"],"url":"https:\/\/balkangreenenergynews.com\/rs\/author\/bgen\/"}]}},"_links":{"self":[{"href":"https:\/\/balkangreenenergynews.com\/rs\/wp-json\/wp\/v2\/posts\/15351","targetHints":{"allow":["GET"]}}],"collection":[{"href":"https:\/\/balkangreenenergynews.com\/rs\/wp-json\/wp\/v2\/posts"}],"about":[{"href":"https:\/\/balkangreenenergynews.com\/rs\/wp-json\/wp\/v2\/types\/post"}],"author":[{"embeddable":true,"href":"https:\/\/balkangreenenergynews.com\/rs\/wp-json\/wp\/v2\/users\/2"}],"replies":[{"embeddable":true,"href":"https:\/\/balkangreenenergynews.com\/rs\/wp-json\/wp\/v2\/comments?post=15351"}],"version-history":[{"count":0,"href":"https:\/\/balkangreenenergynews.com\/rs\/wp-json\/wp\/v2\/posts\/15351\/revisions"}],"wp:featuredmedia":[{"embeddable":true,"href":"https:\/\/balkangreenenergynews.com\/rs\/wp-json\/wp\/v2\/media\/15352"}],"wp:attachment":[{"href":"https:\/\/balkangreenenergynews.com\/rs\/wp-json\/wp\/v2\/media?parent=15351"}],"wp:term":[{"taxonomy":"category","embeddable":true,"href":"https:\/\/balkangreenenergynews.com\/rs\/wp-json\/wp\/v2\/categories?post=15351"},{"taxonomy":"post_tag","embeddable":true,"href":"https:\/\/balkangreenenergynews.com\/rs\/wp-json\/wp\/v2\/tags?post=15351"}],"curies":[{"name":"wp","href":"https:\/\/api.w.org\/{rel}","templated":true}]}}