{"id":15348,"date":"2017-12-18T16:27:45","date_gmt":"2017-12-18T15:27:45","guid":{"rendered":"https:\/\/balkangreenenergynews.com\/rs\/?p=15348"},"modified":"2017-12-18T16:27:45","modified_gmt":"2017-12-18T15:27:45","slug":"dragan-kujovic-novi-izvrsni-direktor-crnogorskog-elektroprenosnog-sistema","status":"publish","type":"post","link":"https:\/\/balkangreenenergynews.com\/rs\/dragan-kujovic-novi-izvrsni-direktor-crnogorskog-elektroprenosnog-sistema\/","title":{"rendered":"Dragan Kujovic\u0301 novi izvr\u0161ni direktor Crnogorskog elektroprenosnog sistema"},"content":{"rendered":"<h2>Na vanrednoj Skup\u0161tini akcionara dr\u017eavnog preduzec\u0301a Crnogorski elektroprenosni sistem (CGES) izabran je Dragan Kujovic\u0301 za izvr\u0161nog direktora kompanije, saop\u0161tio je CGES.<\/h2>\n<p>CGES je akcionarsko dru\u0161tvo i operator prenosnog sistema u Crnoj Gori.<\/p>\n<p>\u201cSkup\u0161tina akcionara smenila je biv\u0161eg izvr\u0161nog direktora Ivana Bulatovic\u0301a nakon isteka njegovog \u010detvorogodi\u0161njeg mandata\u201d, naveo je CGES.<\/p>\n<p>Dragan Kujovic\u0301 je dosad bio dr\u017eavni sekretar u Ministarstvu ekonomije.<\/p>\n<p>\u201cObavljao je i funkcije zamenika ministra u Ministarstvu ekonomije, predsednika Upravnog odbora za upravljanje aktivom i pasivom Fonda za investicije i razvoj Crne Gore i predsednika Odbora direktora AD OBOD-Cetinje, a koordinirao je i rad mnogih vladinih radnih grupa\u201d, isti\u010de se u saop\u0161tenju CGES.<\/p>\n<p>Kujovic\u0301 je diplomirao na Ma\u0161inskom fakultetu u Podgorici 2000. godine.<\/p>\n<p>Dr\u017eavni kapital u Odboru direktora kompanije predstavlja\u0107e Vesna Bracanovic\u0301, Zoran Rako\u010devic\u0301, Tamara Ivkovic\u0301 i Zoran Miljanic\u0301.<\/p>\n<p>Giovanni Cerchiarini i Carlo Crea izabrani su u Odbor kao predstavnici italijanske kompanije Terna, dok c\u0301e Jelena Matejic\u0301 i dalje predstavljati srpsko dr\u017eavno preduzec\u0301e Elektromre\u017ea Srbije. Ina\u010de, Jelena Mateji\u0107 je nedavno <a href=\"https:\/\/balkangreenenergynews.com\/rs\/vlada-srbije-imenovala-jelenu-matejic-direktorku-elektromreze-srbije\/\">izabrana<\/a> za direktora EMS.<\/p>\n<p>Na konstitutivnom sastanku Odbora direktora odr\u017eanom istog dana, Vesna Bracanovic\u0301 je imenovana za predsednika, a Giovanni Cerchiarini za potpredsednika.<\/p>\n","protected":false},"excerpt":{"rendered":"<p>Na vanrednoj Skup\u0161tini akcionara dr\u017eavnog preduzec\u0301a Crnogorski elektroprenosni sistem (CGES) izabran je Dragan Kujovic\u0301 za&#8230;<\/p>\n","protected":false},"author":2,"featured_media":15349,"comment_status":"open","ping_status":"closed","sticky":false,"template":"","format":"standard","meta":{"_acf_changed":false,"_monsterinsights_skip_tracking":false,"_monsterinsights_sitenote_active":false,"_monsterinsights_sitenote_note":"","_monsterinsights_sitenote_category":0,"footnotes":""},"categories":[504],"tags":[111,3141,2500,1375,1377,413],"class_list":["post-15348","post","type-post","status-publish","format-standard","has-post-thumbnail","hentry","category-elektricna-energija","tag-cges","tag-crnogorski-elektroprenosni-sistem","tag-elektromreza-srbije","tag-jelena-matejic","tag-operator-prenosnog-sistema","tag-terna","country-crna-gora"],"acf":[],"yoast_head":"<!-- This site is optimized with the Yoast SEO plugin v27.4 - https:\/\/yoast.com\/product\/yoast-seo-wordpress\/ -->\n<title>Dragan Kujovic\u0301 novi izvr\u0161ni direktor Crnogorskog elektroprenosnog sistema<\/title>\n<meta name=\"description\" content=\"Na vanrednoj Skup\u0161tini akcionara dr\u017eavnog preduzec\u0301a Crnogorski elektroprenosni sistem (CGES) izabran je Dragan Kujovic\u0301 za izvr\u0161nog direktora kompanije.\" \/>\n<meta name=\"robots\" content=\"index, follow, max-snippet:-1, max-image-preview:large, max-video-preview:-1\" \/>\n<link rel=\"canonical\" href=\"https:\/\/balkangreenenergynews.com\/rs\/dragan-kujovic-novi-izvrsni-direktor-crnogorskog-elektroprenosnog-sistema\/\" \/>\n<meta property=\"og:locale\" content=\"sr_RS\" \/>\n<meta property=\"og:type\" content=\"article\" \/>\n<meta property=\"og:title\" content=\"Dragan Kujovic\u0301 novi izvr\u0161ni direktor Crnogorskog elektroprenosnog sistema\" \/>\n<meta property=\"og:description\" content=\"Na vanrednoj Skup\u0161tini akcionara dr\u017eavnog preduzec\u0301a Crnogorski elektroprenosni sistem (CGES) izabran je Dragan Kujovic\u0301 za izvr\u0161nog direktora kompanije.\" \/>\n<meta property=\"og:url\" content=\"https:\/\/balkangreenenergynews.com\/rs\/dragan-kujovic-novi-izvrsni-direktor-crnogorskog-elektroprenosnog-sistema\/\" \/>\n<meta property=\"og:site_name\" content=\"Balkan Green Energy News\" \/>\n<meta property=\"article:published_time\" content=\"2017-12-18T15:27:45+00:00\" \/>\n<meta property=\"og:image\" content=\"https:\/\/balkangreenenergynews.com\/rs\/wp-content\/uploads\/2017\/12\/cges-meeting-e1523454838315.gif\" \/>\n\t<meta property=\"og:image:width\" content=\"795\" \/>\n\t<meta property=\"og:image:height\" content=\"449\" \/>\n\t<meta property=\"og:image:type\" content=\"image\/gif\" \/>\n<meta name=\"author\" content=\"Branislava Jovi\u010di\u0107\" \/>\n<meta name=\"twitter:card\" content=\"summary_large_image\" \/>\n<meta name=\"twitter:creator\" content=\"@https:\/\/twitter.com\/BranaJovicic\" \/>\n<meta name=\"twitter:label1\" content=\"\u041d\u0430\u043f\u0438\u0441\u0430\u043d\u043e \u043e\u0434\" \/>\n\t<meta name=\"twitter:data1\" content=\"Branislava Jovi\u010di\u0107\" \/>\n\t<meta name=\"twitter:label2\" content=\"\u041f\u0440\u043e\u0446\u0435\u045a\u0435\u043d\u043e \u0432\u0440\u0435\u043c\u0435 \u0447\u0438\u0442\u0430\u045a\u0430\" \/>\n\t<meta name=\"twitter:data2\" content=\"1 \u043c\u0438\u043d\u0443\u0442\" \/>\n<script type=\"application\/ld+json\" class=\"yoast-schema-graph\">{\"@context\":\"https:\\\/\\\/schema.org\",\"@graph\":[{\"@type\":\"Article\",\"@id\":\"https:\\\/\\\/balkangreenenergynews.com\\\/rs\\\/dragan-kujovic-novi-izvrsni-direktor-crnogorskog-elektroprenosnog-sistema\\\/#article\",\"isPartOf\":{\"@id\":\"https:\\\/\\\/balkangreenenergynews.com\\\/rs\\\/dragan-kujovic-novi-izvrsni-direktor-crnogorskog-elektroprenosnog-sistema\\\/\"},\"author\":{\"name\":\"Branislava Jovi\u010di\u0107\",\"@id\":\"https:\\\/\\\/balkangreenenergynews.com\\\/rs\\\/#\\\/schema\\\/person\\\/ff4e9f9457769ba580672215875f5b38\"},\"headline\":\"Dragan Kujovic\u0301 novi izvr\u0161ni direktor Crnogorskog elektroprenosnog sistema\",\"datePublished\":\"2017-12-18T15:27:45+00:00\",\"mainEntityOfPage\":{\"@id\":\"https:\\\/\\\/balkangreenenergynews.com\\\/rs\\\/dragan-kujovic-novi-izvrsni-direktor-crnogorskog-elektroprenosnog-sistema\\\/\"},\"wordCount\":215,\"commentCount\":0,\"image\":{\"@id\":\"https:\\\/\\\/balkangreenenergynews.com\\\/rs\\\/dragan-kujovic-novi-izvrsni-direktor-crnogorskog-elektroprenosnog-sistema\\\/#primaryimage\"},\"thumbnailUrl\":\"https:\\\/\\\/balkangreenenergynews.com\\\/rs\\\/wp-content\\\/uploads\\\/2017\\\/12\\\/cges-meeting-e1523454838315.gif?wsr\",\"keywords\":[\"CGES\",\"Crnogorski elektroprenosni sistem\",\"Elektromre\u017ea Srbije\",\"Jelena Mateji\u0107\",\"operator prenosnog sistema\",\"Terna\"],\"articleSection\":[\"Elektri\u010dna energija\"],\"inLanguage\":\"sr-RS\",\"potentialAction\":[{\"@type\":\"CommentAction\",\"name\":\"Comment\",\"target\":[\"https:\\\/\\\/balkangreenenergynews.com\\\/rs\\\/dragan-kujovic-novi-izvrsni-direktor-crnogorskog-elektroprenosnog-sistema\\\/#respond\"]}]},{\"@type\":\"WebPage\",\"@id\":\"https:\\\/\\\/balkangreenenergynews.com\\\/rs\\\/dragan-kujovic-novi-izvrsni-direktor-crnogorskog-elektroprenosnog-sistema\\\/\",\"url\":\"https:\\\/\\\/balkangreenenergynews.com\\\/rs\\\/dragan-kujovic-novi-izvrsni-direktor-crnogorskog-elektroprenosnog-sistema\\\/\",\"name\":\"Dragan Kujovic\u0301 novi izvr\u0161ni direktor Crnogorskog elektroprenosnog sistema\",\"isPartOf\":{\"@id\":\"https:\\\/\\\/balkangreenenergynews.com\\\/rs\\\/#website\"},\"primaryImageOfPage\":{\"@id\":\"https:\\\/\\\/balkangreenenergynews.com\\\/rs\\\/dragan-kujovic-novi-izvrsni-direktor-crnogorskog-elektroprenosnog-sistema\\\/#primaryimage\"},\"image\":{\"@id\":\"https:\\\/\\\/balkangreenenergynews.com\\\/rs\\\/dragan-kujovic-novi-izvrsni-direktor-crnogorskog-elektroprenosnog-sistema\\\/#primaryimage\"},\"thumbnailUrl\":\"https:\\\/\\\/balkangreenenergynews.com\\\/rs\\\/wp-content\\\/uploads\\\/2017\\\/12\\\/cges-meeting-e1523454838315.gif?wsr\",\"datePublished\":\"2017-12-18T15:27:45+00:00\",\"author\":{\"@id\":\"https:\\\/\\\/balkangreenenergynews.com\\\/rs\\\/#\\\/schema\\\/person\\\/ff4e9f9457769ba580672215875f5b38\"},\"description\":\"Na vanrednoj Skup\u0161tini akcionara dr\u017eavnog preduzec\u0301a Crnogorski elektroprenosni sistem (CGES) izabran je Dragan Kujovic\u0301 za izvr\u0161nog direktora kompanije.\",\"breadcrumb\":{\"@id\":\"https:\\\/\\\/balkangreenenergynews.com\\\/rs\\\/dragan-kujovic-novi-izvrsni-direktor-crnogorskog-elektroprenosnog-sistema\\\/#breadcrumb\"},\"inLanguage\":\"sr-RS\",\"potentialAction\":[{\"@type\":\"ReadAction\",\"target\":[\"https:\\\/\\\/balkangreenenergynews.com\\\/rs\\\/dragan-kujovic-novi-izvrsni-direktor-crnogorskog-elektroprenosnog-sistema\\\/\"]}]},{\"@type\":\"ImageObject\",\"inLanguage\":\"sr-RS\",\"@id\":\"https:\\\/\\\/balkangreenenergynews.com\\\/rs\\\/dragan-kujovic-novi-izvrsni-direktor-crnogorskog-elektroprenosnog-sistema\\\/#primaryimage\",\"url\":\"https:\\\/\\\/balkangreenenergynews.com\\\/rs\\\/wp-content\\\/uploads\\\/2017\\\/12\\\/cges-meeting-e1523454838315.gif?wsr\",\"contentUrl\":\"https:\\\/\\\/balkangreenenergynews.com\\\/rs\\\/wp-content\\\/uploads\\\/2017\\\/12\\\/cges-meeting-e1523454838315.gif?wsr\",\"width\":795,\"height\":449,\"caption\":\"Dragan Kujovicc novi izvrsni direktor Crnogorskog elektroprenosnog sistema\"},{\"@type\":\"BreadcrumbList\",\"@id\":\"https:\\\/\\\/balkangreenenergynews.com\\\/rs\\\/dragan-kujovic-novi-izvrsni-direktor-crnogorskog-elektroprenosnog-sistema\\\/#breadcrumb\",\"itemListElement\":[{\"@type\":\"ListItem\",\"position\":1,\"name\":\"Po\u010detna\",\"item\":\"https:\\\/\\\/balkangreenenergynews.com\\\/rs\\\/\"},{\"@type\":\"ListItem\",\"position\":2,\"name\":\"Vesti\",\"item\":\"https:\\\/\\\/balkangreenenergynews.com\\\/rs\\\/kategorija\\\/vesti\\\/\"},{\"@type\":\"ListItem\",\"position\":3,\"name\":\"Elektri\u010dna energija\",\"item\":\"https:\\\/\\\/balkangreenenergynews.com\\\/rs\\\/kategorija\\\/vesti\\\/elektricna-energija\\\/\"},{\"@type\":\"ListItem\",\"position\":4,\"name\":\"Dragan Kujovic\u0301 novi izvr\u0161ni direktor Crnogorskog elektroprenosnog sistema\"}]},{\"@type\":\"WebSite\",\"@id\":\"https:\\\/\\\/balkangreenenergynews.com\\\/rs\\\/#website\",\"url\":\"https:\\\/\\\/balkangreenenergynews.com\\\/rs\\\/\",\"name\":\"Balkan Green Energy News\",\"description\":\"Naj\u0161iri izbor vesti sa Balkana o zelenoj energiji\",\"potentialAction\":[{\"@type\":\"SearchAction\",\"target\":{\"@type\":\"EntryPoint\",\"urlTemplate\":\"https:\\\/\\\/balkangreenenergynews.com\\\/rs\\\/?s={search_term_string}\"},\"query-input\":{\"@type\":\"PropertyValueSpecification\",\"valueRequired\":true,\"valueName\":\"search_term_string\"}}],\"inLanguage\":\"sr-RS\"},{\"@type\":\"Person\",\"@id\":\"https:\\\/\\\/balkangreenenergynews.com\\\/rs\\\/#\\\/schema\\\/person\\\/ff4e9f9457769ba580672215875f5b38\",\"name\":\"Branislava Jovi\u010di\u0107\",\"description\":\"\u017divimo u vremenu koje je pred na\u0161u generaciju postavilo veoma va\u017ean zadatak. Nije na nama sva krivica za stanje u kojem se nalazi planeta, ali odgovornot svakako jeste. Zato usmerimo svoja znanja, ve\u0161tine i pamet ka pronala\u017eenju odr\u017eivih, pametnih i zelenih re\u0161enja.\",\"sameAs\":[\"https:\\\/\\\/www.linkedin.com\\\/in\\\/branislava-jovicic-043080a\\\/\",\"https:\\\/\\\/x.com\\\/https:\\\/\\\/twitter.com\\\/BranaJovicic\"],\"url\":\"https:\\\/\\\/balkangreenenergynews.com\\\/rs\\\/author\\\/bgen\\\/\"}]}<\/script>\n<!-- \/ Yoast SEO plugin. -->","yoast_head_json":{"title":"Dragan Kujovic\u0301 novi izvr\u0161ni direktor Crnogorskog elektroprenosnog sistema","description":"Na vanrednoj Skup\u0161tini akcionara dr\u017eavnog preduzec\u0301a Crnogorski elektroprenosni sistem (CGES) izabran je Dragan Kujovic\u0301 za izvr\u0161nog direktora kompanije.","robots":{"index":"index","follow":"follow","max-snippet":"max-snippet:-1","max-image-preview":"max-image-preview:large","max-video-preview":"max-video-preview:-1"},"canonical":"https:\/\/balkangreenenergynews.com\/rs\/dragan-kujovic-novi-izvrsni-direktor-crnogorskog-elektroprenosnog-sistema\/","og_locale":"sr_RS","og_type":"article","og_title":"Dragan Kujovic\u0301 novi izvr\u0161ni direktor Crnogorskog elektroprenosnog sistema","og_description":"Na vanrednoj Skup\u0161tini akcionara dr\u017eavnog preduzec\u0301a Crnogorski elektroprenosni sistem (CGES) izabran je Dragan Kujovic\u0301 za izvr\u0161nog direktora kompanije.","og_url":"https:\/\/balkangreenenergynews.com\/rs\/dragan-kujovic-novi-izvrsni-direktor-crnogorskog-elektroprenosnog-sistema\/","og_site_name":"Balkan Green Energy News","article_published_time":"2017-12-18T15:27:45+00:00","og_image":[{"width":795,"height":449,"url":"https:\/\/balkangreenenergynews.com\/rs\/wp-content\/uploads\/2017\/12\/cges-meeting-e1523454838315.gif","type":"image\/gif"}],"author":"Branislava Jovi\u010di\u0107","twitter_card":"summary_large_image","twitter_creator":"@https:\/\/twitter.com\/BranaJovicic","twitter_misc":{"\u041d\u0430\u043f\u0438\u0441\u0430\u043d\u043e \u043e\u0434":"Branislava Jovi\u010di\u0107","\u041f\u0440\u043e\u0446\u0435\u045a\u0435\u043d\u043e \u0432\u0440\u0435\u043c\u0435 \u0447\u0438\u0442\u0430\u045a\u0430":"1 \u043c\u0438\u043d\u0443\u0442"},"schema":{"@context":"https:\/\/schema.org","@graph":[{"@type":"Article","@id":"https:\/\/balkangreenenergynews.com\/rs\/dragan-kujovic-novi-izvrsni-direktor-crnogorskog-elektroprenosnog-sistema\/#article","isPartOf":{"@id":"https:\/\/balkangreenenergynews.com\/rs\/dragan-kujovic-novi-izvrsni-direktor-crnogorskog-elektroprenosnog-sistema\/"},"author":{"name":"Branislava Jovi\u010di\u0107","@id":"https:\/\/balkangreenenergynews.com\/rs\/#\/schema\/person\/ff4e9f9457769ba580672215875f5b38"},"headline":"Dragan Kujovic\u0301 novi izvr\u0161ni direktor Crnogorskog elektroprenosnog sistema","datePublished":"2017-12-18T15:27:45+00:00","mainEntityOfPage":{"@id":"https:\/\/balkangreenenergynews.com\/rs\/dragan-kujovic-novi-izvrsni-direktor-crnogorskog-elektroprenosnog-sistema\/"},"wordCount":215,"commentCount":0,"image":{"@id":"https:\/\/balkangreenenergynews.com\/rs\/dragan-kujovic-novi-izvrsni-direktor-crnogorskog-elektroprenosnog-sistema\/#primaryimage"},"thumbnailUrl":"https:\/\/balkangreenenergynews.com\/rs\/wp-content\/uploads\/2017\/12\/cges-meeting-e1523454838315.gif?wsr","keywords":["CGES","Crnogorski elektroprenosni sistem","Elektromre\u017ea Srbije","Jelena Mateji\u0107","operator prenosnog sistema","Terna"],"articleSection":["Elektri\u010dna energija"],"inLanguage":"sr-RS","potentialAction":[{"@type":"CommentAction","name":"Comment","target":["https:\/\/balkangreenenergynews.com\/rs\/dragan-kujovic-novi-izvrsni-direktor-crnogorskog-elektroprenosnog-sistema\/#respond"]}]},{"@type":"WebPage","@id":"https:\/\/balkangreenenergynews.com\/rs\/dragan-kujovic-novi-izvrsni-direktor-crnogorskog-elektroprenosnog-sistema\/","url":"https:\/\/balkangreenenergynews.com\/rs\/dragan-kujovic-novi-izvrsni-direktor-crnogorskog-elektroprenosnog-sistema\/","name":"Dragan Kujovic\u0301 novi izvr\u0161ni direktor Crnogorskog elektroprenosnog sistema","isPartOf":{"@id":"https:\/\/balkangreenenergynews.com\/rs\/#website"},"primaryImageOfPage":{"@id":"https:\/\/balkangreenenergynews.com\/rs\/dragan-kujovic-novi-izvrsni-direktor-crnogorskog-elektroprenosnog-sistema\/#primaryimage"},"image":{"@id":"https:\/\/balkangreenenergynews.com\/rs\/dragan-kujovic-novi-izvrsni-direktor-crnogorskog-elektroprenosnog-sistema\/#primaryimage"},"thumbnailUrl":"https:\/\/balkangreenenergynews.com\/rs\/wp-content\/uploads\/2017\/12\/cges-meeting-e1523454838315.gif?wsr","datePublished":"2017-12-18T15:27:45+00:00","author":{"@id":"https:\/\/balkangreenenergynews.com\/rs\/#\/schema\/person\/ff4e9f9457769ba580672215875f5b38"},"description":"Na vanrednoj Skup\u0161tini akcionara dr\u017eavnog preduzec\u0301a Crnogorski elektroprenosni sistem (CGES) izabran je Dragan Kujovic\u0301 za izvr\u0161nog direktora kompanije.","breadcrumb":{"@id":"https:\/\/balkangreenenergynews.com\/rs\/dragan-kujovic-novi-izvrsni-direktor-crnogorskog-elektroprenosnog-sistema\/#breadcrumb"},"inLanguage":"sr-RS","potentialAction":[{"@type":"ReadAction","target":["https:\/\/balkangreenenergynews.com\/rs\/dragan-kujovic-novi-izvrsni-direktor-crnogorskog-elektroprenosnog-sistema\/"]}]},{"@type":"ImageObject","inLanguage":"sr-RS","@id":"https:\/\/balkangreenenergynews.com\/rs\/dragan-kujovic-novi-izvrsni-direktor-crnogorskog-elektroprenosnog-sistema\/#primaryimage","url":"https:\/\/balkangreenenergynews.com\/rs\/wp-content\/uploads\/2017\/12\/cges-meeting-e1523454838315.gif?wsr","contentUrl":"https:\/\/balkangreenenergynews.com\/rs\/wp-content\/uploads\/2017\/12\/cges-meeting-e1523454838315.gif?wsr","width":795,"height":449,"caption":"Dragan Kujovicc novi izvrsni direktor Crnogorskog elektroprenosnog sistema"},{"@type":"BreadcrumbList","@id":"https:\/\/balkangreenenergynews.com\/rs\/dragan-kujovic-novi-izvrsni-direktor-crnogorskog-elektroprenosnog-sistema\/#breadcrumb","itemListElement":[{"@type":"ListItem","position":1,"name":"Po\u010detna","item":"https:\/\/balkangreenenergynews.com\/rs\/"},{"@type":"ListItem","position":2,"name":"Vesti","item":"https:\/\/balkangreenenergynews.com\/rs\/kategorija\/vesti\/"},{"@type":"ListItem","position":3,"name":"Elektri\u010dna energija","item":"https:\/\/balkangreenenergynews.com\/rs\/kategorija\/vesti\/elektricna-energija\/"},{"@type":"ListItem","position":4,"name":"Dragan Kujovic\u0301 novi izvr\u0161ni direktor Crnogorskog elektroprenosnog sistema"}]},{"@type":"WebSite","@id":"https:\/\/balkangreenenergynews.com\/rs\/#website","url":"https:\/\/balkangreenenergynews.com\/rs\/","name":"Balkan Green Energy News","description":"Naj\u0161iri izbor vesti sa Balkana o zelenoj energiji","potentialAction":[{"@type":"SearchAction","target":{"@type":"EntryPoint","urlTemplate":"https:\/\/balkangreenenergynews.com\/rs\/?s={search_term_string}"},"query-input":{"@type":"PropertyValueSpecification","valueRequired":true,"valueName":"search_term_string"}}],"inLanguage":"sr-RS"},{"@type":"Person","@id":"https:\/\/balkangreenenergynews.com\/rs\/#\/schema\/person\/ff4e9f9457769ba580672215875f5b38","name":"Branislava Jovi\u010di\u0107","description":"\u017divimo u vremenu koje je pred na\u0161u generaciju postavilo veoma va\u017ean zadatak. Nije na nama sva krivica za stanje u kojem se nalazi planeta, ali odgovornot svakako jeste. Zato usmerimo svoja znanja, ve\u0161tine i pamet ka pronala\u017eenju odr\u017eivih, pametnih i zelenih re\u0161enja.","sameAs":["https:\/\/www.linkedin.com\/in\/branislava-jovicic-043080a\/","https:\/\/x.com\/https:\/\/twitter.com\/BranaJovicic"],"url":"https:\/\/balkangreenenergynews.com\/rs\/author\/bgen\/"}]}},"_links":{"self":[{"href":"https:\/\/balkangreenenergynews.com\/rs\/wp-json\/wp\/v2\/posts\/15348","targetHints":{"allow":["GET"]}}],"collection":[{"href":"https:\/\/balkangreenenergynews.com\/rs\/wp-json\/wp\/v2\/posts"}],"about":[{"href":"https:\/\/balkangreenenergynews.com\/rs\/wp-json\/wp\/v2\/types\/post"}],"author":[{"embeddable":true,"href":"https:\/\/balkangreenenergynews.com\/rs\/wp-json\/wp\/v2\/users\/2"}],"replies":[{"embeddable":true,"href":"https:\/\/balkangreenenergynews.com\/rs\/wp-json\/wp\/v2\/comments?post=15348"}],"version-history":[{"count":0,"href":"https:\/\/balkangreenenergynews.com\/rs\/wp-json\/wp\/v2\/posts\/15348\/revisions"}],"wp:featuredmedia":[{"embeddable":true,"href":"https:\/\/balkangreenenergynews.com\/rs\/wp-json\/wp\/v2\/media\/15349"}],"wp:attachment":[{"href":"https:\/\/balkangreenenergynews.com\/rs\/wp-json\/wp\/v2\/media?parent=15348"}],"wp:term":[{"taxonomy":"category","embeddable":true,"href":"https:\/\/balkangreenenergynews.com\/rs\/wp-json\/wp\/v2\/categories?post=15348"},{"taxonomy":"post_tag","embeddable":true,"href":"https:\/\/balkangreenenergynews.com\/rs\/wp-json\/wp\/v2\/tags?post=15348"}],"curies":[{"name":"wp","href":"https:\/\/api.w.org\/{rel}","templated":true}]}}