{"id":15281,"date":"2017-12-12T12:27:18","date_gmt":"2017-12-12T11:27:18","guid":{"rendered":"https:\/\/balkangreenenergynews.com\/rs\/?p=15281"},"modified":"2018-12-09T11:34:54","modified_gmt":"2018-12-09T10:34:54","slug":"koncept-zelene-ekonomije-mora-imati-veci-znacaj-u-drustvu","status":"publish","type":"post","link":"https:\/\/balkangreenenergynews.com\/rs\/koncept-zelene-ekonomije-mora-imati-veci-znacaj-u-drustvu\/","title":{"rendered":"Koncept zelene ekonomije mora imati ve\u0107i zna\u010daj u dru\u0161tvu"},"content":{"rendered":"<p><em><strong>Autorka:\u00a0Maja Pavlica, Udru\u017eenja novinara &#8222;Eko vest&#8220;<\/strong><\/em><\/p>\n<h2>Udru\u017eenje novinara \u201eEko vest\u201c uz medijsku podr\u0161ku EKOlista a u okviru projekta \u201eJa\u010daj svest \u2013 \u017eivotna sredina je prva vest!\u201c, koji je podr\u017ealo Ministarstvo za\u0161tite \u017eivotne sredine, organizivalo je panel diskusiju \u201eKako se baviti zelenom ekonomijom u Srbiji\u201d.<\/h2>\n<p>Cilj panel diskusije bio je da javnosti i gra\u0111anima pribli\u017eimo i uka\u017eemo na koncept zelene ekonomije, kao modela koji podrazumeva recikla\u017eu i vra\u0107anje u upotrebu svih materijala iz otpada u privredu i u energetske svrhe. Tako\u0111e, \u017eelili smo da uka\u017eemo da u trenutku kada su efekti klimatskih promena sve o\u010digledniji i prisutniji, koncept zelene ekonomije mora imati sve ve\u0107i zna\u010daj i primenu u dru\u0161tvu i zajednici.<\/p>\n<p>S tim u vezi, poku\u0161ali smo da odgovorimo na nekoliko va\u017enih pitanja koja se ti\u010du zelene ekonomije \u2013 od toga \u0161ta predstavlja koncept cirkularne ekonomije, kako ga razvijati kod nas, do toga koji su benefiti ove ekonomije. Predstavljeni su i primeri dobre prakse, kao i koliko i na koji na\u010din je ova tema prisutna u medijima. O ovim temama govorili su eminentni doma\u0107i stru\u010dnjaci, eksperti u svojim oblastima.<\/p>\n<blockquote><p>Procene su da se uvo\u0111enjem cirkularne ekonomije mo\u017ee otvoriti 30.000 novih radnih mesta i pove\u0107ati konkurentnost privrede \u010dime bi Srbija postala regionalni lider u razvoju i investicijama<\/p><\/blockquote>\n<p>Dr\u017eavni sekretar Ivan Kari\u0107 rekao je da je novoformirano Ministrastvo za\u0161tite \u017eivotne sredine izdvojio 20 miliona dinara za 64 projekta nevladinih organizacije i medije. Smatra da to nije dovoljno i da \u0107e ubudu\u0107e izdvajati vi\u0161e novca za te namene. Ovom prilikom, istakao je Kari\u0107, i veliku ulogu medija u za\u0161titi \u017eivotne sredine i najavio novi koncept saradnje \u2013 dane otvorenih vrata za NVO i medije.<\/p>\n<p>\u201eProcene su da se uvo\u0111enjem cirkularne ekonomije mo\u017ee otvoriti 30.000 novih radnih mesta i pove\u0107ati konkurentnost privrede \u010dime bi Srbija postala regionalni lider u razvoju i investicijama\u201c, izjavio je master analiti\u010dar \u017eivotne sredine Sini\u0161a Mitrovi\u0107, direktor Centra za cirkularnu ekonomiju.<\/p>\n<p>\u201eZa nas Cirkularan ekonomija po\u010dinje sa dizajnom proizvoda koji je izuzetno bitan jer samo oni proizvodi koji su napravljeni tako da nakon njihovog iskori\u0161\u0107enja oni predstavljaju sirovinu koju je jednostavno reciklirati i vratiti u ciklus imaju odlike cirkularne ekonomije. Tako\u0111e, vrlo zna\u010dajan segment u \u017eivotnom ciklusu proizvoda predstavlja i na\u010din na koji se crpe sirovine za njihovu proizvodnju koji je neophopdno da bude odr\u017eiv,&#8220; izjavila je menad\u017eerka Jelena Ki\u0161 iz Recan Fondacije za sakupljanje i recikla\u017eu limenki.<\/p>\n<p>Master in\u017eenjer za\u0161tite \u017eivotne sredine Igor Jezdimirovi\u0107, predsednik Saveza ekolo\u0161kih udru\u017eenja &#8222;Zelena lista Srbije\u201d, rekao je da su bogatstvo i dostupnost plodnog zemlji\u0161ta, \u010distih vodotokova i bogat biodiverzitet u kombinaciji sa uporno\u0161\u0107u i snala\u017eljivo\u0161\u010du bili i ostali klju\u010d opstanka ljudi u Srbiji. Zato je potrebno vi\u0161e nego ikada stvoriti preduslove za razvoj cirkularne ekonomije, jer ona ne predstavlja samo u\u0161tedu u kori\u0161\u010denju prirodnih resursa ve\u0107 i na\u010din o\u010duvanja i za\u0161tite na\u0161e \u017eivotne sredine i zdravlja.<\/p>\n<p>\u201cAko govorimo koliko je zelena ekonomija zastupljena kao tema u medijima, na prvi pogled, mo\u017ee se videti da nije dovoljno, jer po analizi tekstova u \u0161tampanim medijima objavljeno je tek tridesetak tekstova u poslednje tri godine koji pominju termin zelena ekonomija. Ako uzmemo u \u0161irom kontestu pri\u010du o zelenoj ili cirkularnoj ekonomiji, recikla\u017ea je vode\u0107i instrument na putu ka cirkularnoj ekonomiji koja podrazumeva kori\u0161\u0107enje obnovljivih izvora energije i energetsku efikasnost, onda mo\u017eemo re\u0107i da su te teme prisutne u medijima. Ako dublje analiziramo teme iz oblasti za\u0161tite \u017eivotne sredine nisu dovoljno zastupljene u medijima i trebalo bi vi\u0161e animirati novinare i medije da se bave ovim temema\u201c,\u00a0 kazala je novinarka i urednica emisije &#8222;Pod staklenim zvonom\u201d Radio Novog Sada, Dragana Ratkovi\u0107.<\/p>\n","protected":false},"excerpt":{"rendered":"<p>Autorka:\u00a0Maja Pavlica, Udru\u017eenja novinara &#8222;Eko vest&#8220; Udru\u017eenje novinara \u201eEko vest\u201c uz medijsku podr\u0161ku EKOlista a&#8230;<\/p>\n","protected":false},"author":25,"featured_media":15284,"comment_status":"open","ping_status":"closed","sticky":false,"template":"","format":"standard","meta":{"_acf_changed":false,"_monsterinsights_skip_tracking":false,"_monsterinsights_sitenote_active":false,"_monsterinsights_sitenote_note":"","_monsterinsights_sitenote_category":0,"footnotes":""},"categories":[481],"tags":[2972,1359],"class_list":["post-15281","post","type-post","status-publish","format-standard","has-post-thumbnail","hentry","category-vesti","tag-ivan-karic","tag-sinisa-mitrovic","country-srbija"],"acf":[],"yoast_head":"<!-- This site is optimized with the Yoast SEO plugin v27.4 - https:\/\/yoast.com\/product\/yoast-seo-wordpress\/ -->\n<title>Koncept zelene ekonomije mora imati ve\u0107i zna\u010daj u dru\u0161tvu<\/title>\n<meta name=\"description\" content=\"Udru\u017eenje novinara \u201eEko vest\u201c uz medijsku podr\u0161ku EKOlista a u okviru projekta \u201eJa\u010daj svest \u2013 \u017eivotna sredina je prva vest!\u201c\" \/>\n<meta name=\"robots\" content=\"index, follow, max-snippet:-1, max-image-preview:large, max-video-preview:-1\" \/>\n<link rel=\"canonical\" href=\"https:\/\/balkangreenenergynews.com\/rs\/koncept-zelene-ekonomije-mora-imati-veci-znacaj-u-drustvu\/\" \/>\n<meta property=\"og:locale\" content=\"sr_RS\" \/>\n<meta property=\"og:type\" content=\"article\" \/>\n<meta property=\"og:title\" content=\"Koncept zelene ekonomije mora imati ve\u0107i zna\u010daj u dru\u0161tvu\" \/>\n<meta property=\"og:description\" content=\"Udru\u017eenje novinara \u201eEko vest\u201c uz medijsku podr\u0161ku EKOlista a u okviru projekta \u201eJa\u010daj svest \u2013 \u017eivotna sredina je prva vest!\u201c\" \/>\n<meta property=\"og:url\" content=\"https:\/\/balkangreenenergynews.com\/rs\/koncept-zelene-ekonomije-mora-imati-veci-znacaj-u-drustvu\/\" \/>\n<meta property=\"og:site_name\" content=\"Balkan Green Energy News\" \/>\n<meta property=\"article:published_time\" content=\"2017-12-12T11:27:18+00:00\" \/>\n<meta property=\"article:modified_time\" content=\"2018-12-09T10:34:54+00:00\" \/>\n<meta property=\"og:image\" content=\"https:\/\/balkangreenenergynews.com\/rs\/wp-content\/uploads\/2017\/12\/Koncept-zelene-ekonomije.jpg\" \/>\n\t<meta property=\"og:image:width\" content=\"795\" \/>\n\t<meta property=\"og:image:height\" content=\"407\" \/>\n\t<meta property=\"og:image:type\" content=\"image\/jpeg\" \/>\n<meta name=\"author\" content=\"Balkan Green Energy News\" \/>\n<meta name=\"twitter:card\" content=\"summary_large_image\" \/>\n<meta name=\"twitter:label1\" content=\"\u041d\u0430\u043f\u0438\u0441\u0430\u043d\u043e \u043e\u0434\" \/>\n\t<meta name=\"twitter:data1\" content=\"Balkan Green Energy News\" \/>\n\t<meta name=\"twitter:label2\" content=\"\u041f\u0440\u043e\u0446\u0435\u045a\u0435\u043d\u043e \u0432\u0440\u0435\u043c\u0435 \u0447\u0438\u0442\u0430\u045a\u0430\" \/>\n\t<meta name=\"twitter:data2\" content=\"3 \u043c\u0438\u043d\u0443\u0442\u0430\" \/>\n<script type=\"application\/ld+json\" class=\"yoast-schema-graph\">{\"@context\":\"https:\\\/\\\/schema.org\",\"@graph\":[{\"@type\":\"Article\",\"@id\":\"https:\\\/\\\/balkangreenenergynews.com\\\/rs\\\/koncept-zelene-ekonomije-mora-imati-veci-znacaj-u-drustvu\\\/#article\",\"isPartOf\":{\"@id\":\"https:\\\/\\\/balkangreenenergynews.com\\\/rs\\\/koncept-zelene-ekonomije-mora-imati-veci-znacaj-u-drustvu\\\/\"},\"author\":{\"name\":\"Balkan Green Energy News\",\"@id\":\"https:\\\/\\\/balkangreenenergynews.com\\\/rs\\\/#\\\/schema\\\/person\\\/dee275e6036b1a0f7ceaf956d79d4eff\"},\"headline\":\"Koncept zelene ekonomije mora imati ve\u0107i zna\u010daj u dru\u0161tvu\",\"datePublished\":\"2017-12-12T11:27:18+00:00\",\"dateModified\":\"2018-12-09T10:34:54+00:00\",\"mainEntityOfPage\":{\"@id\":\"https:\\\/\\\/balkangreenenergynews.com\\\/rs\\\/koncept-zelene-ekonomije-mora-imati-veci-znacaj-u-drustvu\\\/\"},\"wordCount\":657,\"commentCount\":0,\"image\":{\"@id\":\"https:\\\/\\\/balkangreenenergynews.com\\\/rs\\\/koncept-zelene-ekonomije-mora-imati-veci-znacaj-u-drustvu\\\/#primaryimage\"},\"thumbnailUrl\":\"https:\\\/\\\/balkangreenenergynews.com\\\/rs\\\/wp-content\\\/uploads\\\/2017\\\/12\\\/Koncept-zelene-ekonomije.jpg?wsr\",\"keywords\":[\"Ivan Kari\u0107\",\"Sini\u0161a Mitrovi\u0107\"],\"articleSection\":[\"Vesti\"],\"inLanguage\":\"sr-RS\",\"potentialAction\":[{\"@type\":\"CommentAction\",\"name\":\"Comment\",\"target\":[\"https:\\\/\\\/balkangreenenergynews.com\\\/rs\\\/koncept-zelene-ekonomije-mora-imati-veci-znacaj-u-drustvu\\\/#respond\"]}]},{\"@type\":\"WebPage\",\"@id\":\"https:\\\/\\\/balkangreenenergynews.com\\\/rs\\\/koncept-zelene-ekonomije-mora-imati-veci-znacaj-u-drustvu\\\/\",\"url\":\"https:\\\/\\\/balkangreenenergynews.com\\\/rs\\\/koncept-zelene-ekonomije-mora-imati-veci-znacaj-u-drustvu\\\/\",\"name\":\"Koncept zelene ekonomije mora imati ve\u0107i zna\u010daj u dru\u0161tvu\",\"isPartOf\":{\"@id\":\"https:\\\/\\\/balkangreenenergynews.com\\\/rs\\\/#website\"},\"primaryImageOfPage\":{\"@id\":\"https:\\\/\\\/balkangreenenergynews.com\\\/rs\\\/koncept-zelene-ekonomije-mora-imati-veci-znacaj-u-drustvu\\\/#primaryimage\"},\"image\":{\"@id\":\"https:\\\/\\\/balkangreenenergynews.com\\\/rs\\\/koncept-zelene-ekonomije-mora-imati-veci-znacaj-u-drustvu\\\/#primaryimage\"},\"thumbnailUrl\":\"https:\\\/\\\/balkangreenenergynews.com\\\/rs\\\/wp-content\\\/uploads\\\/2017\\\/12\\\/Koncept-zelene-ekonomije.jpg?wsr\",\"datePublished\":\"2017-12-12T11:27:18+00:00\",\"dateModified\":\"2018-12-09T10:34:54+00:00\",\"author\":{\"@id\":\"https:\\\/\\\/balkangreenenergynews.com\\\/rs\\\/#\\\/schema\\\/person\\\/dee275e6036b1a0f7ceaf956d79d4eff\"},\"description\":\"Udru\u017eenje novinara \u201eEko vest\u201c uz medijsku podr\u0161ku EKOlista a u okviru projekta \u201eJa\u010daj svest \u2013 \u017eivotna sredina je prva vest!\u201c\",\"breadcrumb\":{\"@id\":\"https:\\\/\\\/balkangreenenergynews.com\\\/rs\\\/koncept-zelene-ekonomije-mora-imati-veci-znacaj-u-drustvu\\\/#breadcrumb\"},\"inLanguage\":\"sr-RS\",\"potentialAction\":[{\"@type\":\"ReadAction\",\"target\":[\"https:\\\/\\\/balkangreenenergynews.com\\\/rs\\\/koncept-zelene-ekonomije-mora-imati-veci-znacaj-u-drustvu\\\/\"]}]},{\"@type\":\"ImageObject\",\"inLanguage\":\"sr-RS\",\"@id\":\"https:\\\/\\\/balkangreenenergynews.com\\\/rs\\\/koncept-zelene-ekonomije-mora-imati-veci-znacaj-u-drustvu\\\/#primaryimage\",\"url\":\"https:\\\/\\\/balkangreenenergynews.com\\\/rs\\\/wp-content\\\/uploads\\\/2017\\\/12\\\/Koncept-zelene-ekonomije.jpg?wsr\",\"contentUrl\":\"https:\\\/\\\/balkangreenenergynews.com\\\/rs\\\/wp-content\\\/uploads\\\/2017\\\/12\\\/Koncept-zelene-ekonomije.jpg?wsr\",\"width\":795,\"height\":407,\"caption\":\"Koncept zelene ekonomije mora imati veci znacaj u drustvu\"},{\"@type\":\"BreadcrumbList\",\"@id\":\"https:\\\/\\\/balkangreenenergynews.com\\\/rs\\\/koncept-zelene-ekonomije-mora-imati-veci-znacaj-u-drustvu\\\/#breadcrumb\",\"itemListElement\":[{\"@type\":\"ListItem\",\"position\":1,\"name\":\"Po\u010detna\",\"item\":\"https:\\\/\\\/balkangreenenergynews.com\\\/rs\\\/\"},{\"@type\":\"ListItem\",\"position\":2,\"name\":\"Vesti\",\"item\":\"https:\\\/\\\/balkangreenenergynews.com\\\/rs\\\/kategorija\\\/vesti\\\/\"},{\"@type\":\"ListItem\",\"position\":3,\"name\":\"Koncept zelene ekonomije mora imati ve\u0107i zna\u010daj u dru\u0161tvu\"}]},{\"@type\":\"WebSite\",\"@id\":\"https:\\\/\\\/balkangreenenergynews.com\\\/rs\\\/#website\",\"url\":\"https:\\\/\\\/balkangreenenergynews.com\\\/rs\\\/\",\"name\":\"Balkan Green Energy News\",\"description\":\"Naj\u0161iri izbor vesti sa Balkana o zelenoj energiji\",\"potentialAction\":[{\"@type\":\"SearchAction\",\"target\":{\"@type\":\"EntryPoint\",\"urlTemplate\":\"https:\\\/\\\/balkangreenenergynews.com\\\/rs\\\/?s={search_term_string}\"},\"query-input\":{\"@type\":\"PropertyValueSpecification\",\"valueRequired\":true,\"valueName\":\"search_term_string\"}}],\"inLanguage\":\"sr-RS\"},{\"@type\":\"Person\",\"@id\":\"https:\\\/\\\/balkangreenenergynews.com\\\/rs\\\/#\\\/schema\\\/person\\\/dee275e6036b1a0f7ceaf956d79d4eff\",\"name\":\"Balkan Green Energy News\",\"url\":\"https:\\\/\\\/balkangreenenergynews.com\\\/rs\\\/author\\\/balkangreenenergynews\\\/\"}]}<\/script>\n<!-- \/ Yoast SEO plugin. -->","yoast_head_json":{"title":"Koncept zelene ekonomije mora imati ve\u0107i zna\u010daj u dru\u0161tvu","description":"Udru\u017eenje novinara \u201eEko vest\u201c uz medijsku podr\u0161ku EKOlista a u okviru projekta \u201eJa\u010daj svest \u2013 \u017eivotna sredina je prva vest!\u201c","robots":{"index":"index","follow":"follow","max-snippet":"max-snippet:-1","max-image-preview":"max-image-preview:large","max-video-preview":"max-video-preview:-1"},"canonical":"https:\/\/balkangreenenergynews.com\/rs\/koncept-zelene-ekonomije-mora-imati-veci-znacaj-u-drustvu\/","og_locale":"sr_RS","og_type":"article","og_title":"Koncept zelene ekonomije mora imati ve\u0107i zna\u010daj u dru\u0161tvu","og_description":"Udru\u017eenje novinara \u201eEko vest\u201c uz medijsku podr\u0161ku EKOlista a u okviru projekta \u201eJa\u010daj svest \u2013 \u017eivotna sredina je prva vest!\u201c","og_url":"https:\/\/balkangreenenergynews.com\/rs\/koncept-zelene-ekonomije-mora-imati-veci-znacaj-u-drustvu\/","og_site_name":"Balkan Green Energy News","article_published_time":"2017-12-12T11:27:18+00:00","article_modified_time":"2018-12-09T10:34:54+00:00","og_image":[{"width":795,"height":407,"url":"https:\/\/balkangreenenergynews.com\/rs\/wp-content\/uploads\/2017\/12\/Koncept-zelene-ekonomije.jpg","type":"image\/jpeg"}],"author":"Balkan Green Energy News","twitter_card":"summary_large_image","twitter_misc":{"\u041d\u0430\u043f\u0438\u0441\u0430\u043d\u043e \u043e\u0434":"Balkan Green Energy News","\u041f\u0440\u043e\u0446\u0435\u045a\u0435\u043d\u043e \u0432\u0440\u0435\u043c\u0435 \u0447\u0438\u0442\u0430\u045a\u0430":"3 \u043c\u0438\u043d\u0443\u0442\u0430"},"schema":{"@context":"https:\/\/schema.org","@graph":[{"@type":"Article","@id":"https:\/\/balkangreenenergynews.com\/rs\/koncept-zelene-ekonomije-mora-imati-veci-znacaj-u-drustvu\/#article","isPartOf":{"@id":"https:\/\/balkangreenenergynews.com\/rs\/koncept-zelene-ekonomije-mora-imati-veci-znacaj-u-drustvu\/"},"author":{"name":"Balkan Green Energy News","@id":"https:\/\/balkangreenenergynews.com\/rs\/#\/schema\/person\/dee275e6036b1a0f7ceaf956d79d4eff"},"headline":"Koncept zelene ekonomije mora imati ve\u0107i zna\u010daj u dru\u0161tvu","datePublished":"2017-12-12T11:27:18+00:00","dateModified":"2018-12-09T10:34:54+00:00","mainEntityOfPage":{"@id":"https:\/\/balkangreenenergynews.com\/rs\/koncept-zelene-ekonomije-mora-imati-veci-znacaj-u-drustvu\/"},"wordCount":657,"commentCount":0,"image":{"@id":"https:\/\/balkangreenenergynews.com\/rs\/koncept-zelene-ekonomije-mora-imati-veci-znacaj-u-drustvu\/#primaryimage"},"thumbnailUrl":"https:\/\/balkangreenenergynews.com\/rs\/wp-content\/uploads\/2017\/12\/Koncept-zelene-ekonomije.jpg?wsr","keywords":["Ivan Kari\u0107","Sini\u0161a Mitrovi\u0107"],"articleSection":["Vesti"],"inLanguage":"sr-RS","potentialAction":[{"@type":"CommentAction","name":"Comment","target":["https:\/\/balkangreenenergynews.com\/rs\/koncept-zelene-ekonomije-mora-imati-veci-znacaj-u-drustvu\/#respond"]}]},{"@type":"WebPage","@id":"https:\/\/balkangreenenergynews.com\/rs\/koncept-zelene-ekonomije-mora-imati-veci-znacaj-u-drustvu\/","url":"https:\/\/balkangreenenergynews.com\/rs\/koncept-zelene-ekonomije-mora-imati-veci-znacaj-u-drustvu\/","name":"Koncept zelene ekonomije mora imati ve\u0107i zna\u010daj u dru\u0161tvu","isPartOf":{"@id":"https:\/\/balkangreenenergynews.com\/rs\/#website"},"primaryImageOfPage":{"@id":"https:\/\/balkangreenenergynews.com\/rs\/koncept-zelene-ekonomije-mora-imati-veci-znacaj-u-drustvu\/#primaryimage"},"image":{"@id":"https:\/\/balkangreenenergynews.com\/rs\/koncept-zelene-ekonomije-mora-imati-veci-znacaj-u-drustvu\/#primaryimage"},"thumbnailUrl":"https:\/\/balkangreenenergynews.com\/rs\/wp-content\/uploads\/2017\/12\/Koncept-zelene-ekonomije.jpg?wsr","datePublished":"2017-12-12T11:27:18+00:00","dateModified":"2018-12-09T10:34:54+00:00","author":{"@id":"https:\/\/balkangreenenergynews.com\/rs\/#\/schema\/person\/dee275e6036b1a0f7ceaf956d79d4eff"},"description":"Udru\u017eenje novinara \u201eEko vest\u201c uz medijsku podr\u0161ku EKOlista a u okviru projekta \u201eJa\u010daj svest \u2013 \u017eivotna sredina je prva vest!\u201c","breadcrumb":{"@id":"https:\/\/balkangreenenergynews.com\/rs\/koncept-zelene-ekonomije-mora-imati-veci-znacaj-u-drustvu\/#breadcrumb"},"inLanguage":"sr-RS","potentialAction":[{"@type":"ReadAction","target":["https:\/\/balkangreenenergynews.com\/rs\/koncept-zelene-ekonomije-mora-imati-veci-znacaj-u-drustvu\/"]}]},{"@type":"ImageObject","inLanguage":"sr-RS","@id":"https:\/\/balkangreenenergynews.com\/rs\/koncept-zelene-ekonomije-mora-imati-veci-znacaj-u-drustvu\/#primaryimage","url":"https:\/\/balkangreenenergynews.com\/rs\/wp-content\/uploads\/2017\/12\/Koncept-zelene-ekonomije.jpg?wsr","contentUrl":"https:\/\/balkangreenenergynews.com\/rs\/wp-content\/uploads\/2017\/12\/Koncept-zelene-ekonomije.jpg?wsr","width":795,"height":407,"caption":"Koncept zelene ekonomije mora imati veci znacaj u drustvu"},{"@type":"BreadcrumbList","@id":"https:\/\/balkangreenenergynews.com\/rs\/koncept-zelene-ekonomije-mora-imati-veci-znacaj-u-drustvu\/#breadcrumb","itemListElement":[{"@type":"ListItem","position":1,"name":"Po\u010detna","item":"https:\/\/balkangreenenergynews.com\/rs\/"},{"@type":"ListItem","position":2,"name":"Vesti","item":"https:\/\/balkangreenenergynews.com\/rs\/kategorija\/vesti\/"},{"@type":"ListItem","position":3,"name":"Koncept zelene ekonomije mora imati ve\u0107i zna\u010daj u dru\u0161tvu"}]},{"@type":"WebSite","@id":"https:\/\/balkangreenenergynews.com\/rs\/#website","url":"https:\/\/balkangreenenergynews.com\/rs\/","name":"Balkan Green Energy News","description":"Naj\u0161iri izbor vesti sa Balkana o zelenoj energiji","potentialAction":[{"@type":"SearchAction","target":{"@type":"EntryPoint","urlTemplate":"https:\/\/balkangreenenergynews.com\/rs\/?s={search_term_string}"},"query-input":{"@type":"PropertyValueSpecification","valueRequired":true,"valueName":"search_term_string"}}],"inLanguage":"sr-RS"},{"@type":"Person","@id":"https:\/\/balkangreenenergynews.com\/rs\/#\/schema\/person\/dee275e6036b1a0f7ceaf956d79d4eff","name":"Balkan Green Energy News","url":"https:\/\/balkangreenenergynews.com\/rs\/author\/balkangreenenergynews\/"}]}},"_links":{"self":[{"href":"https:\/\/balkangreenenergynews.com\/rs\/wp-json\/wp\/v2\/posts\/15281","targetHints":{"allow":["GET"]}}],"collection":[{"href":"https:\/\/balkangreenenergynews.com\/rs\/wp-json\/wp\/v2\/posts"}],"about":[{"href":"https:\/\/balkangreenenergynews.com\/rs\/wp-json\/wp\/v2\/types\/post"}],"author":[{"embeddable":true,"href":"https:\/\/balkangreenenergynews.com\/rs\/wp-json\/wp\/v2\/users\/25"}],"replies":[{"embeddable":true,"href":"https:\/\/balkangreenenergynews.com\/rs\/wp-json\/wp\/v2\/comments?post=15281"}],"version-history":[{"count":0,"href":"https:\/\/balkangreenenergynews.com\/rs\/wp-json\/wp\/v2\/posts\/15281\/revisions"}],"wp:featuredmedia":[{"embeddable":true,"href":"https:\/\/balkangreenenergynews.com\/rs\/wp-json\/wp\/v2\/media\/15284"}],"wp:attachment":[{"href":"https:\/\/balkangreenenergynews.com\/rs\/wp-json\/wp\/v2\/media?parent=15281"}],"wp:term":[{"taxonomy":"category","embeddable":true,"href":"https:\/\/balkangreenenergynews.com\/rs\/wp-json\/wp\/v2\/categories?post=15281"},{"taxonomy":"post_tag","embeddable":true,"href":"https:\/\/balkangreenenergynews.com\/rs\/wp-json\/wp\/v2\/tags?post=15281"}],"curies":[{"name":"wp","href":"https:\/\/api.w.org\/{rel}","templated":true}]}}