{"id":15081,"date":"2017-11-29T10:48:00","date_gmt":"2017-11-29T09:48:00","guid":{"rendered":"https:\/\/balkangreenenergynews.com\/rs\/?p=15081"},"modified":"2017-11-29T10:48:00","modified_gmt":"2017-11-29T09:48:00","slug":"parlamentarni-forum-energetsku-politiku-srbija-izbegne-greske-nemacke-energetske-tranzicije","status":"publish","type":"post","link":"https:\/\/balkangreenenergynews.com\/rs\/parlamentarni-forum-energetsku-politiku-srbija-izbegne-greske-nemacke-energetske-tranzicije\/","title":{"rendered":"Parlamentarni forum za energetsku politiku: Srbija da izbegne gre\u0161ke nema\u010dke energetske tranzicije"},"content":{"rendered":"<h2>Nema\u010dka je dala prevelike subvencije za obnovljive izvore energije (OIE) i tu gre\u0161ku bi Srbija trebalo da izbegne. Tako\u0111e, dobra politika je da se investira u ozelenjavanje postoje\u0107ih elektrana jer se na taj na\u010din smanjuju emisije ugljen-dioksida, poru\u010dio je ju\u010de Tomas Helm, iz Fondacije Konrad Adenauer, na tre\u0107em sastanku<a href=\"https:\/\/balkangreenenergynews.com\/rs\/prvi-sastanak-parlamentarnog-foruma-za-energetsku-politiku-srbije\/\">\u00a0Parlamentarnog foruma za energetsku politiku Srbije<\/a> (PFEPS) odr\u017eanom u Domu Narodne skup\u0161tine.<\/h2>\n<p>Otvaraju\u0107i sastanak Aleksandra Tomi\u0107, poslanica i predsednica Foruma, poru\u010dila je da je ideja da se vidi dokle je Srbija do\u0161la u energetskoj tranziciji, koje su smernice, koje bi nam u tome pomogle, i kako nastaviti razvoj zelene energije.<\/p>\n<p>U tome, kako je navela, Srbiji puno mogu da pomognu iskustva Nema\u010dka, koja je pro\u0161la deo puta, i koja je na nivou celog dru\u0161tva postigla konsenzus o energetskoj tranziciji.<\/p>\n<p>Tomas Helm, iz Fondacije Konrad Adenauer u Kazahstanu, sa poslanicima, ali i brojnim neparlamentarnim \u010dlanovima Foruma iz redova javnih preduze\u0107a, regulatornih institucija i nevladinog sektora, podelio je iskustva energetske tranzicije Kazahstana i Nema\u010dke.<\/p>\n<p>On je istakao da Nema\u010dka jeste pionir u energetskoj tranziciji, ali da se sve svelo na elektri\u010dnu energiju. Ni\u0161ta nije ura\u0111eno u sektoru zgradarstva, a na grejanje se tro\u0161i vi\u0161e novca nego na elektri\u010dnu energiju.<\/p>\n<p>\u201cSmanjene su emisije CO2 27 odsto zahvaljuju\u0107i OIE, koji su dostigli udeo od 29 odsto u proizvodnji struje. Energija vetra je najvi\u0161e zastupljena. Ali, napravili smo gre\u0161ku jer smo pla\u0107ali prevelike subvencije. Tada 2005, mislili smo da OIE ne\u0107e mo\u0107i da pre\u017eive na tr\u017ei\u0161tu, pa smo im davali visoke subvencije i danas je cena ve\u0107a od tr\u017ei\u0161ne, a razliku pla\u0107aju gra\u0111ani. Cena za doma\u0107instva pove\u0107ana je 104 odsto od po\u010detka veka, sa 13 na 29 evrocenti\u201d, istakao je Helm.<\/p>\n<p>On je preporu\u010dio investicije u OIE, ali i u ozelenjavanje postoje\u0107ih elektrana \u0161to zna\u010di smanjenje ugljen-dioksida.<\/p>\n<p>\u201cU Kazahstanu radimo na tome, a to mo\u017eete i vi ovde. Kazhstan oko 63 odsto elektri\u010dne energije dobija iz uglja, po \u010demu je sli\u010dan sa Srbijom\u201d, istakao je Helm.<\/p>\n<p>Kazahstan je zara\u0111ivao dosta novca od prodaje sirove nafte i postao veoma bogata zemlja, ali to se promenilo pre par godina sa padom cena, pa je nastupila ekonomska kriza.<\/p>\n<p>\u201cKazahstan je postavio cilj od tri odsto udela OIE do 2020, i 30 odsto do 2030. Zemlja ima potencijal za proizvodnju solarne i energije iz vetra. Ali, da bi to iskoristila mora da sprovede kampanju u kojoj \u0107e ljudima, s obzirom da sada energiju pla\u0107aju veoma jeftino, objasni da se to ne\u0107e promeniti kada se uvedu OIE\u201d, naveo je Helm.<\/p>\n<h3><span style=\"\">Fenomen gra\u0111anskih inicijativa<\/span><\/h3>\n<p>Kao primer da Srbija radi na razvoju OIE i energetskoj tranziciji Aleksandra Tomi\u0107, predsednica Foruma, navela je projekte koji su u toku.<\/p>\n<p>Energetske dozvole su odobrene za 73 investicije od 460 MW, 19 elektrana sa 491 MW ima privremeni status povla\u0161\u0107enog proizvo\u0111a\u010da, a 198 sa 90 MW status povla\u0161\u0107enog proizvo\u0111a\u010da elektri\u010dne energije. Najvi\u0161e dozvola je dato za MHE do 10 MW i za vetroparkove.<\/p>\n<p>\u201cDanas govorimo o tranziciji ka \u010distoj energiji koja mora da se bazira na tr\u017ei\u0161nim cenama, \u0161to je izazov za nas. Energetski sektor \u0107e se suo\u010diti sa tro\u0161kovima prilikom pristupanja EU, i o tome bi trebalo sada razmi\u0161ljati\u201d, poru\u010dila je ona.<\/p>\n<p>Rebeka Bertram, iz Fondacije Hajnrih Bel u Nema\u010dkoj, navela je da je prva faza energetske tranzicije u ovoj zemlji po\u010dela 2000. i zavr\u0161ila se krajem pro\u0161le godine, kada je po\u010dela druga faza.<\/p>\n<p>\u201cGra\u0111anske inicijative u energetskoj tranziciji su fenomen u Nema\u010dkoj. Svaki 60. Nemac je proizvo\u0111a\u010d energije iz OIE. Oko 93 odsto gra\u0111ana je za tranziciju jer igraju aktivnu ulogu u tome. U drugoj fazi OIE ne\u0107e dobijati subvencije, ve\u0107 idu na aukcije. Sektor mobilnosti i grejanja mora\u0107e da bude va\u017eniji u ovoj fazi\u201d, istakla je ona.<\/p>\n<h3><span style=\"\">Vrbas smanjio potro\u0161nju energije 17 odsto<\/span><\/h3>\n<p>Op\u0161tina Vrbas jo\u0161 2011, prva u Srbiji, dobila je Kancelariju za energetski menad\u017ement, iako je zakonska obaveza nastala tek 2015.<\/p>\n<p>Nikola Vujovi\u0107, stru\u010dni saradnik za energetski menad\u017ement, infrastrukturno planiranje i upravljanje kvalitetom u kancelariji, koji je u\u010destvovao u ovom pionirskom poslu, rekao je da je ideja od po\u010detka bila da se uredi energetski haos koji je vladao u op\u0161tini.<\/p>\n<p>\u201cDanas svi objekti u op\u0161tini imaju energetski paso\u0161 i spremne projekte za pove\u0107anje energetske efikasnosti. U odnosu na 2010, primenom mera, za koje nije bilo potrebno puno novca, 17 odsto je smanjena potro\u0161nja energije, a godi\u0161nja zakonska obaveza je jedan odsto. Tih 17 odsto je nivo koji je mera uspe\u0161nosti energetskog menad\u017ementa u Evropi\u201d, istakao je on.<\/p>\n<p>Sastanku je prisustvovao i stalni zamenik ambasadora i zamenik \u0161efa politi\u010dkog odeljenja Ambasade SR Nema\u010dke u Beogradu Aleksandar Jung.<\/p>\n","protected":false},"excerpt":{"rendered":"<p>Nema\u010dka je dala prevelike subvencije za obnovljive izvore energije (OIE) i tu gre\u0161ku bi Srbija&#8230;<\/p>\n","protected":false},"author":2,"featured_media":15091,"comment_status":"open","ping_status":"closed","sticky":false,"template":"","format":"standard","meta":{"_acf_changed":false,"_monsterinsights_skip_tracking":false,"_monsterinsights_sitenote_active":false,"_monsterinsights_sitenote_note":"","_monsterinsights_sitenote_category":0,"footnotes":""},"categories":[504,3,1],"tags":[73,669,646,1854,647,754],"class_list":["post-15081","post","type-post","status-publish","format-standard","has-post-thumbnail","hentry","category-elektricna-energija","category-energetska-efikasnost","category-obnovljivi-izvori-energije","tag-aleksandra-tomic","tag-elektricna-energija","tag-energetska-efikasnost","tag-energetska-tranzicija","tag-obnovljivi-izvori-energije","tag-oie","country-srbija"],"acf":[],"yoast_head":"<!-- This site is optimized with the Yoast SEO plugin v27.4 - https:\/\/yoast.com\/product\/yoast-seo-wordpress\/ -->\n<title>Parlamentarni forum za energetsku politiku: Srbija da izbegne gre\u0161ke nema\u010dke energetske tranzicije<\/title>\n<meta name=\"description\" content=\"Nema\u010dka je dala prevelike subvencije za OIE i tu gre\u0161ku bi Srbija trebalo da izbegne, izjavio je Tomas Helm, iz Fondacije Hajnrih Bel\" \/>\n<meta name=\"robots\" content=\"index, follow, max-snippet:-1, max-image-preview:large, max-video-preview:-1\" \/>\n<link rel=\"canonical\" href=\"https:\/\/balkangreenenergynews.com\/rs\/parlamentarni-forum-energetsku-politiku-srbija-izbegne-greske-nemacke-energetske-tranzicije\/\" \/>\n<meta property=\"og:locale\" content=\"sr_RS\" \/>\n<meta property=\"og:type\" content=\"article\" \/>\n<meta property=\"og:title\" content=\"Parlamentarni forum za energetsku politiku: Srbija da izbegne gre\u0161ke nema\u010dke energetske tranzicije\" \/>\n<meta property=\"og:description\" content=\"Nema\u010dka je dala prevelike subvencije za OIE i tu gre\u0161ku bi Srbija trebalo da izbegne, izjavio je Tomas Helm, iz Fondacije Hajnrih Bel\" \/>\n<meta property=\"og:url\" content=\"https:\/\/balkangreenenergynews.com\/rs\/parlamentarni-forum-energetsku-politiku-srbija-izbegne-greske-nemacke-energetske-tranzicije\/\" \/>\n<meta property=\"og:site_name\" content=\"Balkan Green Energy News\" \/>\n<meta property=\"article:published_time\" content=\"2017-11-29T09:48:00+00:00\" \/>\n<meta property=\"og:image\" content=\"https:\/\/balkangreenenergynews.com\/rs\/wp-content\/uploads\/2017\/11\/forum-sharp.jpg\" \/>\n\t<meta property=\"og:image:width\" content=\"795\" \/>\n\t<meta property=\"og:image:height\" content=\"407\" \/>\n\t<meta property=\"og:image:type\" content=\"image\/jpeg\" \/>\n<meta name=\"author\" content=\"Branislava Jovi\u010di\u0107\" \/>\n<meta name=\"twitter:card\" content=\"summary_large_image\" \/>\n<meta name=\"twitter:creator\" content=\"@https:\/\/twitter.com\/BranaJovicic\" \/>\n<meta name=\"twitter:label1\" content=\"\u041d\u0430\u043f\u0438\u0441\u0430\u043d\u043e \u043e\u0434\" \/>\n\t<meta name=\"twitter:data1\" content=\"Branislava Jovi\u010di\u0107\" \/>\n\t<meta name=\"twitter:label2\" content=\"\u041f\u0440\u043e\u0446\u0435\u045a\u0435\u043d\u043e \u0432\u0440\u0435\u043c\u0435 \u0447\u0438\u0442\u0430\u045a\u0430\" \/>\n\t<meta name=\"twitter:data2\" content=\"4 \u043c\u0438\u043d\u0443\u0442\u0430\" \/>\n<script type=\"application\/ld+json\" class=\"yoast-schema-graph\">{\"@context\":\"https:\\\/\\\/schema.org\",\"@graph\":[{\"@type\":\"Article\",\"@id\":\"https:\\\/\\\/balkangreenenergynews.com\\\/rs\\\/parlamentarni-forum-energetsku-politiku-srbija-izbegne-greske-nemacke-energetske-tranzicije\\\/#article\",\"isPartOf\":{\"@id\":\"https:\\\/\\\/balkangreenenergynews.com\\\/rs\\\/parlamentarni-forum-energetsku-politiku-srbija-izbegne-greske-nemacke-energetske-tranzicije\\\/\"},\"author\":{\"name\":\"Branislava Jovi\u010di\u0107\",\"@id\":\"https:\\\/\\\/balkangreenenergynews.com\\\/rs\\\/#\\\/schema\\\/person\\\/ff4e9f9457769ba580672215875f5b38\"},\"headline\":\"Parlamentarni forum za energetsku politiku: Srbija da izbegne gre\u0161ke nema\u010dke energetske tranzicije\",\"datePublished\":\"2017-11-29T09:48:00+00:00\",\"mainEntityOfPage\":{\"@id\":\"https:\\\/\\\/balkangreenenergynews.com\\\/rs\\\/parlamentarni-forum-energetsku-politiku-srbija-izbegne-greske-nemacke-energetske-tranzicije\\\/\"},\"wordCount\":826,\"commentCount\":0,\"image\":{\"@id\":\"https:\\\/\\\/balkangreenenergynews.com\\\/rs\\\/parlamentarni-forum-energetsku-politiku-srbija-izbegne-greske-nemacke-energetske-tranzicije\\\/#primaryimage\"},\"thumbnailUrl\":\"https:\\\/\\\/balkangreenenergynews.com\\\/rs\\\/wp-content\\\/uploads\\\/2017\\\/11\\\/forum-sharp.jpg?wsr\",\"keywords\":[\"Aleksandra Tomi\u0107\",\"elektri\u010dna energija\",\"energetska efikasnost\",\"energetska tranzicija\",\"obnovljivi izvori energije\",\"OIE\"],\"articleSection\":[\"Elektri\u010dna energija\",\"Energetska efikasnost\",\"OIE\"],\"inLanguage\":\"sr-RS\",\"potentialAction\":[{\"@type\":\"CommentAction\",\"name\":\"Comment\",\"target\":[\"https:\\\/\\\/balkangreenenergynews.com\\\/rs\\\/parlamentarni-forum-energetsku-politiku-srbija-izbegne-greske-nemacke-energetske-tranzicije\\\/#respond\"]}]},{\"@type\":\"WebPage\",\"@id\":\"https:\\\/\\\/balkangreenenergynews.com\\\/rs\\\/parlamentarni-forum-energetsku-politiku-srbija-izbegne-greske-nemacke-energetske-tranzicije\\\/\",\"url\":\"https:\\\/\\\/balkangreenenergynews.com\\\/rs\\\/parlamentarni-forum-energetsku-politiku-srbija-izbegne-greske-nemacke-energetske-tranzicije\\\/\",\"name\":\"Parlamentarni forum za energetsku politiku: Srbija da izbegne gre\u0161ke nema\u010dke energetske tranzicije\",\"isPartOf\":{\"@id\":\"https:\\\/\\\/balkangreenenergynews.com\\\/rs\\\/#website\"},\"primaryImageOfPage\":{\"@id\":\"https:\\\/\\\/balkangreenenergynews.com\\\/rs\\\/parlamentarni-forum-energetsku-politiku-srbija-izbegne-greske-nemacke-energetske-tranzicije\\\/#primaryimage\"},\"image\":{\"@id\":\"https:\\\/\\\/balkangreenenergynews.com\\\/rs\\\/parlamentarni-forum-energetsku-politiku-srbija-izbegne-greske-nemacke-energetske-tranzicije\\\/#primaryimage\"},\"thumbnailUrl\":\"https:\\\/\\\/balkangreenenergynews.com\\\/rs\\\/wp-content\\\/uploads\\\/2017\\\/11\\\/forum-sharp.jpg?wsr\",\"datePublished\":\"2017-11-29T09:48:00+00:00\",\"author\":{\"@id\":\"https:\\\/\\\/balkangreenenergynews.com\\\/rs\\\/#\\\/schema\\\/person\\\/ff4e9f9457769ba580672215875f5b38\"},\"description\":\"Nema\u010dka je dala prevelike subvencije za OIE i tu gre\u0161ku bi Srbija trebalo da izbegne, izjavio je Tomas Helm, iz Fondacije Hajnrih Bel\",\"breadcrumb\":{\"@id\":\"https:\\\/\\\/balkangreenenergynews.com\\\/rs\\\/parlamentarni-forum-energetsku-politiku-srbija-izbegne-greske-nemacke-energetske-tranzicije\\\/#breadcrumb\"},\"inLanguage\":\"sr-RS\",\"potentialAction\":[{\"@type\":\"ReadAction\",\"target\":[\"https:\\\/\\\/balkangreenenergynews.com\\\/rs\\\/parlamentarni-forum-energetsku-politiku-srbija-izbegne-greske-nemacke-energetske-tranzicije\\\/\"]}]},{\"@type\":\"ImageObject\",\"inLanguage\":\"sr-RS\",\"@id\":\"https:\\\/\\\/balkangreenenergynews.com\\\/rs\\\/parlamentarni-forum-energetsku-politiku-srbija-izbegne-greske-nemacke-energetske-tranzicije\\\/#primaryimage\",\"url\":\"https:\\\/\\\/balkangreenenergynews.com\\\/rs\\\/wp-content\\\/uploads\\\/2017\\\/11\\\/forum-sharp.jpg?wsr\",\"contentUrl\":\"https:\\\/\\\/balkangreenenergynews.com\\\/rs\\\/wp-content\\\/uploads\\\/2017\\\/11\\\/forum-sharp.jpg?wsr\",\"width\":795,\"height\":407,\"caption\":\"Parlamentarni forum za energetsku politiku: Srbija da izbegne gre\u0161ke nema\u010dke energetske tranzicije\"},{\"@type\":\"BreadcrumbList\",\"@id\":\"https:\\\/\\\/balkangreenenergynews.com\\\/rs\\\/parlamentarni-forum-energetsku-politiku-srbija-izbegne-greske-nemacke-energetske-tranzicije\\\/#breadcrumb\",\"itemListElement\":[{\"@type\":\"ListItem\",\"position\":1,\"name\":\"Po\u010detna\",\"item\":\"https:\\\/\\\/balkangreenenergynews.com\\\/rs\\\/\"},{\"@type\":\"ListItem\",\"position\":2,\"name\":\"Vesti\",\"item\":\"https:\\\/\\\/balkangreenenergynews.com\\\/rs\\\/kategorija\\\/vesti\\\/\"},{\"@type\":\"ListItem\",\"position\":3,\"name\":\"Elektri\u010dna energija\",\"item\":\"https:\\\/\\\/balkangreenenergynews.com\\\/rs\\\/kategorija\\\/vesti\\\/elektricna-energija\\\/\"},{\"@type\":\"ListItem\",\"position\":4,\"name\":\"Parlamentarni forum za energetsku politiku: Srbija da izbegne gre\u0161ke nema\u010dke energetske tranzicije\"}]},{\"@type\":\"WebSite\",\"@id\":\"https:\\\/\\\/balkangreenenergynews.com\\\/rs\\\/#website\",\"url\":\"https:\\\/\\\/balkangreenenergynews.com\\\/rs\\\/\",\"name\":\"Balkan Green Energy News\",\"description\":\"Naj\u0161iri izbor vesti sa Balkana o zelenoj energiji\",\"potentialAction\":[{\"@type\":\"SearchAction\",\"target\":{\"@type\":\"EntryPoint\",\"urlTemplate\":\"https:\\\/\\\/balkangreenenergynews.com\\\/rs\\\/?s={search_term_string}\"},\"query-input\":{\"@type\":\"PropertyValueSpecification\",\"valueRequired\":true,\"valueName\":\"search_term_string\"}}],\"inLanguage\":\"sr-RS\"},{\"@type\":\"Person\",\"@id\":\"https:\\\/\\\/balkangreenenergynews.com\\\/rs\\\/#\\\/schema\\\/person\\\/ff4e9f9457769ba580672215875f5b38\",\"name\":\"Branislava Jovi\u010di\u0107\",\"description\":\"\u017divimo u vremenu koje je pred na\u0161u generaciju postavilo veoma va\u017ean zadatak. Nije na nama sva krivica za stanje u kojem se nalazi planeta, ali odgovornot svakako jeste. Zato usmerimo svoja znanja, ve\u0161tine i pamet ka pronala\u017eenju odr\u017eivih, pametnih i zelenih re\u0161enja.\",\"sameAs\":[\"https:\\\/\\\/www.linkedin.com\\\/in\\\/branislava-jovicic-043080a\\\/\",\"https:\\\/\\\/x.com\\\/https:\\\/\\\/twitter.com\\\/BranaJovicic\"],\"url\":\"https:\\\/\\\/balkangreenenergynews.com\\\/rs\\\/author\\\/bgen\\\/\"}]}<\/script>\n<!-- \/ Yoast SEO plugin. -->","yoast_head_json":{"title":"Parlamentarni forum za energetsku politiku: Srbija da izbegne gre\u0161ke nema\u010dke energetske tranzicije","description":"Nema\u010dka je dala prevelike subvencije za OIE i tu gre\u0161ku bi Srbija trebalo da izbegne, izjavio je Tomas Helm, iz Fondacije Hajnrih Bel","robots":{"index":"index","follow":"follow","max-snippet":"max-snippet:-1","max-image-preview":"max-image-preview:large","max-video-preview":"max-video-preview:-1"},"canonical":"https:\/\/balkangreenenergynews.com\/rs\/parlamentarni-forum-energetsku-politiku-srbija-izbegne-greske-nemacke-energetske-tranzicije\/","og_locale":"sr_RS","og_type":"article","og_title":"Parlamentarni forum za energetsku politiku: Srbija da izbegne gre\u0161ke nema\u010dke energetske tranzicije","og_description":"Nema\u010dka je dala prevelike subvencije za OIE i tu gre\u0161ku bi Srbija trebalo da izbegne, izjavio je Tomas Helm, iz Fondacije Hajnrih Bel","og_url":"https:\/\/balkangreenenergynews.com\/rs\/parlamentarni-forum-energetsku-politiku-srbija-izbegne-greske-nemacke-energetske-tranzicije\/","og_site_name":"Balkan Green Energy News","article_published_time":"2017-11-29T09:48:00+00:00","og_image":[{"width":795,"height":407,"url":"https:\/\/balkangreenenergynews.com\/rs\/wp-content\/uploads\/2017\/11\/forum-sharp.jpg","type":"image\/jpeg"}],"author":"Branislava Jovi\u010di\u0107","twitter_card":"summary_large_image","twitter_creator":"@https:\/\/twitter.com\/BranaJovicic","twitter_misc":{"\u041d\u0430\u043f\u0438\u0441\u0430\u043d\u043e \u043e\u0434":"Branislava Jovi\u010di\u0107","\u041f\u0440\u043e\u0446\u0435\u045a\u0435\u043d\u043e \u0432\u0440\u0435\u043c\u0435 \u0447\u0438\u0442\u0430\u045a\u0430":"4 \u043c\u0438\u043d\u0443\u0442\u0430"},"schema":{"@context":"https:\/\/schema.org","@graph":[{"@type":"Article","@id":"https:\/\/balkangreenenergynews.com\/rs\/parlamentarni-forum-energetsku-politiku-srbija-izbegne-greske-nemacke-energetske-tranzicije\/#article","isPartOf":{"@id":"https:\/\/balkangreenenergynews.com\/rs\/parlamentarni-forum-energetsku-politiku-srbija-izbegne-greske-nemacke-energetske-tranzicije\/"},"author":{"name":"Branislava Jovi\u010di\u0107","@id":"https:\/\/balkangreenenergynews.com\/rs\/#\/schema\/person\/ff4e9f9457769ba580672215875f5b38"},"headline":"Parlamentarni forum za energetsku politiku: Srbija da izbegne gre\u0161ke nema\u010dke energetske tranzicije","datePublished":"2017-11-29T09:48:00+00:00","mainEntityOfPage":{"@id":"https:\/\/balkangreenenergynews.com\/rs\/parlamentarni-forum-energetsku-politiku-srbija-izbegne-greske-nemacke-energetske-tranzicije\/"},"wordCount":826,"commentCount":0,"image":{"@id":"https:\/\/balkangreenenergynews.com\/rs\/parlamentarni-forum-energetsku-politiku-srbija-izbegne-greske-nemacke-energetske-tranzicije\/#primaryimage"},"thumbnailUrl":"https:\/\/balkangreenenergynews.com\/rs\/wp-content\/uploads\/2017\/11\/forum-sharp.jpg?wsr","keywords":["Aleksandra Tomi\u0107","elektri\u010dna energija","energetska efikasnost","energetska tranzicija","obnovljivi izvori energije","OIE"],"articleSection":["Elektri\u010dna energija","Energetska efikasnost","OIE"],"inLanguage":"sr-RS","potentialAction":[{"@type":"CommentAction","name":"Comment","target":["https:\/\/balkangreenenergynews.com\/rs\/parlamentarni-forum-energetsku-politiku-srbija-izbegne-greske-nemacke-energetske-tranzicije\/#respond"]}]},{"@type":"WebPage","@id":"https:\/\/balkangreenenergynews.com\/rs\/parlamentarni-forum-energetsku-politiku-srbija-izbegne-greske-nemacke-energetske-tranzicije\/","url":"https:\/\/balkangreenenergynews.com\/rs\/parlamentarni-forum-energetsku-politiku-srbija-izbegne-greske-nemacke-energetske-tranzicije\/","name":"Parlamentarni forum za energetsku politiku: Srbija da izbegne gre\u0161ke nema\u010dke energetske tranzicije","isPartOf":{"@id":"https:\/\/balkangreenenergynews.com\/rs\/#website"},"primaryImageOfPage":{"@id":"https:\/\/balkangreenenergynews.com\/rs\/parlamentarni-forum-energetsku-politiku-srbija-izbegne-greske-nemacke-energetske-tranzicije\/#primaryimage"},"image":{"@id":"https:\/\/balkangreenenergynews.com\/rs\/parlamentarni-forum-energetsku-politiku-srbija-izbegne-greske-nemacke-energetske-tranzicije\/#primaryimage"},"thumbnailUrl":"https:\/\/balkangreenenergynews.com\/rs\/wp-content\/uploads\/2017\/11\/forum-sharp.jpg?wsr","datePublished":"2017-11-29T09:48:00+00:00","author":{"@id":"https:\/\/balkangreenenergynews.com\/rs\/#\/schema\/person\/ff4e9f9457769ba580672215875f5b38"},"description":"Nema\u010dka je dala prevelike subvencije za OIE i tu gre\u0161ku bi Srbija trebalo da izbegne, izjavio je Tomas Helm, iz Fondacije Hajnrih Bel","breadcrumb":{"@id":"https:\/\/balkangreenenergynews.com\/rs\/parlamentarni-forum-energetsku-politiku-srbija-izbegne-greske-nemacke-energetske-tranzicije\/#breadcrumb"},"inLanguage":"sr-RS","potentialAction":[{"@type":"ReadAction","target":["https:\/\/balkangreenenergynews.com\/rs\/parlamentarni-forum-energetsku-politiku-srbija-izbegne-greske-nemacke-energetske-tranzicije\/"]}]},{"@type":"ImageObject","inLanguage":"sr-RS","@id":"https:\/\/balkangreenenergynews.com\/rs\/parlamentarni-forum-energetsku-politiku-srbija-izbegne-greske-nemacke-energetske-tranzicije\/#primaryimage","url":"https:\/\/balkangreenenergynews.com\/rs\/wp-content\/uploads\/2017\/11\/forum-sharp.jpg?wsr","contentUrl":"https:\/\/balkangreenenergynews.com\/rs\/wp-content\/uploads\/2017\/11\/forum-sharp.jpg?wsr","width":795,"height":407,"caption":"Parlamentarni forum za energetsku politiku: Srbija da izbegne gre\u0161ke nema\u010dke energetske tranzicije"},{"@type":"BreadcrumbList","@id":"https:\/\/balkangreenenergynews.com\/rs\/parlamentarni-forum-energetsku-politiku-srbija-izbegne-greske-nemacke-energetske-tranzicije\/#breadcrumb","itemListElement":[{"@type":"ListItem","position":1,"name":"Po\u010detna","item":"https:\/\/balkangreenenergynews.com\/rs\/"},{"@type":"ListItem","position":2,"name":"Vesti","item":"https:\/\/balkangreenenergynews.com\/rs\/kategorija\/vesti\/"},{"@type":"ListItem","position":3,"name":"Elektri\u010dna energija","item":"https:\/\/balkangreenenergynews.com\/rs\/kategorija\/vesti\/elektricna-energija\/"},{"@type":"ListItem","position":4,"name":"Parlamentarni forum za energetsku politiku: Srbija da izbegne gre\u0161ke nema\u010dke energetske tranzicije"}]},{"@type":"WebSite","@id":"https:\/\/balkangreenenergynews.com\/rs\/#website","url":"https:\/\/balkangreenenergynews.com\/rs\/","name":"Balkan Green Energy News","description":"Naj\u0161iri izbor vesti sa Balkana o zelenoj energiji","potentialAction":[{"@type":"SearchAction","target":{"@type":"EntryPoint","urlTemplate":"https:\/\/balkangreenenergynews.com\/rs\/?s={search_term_string}"},"query-input":{"@type":"PropertyValueSpecification","valueRequired":true,"valueName":"search_term_string"}}],"inLanguage":"sr-RS"},{"@type":"Person","@id":"https:\/\/balkangreenenergynews.com\/rs\/#\/schema\/person\/ff4e9f9457769ba580672215875f5b38","name":"Branislava Jovi\u010di\u0107","description":"\u017divimo u vremenu koje je pred na\u0161u generaciju postavilo veoma va\u017ean zadatak. Nije na nama sva krivica za stanje u kojem se nalazi planeta, ali odgovornot svakako jeste. Zato usmerimo svoja znanja, ve\u0161tine i pamet ka pronala\u017eenju odr\u017eivih, pametnih i zelenih re\u0161enja.","sameAs":["https:\/\/www.linkedin.com\/in\/branislava-jovicic-043080a\/","https:\/\/x.com\/https:\/\/twitter.com\/BranaJovicic"],"url":"https:\/\/balkangreenenergynews.com\/rs\/author\/bgen\/"}]}},"_links":{"self":[{"href":"https:\/\/balkangreenenergynews.com\/rs\/wp-json\/wp\/v2\/posts\/15081","targetHints":{"allow":["GET"]}}],"collection":[{"href":"https:\/\/balkangreenenergynews.com\/rs\/wp-json\/wp\/v2\/posts"}],"about":[{"href":"https:\/\/balkangreenenergynews.com\/rs\/wp-json\/wp\/v2\/types\/post"}],"author":[{"embeddable":true,"href":"https:\/\/balkangreenenergynews.com\/rs\/wp-json\/wp\/v2\/users\/2"}],"replies":[{"embeddable":true,"href":"https:\/\/balkangreenenergynews.com\/rs\/wp-json\/wp\/v2\/comments?post=15081"}],"version-history":[{"count":0,"href":"https:\/\/balkangreenenergynews.com\/rs\/wp-json\/wp\/v2\/posts\/15081\/revisions"}],"wp:featuredmedia":[{"embeddable":true,"href":"https:\/\/balkangreenenergynews.com\/rs\/wp-json\/wp\/v2\/media\/15091"}],"wp:attachment":[{"href":"https:\/\/balkangreenenergynews.com\/rs\/wp-json\/wp\/v2\/media?parent=15081"}],"wp:term":[{"taxonomy":"category","embeddable":true,"href":"https:\/\/balkangreenenergynews.com\/rs\/wp-json\/wp\/v2\/categories?post=15081"},{"taxonomy":"post_tag","embeddable":true,"href":"https:\/\/balkangreenenergynews.com\/rs\/wp-json\/wp\/v2\/tags?post=15081"}],"curies":[{"name":"wp","href":"https:\/\/api.w.org\/{rel}","templated":true}]}}