{"id":15015,"date":"2017-11-22T16:17:33","date_gmt":"2017-11-22T15:17:33","guid":{"rendered":"https:\/\/balkangreenenergynews.com\/rs\/?p=15015"},"modified":"2017-11-22T16:17:33","modified_gmt":"2017-11-22T15:17:33","slug":"kinezi-zainteresovani-da-grade-vetropark-u-novoj-crnji","status":"publish","type":"post","link":"https:\/\/balkangreenenergynews.com\/rs\/kinezi-zainteresovani-da-grade-vetropark-u-novoj-crnji\/","title":{"rendered":"Kinezi zainteresovani da grade vetropark u Novoj Crnji"},"content":{"rendered":"<h2>Op\u0161tina Nova Crnja pregovara sa kineskim investitorima o gradnji vetroelektrane snage 60 MW, izajvio je predsednik Op\u0161tine Pera Milankov.<\/h2>\n<p>On je istakao da Op\u0161tina ima 1.000 hektara za gradnju solarnih i elektrana na vetar i biogas.<\/p>\n<p>\u201cPo tome je na\u0161a op\u0161tina jedinstvena u Srbiji. I ne samo to, ve\u0107 imamo i svu potrebnu plansku dokumentaciju za tu povr\u0161inu\u201d, rekao je Milankov za portal Zrenjaninski.<\/p>\n<p>On je naveo da je op\u0161tina sprovela dvogodi\u0161nje istra\u017eivanje o potencijalu energije vetra i potvr\u0111eno je da postoje najbolji uslovi u Srbiji za iskori\u0161\u0107avanje ove vrste energije.<\/p>\n<p>\u201cVe\u0107 se pregovara sa potencijalnim kineskim investitorima i oni su raspolo\u017eeni da grade vetropark kapaciteta 60 megavata. Ali, bitno je da je plan o alternativnim na\u010dinima dobijanja elektri\u010dne energije ve\u0107 po\u010deo da se ostvaruje. Imamo prvog investitora, koji gradi elektranu na biogas, kapaciteta jedan megavat\u201d, ka\u017ee Milankov.<\/p>\n<p>Investitor ove elektrane je kupio tri hektara od Op\u0161tine.<\/p>\n<p>Srbija ima obavezu da pove\u0107a udeo obnovljivih izvora energije na 27 odsto finalne potro\u0161nje do 2020. Udeo je sada na oko 23 odsto. U toku su projekti za gradnju 500 MW zelene energije.<\/p>\n<p>Pre mesec dana Vetroelektrane Balkana d.o.o. <a href=\"https:\/\/balkangreenenergynews.com\/rs\/ebrd-ifc-finansiraju-vetropark-cibuk-1-1584-megavata\/\">obezbedile<\/a> su kredit od 215 miliona evra za vetropark \u010cibuk, 1 snage 158,4, koji \u0107e najve\u0107im delom biti izgra\u0111en u Op\u0161tini Kovin.<\/p>\n<p>Izraelska kompanija Enlight Renewable Energies <a href=\"https:\/\/balkangreenenergynews.com\/rs\/izraelska-kompanija-enlight-renewable-energies-gradice-u-kovacici-vetropark-od-1045-mw\/\">izgradi\u0107e<\/a> jedan od najve\u0107ih vetroparkova snage 104,5 MW u Kova\u010dici. Projekat je vredan 189 miliona evra i trebalo bi da bude u funkciji krajem 2018. godine.<\/p>\n","protected":false},"excerpt":{"rendered":"<p>Op\u0161tina Nova Crnja pregovara sa kineskim investitorima o gradnji vetroelektrane snage 60 MW, izajvio je&#8230;<\/p>\n","protected":false},"author":2,"featured_media":15016,"comment_status":"open","ping_status":"closed","sticky":false,"template":"","format":"standard","meta":{"_acf_changed":false,"_monsterinsights_skip_tracking":false,"_monsterinsights_sitenote_active":false,"_monsterinsights_sitenote_note":"","_monsterinsights_sitenote_category":0,"footnotes":""},"categories":[504,1],"tags":[93,719],"class_list":["post-15015","post","type-post","status-publish","format-standard","has-post-thumbnail","hentry","category-elektricna-energija","category-obnovljivi-izvori-energije","tag-biogas","tag-vetropark","country-srbija"],"acf":[],"yoast_head":"<!-- This site is optimized with the Yoast SEO plugin v27.4 - https:\/\/yoast.com\/product\/yoast-seo-wordpress\/ -->\n<title>Kinezi zainteresovani da grade vetropark u Novoj Crnji<\/title>\n<meta name=\"description\" content=\"Op\u0161tina Nova Crnja pregovara sa kineskim investitorima o gradnji vetroelektrane snage 60 MW, izajvio je predsednik Op\u0161tine Pera Milankov.\" \/>\n<meta name=\"robots\" content=\"index, follow, max-snippet:-1, max-image-preview:large, max-video-preview:-1\" \/>\n<link rel=\"canonical\" href=\"https:\/\/balkangreenenergynews.com\/rs\/kinezi-zainteresovani-da-grade-vetropark-u-novoj-crnji\/\" \/>\n<meta property=\"og:locale\" content=\"sr_RS\" \/>\n<meta property=\"og:type\" content=\"article\" \/>\n<meta property=\"og:title\" content=\"Kinezi zainteresovani da grade vetropark u Novoj Crnji\" \/>\n<meta property=\"og:description\" content=\"Op\u0161tina Nova Crnja pregovara sa kineskim investitorima o gradnji vetroelektrane snage 60 MW, izajvio je predsednik Op\u0161tine Pera Milankov.\" \/>\n<meta property=\"og:url\" content=\"https:\/\/balkangreenenergynews.com\/rs\/kinezi-zainteresovani-da-grade-vetropark-u-novoj-crnji\/\" \/>\n<meta property=\"og:site_name\" content=\"Balkan Green Energy News\" \/>\n<meta property=\"article:published_time\" content=\"2017-11-22T15:17:33+00:00\" \/>\n<meta property=\"og:image\" content=\"https:\/\/balkangreenenergynews.com\/rs\/wp-content\/uploads\/2017\/11\/wind-farm-construction-e1523455067408.gif\" \/>\n\t<meta property=\"og:image:width\" content=\"795\" \/>\n\t<meta property=\"og:image:height\" content=\"407\" \/>\n\t<meta property=\"og:image:type\" content=\"image\/gif\" \/>\n<meta name=\"author\" content=\"Branislava Jovi\u010di\u0107\" \/>\n<meta name=\"twitter:card\" content=\"summary_large_image\" \/>\n<meta name=\"twitter:creator\" content=\"@https:\/\/twitter.com\/BranaJovicic\" \/>\n<meta name=\"twitter:label1\" content=\"\u041d\u0430\u043f\u0438\u0441\u0430\u043d\u043e \u043e\u0434\" \/>\n\t<meta name=\"twitter:data1\" content=\"Branislava Jovi\u010di\u0107\" \/>\n\t<meta name=\"twitter:label2\" content=\"\u041f\u0440\u043e\u0446\u0435\u045a\u0435\u043d\u043e \u0432\u0440\u0435\u043c\u0435 \u0447\u0438\u0442\u0430\u045a\u0430\" \/>\n\t<meta name=\"twitter:data2\" content=\"1 \u043c\u0438\u043d\u0443\u0442\" \/>\n<script type=\"application\/ld+json\" class=\"yoast-schema-graph\">{\"@context\":\"https:\\\/\\\/schema.org\",\"@graph\":[{\"@type\":\"Article\",\"@id\":\"https:\\\/\\\/balkangreenenergynews.com\\\/rs\\\/kinezi-zainteresovani-da-grade-vetropark-u-novoj-crnji\\\/#article\",\"isPartOf\":{\"@id\":\"https:\\\/\\\/balkangreenenergynews.com\\\/rs\\\/kinezi-zainteresovani-da-grade-vetropark-u-novoj-crnji\\\/\"},\"author\":{\"name\":\"Branislava Jovi\u010di\u0107\",\"@id\":\"https:\\\/\\\/balkangreenenergynews.com\\\/rs\\\/#\\\/schema\\\/person\\\/ff4e9f9457769ba580672215875f5b38\"},\"headline\":\"Kinezi zainteresovani da grade vetropark u Novoj Crnji\",\"datePublished\":\"2017-11-22T15:17:33+00:00\",\"mainEntityOfPage\":{\"@id\":\"https:\\\/\\\/balkangreenenergynews.com\\\/rs\\\/kinezi-zainteresovani-da-grade-vetropark-u-novoj-crnji\\\/\"},\"wordCount\":261,\"commentCount\":0,\"image\":{\"@id\":\"https:\\\/\\\/balkangreenenergynews.com\\\/rs\\\/kinezi-zainteresovani-da-grade-vetropark-u-novoj-crnji\\\/#primaryimage\"},\"thumbnailUrl\":\"https:\\\/\\\/balkangreenenergynews.com\\\/rs\\\/wp-content\\\/uploads\\\/2017\\\/11\\\/wind-farm-construction-e1523455067408.gif?wsr\",\"keywords\":[\"biogas\",\"vetropark\"],\"articleSection\":[\"Elektri\u010dna energija\",\"OIE\"],\"inLanguage\":\"sr-RS\",\"potentialAction\":[{\"@type\":\"CommentAction\",\"name\":\"Comment\",\"target\":[\"https:\\\/\\\/balkangreenenergynews.com\\\/rs\\\/kinezi-zainteresovani-da-grade-vetropark-u-novoj-crnji\\\/#respond\"]}]},{\"@type\":\"WebPage\",\"@id\":\"https:\\\/\\\/balkangreenenergynews.com\\\/rs\\\/kinezi-zainteresovani-da-grade-vetropark-u-novoj-crnji\\\/\",\"url\":\"https:\\\/\\\/balkangreenenergynews.com\\\/rs\\\/kinezi-zainteresovani-da-grade-vetropark-u-novoj-crnji\\\/\",\"name\":\"Kinezi zainteresovani da grade vetropark u Novoj Crnji\",\"isPartOf\":{\"@id\":\"https:\\\/\\\/balkangreenenergynews.com\\\/rs\\\/#website\"},\"primaryImageOfPage\":{\"@id\":\"https:\\\/\\\/balkangreenenergynews.com\\\/rs\\\/kinezi-zainteresovani-da-grade-vetropark-u-novoj-crnji\\\/#primaryimage\"},\"image\":{\"@id\":\"https:\\\/\\\/balkangreenenergynews.com\\\/rs\\\/kinezi-zainteresovani-da-grade-vetropark-u-novoj-crnji\\\/#primaryimage\"},\"thumbnailUrl\":\"https:\\\/\\\/balkangreenenergynews.com\\\/rs\\\/wp-content\\\/uploads\\\/2017\\\/11\\\/wind-farm-construction-e1523455067408.gif?wsr\",\"datePublished\":\"2017-11-22T15:17:33+00:00\",\"author\":{\"@id\":\"https:\\\/\\\/balkangreenenergynews.com\\\/rs\\\/#\\\/schema\\\/person\\\/ff4e9f9457769ba580672215875f5b38\"},\"description\":\"Op\u0161tina Nova Crnja pregovara sa kineskim investitorima o gradnji vetroelektrane snage 60 MW, izajvio je predsednik Op\u0161tine Pera Milankov.\",\"breadcrumb\":{\"@id\":\"https:\\\/\\\/balkangreenenergynews.com\\\/rs\\\/kinezi-zainteresovani-da-grade-vetropark-u-novoj-crnji\\\/#breadcrumb\"},\"inLanguage\":\"sr-RS\",\"potentialAction\":[{\"@type\":\"ReadAction\",\"target\":[\"https:\\\/\\\/balkangreenenergynews.com\\\/rs\\\/kinezi-zainteresovani-da-grade-vetropark-u-novoj-crnji\\\/\"]}]},{\"@type\":\"ImageObject\",\"inLanguage\":\"sr-RS\",\"@id\":\"https:\\\/\\\/balkangreenenergynews.com\\\/rs\\\/kinezi-zainteresovani-da-grade-vetropark-u-novoj-crnji\\\/#primaryimage\",\"url\":\"https:\\\/\\\/balkangreenenergynews.com\\\/rs\\\/wp-content\\\/uploads\\\/2017\\\/11\\\/wind-farm-construction-e1523455067408.gif?wsr\",\"contentUrl\":\"https:\\\/\\\/balkangreenenergynews.com\\\/rs\\\/wp-content\\\/uploads\\\/2017\\\/11\\\/wind-farm-construction-e1523455067408.gif?wsr\",\"width\":795,\"height\":407,\"caption\":\"Kinezi zainteresovani da grade vetropark u Novoj Crnji\"},{\"@type\":\"BreadcrumbList\",\"@id\":\"https:\\\/\\\/balkangreenenergynews.com\\\/rs\\\/kinezi-zainteresovani-da-grade-vetropark-u-novoj-crnji\\\/#breadcrumb\",\"itemListElement\":[{\"@type\":\"ListItem\",\"position\":1,\"name\":\"Po\u010detna\",\"item\":\"https:\\\/\\\/balkangreenenergynews.com\\\/rs\\\/\"},{\"@type\":\"ListItem\",\"position\":2,\"name\":\"Vesti\",\"item\":\"https:\\\/\\\/balkangreenenergynews.com\\\/rs\\\/kategorija\\\/vesti\\\/\"},{\"@type\":\"ListItem\",\"position\":3,\"name\":\"OIE\",\"item\":\"https:\\\/\\\/balkangreenenergynews.com\\\/rs\\\/kategorija\\\/vesti\\\/obnovljivi-izvori-energije\\\/\"},{\"@type\":\"ListItem\",\"position\":4,\"name\":\"Kinezi zainteresovani da grade vetropark u Novoj Crnji\"}]},{\"@type\":\"WebSite\",\"@id\":\"https:\\\/\\\/balkangreenenergynews.com\\\/rs\\\/#website\",\"url\":\"https:\\\/\\\/balkangreenenergynews.com\\\/rs\\\/\",\"name\":\"Balkan Green Energy News\",\"description\":\"Naj\u0161iri izbor vesti sa Balkana o zelenoj energiji\",\"potentialAction\":[{\"@type\":\"SearchAction\",\"target\":{\"@type\":\"EntryPoint\",\"urlTemplate\":\"https:\\\/\\\/balkangreenenergynews.com\\\/rs\\\/?s={search_term_string}\"},\"query-input\":{\"@type\":\"PropertyValueSpecification\",\"valueRequired\":true,\"valueName\":\"search_term_string\"}}],\"inLanguage\":\"sr-RS\"},{\"@type\":\"Person\",\"@id\":\"https:\\\/\\\/balkangreenenergynews.com\\\/rs\\\/#\\\/schema\\\/person\\\/ff4e9f9457769ba580672215875f5b38\",\"name\":\"Branislava Jovi\u010di\u0107\",\"description\":\"\u017divimo u vremenu koje je pred na\u0161u generaciju postavilo veoma va\u017ean zadatak. Nije na nama sva krivica za stanje u kojem se nalazi planeta, ali odgovornot svakako jeste. Zato usmerimo svoja znanja, ve\u0161tine i pamet ka pronala\u017eenju odr\u017eivih, pametnih i zelenih re\u0161enja.\",\"sameAs\":[\"https:\\\/\\\/www.linkedin.com\\\/in\\\/branislava-jovicic-043080a\\\/\",\"https:\\\/\\\/x.com\\\/https:\\\/\\\/twitter.com\\\/BranaJovicic\"],\"url\":\"https:\\\/\\\/balkangreenenergynews.com\\\/rs\\\/author\\\/bgen\\\/\"}]}<\/script>\n<!-- \/ Yoast SEO plugin. -->","yoast_head_json":{"title":"Kinezi zainteresovani da grade vetropark u Novoj Crnji","description":"Op\u0161tina Nova Crnja pregovara sa kineskim investitorima o gradnji vetroelektrane snage 60 MW, izajvio je predsednik Op\u0161tine Pera Milankov.","robots":{"index":"index","follow":"follow","max-snippet":"max-snippet:-1","max-image-preview":"max-image-preview:large","max-video-preview":"max-video-preview:-1"},"canonical":"https:\/\/balkangreenenergynews.com\/rs\/kinezi-zainteresovani-da-grade-vetropark-u-novoj-crnji\/","og_locale":"sr_RS","og_type":"article","og_title":"Kinezi zainteresovani da grade vetropark u Novoj Crnji","og_description":"Op\u0161tina Nova Crnja pregovara sa kineskim investitorima o gradnji vetroelektrane snage 60 MW, izajvio je predsednik Op\u0161tine Pera Milankov.","og_url":"https:\/\/balkangreenenergynews.com\/rs\/kinezi-zainteresovani-da-grade-vetropark-u-novoj-crnji\/","og_site_name":"Balkan Green Energy News","article_published_time":"2017-11-22T15:17:33+00:00","og_image":[{"width":795,"height":407,"url":"https:\/\/balkangreenenergynews.com\/rs\/wp-content\/uploads\/2017\/11\/wind-farm-construction-e1523455067408.gif","type":"image\/gif"}],"author":"Branislava Jovi\u010di\u0107","twitter_card":"summary_large_image","twitter_creator":"@https:\/\/twitter.com\/BranaJovicic","twitter_misc":{"\u041d\u0430\u043f\u0438\u0441\u0430\u043d\u043e \u043e\u0434":"Branislava Jovi\u010di\u0107","\u041f\u0440\u043e\u0446\u0435\u045a\u0435\u043d\u043e \u0432\u0440\u0435\u043c\u0435 \u0447\u0438\u0442\u0430\u045a\u0430":"1 \u043c\u0438\u043d\u0443\u0442"},"schema":{"@context":"https:\/\/schema.org","@graph":[{"@type":"Article","@id":"https:\/\/balkangreenenergynews.com\/rs\/kinezi-zainteresovani-da-grade-vetropark-u-novoj-crnji\/#article","isPartOf":{"@id":"https:\/\/balkangreenenergynews.com\/rs\/kinezi-zainteresovani-da-grade-vetropark-u-novoj-crnji\/"},"author":{"name":"Branislava Jovi\u010di\u0107","@id":"https:\/\/balkangreenenergynews.com\/rs\/#\/schema\/person\/ff4e9f9457769ba580672215875f5b38"},"headline":"Kinezi zainteresovani da grade vetropark u Novoj Crnji","datePublished":"2017-11-22T15:17:33+00:00","mainEntityOfPage":{"@id":"https:\/\/balkangreenenergynews.com\/rs\/kinezi-zainteresovani-da-grade-vetropark-u-novoj-crnji\/"},"wordCount":261,"commentCount":0,"image":{"@id":"https:\/\/balkangreenenergynews.com\/rs\/kinezi-zainteresovani-da-grade-vetropark-u-novoj-crnji\/#primaryimage"},"thumbnailUrl":"https:\/\/balkangreenenergynews.com\/rs\/wp-content\/uploads\/2017\/11\/wind-farm-construction-e1523455067408.gif?wsr","keywords":["biogas","vetropark"],"articleSection":["Elektri\u010dna energija","OIE"],"inLanguage":"sr-RS","potentialAction":[{"@type":"CommentAction","name":"Comment","target":["https:\/\/balkangreenenergynews.com\/rs\/kinezi-zainteresovani-da-grade-vetropark-u-novoj-crnji\/#respond"]}]},{"@type":"WebPage","@id":"https:\/\/balkangreenenergynews.com\/rs\/kinezi-zainteresovani-da-grade-vetropark-u-novoj-crnji\/","url":"https:\/\/balkangreenenergynews.com\/rs\/kinezi-zainteresovani-da-grade-vetropark-u-novoj-crnji\/","name":"Kinezi zainteresovani da grade vetropark u Novoj Crnji","isPartOf":{"@id":"https:\/\/balkangreenenergynews.com\/rs\/#website"},"primaryImageOfPage":{"@id":"https:\/\/balkangreenenergynews.com\/rs\/kinezi-zainteresovani-da-grade-vetropark-u-novoj-crnji\/#primaryimage"},"image":{"@id":"https:\/\/balkangreenenergynews.com\/rs\/kinezi-zainteresovani-da-grade-vetropark-u-novoj-crnji\/#primaryimage"},"thumbnailUrl":"https:\/\/balkangreenenergynews.com\/rs\/wp-content\/uploads\/2017\/11\/wind-farm-construction-e1523455067408.gif?wsr","datePublished":"2017-11-22T15:17:33+00:00","author":{"@id":"https:\/\/balkangreenenergynews.com\/rs\/#\/schema\/person\/ff4e9f9457769ba580672215875f5b38"},"description":"Op\u0161tina Nova Crnja pregovara sa kineskim investitorima o gradnji vetroelektrane snage 60 MW, izajvio je predsednik Op\u0161tine Pera Milankov.","breadcrumb":{"@id":"https:\/\/balkangreenenergynews.com\/rs\/kinezi-zainteresovani-da-grade-vetropark-u-novoj-crnji\/#breadcrumb"},"inLanguage":"sr-RS","potentialAction":[{"@type":"ReadAction","target":["https:\/\/balkangreenenergynews.com\/rs\/kinezi-zainteresovani-da-grade-vetropark-u-novoj-crnji\/"]}]},{"@type":"ImageObject","inLanguage":"sr-RS","@id":"https:\/\/balkangreenenergynews.com\/rs\/kinezi-zainteresovani-da-grade-vetropark-u-novoj-crnji\/#primaryimage","url":"https:\/\/balkangreenenergynews.com\/rs\/wp-content\/uploads\/2017\/11\/wind-farm-construction-e1523455067408.gif?wsr","contentUrl":"https:\/\/balkangreenenergynews.com\/rs\/wp-content\/uploads\/2017\/11\/wind-farm-construction-e1523455067408.gif?wsr","width":795,"height":407,"caption":"Kinezi zainteresovani da grade vetropark u Novoj Crnji"},{"@type":"BreadcrumbList","@id":"https:\/\/balkangreenenergynews.com\/rs\/kinezi-zainteresovani-da-grade-vetropark-u-novoj-crnji\/#breadcrumb","itemListElement":[{"@type":"ListItem","position":1,"name":"Po\u010detna","item":"https:\/\/balkangreenenergynews.com\/rs\/"},{"@type":"ListItem","position":2,"name":"Vesti","item":"https:\/\/balkangreenenergynews.com\/rs\/kategorija\/vesti\/"},{"@type":"ListItem","position":3,"name":"OIE","item":"https:\/\/balkangreenenergynews.com\/rs\/kategorija\/vesti\/obnovljivi-izvori-energije\/"},{"@type":"ListItem","position":4,"name":"Kinezi zainteresovani da grade vetropark u Novoj Crnji"}]},{"@type":"WebSite","@id":"https:\/\/balkangreenenergynews.com\/rs\/#website","url":"https:\/\/balkangreenenergynews.com\/rs\/","name":"Balkan Green Energy News","description":"Naj\u0161iri izbor vesti sa Balkana o zelenoj energiji","potentialAction":[{"@type":"SearchAction","target":{"@type":"EntryPoint","urlTemplate":"https:\/\/balkangreenenergynews.com\/rs\/?s={search_term_string}"},"query-input":{"@type":"PropertyValueSpecification","valueRequired":true,"valueName":"search_term_string"}}],"inLanguage":"sr-RS"},{"@type":"Person","@id":"https:\/\/balkangreenenergynews.com\/rs\/#\/schema\/person\/ff4e9f9457769ba580672215875f5b38","name":"Branislava Jovi\u010di\u0107","description":"\u017divimo u vremenu koje je pred na\u0161u generaciju postavilo veoma va\u017ean zadatak. Nije na nama sva krivica za stanje u kojem se nalazi planeta, ali odgovornot svakako jeste. Zato usmerimo svoja znanja, ve\u0161tine i pamet ka pronala\u017eenju odr\u017eivih, pametnih i zelenih re\u0161enja.","sameAs":["https:\/\/www.linkedin.com\/in\/branislava-jovicic-043080a\/","https:\/\/x.com\/https:\/\/twitter.com\/BranaJovicic"],"url":"https:\/\/balkangreenenergynews.com\/rs\/author\/bgen\/"}]}},"_links":{"self":[{"href":"https:\/\/balkangreenenergynews.com\/rs\/wp-json\/wp\/v2\/posts\/15015","targetHints":{"allow":["GET"]}}],"collection":[{"href":"https:\/\/balkangreenenergynews.com\/rs\/wp-json\/wp\/v2\/posts"}],"about":[{"href":"https:\/\/balkangreenenergynews.com\/rs\/wp-json\/wp\/v2\/types\/post"}],"author":[{"embeddable":true,"href":"https:\/\/balkangreenenergynews.com\/rs\/wp-json\/wp\/v2\/users\/2"}],"replies":[{"embeddable":true,"href":"https:\/\/balkangreenenergynews.com\/rs\/wp-json\/wp\/v2\/comments?post=15015"}],"version-history":[{"count":0,"href":"https:\/\/balkangreenenergynews.com\/rs\/wp-json\/wp\/v2\/posts\/15015\/revisions"}],"wp:featuredmedia":[{"embeddable":true,"href":"https:\/\/balkangreenenergynews.com\/rs\/wp-json\/wp\/v2\/media\/15016"}],"wp:attachment":[{"href":"https:\/\/balkangreenenergynews.com\/rs\/wp-json\/wp\/v2\/media?parent=15015"}],"wp:term":[{"taxonomy":"category","embeddable":true,"href":"https:\/\/balkangreenenergynews.com\/rs\/wp-json\/wp\/v2\/categories?post=15015"},{"taxonomy":"post_tag","embeddable":true,"href":"https:\/\/balkangreenenergynews.com\/rs\/wp-json\/wp\/v2\/tags?post=15015"}],"curies":[{"name":"wp","href":"https:\/\/api.w.org\/{rel}","templated":true}]}}