{"id":14907,"date":"2017-11-14T10:29:46","date_gmt":"2017-11-14T09:29:46","guid":{"rendered":"https:\/\/balkangreenenergynews.com\/rs\/?p=14907"},"modified":"2018-12-09T11:44:46","modified_gmt":"2018-12-09T10:44:46","slug":"antic-vreme-da-razresimo-ugovor-sa-italijom-gradnji-elektrana-na-drini","status":"publish","type":"post","link":"https:\/\/balkangreenenergynews.com\/rs\/antic-vreme-da-razresimo-ugovor-sa-italijom-gradnji-elektrana-na-drini\/","title":{"rendered":"Anti\u0107: Vreme da razre\u0161imo ugovor sa Italijom o gradnji elektrana na Drini"},"content":{"rendered":"<h2>Vreme je da razre\u0161imo situaciju u vezi sa ugovorom sa Italijanima i da krenemo u gradnju elektrana na Drini sami ili sa nekim drugim partnerima, izjavio je Aleksandar Anti\u0107, ministar rudarstva i energetike posle sednice Me\u0161ovitog energetskog komiteta Srbije i Republike Srpske.<\/h2>\n<p>Septembra 2011. godine italijanska kompanija Seci Energia, Javno preduze\u0107e Elektroprivreda Srbije (EPS) i Javno preduze\u0107e Elektroprivreda Republike Srpske potpisali su preliminarni ugovor o gradnji tri hidroelektrane na reci Drini.<\/p>\n<p>Planirana snaga elektrana je bila 450 MW, o\u010dekivana proizvodnja elektri\u010dne energije 1.200 MWh, uz procenjeno ulaganje od 800 miliona evra. Proizvedena elektri\u010dna energija bi se transportovala u Italiju, a po\u010detak gradnje bio je najavljen za 2013. godinu.<\/p>\n<p>U petak su ministar energetike i rudarstva Aleksandar Anti\u0107 i ministar energetike Republike Srpske Petar \u0110oki\u0107 prisustvovali prvom sastanku Me\u0161ovitog energetskog komiteta u Beogradu. Tada su najavili ja\u010du saradnju, realizaciju zajedni\u010dkih projekata i gradnju HE na reci Drini.<\/p>\n<p>\u201cImali smo sporazum sa Italijanima, koji su odugovla\u010dili godinama i kona\u010dno je vreme da to prese\u010demo i da to radimo sami ili da prona\u0111emo nekog drugog partnera. Republika Srpska ima sjajan projekat Gornja Drina, koji je jedan od najboljih hidroenergetskih projekata u ovom delu Evrope. Zaint\u0435resovani smo da i mi eventualno budemo deo tog projekta. Tu je i projekat Donja Drina, koji je odli\u010dan\u201d, naveo je ministar.<\/p>\n<p>\u010clanovi Me\u0161ovitog energetskog komiteta su direktori svih energetskih kompanija iz Srbije i Republike Srpske.<\/p>\n<p>\u201cMi se previ\u0161e vremena grlimo i ljubimo zato \u0161to smo bra\u0107a. Mislimo da je do\u0161lo vreme da radimo neke zajedni\u010dke projekte i da to treba da bude prioritet\u201d, naglasio je Anti\u0107.<\/p>\n<p>Ministar \u0110oki\u0107 je rekao da bi u okviru projekta Gornja Drina mogle da budu izgra\u0111ene \u010detiri hidroelektrane, u okviru Srednje Drine tri i u Donjoj Drini \u010detiri.<\/p>\n<p>\u0110oki\u0107 je rekao da \u0107e sa Kinezima graditi hidroelektranu Buk Bijela sa prate\u0107im hidroelektranama i da bi RS volela da se u taj projekat uklju\u010di i Srbija.<\/p>\n","protected":false},"excerpt":{"rendered":"<p>Vreme je da razre\u0161imo situaciju u vezi sa ugovorom sa Italijanima i da krenemo u&#8230;<\/p>\n","protected":false},"author":25,"featured_media":14912,"comment_status":"open","ping_status":"closed","sticky":false,"template":"","format":"standard","meta":{"_acf_changed":false,"_monsterinsights_skip_tracking":false,"_monsterinsights_sitenote_active":false,"_monsterinsights_sitenote_note":"","_monsterinsights_sitenote_category":0,"footnotes":""},"categories":[504,1],"tags":[72,1039,1307,655,1479,713],"class_list":["post-14907","post","type-post","status-publish","format-standard","has-post-thumbnail","hentry","category-elektricna-energija","category-obnovljivi-izvori-energije","tag-aleksandar-antic","tag-drina","tag-elektroprivreda-srbije","tag-hidroelektrana","tag-petar-dokic","tag-republika-srpska","country-srbija"],"acf":[],"yoast_head":"<!-- This site is optimized with the Yoast SEO plugin v27.4 - https:\/\/yoast.com\/product\/yoast-seo-wordpress\/ -->\n<title>Anti\u0107: Vreme da razre\u0161imo ugovor sa Italijom o gradnji elektrana na Drini<\/title>\n<meta name=\"description\" content=\"Vreme je da re\u0161imo situaciju u vezi sa ugovorom sa Italijanima i da krenemo u gradnju elektrana na Drini sami ili sa nekim drugim, izjavio je Anti\u0107\" \/>\n<meta name=\"robots\" content=\"index, follow, max-snippet:-1, max-image-preview:large, max-video-preview:-1\" \/>\n<link rel=\"canonical\" href=\"https:\/\/balkangreenenergynews.com\/rs\/antic-vreme-da-razresimo-ugovor-sa-italijom-gradnji-elektrana-na-drini\/\" \/>\n<meta property=\"og:locale\" content=\"sr_RS\" \/>\n<meta property=\"og:type\" content=\"article\" \/>\n<meta property=\"og:title\" content=\"Anti\u0107: Vreme da razre\u0161imo ugovor sa Italijom o gradnji elektrana na Drini\" \/>\n<meta property=\"og:description\" content=\"Vreme je da re\u0161imo situaciju u vezi sa ugovorom sa Italijanima i da krenemo u gradnju elektrana na Drini sami ili sa nekim drugim, izjavio je Anti\u0107\" \/>\n<meta property=\"og:url\" content=\"https:\/\/balkangreenenergynews.com\/rs\/antic-vreme-da-razresimo-ugovor-sa-italijom-gradnji-elektrana-na-drini\/\" \/>\n<meta property=\"og:site_name\" content=\"Balkan Green Energy News\" \/>\n<meta property=\"article:published_time\" content=\"2017-11-14T09:29:46+00:00\" \/>\n<meta property=\"article:modified_time\" content=\"2018-12-09T10:44:46+00:00\" \/>\n<meta property=\"og:image\" content=\"https:\/\/balkangreenenergynews.com\/rs\/wp-content\/uploads\/2017\/11\/antic-rs-e1523455194874.gif\" \/>\n\t<meta property=\"og:image:width\" content=\"795\" \/>\n\t<meta property=\"og:image:height\" content=\"407\" \/>\n\t<meta property=\"og:image:type\" content=\"image\/gif\" \/>\n<meta name=\"author\" content=\"Balkan Green Energy News\" \/>\n<meta name=\"twitter:card\" content=\"summary_large_image\" \/>\n<meta name=\"twitter:label1\" content=\"\u041d\u0430\u043f\u0438\u0441\u0430\u043d\u043e \u043e\u0434\" \/>\n\t<meta name=\"twitter:data1\" content=\"Balkan Green Energy News\" \/>\n\t<meta name=\"twitter:label2\" content=\"\u041f\u0440\u043e\u0446\u0435\u045a\u0435\u043d\u043e \u0432\u0440\u0435\u043c\u0435 \u0447\u0438\u0442\u0430\u045a\u0430\" \/>\n\t<meta name=\"twitter:data2\" content=\"2 \u043c\u0438\u043d\u0443\u0442\u0430\" \/>\n<script type=\"application\/ld+json\" class=\"yoast-schema-graph\">{\"@context\":\"https:\\\/\\\/schema.org\",\"@graph\":[{\"@type\":\"Article\",\"@id\":\"https:\\\/\\\/balkangreenenergynews.com\\\/rs\\\/antic-vreme-da-razresimo-ugovor-sa-italijom-gradnji-elektrana-na-drini\\\/#article\",\"isPartOf\":{\"@id\":\"https:\\\/\\\/balkangreenenergynews.com\\\/rs\\\/antic-vreme-da-razresimo-ugovor-sa-italijom-gradnji-elektrana-na-drini\\\/\"},\"author\":{\"name\":\"Balkan Green Energy News\",\"@id\":\"https:\\\/\\\/balkangreenenergynews.com\\\/rs\\\/#\\\/schema\\\/person\\\/dee275e6036b1a0f7ceaf956d79d4eff\"},\"headline\":\"Anti\u0107: Vreme da razre\u0161imo ugovor sa Italijom o gradnji elektrana na Drini\",\"datePublished\":\"2017-11-14T09:29:46+00:00\",\"dateModified\":\"2018-12-09T10:44:46+00:00\",\"mainEntityOfPage\":{\"@id\":\"https:\\\/\\\/balkangreenenergynews.com\\\/rs\\\/antic-vreme-da-razresimo-ugovor-sa-italijom-gradnji-elektrana-na-drini\\\/\"},\"wordCount\":351,\"commentCount\":0,\"image\":{\"@id\":\"https:\\\/\\\/balkangreenenergynews.com\\\/rs\\\/antic-vreme-da-razresimo-ugovor-sa-italijom-gradnji-elektrana-na-drini\\\/#primaryimage\"},\"thumbnailUrl\":\"https:\\\/\\\/balkangreenenergynews.com\\\/rs\\\/wp-content\\\/uploads\\\/2017\\\/11\\\/antic-rs-e1523455194874.gif?wsr\",\"keywords\":[\"Aleksandar Anti\u0107\",\"Drina\",\"Elektroprivreda Srbije\",\"hidroelektrana\",\"Petar \u0110oki\u0107\",\"Republika Srpska\"],\"articleSection\":[\"Elektri\u010dna energija\",\"OIE\"],\"inLanguage\":\"sr-RS\",\"potentialAction\":[{\"@type\":\"CommentAction\",\"name\":\"Comment\",\"target\":[\"https:\\\/\\\/balkangreenenergynews.com\\\/rs\\\/antic-vreme-da-razresimo-ugovor-sa-italijom-gradnji-elektrana-na-drini\\\/#respond\"]}]},{\"@type\":\"WebPage\",\"@id\":\"https:\\\/\\\/balkangreenenergynews.com\\\/rs\\\/antic-vreme-da-razresimo-ugovor-sa-italijom-gradnji-elektrana-na-drini\\\/\",\"url\":\"https:\\\/\\\/balkangreenenergynews.com\\\/rs\\\/antic-vreme-da-razresimo-ugovor-sa-italijom-gradnji-elektrana-na-drini\\\/\",\"name\":\"Anti\u0107: Vreme da razre\u0161imo ugovor sa Italijom o gradnji elektrana na Drini\",\"isPartOf\":{\"@id\":\"https:\\\/\\\/balkangreenenergynews.com\\\/rs\\\/#website\"},\"primaryImageOfPage\":{\"@id\":\"https:\\\/\\\/balkangreenenergynews.com\\\/rs\\\/antic-vreme-da-razresimo-ugovor-sa-italijom-gradnji-elektrana-na-drini\\\/#primaryimage\"},\"image\":{\"@id\":\"https:\\\/\\\/balkangreenenergynews.com\\\/rs\\\/antic-vreme-da-razresimo-ugovor-sa-italijom-gradnji-elektrana-na-drini\\\/#primaryimage\"},\"thumbnailUrl\":\"https:\\\/\\\/balkangreenenergynews.com\\\/rs\\\/wp-content\\\/uploads\\\/2017\\\/11\\\/antic-rs-e1523455194874.gif?wsr\",\"datePublished\":\"2017-11-14T09:29:46+00:00\",\"dateModified\":\"2018-12-09T10:44:46+00:00\",\"author\":{\"@id\":\"https:\\\/\\\/balkangreenenergynews.com\\\/rs\\\/#\\\/schema\\\/person\\\/dee275e6036b1a0f7ceaf956d79d4eff\"},\"description\":\"Vreme je da re\u0161imo situaciju u vezi sa ugovorom sa Italijanima i da krenemo u gradnju elektrana na Drini sami ili sa nekim drugim, izjavio je Anti\u0107\",\"breadcrumb\":{\"@id\":\"https:\\\/\\\/balkangreenenergynews.com\\\/rs\\\/antic-vreme-da-razresimo-ugovor-sa-italijom-gradnji-elektrana-na-drini\\\/#breadcrumb\"},\"inLanguage\":\"sr-RS\",\"potentialAction\":[{\"@type\":\"ReadAction\",\"target\":[\"https:\\\/\\\/balkangreenenergynews.com\\\/rs\\\/antic-vreme-da-razresimo-ugovor-sa-italijom-gradnji-elektrana-na-drini\\\/\"]}]},{\"@type\":\"ImageObject\",\"inLanguage\":\"sr-RS\",\"@id\":\"https:\\\/\\\/balkangreenenergynews.com\\\/rs\\\/antic-vreme-da-razresimo-ugovor-sa-italijom-gradnji-elektrana-na-drini\\\/#primaryimage\",\"url\":\"https:\\\/\\\/balkangreenenergynews.com\\\/rs\\\/wp-content\\\/uploads\\\/2017\\\/11\\\/antic-rs-e1523455194874.gif?wsr\",\"contentUrl\":\"https:\\\/\\\/balkangreenenergynews.com\\\/rs\\\/wp-content\\\/uploads\\\/2017\\\/11\\\/antic-rs-e1523455194874.gif?wsr\",\"width\":795,\"height\":407,\"caption\":\"Anti\u0107: Vreme da razre\u0161imo ugovor sa Italijom o gradnji elektrana na Drini\"},{\"@type\":\"BreadcrumbList\",\"@id\":\"https:\\\/\\\/balkangreenenergynews.com\\\/rs\\\/antic-vreme-da-razresimo-ugovor-sa-italijom-gradnji-elektrana-na-drini\\\/#breadcrumb\",\"itemListElement\":[{\"@type\":\"ListItem\",\"position\":1,\"name\":\"Po\u010detna\",\"item\":\"https:\\\/\\\/balkangreenenergynews.com\\\/rs\\\/\"},{\"@type\":\"ListItem\",\"position\":2,\"name\":\"Vesti\",\"item\":\"https:\\\/\\\/balkangreenenergynews.com\\\/rs\\\/kategorija\\\/vesti\\\/\"},{\"@type\":\"ListItem\",\"position\":3,\"name\":\"Elektri\u010dna energija\",\"item\":\"https:\\\/\\\/balkangreenenergynews.com\\\/rs\\\/kategorija\\\/vesti\\\/elektricna-energija\\\/\"},{\"@type\":\"ListItem\",\"position\":4,\"name\":\"Anti\u0107: Vreme da razre\u0161imo ugovor sa Italijom o gradnji elektrana na Drini\"}]},{\"@type\":\"WebSite\",\"@id\":\"https:\\\/\\\/balkangreenenergynews.com\\\/rs\\\/#website\",\"url\":\"https:\\\/\\\/balkangreenenergynews.com\\\/rs\\\/\",\"name\":\"Balkan Green Energy News\",\"description\":\"Naj\u0161iri izbor vesti sa Balkana o zelenoj energiji\",\"potentialAction\":[{\"@type\":\"SearchAction\",\"target\":{\"@type\":\"EntryPoint\",\"urlTemplate\":\"https:\\\/\\\/balkangreenenergynews.com\\\/rs\\\/?s={search_term_string}\"},\"query-input\":{\"@type\":\"PropertyValueSpecification\",\"valueRequired\":true,\"valueName\":\"search_term_string\"}}],\"inLanguage\":\"sr-RS\"},{\"@type\":\"Person\",\"@id\":\"https:\\\/\\\/balkangreenenergynews.com\\\/rs\\\/#\\\/schema\\\/person\\\/dee275e6036b1a0f7ceaf956d79d4eff\",\"name\":\"Balkan Green Energy News\",\"url\":\"https:\\\/\\\/balkangreenenergynews.com\\\/rs\\\/author\\\/balkangreenenergynews\\\/\"}]}<\/script>\n<!-- \/ Yoast SEO plugin. -->","yoast_head_json":{"title":"Anti\u0107: Vreme da razre\u0161imo ugovor sa Italijom o gradnji elektrana na Drini","description":"Vreme je da re\u0161imo situaciju u vezi sa ugovorom sa Italijanima i da krenemo u gradnju elektrana na Drini sami ili sa nekim drugim, izjavio je Anti\u0107","robots":{"index":"index","follow":"follow","max-snippet":"max-snippet:-1","max-image-preview":"max-image-preview:large","max-video-preview":"max-video-preview:-1"},"canonical":"https:\/\/balkangreenenergynews.com\/rs\/antic-vreme-da-razresimo-ugovor-sa-italijom-gradnji-elektrana-na-drini\/","og_locale":"sr_RS","og_type":"article","og_title":"Anti\u0107: Vreme da razre\u0161imo ugovor sa Italijom o gradnji elektrana na Drini","og_description":"Vreme je da re\u0161imo situaciju u vezi sa ugovorom sa Italijanima i da krenemo u gradnju elektrana na Drini sami ili sa nekim drugim, izjavio je Anti\u0107","og_url":"https:\/\/balkangreenenergynews.com\/rs\/antic-vreme-da-razresimo-ugovor-sa-italijom-gradnji-elektrana-na-drini\/","og_site_name":"Balkan Green Energy News","article_published_time":"2017-11-14T09:29:46+00:00","article_modified_time":"2018-12-09T10:44:46+00:00","og_image":[{"width":795,"height":407,"url":"https:\/\/balkangreenenergynews.com\/rs\/wp-content\/uploads\/2017\/11\/antic-rs-e1523455194874.gif","type":"image\/gif"}],"author":"Balkan Green Energy News","twitter_card":"summary_large_image","twitter_misc":{"\u041d\u0430\u043f\u0438\u0441\u0430\u043d\u043e \u043e\u0434":"Balkan Green Energy News","\u041f\u0440\u043e\u0446\u0435\u045a\u0435\u043d\u043e \u0432\u0440\u0435\u043c\u0435 \u0447\u0438\u0442\u0430\u045a\u0430":"2 \u043c\u0438\u043d\u0443\u0442\u0430"},"schema":{"@context":"https:\/\/schema.org","@graph":[{"@type":"Article","@id":"https:\/\/balkangreenenergynews.com\/rs\/antic-vreme-da-razresimo-ugovor-sa-italijom-gradnji-elektrana-na-drini\/#article","isPartOf":{"@id":"https:\/\/balkangreenenergynews.com\/rs\/antic-vreme-da-razresimo-ugovor-sa-italijom-gradnji-elektrana-na-drini\/"},"author":{"name":"Balkan Green Energy News","@id":"https:\/\/balkangreenenergynews.com\/rs\/#\/schema\/person\/dee275e6036b1a0f7ceaf956d79d4eff"},"headline":"Anti\u0107: Vreme da razre\u0161imo ugovor sa Italijom o gradnji elektrana na Drini","datePublished":"2017-11-14T09:29:46+00:00","dateModified":"2018-12-09T10:44:46+00:00","mainEntityOfPage":{"@id":"https:\/\/balkangreenenergynews.com\/rs\/antic-vreme-da-razresimo-ugovor-sa-italijom-gradnji-elektrana-na-drini\/"},"wordCount":351,"commentCount":0,"image":{"@id":"https:\/\/balkangreenenergynews.com\/rs\/antic-vreme-da-razresimo-ugovor-sa-italijom-gradnji-elektrana-na-drini\/#primaryimage"},"thumbnailUrl":"https:\/\/balkangreenenergynews.com\/rs\/wp-content\/uploads\/2017\/11\/antic-rs-e1523455194874.gif?wsr","keywords":["Aleksandar Anti\u0107","Drina","Elektroprivreda Srbije","hidroelektrana","Petar \u0110oki\u0107","Republika Srpska"],"articleSection":["Elektri\u010dna energija","OIE"],"inLanguage":"sr-RS","potentialAction":[{"@type":"CommentAction","name":"Comment","target":["https:\/\/balkangreenenergynews.com\/rs\/antic-vreme-da-razresimo-ugovor-sa-italijom-gradnji-elektrana-na-drini\/#respond"]}]},{"@type":"WebPage","@id":"https:\/\/balkangreenenergynews.com\/rs\/antic-vreme-da-razresimo-ugovor-sa-italijom-gradnji-elektrana-na-drini\/","url":"https:\/\/balkangreenenergynews.com\/rs\/antic-vreme-da-razresimo-ugovor-sa-italijom-gradnji-elektrana-na-drini\/","name":"Anti\u0107: Vreme da razre\u0161imo ugovor sa Italijom o gradnji elektrana na Drini","isPartOf":{"@id":"https:\/\/balkangreenenergynews.com\/rs\/#website"},"primaryImageOfPage":{"@id":"https:\/\/balkangreenenergynews.com\/rs\/antic-vreme-da-razresimo-ugovor-sa-italijom-gradnji-elektrana-na-drini\/#primaryimage"},"image":{"@id":"https:\/\/balkangreenenergynews.com\/rs\/antic-vreme-da-razresimo-ugovor-sa-italijom-gradnji-elektrana-na-drini\/#primaryimage"},"thumbnailUrl":"https:\/\/balkangreenenergynews.com\/rs\/wp-content\/uploads\/2017\/11\/antic-rs-e1523455194874.gif?wsr","datePublished":"2017-11-14T09:29:46+00:00","dateModified":"2018-12-09T10:44:46+00:00","author":{"@id":"https:\/\/balkangreenenergynews.com\/rs\/#\/schema\/person\/dee275e6036b1a0f7ceaf956d79d4eff"},"description":"Vreme je da re\u0161imo situaciju u vezi sa ugovorom sa Italijanima i da krenemo u gradnju elektrana na Drini sami ili sa nekim drugim, izjavio je Anti\u0107","breadcrumb":{"@id":"https:\/\/balkangreenenergynews.com\/rs\/antic-vreme-da-razresimo-ugovor-sa-italijom-gradnji-elektrana-na-drini\/#breadcrumb"},"inLanguage":"sr-RS","potentialAction":[{"@type":"ReadAction","target":["https:\/\/balkangreenenergynews.com\/rs\/antic-vreme-da-razresimo-ugovor-sa-italijom-gradnji-elektrana-na-drini\/"]}]},{"@type":"ImageObject","inLanguage":"sr-RS","@id":"https:\/\/balkangreenenergynews.com\/rs\/antic-vreme-da-razresimo-ugovor-sa-italijom-gradnji-elektrana-na-drini\/#primaryimage","url":"https:\/\/balkangreenenergynews.com\/rs\/wp-content\/uploads\/2017\/11\/antic-rs-e1523455194874.gif?wsr","contentUrl":"https:\/\/balkangreenenergynews.com\/rs\/wp-content\/uploads\/2017\/11\/antic-rs-e1523455194874.gif?wsr","width":795,"height":407,"caption":"Anti\u0107: Vreme da razre\u0161imo ugovor sa Italijom o gradnji elektrana na Drini"},{"@type":"BreadcrumbList","@id":"https:\/\/balkangreenenergynews.com\/rs\/antic-vreme-da-razresimo-ugovor-sa-italijom-gradnji-elektrana-na-drini\/#breadcrumb","itemListElement":[{"@type":"ListItem","position":1,"name":"Po\u010detna","item":"https:\/\/balkangreenenergynews.com\/rs\/"},{"@type":"ListItem","position":2,"name":"Vesti","item":"https:\/\/balkangreenenergynews.com\/rs\/kategorija\/vesti\/"},{"@type":"ListItem","position":3,"name":"Elektri\u010dna energija","item":"https:\/\/balkangreenenergynews.com\/rs\/kategorija\/vesti\/elektricna-energija\/"},{"@type":"ListItem","position":4,"name":"Anti\u0107: Vreme da razre\u0161imo ugovor sa Italijom o gradnji elektrana na Drini"}]},{"@type":"WebSite","@id":"https:\/\/balkangreenenergynews.com\/rs\/#website","url":"https:\/\/balkangreenenergynews.com\/rs\/","name":"Balkan Green Energy News","description":"Naj\u0161iri izbor vesti sa Balkana o zelenoj energiji","potentialAction":[{"@type":"SearchAction","target":{"@type":"EntryPoint","urlTemplate":"https:\/\/balkangreenenergynews.com\/rs\/?s={search_term_string}"},"query-input":{"@type":"PropertyValueSpecification","valueRequired":true,"valueName":"search_term_string"}}],"inLanguage":"sr-RS"},{"@type":"Person","@id":"https:\/\/balkangreenenergynews.com\/rs\/#\/schema\/person\/dee275e6036b1a0f7ceaf956d79d4eff","name":"Balkan Green Energy News","url":"https:\/\/balkangreenenergynews.com\/rs\/author\/balkangreenenergynews\/"}]}},"_links":{"self":[{"href":"https:\/\/balkangreenenergynews.com\/rs\/wp-json\/wp\/v2\/posts\/14907","targetHints":{"allow":["GET"]}}],"collection":[{"href":"https:\/\/balkangreenenergynews.com\/rs\/wp-json\/wp\/v2\/posts"}],"about":[{"href":"https:\/\/balkangreenenergynews.com\/rs\/wp-json\/wp\/v2\/types\/post"}],"author":[{"embeddable":true,"href":"https:\/\/balkangreenenergynews.com\/rs\/wp-json\/wp\/v2\/users\/25"}],"replies":[{"embeddable":true,"href":"https:\/\/balkangreenenergynews.com\/rs\/wp-json\/wp\/v2\/comments?post=14907"}],"version-history":[{"count":0,"href":"https:\/\/balkangreenenergynews.com\/rs\/wp-json\/wp\/v2\/posts\/14907\/revisions"}],"wp:featuredmedia":[{"embeddable":true,"href":"https:\/\/balkangreenenergynews.com\/rs\/wp-json\/wp\/v2\/media\/14912"}],"wp:attachment":[{"href":"https:\/\/balkangreenenergynews.com\/rs\/wp-json\/wp\/v2\/media?parent=14907"}],"wp:term":[{"taxonomy":"category","embeddable":true,"href":"https:\/\/balkangreenenergynews.com\/rs\/wp-json\/wp\/v2\/categories?post=14907"},{"taxonomy":"post_tag","embeddable":true,"href":"https:\/\/balkangreenenergynews.com\/rs\/wp-json\/wp\/v2\/tags?post=14907"}],"curies":[{"name":"wp","href":"https:\/\/api.w.org\/{rel}","templated":true}]}}