{"id":14901,"date":"2017-11-13T16:34:04","date_gmt":"2017-11-13T15:34:04","guid":{"rendered":"https:\/\/balkangreenenergynews.com\/rs\/?p=14901"},"modified":"2018-12-09T11:45:23","modified_gmt":"2018-12-09T10:45:23","slug":"ekoloska-bezbednost-je-osnovno-pitanje-bezbednosti-u-svetu-porucio-ministar-trivan-na-skupu-sa-ocd","status":"publish","type":"post","link":"https:\/\/balkangreenenergynews.com\/rs\/ekoloska-bezbednost-je-osnovno-pitanje-bezbednosti-u-svetu-porucio-ministar-trivan-na-skupu-sa-ocd\/","title":{"rendered":"Ekolo\u0161ka bezbednost je osnovno pitanje bezbednosti u svetu, poru\u010dio Ministar Trivan na skupu sa OCD"},"content":{"rendered":"<h2><strong>Ministar za\u0161tite \u017eivotne sredine Goran Trivan u razgovoru sa predstavnicima civilnog dru\u0161tva rekao je strategije odr\u017eivog razvoja nisu donele nikakve rezultate u proteklih 40 godina i da je pitanje ekolo\u0161ke bezbednosti danas osnovno pitanje bezbednosti u svetu.<\/strong><\/h2>\n<p>Na Panel diskusiji sa predstavnicima civilnog dru\u0161tva koju je Ministarstvo organizovalo uo\u010di odlaska delegacije Srbije na Konferenciju UN o klimatskim promenama u Bon, Trivan je naglasio da su klimatske promene najva\u017eniji globalni ekolo\u0161ki problem, i da se tako mora i re\u0161avati.<\/p>\n<p>\u201cNe postoji ni pojedinac, ni institucija koja mo\u017ee sama do\u0107i do konkretnih re\u0161enja\u201d, naveo je ministar i pozvao nevladine organizacije da direktno sara\u0111uju sa ministarstvom u borbi protiv klimatskih promena koje \u0107e, podsetio je na procene stru\u010dnjaka, u velikoj meri pogoditi na\u0161 region.<\/p>\n<p>Prvi susret i razmena mi\u0161ljenja izme\u0111u vladinog i civilnog sektora usledili su vrlo brzo nakon \u0161to je Trivan <a href=\"https:\/\/balkangreenenergynews.com\/rs\/trivan-srbija-moze-da-nadoknadi-zaostatak-u-oblasti-zivotne-sredine-u-saradnji-sa-civilnim-sektorom\/\">najavio <\/a>da \u0107e novoosnovano Ministarstvo za\u0161tite \u017eivotne sredine biti mnogo otvorenije za civilno dru\u0161tvo. Obe\u0107ao je da \u0107e ovakvi susreti ubudu\u0107e biti \u010desti jer \u017eeli da u direktnoj komunikaciji \u010duje mi\u0161ljenje ljudi koji na svoj na\u010din doprinose boljoj i zdravijoj \u017eivotnoj sredini.<\/p>\n<p>Posebnu va\u017enost bliske saradnje sa civilnim dru\u0161tvom i medijima, ministar je obrazlo\u017eio potrebom ja\u010danja svesti javnosti o borbi protiv klimatskih promena.<\/p>\n<p>Trivan je najavio da \u0107e se zakon o klimatskim promenama na\u0107i pred Skup\u0161tinom Srbije slede\u0107e godine. Predstavio je i plan svog ministarstva koje \u0107e se, kako je rekao, fokusirati na po\u0161umljavanje, kao \u201cnajefikasniji, najjednostavniji i najjevtiniji na\u010din borbe protiv klimatskih promena\u201d, jer samo smanjivanje emisije gasova sa efektom staklene ba\u0161te nije dovoljno.<\/p>\n<p>Veoma mali broj zemalja u svetu koristi po\u0161umljavanje u borbi protiv klimatskih promena, pa ni Srbija nije bila izuzetak, podsetio je ministar. &#8222;U ovom trenutku po\u0161umljeno je 27 odsto teritorije Srbije, a mi planiramo da do 2040. godine pod \u0161umom bude oko 40 odsto na\u0161e teritorije&#8220;.<\/p>\n<p>Me\u0111u predstavnicima civilnog sektora koji su u\u010destvovali na panelu su, izme\u0111u ostalih, bili i Sonja Liht, predsednica Beogradskg fonda za politi\u010dku izuzetnost, Milan Ru\u017ei\u0107\u00a0 iz Dru\u0161tva za za\u0161titu\u00a0i prou\u010davanje\u00a0ptica\u00a0Srbije, Branislava Jovi\u010di\u0107, predsednica Centra za promociju odr\u017eivog razvoja &#8211; CPOR,\u00a0 Aleksandar Macura iz RES fondacije, kao i veliki broj predstavnika drugih organizacija civilnog dru\u0161tva koje se aktivno bave temom klimatskih promena.<\/p>\n<p>Panel diskusiju vladinog i civilnog sektora o klimatskim promenama, odr\u017eanu 10. novembra, organizovalo je Ministarstvo za\u0161tite \u017eivotne sredine uz podr\u0161ku Programa za razvoj UN (UNDP).<\/p>\n<p>Zamenica Stalne predstavnice UNDP-a, Steliana Nedera ukazala je da se Srbija, ratifikovanjem Pariskog sporazuma o klimatskim promenama, obavezala da \u0107e biti jo\u0161 jedna od dr\u017eava koje \u0107e raditi na smanjenju emisije \u0161tetnih gasova, i da je to veliki ekolo\u0161ki korak.<\/p>\n<p>Skup\u0161tina Srbije ratifikovala je Pariski sporazum o borbi protiv klimatskih promena krajem maja 2017.<\/p>\n","protected":false},"excerpt":{"rendered":"<p>Ministar za\u0161tite \u017eivotne sredine Goran Trivan u razgovoru sa predstavnicima civilnog dru\u0161tva rekao je strategije&#8230;<\/p>\n","protected":false},"author":25,"featured_media":14902,"comment_status":"open","ping_status":"closed","sticky":false,"template":"","format":"standard","meta":{"_acf_changed":false,"_monsterinsights_skip_tracking":false,"_monsterinsights_sitenote_active":false,"_monsterinsights_sitenote_note":"","_monsterinsights_sitenote_category":0,"footnotes":""},"categories":[4],"tags":[762,3650,2221,766,1019],"class_list":["post-14901","post","type-post","status-publish","format-standard","has-post-thumbnail","hentry","category-zivotna-sredina","tag-branislava-jovicic","tag-centar-za-promociju-odrzivog-razvoja","tag-goran-trivan","tag-klimatske-promene","tag-pariski-sporazum","country-srbija"],"acf":[],"yoast_head":"<!-- This site is optimized with the Yoast SEO plugin v27.4 - https:\/\/yoast.com\/product\/yoast-seo-wordpress\/ -->\n<title>Ekolo\u0161ka bezbednost je osnovno pitanje bezbednosti u svetu poru\u010dio ministar Trivan na skupu sa OCD<\/title>\n<meta name=\"description\" content=\"Ministar za\u0161tite \u017eivotne sredine Goran Trivan rekao je da su danas ekolo\u0161ki standardi moderno \u201coru\u017eje\u201d i da je pitanje ekolo\u0161ke bezbednosti\" \/>\n<meta name=\"robots\" content=\"index, follow, max-snippet:-1, max-image-preview:large, max-video-preview:-1\" \/>\n<link rel=\"canonical\" href=\"https:\/\/balkangreenenergynews.com\/rs\/ekoloska-bezbednost-je-osnovno-pitanje-bezbednosti-u-svetu-porucio-ministar-trivan-na-skupu-sa-ocd\/\" \/>\n<meta property=\"og:locale\" content=\"sr_RS\" \/>\n<meta property=\"og:type\" content=\"article\" \/>\n<meta property=\"og:title\" content=\"Ekolo\u0161ka bezbednost je osnovno pitanje bezbednosti u svetu poru\u010dio ministar Trivan na skupu sa OCD\" \/>\n<meta property=\"og:description\" content=\"Ministar za\u0161tite \u017eivotne sredine Goran Trivan rekao je da su danas ekolo\u0161ki standardi moderno \u201coru\u017eje\u201d i da je pitanje ekolo\u0161ke bezbednosti\" \/>\n<meta property=\"og:url\" content=\"https:\/\/balkangreenenergynews.com\/rs\/ekoloska-bezbednost-je-osnovno-pitanje-bezbednosti-u-svetu-porucio-ministar-trivan-na-skupu-sa-ocd\/\" \/>\n<meta property=\"og:site_name\" content=\"Balkan Green Energy News\" \/>\n<meta property=\"article:published_time\" content=\"2017-11-13T15:34:04+00:00\" \/>\n<meta property=\"article:modified_time\" content=\"2018-12-09T10:45:23+00:00\" \/>\n<meta property=\"og:image\" content=\"https:\/\/balkangreenenergynews.com\/rs\/wp-content\/uploads\/2017\/11\/Trivan-jpeg.jpg\" \/>\n\t<meta property=\"og:image:width\" content=\"795\" \/>\n\t<meta property=\"og:image:height\" content=\"407\" \/>\n\t<meta property=\"og:image:type\" content=\"image\/jpeg\" \/>\n<meta name=\"author\" content=\"Balkan Green Energy News\" \/>\n<meta name=\"twitter:card\" content=\"summary_large_image\" \/>\n<meta name=\"twitter:label1\" content=\"\u041d\u0430\u043f\u0438\u0441\u0430\u043d\u043e \u043e\u0434\" \/>\n\t<meta name=\"twitter:data1\" content=\"Balkan Green Energy News\" \/>\n\t<meta name=\"twitter:label2\" content=\"\u041f\u0440\u043e\u0446\u0435\u045a\u0435\u043d\u043e \u0432\u0440\u0435\u043c\u0435 \u0447\u0438\u0442\u0430\u045a\u0430\" \/>\n\t<meta name=\"twitter:data2\" content=\"2 \u043c\u0438\u043d\u0443\u0442\u0430\" \/>\n<script type=\"application\/ld+json\" class=\"yoast-schema-graph\">{\"@context\":\"https:\\\/\\\/schema.org\",\"@graph\":[{\"@type\":\"Article\",\"@id\":\"https:\\\/\\\/balkangreenenergynews.com\\\/rs\\\/ekoloska-bezbednost-je-osnovno-pitanje-bezbednosti-u-svetu-porucio-ministar-trivan-na-skupu-sa-ocd\\\/#article\",\"isPartOf\":{\"@id\":\"https:\\\/\\\/balkangreenenergynews.com\\\/rs\\\/ekoloska-bezbednost-je-osnovno-pitanje-bezbednosti-u-svetu-porucio-ministar-trivan-na-skupu-sa-ocd\\\/\"},\"author\":{\"name\":\"Balkan Green Energy News\",\"@id\":\"https:\\\/\\\/balkangreenenergynews.com\\\/rs\\\/#\\\/schema\\\/person\\\/dee275e6036b1a0f7ceaf956d79d4eff\"},\"headline\":\"Ekolo\u0161ka bezbednost je osnovno pitanje bezbednosti u svetu, poru\u010dio Ministar Trivan na skupu sa OCD\",\"datePublished\":\"2017-11-13T15:34:04+00:00\",\"dateModified\":\"2018-12-09T10:45:23+00:00\",\"mainEntityOfPage\":{\"@id\":\"https:\\\/\\\/balkangreenenergynews.com\\\/rs\\\/ekoloska-bezbednost-je-osnovno-pitanje-bezbednosti-u-svetu-porucio-ministar-trivan-na-skupu-sa-ocd\\\/\"},\"wordCount\":505,\"commentCount\":0,\"image\":{\"@id\":\"https:\\\/\\\/balkangreenenergynews.com\\\/rs\\\/ekoloska-bezbednost-je-osnovno-pitanje-bezbednosti-u-svetu-porucio-ministar-trivan-na-skupu-sa-ocd\\\/#primaryimage\"},\"thumbnailUrl\":\"https:\\\/\\\/balkangreenenergynews.com\\\/rs\\\/wp-content\\\/uploads\\\/2017\\\/11\\\/Trivan-jpeg.jpg?wsr\",\"keywords\":[\"Branislava Jovi\u010di\u0107\",\"Centar za promociju odr\u017eivog razvoja\",\"Goran Trivan\",\"klimatske promene\",\"Pariski sporazum\"],\"articleSection\":[\"\u017divotna sredina\"],\"inLanguage\":\"sr-RS\",\"potentialAction\":[{\"@type\":\"CommentAction\",\"name\":\"Comment\",\"target\":[\"https:\\\/\\\/balkangreenenergynews.com\\\/rs\\\/ekoloska-bezbednost-je-osnovno-pitanje-bezbednosti-u-svetu-porucio-ministar-trivan-na-skupu-sa-ocd\\\/#respond\"]}]},{\"@type\":\"WebPage\",\"@id\":\"https:\\\/\\\/balkangreenenergynews.com\\\/rs\\\/ekoloska-bezbednost-je-osnovno-pitanje-bezbednosti-u-svetu-porucio-ministar-trivan-na-skupu-sa-ocd\\\/\",\"url\":\"https:\\\/\\\/balkangreenenergynews.com\\\/rs\\\/ekoloska-bezbednost-je-osnovno-pitanje-bezbednosti-u-svetu-porucio-ministar-trivan-na-skupu-sa-ocd\\\/\",\"name\":\"Ekolo\u0161ka bezbednost je osnovno pitanje bezbednosti u svetu poru\u010dio ministar Trivan na skupu sa OCD\",\"isPartOf\":{\"@id\":\"https:\\\/\\\/balkangreenenergynews.com\\\/rs\\\/#website\"},\"primaryImageOfPage\":{\"@id\":\"https:\\\/\\\/balkangreenenergynews.com\\\/rs\\\/ekoloska-bezbednost-je-osnovno-pitanje-bezbednosti-u-svetu-porucio-ministar-trivan-na-skupu-sa-ocd\\\/#primaryimage\"},\"image\":{\"@id\":\"https:\\\/\\\/balkangreenenergynews.com\\\/rs\\\/ekoloska-bezbednost-je-osnovno-pitanje-bezbednosti-u-svetu-porucio-ministar-trivan-na-skupu-sa-ocd\\\/#primaryimage\"},\"thumbnailUrl\":\"https:\\\/\\\/balkangreenenergynews.com\\\/rs\\\/wp-content\\\/uploads\\\/2017\\\/11\\\/Trivan-jpeg.jpg?wsr\",\"datePublished\":\"2017-11-13T15:34:04+00:00\",\"dateModified\":\"2018-12-09T10:45:23+00:00\",\"author\":{\"@id\":\"https:\\\/\\\/balkangreenenergynews.com\\\/rs\\\/#\\\/schema\\\/person\\\/dee275e6036b1a0f7ceaf956d79d4eff\"},\"description\":\"Ministar za\u0161tite \u017eivotne sredine Goran Trivan rekao je da su danas ekolo\u0161ki standardi moderno \u201coru\u017eje\u201d i da je pitanje ekolo\u0161ke bezbednosti\",\"breadcrumb\":{\"@id\":\"https:\\\/\\\/balkangreenenergynews.com\\\/rs\\\/ekoloska-bezbednost-je-osnovno-pitanje-bezbednosti-u-svetu-porucio-ministar-trivan-na-skupu-sa-ocd\\\/#breadcrumb\"},\"inLanguage\":\"sr-RS\",\"potentialAction\":[{\"@type\":\"ReadAction\",\"target\":[\"https:\\\/\\\/balkangreenenergynews.com\\\/rs\\\/ekoloska-bezbednost-je-osnovno-pitanje-bezbednosti-u-svetu-porucio-ministar-trivan-na-skupu-sa-ocd\\\/\"]}]},{\"@type\":\"ImageObject\",\"inLanguage\":\"sr-RS\",\"@id\":\"https:\\\/\\\/balkangreenenergynews.com\\\/rs\\\/ekoloska-bezbednost-je-osnovno-pitanje-bezbednosti-u-svetu-porucio-ministar-trivan-na-skupu-sa-ocd\\\/#primaryimage\",\"url\":\"https:\\\/\\\/balkangreenenergynews.com\\\/rs\\\/wp-content\\\/uploads\\\/2017\\\/11\\\/Trivan-jpeg.jpg?wsr\",\"contentUrl\":\"https:\\\/\\\/balkangreenenergynews.com\\\/rs\\\/wp-content\\\/uploads\\\/2017\\\/11\\\/Trivan-jpeg.jpg?wsr\",\"width\":795,\"height\":407,\"caption\":\"Ekolo\u0161ka bezbednost je osnovno pitanje bezbednosti u svetu, poru\u010dio Ministar Trivan na skupu sa OCD\"},{\"@type\":\"BreadcrumbList\",\"@id\":\"https:\\\/\\\/balkangreenenergynews.com\\\/rs\\\/ekoloska-bezbednost-je-osnovno-pitanje-bezbednosti-u-svetu-porucio-ministar-trivan-na-skupu-sa-ocd\\\/#breadcrumb\",\"itemListElement\":[{\"@type\":\"ListItem\",\"position\":1,\"name\":\"Po\u010detna\",\"item\":\"https:\\\/\\\/balkangreenenergynews.com\\\/rs\\\/\"},{\"@type\":\"ListItem\",\"position\":2,\"name\":\"Vesti\",\"item\":\"https:\\\/\\\/balkangreenenergynews.com\\\/rs\\\/kategorija\\\/vesti\\\/\"},{\"@type\":\"ListItem\",\"position\":3,\"name\":\"\u017divotna sredina\",\"item\":\"https:\\\/\\\/balkangreenenergynews.com\\\/rs\\\/kategorija\\\/vesti\\\/zivotna-sredina\\\/\"},{\"@type\":\"ListItem\",\"position\":4,\"name\":\"Ekolo\u0161ka bezbednost je osnovno pitanje bezbednosti u svetu, poru\u010dio Ministar Trivan na skupu sa OCD\"}]},{\"@type\":\"WebSite\",\"@id\":\"https:\\\/\\\/balkangreenenergynews.com\\\/rs\\\/#website\",\"url\":\"https:\\\/\\\/balkangreenenergynews.com\\\/rs\\\/\",\"name\":\"Balkan Green Energy News\",\"description\":\"Naj\u0161iri izbor vesti sa Balkana o zelenoj energiji\",\"potentialAction\":[{\"@type\":\"SearchAction\",\"target\":{\"@type\":\"EntryPoint\",\"urlTemplate\":\"https:\\\/\\\/balkangreenenergynews.com\\\/rs\\\/?s={search_term_string}\"},\"query-input\":{\"@type\":\"PropertyValueSpecification\",\"valueRequired\":true,\"valueName\":\"search_term_string\"}}],\"inLanguage\":\"sr-RS\"},{\"@type\":\"Person\",\"@id\":\"https:\\\/\\\/balkangreenenergynews.com\\\/rs\\\/#\\\/schema\\\/person\\\/dee275e6036b1a0f7ceaf956d79d4eff\",\"name\":\"Balkan Green Energy News\",\"url\":\"https:\\\/\\\/balkangreenenergynews.com\\\/rs\\\/author\\\/balkangreenenergynews\\\/\"}]}<\/script>\n<!-- \/ Yoast SEO plugin. -->","yoast_head_json":{"title":"Ekolo\u0161ka bezbednost je osnovno pitanje bezbednosti u svetu poru\u010dio ministar Trivan na skupu sa OCD","description":"Ministar za\u0161tite \u017eivotne sredine Goran Trivan rekao je da su danas ekolo\u0161ki standardi moderno \u201coru\u017eje\u201d i da je pitanje ekolo\u0161ke bezbednosti","robots":{"index":"index","follow":"follow","max-snippet":"max-snippet:-1","max-image-preview":"max-image-preview:large","max-video-preview":"max-video-preview:-1"},"canonical":"https:\/\/balkangreenenergynews.com\/rs\/ekoloska-bezbednost-je-osnovno-pitanje-bezbednosti-u-svetu-porucio-ministar-trivan-na-skupu-sa-ocd\/","og_locale":"sr_RS","og_type":"article","og_title":"Ekolo\u0161ka bezbednost je osnovno pitanje bezbednosti u svetu poru\u010dio ministar Trivan na skupu sa OCD","og_description":"Ministar za\u0161tite \u017eivotne sredine Goran Trivan rekao je da su danas ekolo\u0161ki standardi moderno \u201coru\u017eje\u201d i da je pitanje ekolo\u0161ke bezbednosti","og_url":"https:\/\/balkangreenenergynews.com\/rs\/ekoloska-bezbednost-je-osnovno-pitanje-bezbednosti-u-svetu-porucio-ministar-trivan-na-skupu-sa-ocd\/","og_site_name":"Balkan Green Energy News","article_published_time":"2017-11-13T15:34:04+00:00","article_modified_time":"2018-12-09T10:45:23+00:00","og_image":[{"width":795,"height":407,"url":"https:\/\/balkangreenenergynews.com\/rs\/wp-content\/uploads\/2017\/11\/Trivan-jpeg.jpg","type":"image\/jpeg"}],"author":"Balkan Green Energy News","twitter_card":"summary_large_image","twitter_misc":{"\u041d\u0430\u043f\u0438\u0441\u0430\u043d\u043e \u043e\u0434":"Balkan Green Energy News","\u041f\u0440\u043e\u0446\u0435\u045a\u0435\u043d\u043e \u0432\u0440\u0435\u043c\u0435 \u0447\u0438\u0442\u0430\u045a\u0430":"2 \u043c\u0438\u043d\u0443\u0442\u0430"},"schema":{"@context":"https:\/\/schema.org","@graph":[{"@type":"Article","@id":"https:\/\/balkangreenenergynews.com\/rs\/ekoloska-bezbednost-je-osnovno-pitanje-bezbednosti-u-svetu-porucio-ministar-trivan-na-skupu-sa-ocd\/#article","isPartOf":{"@id":"https:\/\/balkangreenenergynews.com\/rs\/ekoloska-bezbednost-je-osnovno-pitanje-bezbednosti-u-svetu-porucio-ministar-trivan-na-skupu-sa-ocd\/"},"author":{"name":"Balkan Green Energy News","@id":"https:\/\/balkangreenenergynews.com\/rs\/#\/schema\/person\/dee275e6036b1a0f7ceaf956d79d4eff"},"headline":"Ekolo\u0161ka bezbednost je osnovno pitanje bezbednosti u svetu, poru\u010dio Ministar Trivan na skupu sa OCD","datePublished":"2017-11-13T15:34:04+00:00","dateModified":"2018-12-09T10:45:23+00:00","mainEntityOfPage":{"@id":"https:\/\/balkangreenenergynews.com\/rs\/ekoloska-bezbednost-je-osnovno-pitanje-bezbednosti-u-svetu-porucio-ministar-trivan-na-skupu-sa-ocd\/"},"wordCount":505,"commentCount":0,"image":{"@id":"https:\/\/balkangreenenergynews.com\/rs\/ekoloska-bezbednost-je-osnovno-pitanje-bezbednosti-u-svetu-porucio-ministar-trivan-na-skupu-sa-ocd\/#primaryimage"},"thumbnailUrl":"https:\/\/balkangreenenergynews.com\/rs\/wp-content\/uploads\/2017\/11\/Trivan-jpeg.jpg?wsr","keywords":["Branislava Jovi\u010di\u0107","Centar za promociju odr\u017eivog razvoja","Goran Trivan","klimatske promene","Pariski sporazum"],"articleSection":["\u017divotna sredina"],"inLanguage":"sr-RS","potentialAction":[{"@type":"CommentAction","name":"Comment","target":["https:\/\/balkangreenenergynews.com\/rs\/ekoloska-bezbednost-je-osnovno-pitanje-bezbednosti-u-svetu-porucio-ministar-trivan-na-skupu-sa-ocd\/#respond"]}]},{"@type":"WebPage","@id":"https:\/\/balkangreenenergynews.com\/rs\/ekoloska-bezbednost-je-osnovno-pitanje-bezbednosti-u-svetu-porucio-ministar-trivan-na-skupu-sa-ocd\/","url":"https:\/\/balkangreenenergynews.com\/rs\/ekoloska-bezbednost-je-osnovno-pitanje-bezbednosti-u-svetu-porucio-ministar-trivan-na-skupu-sa-ocd\/","name":"Ekolo\u0161ka bezbednost je osnovno pitanje bezbednosti u svetu poru\u010dio ministar Trivan na skupu sa OCD","isPartOf":{"@id":"https:\/\/balkangreenenergynews.com\/rs\/#website"},"primaryImageOfPage":{"@id":"https:\/\/balkangreenenergynews.com\/rs\/ekoloska-bezbednost-je-osnovno-pitanje-bezbednosti-u-svetu-porucio-ministar-trivan-na-skupu-sa-ocd\/#primaryimage"},"image":{"@id":"https:\/\/balkangreenenergynews.com\/rs\/ekoloska-bezbednost-je-osnovno-pitanje-bezbednosti-u-svetu-porucio-ministar-trivan-na-skupu-sa-ocd\/#primaryimage"},"thumbnailUrl":"https:\/\/balkangreenenergynews.com\/rs\/wp-content\/uploads\/2017\/11\/Trivan-jpeg.jpg?wsr","datePublished":"2017-11-13T15:34:04+00:00","dateModified":"2018-12-09T10:45:23+00:00","author":{"@id":"https:\/\/balkangreenenergynews.com\/rs\/#\/schema\/person\/dee275e6036b1a0f7ceaf956d79d4eff"},"description":"Ministar za\u0161tite \u017eivotne sredine Goran Trivan rekao je da su danas ekolo\u0161ki standardi moderno \u201coru\u017eje\u201d i da je pitanje ekolo\u0161ke bezbednosti","breadcrumb":{"@id":"https:\/\/balkangreenenergynews.com\/rs\/ekoloska-bezbednost-je-osnovno-pitanje-bezbednosti-u-svetu-porucio-ministar-trivan-na-skupu-sa-ocd\/#breadcrumb"},"inLanguage":"sr-RS","potentialAction":[{"@type":"ReadAction","target":["https:\/\/balkangreenenergynews.com\/rs\/ekoloska-bezbednost-je-osnovno-pitanje-bezbednosti-u-svetu-porucio-ministar-trivan-na-skupu-sa-ocd\/"]}]},{"@type":"ImageObject","inLanguage":"sr-RS","@id":"https:\/\/balkangreenenergynews.com\/rs\/ekoloska-bezbednost-je-osnovno-pitanje-bezbednosti-u-svetu-porucio-ministar-trivan-na-skupu-sa-ocd\/#primaryimage","url":"https:\/\/balkangreenenergynews.com\/rs\/wp-content\/uploads\/2017\/11\/Trivan-jpeg.jpg?wsr","contentUrl":"https:\/\/balkangreenenergynews.com\/rs\/wp-content\/uploads\/2017\/11\/Trivan-jpeg.jpg?wsr","width":795,"height":407,"caption":"Ekolo\u0161ka bezbednost je osnovno pitanje bezbednosti u svetu, poru\u010dio Ministar Trivan na skupu sa OCD"},{"@type":"BreadcrumbList","@id":"https:\/\/balkangreenenergynews.com\/rs\/ekoloska-bezbednost-je-osnovno-pitanje-bezbednosti-u-svetu-porucio-ministar-trivan-na-skupu-sa-ocd\/#breadcrumb","itemListElement":[{"@type":"ListItem","position":1,"name":"Po\u010detna","item":"https:\/\/balkangreenenergynews.com\/rs\/"},{"@type":"ListItem","position":2,"name":"Vesti","item":"https:\/\/balkangreenenergynews.com\/rs\/kategorija\/vesti\/"},{"@type":"ListItem","position":3,"name":"\u017divotna sredina","item":"https:\/\/balkangreenenergynews.com\/rs\/kategorija\/vesti\/zivotna-sredina\/"},{"@type":"ListItem","position":4,"name":"Ekolo\u0161ka bezbednost je osnovno pitanje bezbednosti u svetu, poru\u010dio Ministar Trivan na skupu sa OCD"}]},{"@type":"WebSite","@id":"https:\/\/balkangreenenergynews.com\/rs\/#website","url":"https:\/\/balkangreenenergynews.com\/rs\/","name":"Balkan Green Energy News","description":"Naj\u0161iri izbor vesti sa Balkana o zelenoj energiji","potentialAction":[{"@type":"SearchAction","target":{"@type":"EntryPoint","urlTemplate":"https:\/\/balkangreenenergynews.com\/rs\/?s={search_term_string}"},"query-input":{"@type":"PropertyValueSpecification","valueRequired":true,"valueName":"search_term_string"}}],"inLanguage":"sr-RS"},{"@type":"Person","@id":"https:\/\/balkangreenenergynews.com\/rs\/#\/schema\/person\/dee275e6036b1a0f7ceaf956d79d4eff","name":"Balkan Green Energy News","url":"https:\/\/balkangreenenergynews.com\/rs\/author\/balkangreenenergynews\/"}]}},"_links":{"self":[{"href":"https:\/\/balkangreenenergynews.com\/rs\/wp-json\/wp\/v2\/posts\/14901","targetHints":{"allow":["GET"]}}],"collection":[{"href":"https:\/\/balkangreenenergynews.com\/rs\/wp-json\/wp\/v2\/posts"}],"about":[{"href":"https:\/\/balkangreenenergynews.com\/rs\/wp-json\/wp\/v2\/types\/post"}],"author":[{"embeddable":true,"href":"https:\/\/balkangreenenergynews.com\/rs\/wp-json\/wp\/v2\/users\/25"}],"replies":[{"embeddable":true,"href":"https:\/\/balkangreenenergynews.com\/rs\/wp-json\/wp\/v2\/comments?post=14901"}],"version-history":[{"count":0,"href":"https:\/\/balkangreenenergynews.com\/rs\/wp-json\/wp\/v2\/posts\/14901\/revisions"}],"wp:featuredmedia":[{"embeddable":true,"href":"https:\/\/balkangreenenergynews.com\/rs\/wp-json\/wp\/v2\/media\/14902"}],"wp:attachment":[{"href":"https:\/\/balkangreenenergynews.com\/rs\/wp-json\/wp\/v2\/media?parent=14901"}],"wp:term":[{"taxonomy":"category","embeddable":true,"href":"https:\/\/balkangreenenergynews.com\/rs\/wp-json\/wp\/v2\/categories?post=14901"},{"taxonomy":"post_tag","embeddable":true,"href":"https:\/\/balkangreenenergynews.com\/rs\/wp-json\/wp\/v2\/tags?post=14901"}],"curies":[{"name":"wp","href":"https:\/\/api.w.org\/{rel}","templated":true}]}}