{"id":14717,"date":"2017-11-01T11:08:43","date_gmt":"2017-11-01T10:08:43","guid":{"rendered":"http:\/\/balkangreenenergynews.com\/rs\/?p=14717"},"modified":"2017-11-01T11:08:43","modified_gmt":"2017-11-01T10:08:43","slug":"nove-sankcije-energetske-zajednice-bosni-i-hercegovini","status":"publish","type":"post","link":"https:\/\/balkangreenenergynews.com\/rs\/nove-sankcije-energetske-zajednice-bosni-i-hercegovini\/","title":{"rendered":"Nove sankcije Energetske zajednice Bosni i Hercegovini?"},"content":{"rendered":"<h2>Energetska zajednica \u0107e na ministarskoj konferenciji u decembru razmotriti mogu\u0107nosti uvo\u0111enja novih sankcija Bosni i Hercegovini zato \u0161to i dalje ne ispunjava obaveze iz Ugovora Energetske zajednice, a posebno u sektoru gasa.<\/h2>\n<p>Mirko \u0160arovi\u0107, ministar spoljne trgovine i ekonomskih odnosa Bosne i Hercegovine rekao je medijima u Sarajevu pro\u0161le nedelje da su on i premijeri Republike Srpske i Federacije BiH dobili vrlo o\u0161tro, upozoravaju\u0107e pismo od direktora sekretarijata Energetske zajednice Janeza Kopa\u010da, i da Bosni i Hercegovini prete nove sankcije.<\/p>\n<p>\u0160arovi\u0107 je rekao da je zajedno sa premijerkom RS \u017deljkom Cvijanovi\u0107 i premijerom Federacije BiH Fadilom Novali\u0107em vrlo o\u0161tro upozoravaju\u0107e pismo od strane direktora sekreterijata Energetske zajednice Janeza Kopa\u010da, i, kako prenose <a href=\"https:\/\/www.nezavisne.com\/ekonomija\/privreda\/Sarovic-BiH-ponovo-pred-sankcijama-Energetske-zajednice\/448738\">Nezavisne novine,<\/a> dodao da su nove sankcije protiv Bosne i Hercegovine mogu\u0107e.<\/p>\n<p>&#8222;Nas troje smo dobili pismo kojim smo informisani, posebno Vlade RS i Federacije, da Bosni i Hercegovini, zbog neispunjavanja obaveza iz Tre\u0107eg energetskog paketa, odnosno neusvajanja ve\u0107 dogovorenih zakona o regulatoru elektri\u010dne energije i gasa, prenosa i tr\u017ei\u0161ta elektri\u010dne energije, prete nove sankcije na ministarskoj konferenciji koja se odr\u017eava u Pri\u0161tini ove godine, u decembru&#8220;, naglasio je \u0160arovi\u0107.<\/p>\n<p>Konferencija je zakazana za 14. decembar.<\/p>\n<p>\u0160arovi\u010d je dodao da ima vrlo malo vremena i da je predlog o novim sakcijama ve\u0107 uvr\u0161ten u dnevni red Ministarske konferencije. To je, po njegovim re\u010dima, upozorenje klju\u010dnim akterima u BiH da se uozbilje i ispune me\u0111unarodne obaveze koje je Bosna i Hercegovina preuzela.<\/p>\n<p>Energetska zejdnica je prvi put sankcije Bosni i Hercegovini uvela zbog neusvajanja Drugog energetskog paketa EU u sektoru gasa. Sankcije se uvedene na period od godinu dana zbog neispinjavanja obaveza. Ove mere su bile privremeno obustavljene <a href=\"https:\/\/balkangreenenergynews.com\/rs\/energetska-zajednica-ponovo-uvodi-sankcije-bih-od-1-aprila\/\">u oktobru pro\u0161le godine <\/a>zbog dogovora postignutog u bosanskohercegova\u010dkim institucijama o sprovo\u0111enju Akcionog plana u preno\u0161enju pravne imovine u energetskom sekroru.<\/p>\n<p>Energetska zajednica je ponovo uvela set kaznenih mera protiv BiH u aprilu ove godine, zbog toga \u0161to dogovor prema kojem su do kraja marta trebalo da budu usagla\u0161ene preostale sporne odredbe dr\u017eavnog zakona o regulatoru, prenosu i tr\u017ei\u0161tu elektri\u010dne energije i gasa, nije ispo\u0161tovan.<\/p>\n","protected":false},"excerpt":{"rendered":"<p>Energetska zajednica \u0107e na ministarskoj konferenciji u decembru razmotriti mogu\u0107nosti uvo\u0111enja novih sankcija Bosni i&#8230;<\/p>\n","protected":false},"author":2,"featured_media":14719,"comment_status":"open","ping_status":"closed","sticky":false,"template":"","format":"standard","meta":{"_acf_changed":false,"_monsterinsights_skip_tracking":false,"_monsterinsights_sitenote_active":false,"_monsterinsights_sitenote_note":"","_monsterinsights_sitenote_category":0,"footnotes":""},"categories":[504,3],"tags":[667,648,274],"class_list":["post-14717","post","type-post","status-publish","format-standard","has-post-thumbnail","hentry","category-elektricna-energija","category-energetska-efikasnost","tag-bosna-i-hercegovina","tag-energetska-zajednica","tag-janez-kopac","country-bosna-i-hercegovina"],"acf":[],"yoast_head":"<!-- This site is optimized with the Yoast SEO plugin v27.4 - https:\/\/yoast.com\/product\/yoast-seo-wordpress\/ -->\n<title>Nove sankcije Energetske zajednice Bosni i Hercegovini?<\/title>\n<meta name=\"description\" content=\"Energetska zajednica \u0107e na ministarskoj konferenciji u decembru razmotriti uvo\u0111enje novih sankcija Bosni i Hercegovini zbog neispunjavanja obaveza.\" \/>\n<meta name=\"robots\" content=\"index, follow, max-snippet:-1, max-image-preview:large, max-video-preview:-1\" \/>\n<link rel=\"canonical\" href=\"https:\/\/balkangreenenergynews.com\/rs\/nove-sankcije-energetske-zajednice-bosni-i-hercegovini\/\" \/>\n<meta property=\"og:locale\" content=\"sr_RS\" \/>\n<meta property=\"og:type\" content=\"article\" \/>\n<meta property=\"og:title\" content=\"Nove sankcije Energetske zajednice Bosni i Hercegovini?\" \/>\n<meta property=\"og:description\" content=\"Energetska zajednica \u0107e na ministarskoj konferenciji u decembru razmotriti uvo\u0111enje novih sankcija Bosni i Hercegovini zbog neispunjavanja obaveza.\" \/>\n<meta property=\"og:url\" content=\"https:\/\/balkangreenenergynews.com\/rs\/nove-sankcije-energetske-zajednice-bosni-i-hercegovini\/\" \/>\n<meta property=\"og:site_name\" content=\"Balkan Green Energy News\" \/>\n<meta property=\"article:published_time\" content=\"2017-11-01T10:08:43+00:00\" \/>\n<meta property=\"og:image\" content=\"https:\/\/balkangreenenergynews.com\/rs\/wp-content\/uploads\/2017\/11\/mirko-sarovic-1.jpg\" \/>\n\t<meta property=\"og:image:width\" content=\"795\" \/>\n\t<meta property=\"og:image:height\" content=\"407\" \/>\n\t<meta property=\"og:image:type\" content=\"image\/jpeg\" \/>\n<meta name=\"author\" content=\"Branislava Jovi\u010di\u0107\" \/>\n<meta name=\"twitter:card\" content=\"summary_large_image\" \/>\n<meta name=\"twitter:creator\" content=\"@https:\/\/twitter.com\/BranaJovicic\" \/>\n<meta name=\"twitter:label1\" content=\"\u041d\u0430\u043f\u0438\u0441\u0430\u043d\u043e \u043e\u0434\" \/>\n\t<meta name=\"twitter:data1\" content=\"Branislava Jovi\u010di\u0107\" \/>\n\t<meta name=\"twitter:label2\" content=\"\u041f\u0440\u043e\u0446\u0435\u045a\u0435\u043d\u043e \u0432\u0440\u0435\u043c\u0435 \u0447\u0438\u0442\u0430\u045a\u0430\" \/>\n\t<meta name=\"twitter:data2\" content=\"2 \u043c\u0438\u043d\u0443\u0442\u0430\" \/>\n<script type=\"application\/ld+json\" class=\"yoast-schema-graph\">{\"@context\":\"https:\\\/\\\/schema.org\",\"@graph\":[{\"@type\":\"Article\",\"@id\":\"https:\\\/\\\/balkangreenenergynews.com\\\/rs\\\/nove-sankcije-energetske-zajednice-bosni-i-hercegovini\\\/#article\",\"isPartOf\":{\"@id\":\"https:\\\/\\\/balkangreenenergynews.com\\\/rs\\\/nove-sankcije-energetske-zajednice-bosni-i-hercegovini\\\/\"},\"author\":{\"name\":\"Branislava Jovi\u010di\u0107\",\"@id\":\"https:\\\/\\\/balkangreenenergynews.com\\\/rs\\\/#\\\/schema\\\/person\\\/ff4e9f9457769ba580672215875f5b38\"},\"headline\":\"Nove sankcije Energetske zajednice Bosni i Hercegovini?\",\"datePublished\":\"2017-11-01T10:08:43+00:00\",\"mainEntityOfPage\":{\"@id\":\"https:\\\/\\\/balkangreenenergynews.com\\\/rs\\\/nove-sankcije-energetske-zajednice-bosni-i-hercegovini\\\/\"},\"wordCount\":372,\"commentCount\":0,\"image\":{\"@id\":\"https:\\\/\\\/balkangreenenergynews.com\\\/rs\\\/nove-sankcije-energetske-zajednice-bosni-i-hercegovini\\\/#primaryimage\"},\"thumbnailUrl\":\"https:\\\/\\\/balkangreenenergynews.com\\\/rs\\\/wp-content\\\/uploads\\\/2017\\\/11\\\/mirko-sarovic-1.jpg?wsr\",\"keywords\":[\"Bosna i Hercegovina\",\"Energetska zajednica\",\"Janez Kopa\u010d\"],\"articleSection\":[\"Elektri\u010dna energija\",\"Energetska efikasnost\"],\"inLanguage\":\"sr-RS\",\"potentialAction\":[{\"@type\":\"CommentAction\",\"name\":\"Comment\",\"target\":[\"https:\\\/\\\/balkangreenenergynews.com\\\/rs\\\/nove-sankcije-energetske-zajednice-bosni-i-hercegovini\\\/#respond\"]}]},{\"@type\":\"WebPage\",\"@id\":\"https:\\\/\\\/balkangreenenergynews.com\\\/rs\\\/nove-sankcije-energetske-zajednice-bosni-i-hercegovini\\\/\",\"url\":\"https:\\\/\\\/balkangreenenergynews.com\\\/rs\\\/nove-sankcije-energetske-zajednice-bosni-i-hercegovini\\\/\",\"name\":\"Nove sankcije Energetske zajednice Bosni i Hercegovini?\",\"isPartOf\":{\"@id\":\"https:\\\/\\\/balkangreenenergynews.com\\\/rs\\\/#website\"},\"primaryImageOfPage\":{\"@id\":\"https:\\\/\\\/balkangreenenergynews.com\\\/rs\\\/nove-sankcije-energetske-zajednice-bosni-i-hercegovini\\\/#primaryimage\"},\"image\":{\"@id\":\"https:\\\/\\\/balkangreenenergynews.com\\\/rs\\\/nove-sankcije-energetske-zajednice-bosni-i-hercegovini\\\/#primaryimage\"},\"thumbnailUrl\":\"https:\\\/\\\/balkangreenenergynews.com\\\/rs\\\/wp-content\\\/uploads\\\/2017\\\/11\\\/mirko-sarovic-1.jpg?wsr\",\"datePublished\":\"2017-11-01T10:08:43+00:00\",\"author\":{\"@id\":\"https:\\\/\\\/balkangreenenergynews.com\\\/rs\\\/#\\\/schema\\\/person\\\/ff4e9f9457769ba580672215875f5b38\"},\"description\":\"Energetska zajednica \u0107e na ministarskoj konferenciji u decembru razmotriti uvo\u0111enje novih sankcija Bosni i Hercegovini zbog neispunjavanja obaveza.\",\"breadcrumb\":{\"@id\":\"https:\\\/\\\/balkangreenenergynews.com\\\/rs\\\/nove-sankcije-energetske-zajednice-bosni-i-hercegovini\\\/#breadcrumb\"},\"inLanguage\":\"sr-RS\",\"potentialAction\":[{\"@type\":\"ReadAction\",\"target\":[\"https:\\\/\\\/balkangreenenergynews.com\\\/rs\\\/nove-sankcije-energetske-zajednice-bosni-i-hercegovini\\\/\"]}]},{\"@type\":\"ImageObject\",\"inLanguage\":\"sr-RS\",\"@id\":\"https:\\\/\\\/balkangreenenergynews.com\\\/rs\\\/nove-sankcije-energetske-zajednice-bosni-i-hercegovini\\\/#primaryimage\",\"url\":\"https:\\\/\\\/balkangreenenergynews.com\\\/rs\\\/wp-content\\\/uploads\\\/2017\\\/11\\\/mirko-sarovic-1.jpg?wsr\",\"contentUrl\":\"https:\\\/\\\/balkangreenenergynews.com\\\/rs\\\/wp-content\\\/uploads\\\/2017\\\/11\\\/mirko-sarovic-1.jpg?wsr\",\"width\":795,\"height\":407,\"caption\":\"Nove sankcije Energetske zajednice Bosni i Hercegovini\"},{\"@type\":\"BreadcrumbList\",\"@id\":\"https:\\\/\\\/balkangreenenergynews.com\\\/rs\\\/nove-sankcije-energetske-zajednice-bosni-i-hercegovini\\\/#breadcrumb\",\"itemListElement\":[{\"@type\":\"ListItem\",\"position\":1,\"name\":\"Po\u010detna\",\"item\":\"https:\\\/\\\/balkangreenenergynews.com\\\/rs\\\/\"},{\"@type\":\"ListItem\",\"position\":2,\"name\":\"Vesti\",\"item\":\"https:\\\/\\\/balkangreenenergynews.com\\\/rs\\\/kategorija\\\/vesti\\\/\"},{\"@type\":\"ListItem\",\"position\":3,\"name\":\"Energetska efikasnost\",\"item\":\"https:\\\/\\\/balkangreenenergynews.com\\\/rs\\\/kategorija\\\/vesti\\\/energetska-efikasnost\\\/\"},{\"@type\":\"ListItem\",\"position\":4,\"name\":\"Nove sankcije Energetske zajednice Bosni i Hercegovini?\"}]},{\"@type\":\"WebSite\",\"@id\":\"https:\\\/\\\/balkangreenenergynews.com\\\/rs\\\/#website\",\"url\":\"https:\\\/\\\/balkangreenenergynews.com\\\/rs\\\/\",\"name\":\"Balkan Green Energy News\",\"description\":\"Naj\u0161iri izbor vesti sa Balkana o zelenoj energiji\",\"potentialAction\":[{\"@type\":\"SearchAction\",\"target\":{\"@type\":\"EntryPoint\",\"urlTemplate\":\"https:\\\/\\\/balkangreenenergynews.com\\\/rs\\\/?s={search_term_string}\"},\"query-input\":{\"@type\":\"PropertyValueSpecification\",\"valueRequired\":true,\"valueName\":\"search_term_string\"}}],\"inLanguage\":\"sr-RS\"},{\"@type\":\"Person\",\"@id\":\"https:\\\/\\\/balkangreenenergynews.com\\\/rs\\\/#\\\/schema\\\/person\\\/ff4e9f9457769ba580672215875f5b38\",\"name\":\"Branislava Jovi\u010di\u0107\",\"description\":\"\u017divimo u vremenu koje je pred na\u0161u generaciju postavilo veoma va\u017ean zadatak. Nije na nama sva krivica za stanje u kojem se nalazi planeta, ali odgovornot svakako jeste. Zato usmerimo svoja znanja, ve\u0161tine i pamet ka pronala\u017eenju odr\u017eivih, pametnih i zelenih re\u0161enja.\",\"sameAs\":[\"https:\\\/\\\/www.linkedin.com\\\/in\\\/branislava-jovicic-043080a\\\/\",\"https:\\\/\\\/x.com\\\/https:\\\/\\\/twitter.com\\\/BranaJovicic\"],\"url\":\"https:\\\/\\\/balkangreenenergynews.com\\\/rs\\\/author\\\/bgen\\\/\"}]}<\/script>\n<!-- \/ Yoast SEO plugin. -->","yoast_head_json":{"title":"Nove sankcije Energetske zajednice Bosni i Hercegovini?","description":"Energetska zajednica \u0107e na ministarskoj konferenciji u decembru razmotriti uvo\u0111enje novih sankcija Bosni i Hercegovini zbog neispunjavanja obaveza.","robots":{"index":"index","follow":"follow","max-snippet":"max-snippet:-1","max-image-preview":"max-image-preview:large","max-video-preview":"max-video-preview:-1"},"canonical":"https:\/\/balkangreenenergynews.com\/rs\/nove-sankcije-energetske-zajednice-bosni-i-hercegovini\/","og_locale":"sr_RS","og_type":"article","og_title":"Nove sankcije Energetske zajednice Bosni i Hercegovini?","og_description":"Energetska zajednica \u0107e na ministarskoj konferenciji u decembru razmotriti uvo\u0111enje novih sankcija Bosni i Hercegovini zbog neispunjavanja obaveza.","og_url":"https:\/\/balkangreenenergynews.com\/rs\/nove-sankcije-energetske-zajednice-bosni-i-hercegovini\/","og_site_name":"Balkan Green Energy News","article_published_time":"2017-11-01T10:08:43+00:00","og_image":[{"width":795,"height":407,"url":"https:\/\/balkangreenenergynews.com\/rs\/wp-content\/uploads\/2017\/11\/mirko-sarovic-1.jpg","type":"image\/jpeg"}],"author":"Branislava Jovi\u010di\u0107","twitter_card":"summary_large_image","twitter_creator":"@https:\/\/twitter.com\/BranaJovicic","twitter_misc":{"\u041d\u0430\u043f\u0438\u0441\u0430\u043d\u043e \u043e\u0434":"Branislava Jovi\u010di\u0107","\u041f\u0440\u043e\u0446\u0435\u045a\u0435\u043d\u043e \u0432\u0440\u0435\u043c\u0435 \u0447\u0438\u0442\u0430\u045a\u0430":"2 \u043c\u0438\u043d\u0443\u0442\u0430"},"schema":{"@context":"https:\/\/schema.org","@graph":[{"@type":"Article","@id":"https:\/\/balkangreenenergynews.com\/rs\/nove-sankcije-energetske-zajednice-bosni-i-hercegovini\/#article","isPartOf":{"@id":"https:\/\/balkangreenenergynews.com\/rs\/nove-sankcije-energetske-zajednice-bosni-i-hercegovini\/"},"author":{"name":"Branislava Jovi\u010di\u0107","@id":"https:\/\/balkangreenenergynews.com\/rs\/#\/schema\/person\/ff4e9f9457769ba580672215875f5b38"},"headline":"Nove sankcije Energetske zajednice Bosni i Hercegovini?","datePublished":"2017-11-01T10:08:43+00:00","mainEntityOfPage":{"@id":"https:\/\/balkangreenenergynews.com\/rs\/nove-sankcije-energetske-zajednice-bosni-i-hercegovini\/"},"wordCount":372,"commentCount":0,"image":{"@id":"https:\/\/balkangreenenergynews.com\/rs\/nove-sankcije-energetske-zajednice-bosni-i-hercegovini\/#primaryimage"},"thumbnailUrl":"https:\/\/balkangreenenergynews.com\/rs\/wp-content\/uploads\/2017\/11\/mirko-sarovic-1.jpg?wsr","keywords":["Bosna i Hercegovina","Energetska zajednica","Janez Kopa\u010d"],"articleSection":["Elektri\u010dna energija","Energetska efikasnost"],"inLanguage":"sr-RS","potentialAction":[{"@type":"CommentAction","name":"Comment","target":["https:\/\/balkangreenenergynews.com\/rs\/nove-sankcije-energetske-zajednice-bosni-i-hercegovini\/#respond"]}]},{"@type":"WebPage","@id":"https:\/\/balkangreenenergynews.com\/rs\/nove-sankcije-energetske-zajednice-bosni-i-hercegovini\/","url":"https:\/\/balkangreenenergynews.com\/rs\/nove-sankcije-energetske-zajednice-bosni-i-hercegovini\/","name":"Nove sankcije Energetske zajednice Bosni i Hercegovini?","isPartOf":{"@id":"https:\/\/balkangreenenergynews.com\/rs\/#website"},"primaryImageOfPage":{"@id":"https:\/\/balkangreenenergynews.com\/rs\/nove-sankcije-energetske-zajednice-bosni-i-hercegovini\/#primaryimage"},"image":{"@id":"https:\/\/balkangreenenergynews.com\/rs\/nove-sankcije-energetske-zajednice-bosni-i-hercegovini\/#primaryimage"},"thumbnailUrl":"https:\/\/balkangreenenergynews.com\/rs\/wp-content\/uploads\/2017\/11\/mirko-sarovic-1.jpg?wsr","datePublished":"2017-11-01T10:08:43+00:00","author":{"@id":"https:\/\/balkangreenenergynews.com\/rs\/#\/schema\/person\/ff4e9f9457769ba580672215875f5b38"},"description":"Energetska zajednica \u0107e na ministarskoj konferenciji u decembru razmotriti uvo\u0111enje novih sankcija Bosni i Hercegovini zbog neispunjavanja obaveza.","breadcrumb":{"@id":"https:\/\/balkangreenenergynews.com\/rs\/nove-sankcije-energetske-zajednice-bosni-i-hercegovini\/#breadcrumb"},"inLanguage":"sr-RS","potentialAction":[{"@type":"ReadAction","target":["https:\/\/balkangreenenergynews.com\/rs\/nove-sankcije-energetske-zajednice-bosni-i-hercegovini\/"]}]},{"@type":"ImageObject","inLanguage":"sr-RS","@id":"https:\/\/balkangreenenergynews.com\/rs\/nove-sankcije-energetske-zajednice-bosni-i-hercegovini\/#primaryimage","url":"https:\/\/balkangreenenergynews.com\/rs\/wp-content\/uploads\/2017\/11\/mirko-sarovic-1.jpg?wsr","contentUrl":"https:\/\/balkangreenenergynews.com\/rs\/wp-content\/uploads\/2017\/11\/mirko-sarovic-1.jpg?wsr","width":795,"height":407,"caption":"Nove sankcije Energetske zajednice Bosni i Hercegovini"},{"@type":"BreadcrumbList","@id":"https:\/\/balkangreenenergynews.com\/rs\/nove-sankcije-energetske-zajednice-bosni-i-hercegovini\/#breadcrumb","itemListElement":[{"@type":"ListItem","position":1,"name":"Po\u010detna","item":"https:\/\/balkangreenenergynews.com\/rs\/"},{"@type":"ListItem","position":2,"name":"Vesti","item":"https:\/\/balkangreenenergynews.com\/rs\/kategorija\/vesti\/"},{"@type":"ListItem","position":3,"name":"Energetska efikasnost","item":"https:\/\/balkangreenenergynews.com\/rs\/kategorija\/vesti\/energetska-efikasnost\/"},{"@type":"ListItem","position":4,"name":"Nove sankcije Energetske zajednice Bosni i Hercegovini?"}]},{"@type":"WebSite","@id":"https:\/\/balkangreenenergynews.com\/rs\/#website","url":"https:\/\/balkangreenenergynews.com\/rs\/","name":"Balkan Green Energy News","description":"Naj\u0161iri izbor vesti sa Balkana o zelenoj energiji","potentialAction":[{"@type":"SearchAction","target":{"@type":"EntryPoint","urlTemplate":"https:\/\/balkangreenenergynews.com\/rs\/?s={search_term_string}"},"query-input":{"@type":"PropertyValueSpecification","valueRequired":true,"valueName":"search_term_string"}}],"inLanguage":"sr-RS"},{"@type":"Person","@id":"https:\/\/balkangreenenergynews.com\/rs\/#\/schema\/person\/ff4e9f9457769ba580672215875f5b38","name":"Branislava Jovi\u010di\u0107","description":"\u017divimo u vremenu koje je pred na\u0161u generaciju postavilo veoma va\u017ean zadatak. Nije na nama sva krivica za stanje u kojem se nalazi planeta, ali odgovornot svakako jeste. Zato usmerimo svoja znanja, ve\u0161tine i pamet ka pronala\u017eenju odr\u017eivih, pametnih i zelenih re\u0161enja.","sameAs":["https:\/\/www.linkedin.com\/in\/branislava-jovicic-043080a\/","https:\/\/x.com\/https:\/\/twitter.com\/BranaJovicic"],"url":"https:\/\/balkangreenenergynews.com\/rs\/author\/bgen\/"}]}},"_links":{"self":[{"href":"https:\/\/balkangreenenergynews.com\/rs\/wp-json\/wp\/v2\/posts\/14717","targetHints":{"allow":["GET"]}}],"collection":[{"href":"https:\/\/balkangreenenergynews.com\/rs\/wp-json\/wp\/v2\/posts"}],"about":[{"href":"https:\/\/balkangreenenergynews.com\/rs\/wp-json\/wp\/v2\/types\/post"}],"author":[{"embeddable":true,"href":"https:\/\/balkangreenenergynews.com\/rs\/wp-json\/wp\/v2\/users\/2"}],"replies":[{"embeddable":true,"href":"https:\/\/balkangreenenergynews.com\/rs\/wp-json\/wp\/v2\/comments?post=14717"}],"version-history":[{"count":0,"href":"https:\/\/balkangreenenergynews.com\/rs\/wp-json\/wp\/v2\/posts\/14717\/revisions"}],"wp:featuredmedia":[{"embeddable":true,"href":"https:\/\/balkangreenenergynews.com\/rs\/wp-json\/wp\/v2\/media\/14719"}],"wp:attachment":[{"href":"https:\/\/balkangreenenergynews.com\/rs\/wp-json\/wp\/v2\/media?parent=14717"}],"wp:term":[{"taxonomy":"category","embeddable":true,"href":"https:\/\/balkangreenenergynews.com\/rs\/wp-json\/wp\/v2\/categories?post=14717"},{"taxonomy":"post_tag","embeddable":true,"href":"https:\/\/balkangreenenergynews.com\/rs\/wp-json\/wp\/v2\/tags?post=14717"}],"curies":[{"name":"wp","href":"https:\/\/api.w.org\/{rel}","templated":true}]}}