{"id":14713,"date":"2017-10-31T18:45:12","date_gmt":"2017-10-31T17:45:12","guid":{"rendered":"http:\/\/balkangreenenergynews.com\/rs\/?p=14713"},"modified":"2017-10-31T18:45:12","modified_gmt":"2017-10-31T17:45:12","slug":"radovi-na-interkontektoru-izmedu-srbije-rumunije-se-blize-kraju","status":"publish","type":"post","link":"https:\/\/balkangreenenergynews.com\/rs\/radovi-na-interkontektoru-izmedu-srbije-rumunije-se-blize-kraju\/","title":{"rendered":"Radovi na interkonektoru izme\u0111u Srbije i Rumunije se bli\u017ee kraju"},"content":{"rendered":"<h2>Radovi\u00a0 na elektro-energetskom prenosnom sitemu izme\u0111u Rumunije i Srbije se privode kraju. Uloga ovog interkonektora je da oja\u010da elektrosisteme zemalja koje povezuje kao i elektroenergetski sistem Jugoisto\u010dne Evrope.<\/h2>\n<p>Rumunska nacionalna kompanija za transfer elektri\u010dne energije, Transelektrika, objavila je da je krajem oktobra zavr\u0161ila radove na grani\u010dnom prelazu sa Srbijom koji je deo prenosnog sistema 400 kV mre\u017ee na relaciji Re\u0161ita (Rumunija) i Pan\u010devo (Srbija). To je jedna od finalnih faza u realizaciji projekta interkonekcije sve zemlje, navodi <a href=\"https:\/\/www.energynomics.ro\/ro\/\">energynomics<\/a>.<\/p>\n<p>Re\u0161ita \u2013 Pan\u010devo 400 kV mre\u017ee je projekat od zajedni\u010dkog interesa na evropskom nivou. Omogu\u0107i\u0107e i eliminaciju zagu\u0161enja u rumunskim i srpskim energetskim sistemima, kao i pove\u0107anje kapaciteta protoka energije izme\u0111u dve zemlje i zemalja Jugoisto\u010dne Evrope.<\/p>\n<p>&#8222;Drago mi je \u0161to smo u poslednjih nekoliko meseci uspeli da radimo na ovom va\u017enom projektu za Transelektriku. Radovi na liniji Re\u0161ita-Pan\u010devo su veoma slo\u017eeni i na njima su anga\u017eovani stru\u010dnjaci iz mnogih oblasti. U zapadnom delu Rumunije radi se na velikom projektu \u2013 deu koridora Istok &#8211; koji klju\u010dno doprinosi strate\u0161kim prioritetima Evropske unije za transevropsku energetsku infrastrukturu. Linija Re\u0161ita &#8211; Pan\u010devo je deo ovog projekta, ali i deo na\u0161e i vladine strategije za zatvaranje 400 kV prstena&#8220;, rekla je Korina Popesku, direktorka Transelektike, prenosi rumunski portal\u00a0<a href=\"https:\/\/www.thediplomat.ro\/articol.php?id=8048\">The Diplomat.<\/a><\/p>\n<p>Konstrukcija srpskog dela dalekovoda do Re\u0161ite u Rumuniji po\u010dela je na podstanici Pan\u010devo, severoisto\u010dno od Beograda, po\u010detkom 2016.godine. Elektromre\u017ea Srbije (EMS) tada je<a href=\"https:\/\/balkangreenenergynews.com\/works-launched-at-interconnection-towards-romania\/\"> najavila <\/a>da se planira da projekat, vredan 24,7 miliona evra, bude zavr\u0161en do kraja ove godine za probni rad.<\/p>\n","protected":false},"excerpt":{"rendered":"<p>Radovi\u00a0 na elektro-energetskom prenosnom sitemu izme\u0111u Rumunije i Srbije se privode kraju. Uloga ovog interkonektora&#8230;<\/p>\n","protected":false},"author":2,"featured_media":14714,"comment_status":"open","ping_status":"closed","sticky":false,"template":"","format":"standard","meta":{"_acf_changed":false,"_monsterinsights_skip_tracking":false,"_monsterinsights_sitenote_active":false,"_monsterinsights_sitenote_note":"","_monsterinsights_sitenote_category":0,"footnotes":""},"categories":[504,3],"tags":[133],"class_list":["post-14713","post","type-post","status-publish","format-standard","has-post-thumbnail","hentry","category-elektricna-energija","category-energetska-efikasnost","tag-dalekovod","country-rumunija","country-srbija"],"acf":[],"yoast_head":"<!-- This site is optimized with the Yoast SEO plugin v27.4 - https:\/\/yoast.com\/product\/yoast-seo-wordpress\/ -->\n<title>Radovi na interkonektoru izme\u0111u Srbije i Rumunije se bli\u017ee kraju<\/title>\n<meta name=\"description\" content=\"Radovi\u00a0na interkonektoru izme\u0111u Rumunije i Srbije se privode kraju. Transelektrika je objavila da je zavr\u0161ila radove na grani\u010dnom prelazu sa Srbijom\" \/>\n<meta name=\"robots\" content=\"index, follow, max-snippet:-1, max-image-preview:large, max-video-preview:-1\" \/>\n<link rel=\"canonical\" href=\"https:\/\/balkangreenenergynews.com\/rs\/radovi-na-interkontektoru-izmedu-srbije-rumunije-se-blize-kraju\/\" \/>\n<meta property=\"og:locale\" content=\"sr_RS\" \/>\n<meta property=\"og:type\" content=\"article\" \/>\n<meta property=\"og:title\" content=\"Radovi na interkonektoru izme\u0111u Srbije i Rumunije se bli\u017ee kraju\" \/>\n<meta property=\"og:description\" content=\"Radovi\u00a0na interkonektoru izme\u0111u Rumunije i Srbije se privode kraju. Transelektrika je objavila da je zavr\u0161ila radove na grani\u010dnom prelazu sa Srbijom\" \/>\n<meta property=\"og:url\" content=\"https:\/\/balkangreenenergynews.com\/rs\/radovi-na-interkontektoru-izmedu-srbije-rumunije-se-blize-kraju\/\" \/>\n<meta property=\"og:site_name\" content=\"Balkan Green Energy News\" \/>\n<meta property=\"article:published_time\" content=\"2017-10-31T17:45:12+00:00\" \/>\n<meta property=\"og:image\" content=\"https:\/\/balkangreenenergynews.com\/rs\/wp-content\/uploads\/2017\/10\/interkonektor-Srbija-Rumunija.jpg\" \/>\n\t<meta property=\"og:image:width\" content=\"795\" \/>\n\t<meta property=\"og:image:height\" content=\"407\" \/>\n\t<meta property=\"og:image:type\" content=\"image\/jpeg\" \/>\n<meta name=\"author\" content=\"Branislava Jovi\u010di\u0107\" \/>\n<meta name=\"twitter:card\" content=\"summary_large_image\" \/>\n<meta name=\"twitter:creator\" content=\"@https:\/\/twitter.com\/BranaJovicic\" \/>\n<meta name=\"twitter:label1\" content=\"\u041d\u0430\u043f\u0438\u0441\u0430\u043d\u043e \u043e\u0434\" \/>\n\t<meta name=\"twitter:data1\" content=\"Branislava Jovi\u010di\u0107\" \/>\n\t<meta name=\"twitter:label2\" content=\"\u041f\u0440\u043e\u0446\u0435\u045a\u0435\u043d\u043e \u0432\u0440\u0435\u043c\u0435 \u0447\u0438\u0442\u0430\u045a\u0430\" \/>\n\t<meta name=\"twitter:data2\" content=\"1 \u043c\u0438\u043d\u0443\u0442\" \/>\n<script type=\"application\/ld+json\" class=\"yoast-schema-graph\">{\"@context\":\"https:\\\/\\\/schema.org\",\"@graph\":[{\"@type\":\"Article\",\"@id\":\"https:\\\/\\\/balkangreenenergynews.com\\\/rs\\\/radovi-na-interkontektoru-izmedu-srbije-rumunije-se-blize-kraju\\\/#article\",\"isPartOf\":{\"@id\":\"https:\\\/\\\/balkangreenenergynews.com\\\/rs\\\/radovi-na-interkontektoru-izmedu-srbije-rumunije-se-blize-kraju\\\/\"},\"author\":{\"name\":\"Branislava Jovi\u010di\u0107\",\"@id\":\"https:\\\/\\\/balkangreenenergynews.com\\\/rs\\\/#\\\/schema\\\/person\\\/ff4e9f9457769ba580672215875f5b38\"},\"headline\":\"Radovi na interkonektoru izme\u0111u Srbije i Rumunije se bli\u017ee kraju\",\"datePublished\":\"2017-10-31T17:45:12+00:00\",\"mainEntityOfPage\":{\"@id\":\"https:\\\/\\\/balkangreenenergynews.com\\\/rs\\\/radovi-na-interkontektoru-izmedu-srbije-rumunije-se-blize-kraju\\\/\"},\"wordCount\":290,\"commentCount\":0,\"image\":{\"@id\":\"https:\\\/\\\/balkangreenenergynews.com\\\/rs\\\/radovi-na-interkontektoru-izmedu-srbije-rumunije-se-blize-kraju\\\/#primaryimage\"},\"thumbnailUrl\":\"https:\\\/\\\/balkangreenenergynews.com\\\/rs\\\/wp-content\\\/uploads\\\/2017\\\/10\\\/interkonektor-Srbija-Rumunija.jpg?wsr\",\"keywords\":[\"dalekovod\"],\"articleSection\":[\"Elektri\u010dna energija\",\"Energetska efikasnost\"],\"inLanguage\":\"sr-RS\",\"potentialAction\":[{\"@type\":\"CommentAction\",\"name\":\"Comment\",\"target\":[\"https:\\\/\\\/balkangreenenergynews.com\\\/rs\\\/radovi-na-interkontektoru-izmedu-srbije-rumunije-se-blize-kraju\\\/#respond\"]}]},{\"@type\":\"WebPage\",\"@id\":\"https:\\\/\\\/balkangreenenergynews.com\\\/rs\\\/radovi-na-interkontektoru-izmedu-srbije-rumunije-se-blize-kraju\\\/\",\"url\":\"https:\\\/\\\/balkangreenenergynews.com\\\/rs\\\/radovi-na-interkontektoru-izmedu-srbije-rumunije-se-blize-kraju\\\/\",\"name\":\"Radovi na interkonektoru izme\u0111u Srbije i Rumunije se bli\u017ee kraju\",\"isPartOf\":{\"@id\":\"https:\\\/\\\/balkangreenenergynews.com\\\/rs\\\/#website\"},\"primaryImageOfPage\":{\"@id\":\"https:\\\/\\\/balkangreenenergynews.com\\\/rs\\\/radovi-na-interkontektoru-izmedu-srbije-rumunije-se-blize-kraju\\\/#primaryimage\"},\"image\":{\"@id\":\"https:\\\/\\\/balkangreenenergynews.com\\\/rs\\\/radovi-na-interkontektoru-izmedu-srbije-rumunije-se-blize-kraju\\\/#primaryimage\"},\"thumbnailUrl\":\"https:\\\/\\\/balkangreenenergynews.com\\\/rs\\\/wp-content\\\/uploads\\\/2017\\\/10\\\/interkonektor-Srbija-Rumunija.jpg?wsr\",\"datePublished\":\"2017-10-31T17:45:12+00:00\",\"author\":{\"@id\":\"https:\\\/\\\/balkangreenenergynews.com\\\/rs\\\/#\\\/schema\\\/person\\\/ff4e9f9457769ba580672215875f5b38\"},\"description\":\"Radovi\u00a0na interkonektoru izme\u0111u Rumunije i Srbije se privode kraju. Transelektrika je objavila da je zavr\u0161ila radove na grani\u010dnom prelazu sa Srbijom\",\"breadcrumb\":{\"@id\":\"https:\\\/\\\/balkangreenenergynews.com\\\/rs\\\/radovi-na-interkontektoru-izmedu-srbije-rumunije-se-blize-kraju\\\/#breadcrumb\"},\"inLanguage\":\"sr-RS\",\"potentialAction\":[{\"@type\":\"ReadAction\",\"target\":[\"https:\\\/\\\/balkangreenenergynews.com\\\/rs\\\/radovi-na-interkontektoru-izmedu-srbije-rumunije-se-blize-kraju\\\/\"]}]},{\"@type\":\"ImageObject\",\"inLanguage\":\"sr-RS\",\"@id\":\"https:\\\/\\\/balkangreenenergynews.com\\\/rs\\\/radovi-na-interkontektoru-izmedu-srbije-rumunije-se-blize-kraju\\\/#primaryimage\",\"url\":\"https:\\\/\\\/balkangreenenergynews.com\\\/rs\\\/wp-content\\\/uploads\\\/2017\\\/10\\\/interkonektor-Srbija-Rumunija.jpg?wsr\",\"contentUrl\":\"https:\\\/\\\/balkangreenenergynews.com\\\/rs\\\/wp-content\\\/uploads\\\/2017\\\/10\\\/interkonektor-Srbija-Rumunija.jpg?wsr\",\"width\":795,\"height\":407,\"caption\":\"Radovi na interkonektoru izmedju Srbije i Rumunije se blize kraju\"},{\"@type\":\"BreadcrumbList\",\"@id\":\"https:\\\/\\\/balkangreenenergynews.com\\\/rs\\\/radovi-na-interkontektoru-izmedu-srbije-rumunije-se-blize-kraju\\\/#breadcrumb\",\"itemListElement\":[{\"@type\":\"ListItem\",\"position\":1,\"name\":\"Po\u010detna\",\"item\":\"https:\\\/\\\/balkangreenenergynews.com\\\/rs\\\/\"},{\"@type\":\"ListItem\",\"position\":2,\"name\":\"Vesti\",\"item\":\"https:\\\/\\\/balkangreenenergynews.com\\\/rs\\\/kategorija\\\/vesti\\\/\"},{\"@type\":\"ListItem\",\"position\":3,\"name\":\"Elektri\u010dna energija\",\"item\":\"https:\\\/\\\/balkangreenenergynews.com\\\/rs\\\/kategorija\\\/vesti\\\/elektricna-energija\\\/\"},{\"@type\":\"ListItem\",\"position\":4,\"name\":\"Radovi na interkonektoru izme\u0111u Srbije i Rumunije se bli\u017ee kraju\"}]},{\"@type\":\"WebSite\",\"@id\":\"https:\\\/\\\/balkangreenenergynews.com\\\/rs\\\/#website\",\"url\":\"https:\\\/\\\/balkangreenenergynews.com\\\/rs\\\/\",\"name\":\"Balkan Green Energy News\",\"description\":\"Naj\u0161iri izbor vesti sa Balkana o zelenoj energiji\",\"potentialAction\":[{\"@type\":\"SearchAction\",\"target\":{\"@type\":\"EntryPoint\",\"urlTemplate\":\"https:\\\/\\\/balkangreenenergynews.com\\\/rs\\\/?s={search_term_string}\"},\"query-input\":{\"@type\":\"PropertyValueSpecification\",\"valueRequired\":true,\"valueName\":\"search_term_string\"}}],\"inLanguage\":\"sr-RS\"},{\"@type\":\"Person\",\"@id\":\"https:\\\/\\\/balkangreenenergynews.com\\\/rs\\\/#\\\/schema\\\/person\\\/ff4e9f9457769ba580672215875f5b38\",\"name\":\"Branislava Jovi\u010di\u0107\",\"description\":\"\u017divimo u vremenu koje je pred na\u0161u generaciju postavilo veoma va\u017ean zadatak. Nije na nama sva krivica za stanje u kojem se nalazi planeta, ali odgovornot svakako jeste. Zato usmerimo svoja znanja, ve\u0161tine i pamet ka pronala\u017eenju odr\u017eivih, pametnih i zelenih re\u0161enja.\",\"sameAs\":[\"https:\\\/\\\/www.linkedin.com\\\/in\\\/branislava-jovicic-043080a\\\/\",\"https:\\\/\\\/x.com\\\/https:\\\/\\\/twitter.com\\\/BranaJovicic\"],\"url\":\"https:\\\/\\\/balkangreenenergynews.com\\\/rs\\\/author\\\/bgen\\\/\"}]}<\/script>\n<!-- \/ Yoast SEO plugin. -->","yoast_head_json":{"title":"Radovi na interkonektoru izme\u0111u Srbije i Rumunije se bli\u017ee kraju","description":"Radovi\u00a0na interkonektoru izme\u0111u Rumunije i Srbije se privode kraju. Transelektrika je objavila da je zavr\u0161ila radove na grani\u010dnom prelazu sa Srbijom","robots":{"index":"index","follow":"follow","max-snippet":"max-snippet:-1","max-image-preview":"max-image-preview:large","max-video-preview":"max-video-preview:-1"},"canonical":"https:\/\/balkangreenenergynews.com\/rs\/radovi-na-interkontektoru-izmedu-srbije-rumunije-se-blize-kraju\/","og_locale":"sr_RS","og_type":"article","og_title":"Radovi na interkonektoru izme\u0111u Srbije i Rumunije se bli\u017ee kraju","og_description":"Radovi\u00a0na interkonektoru izme\u0111u Rumunije i Srbije se privode kraju. Transelektrika je objavila da je zavr\u0161ila radove na grani\u010dnom prelazu sa Srbijom","og_url":"https:\/\/balkangreenenergynews.com\/rs\/radovi-na-interkontektoru-izmedu-srbije-rumunije-se-blize-kraju\/","og_site_name":"Balkan Green Energy News","article_published_time":"2017-10-31T17:45:12+00:00","og_image":[{"width":795,"height":407,"url":"https:\/\/balkangreenenergynews.com\/rs\/wp-content\/uploads\/2017\/10\/interkonektor-Srbija-Rumunija.jpg","type":"image\/jpeg"}],"author":"Branislava Jovi\u010di\u0107","twitter_card":"summary_large_image","twitter_creator":"@https:\/\/twitter.com\/BranaJovicic","twitter_misc":{"\u041d\u0430\u043f\u0438\u0441\u0430\u043d\u043e \u043e\u0434":"Branislava Jovi\u010di\u0107","\u041f\u0440\u043e\u0446\u0435\u045a\u0435\u043d\u043e \u0432\u0440\u0435\u043c\u0435 \u0447\u0438\u0442\u0430\u045a\u0430":"1 \u043c\u0438\u043d\u0443\u0442"},"schema":{"@context":"https:\/\/schema.org","@graph":[{"@type":"Article","@id":"https:\/\/balkangreenenergynews.com\/rs\/radovi-na-interkontektoru-izmedu-srbije-rumunije-se-blize-kraju\/#article","isPartOf":{"@id":"https:\/\/balkangreenenergynews.com\/rs\/radovi-na-interkontektoru-izmedu-srbije-rumunije-se-blize-kraju\/"},"author":{"name":"Branislava Jovi\u010di\u0107","@id":"https:\/\/balkangreenenergynews.com\/rs\/#\/schema\/person\/ff4e9f9457769ba580672215875f5b38"},"headline":"Radovi na interkonektoru izme\u0111u Srbije i Rumunije se bli\u017ee kraju","datePublished":"2017-10-31T17:45:12+00:00","mainEntityOfPage":{"@id":"https:\/\/balkangreenenergynews.com\/rs\/radovi-na-interkontektoru-izmedu-srbije-rumunije-se-blize-kraju\/"},"wordCount":290,"commentCount":0,"image":{"@id":"https:\/\/balkangreenenergynews.com\/rs\/radovi-na-interkontektoru-izmedu-srbije-rumunije-se-blize-kraju\/#primaryimage"},"thumbnailUrl":"https:\/\/balkangreenenergynews.com\/rs\/wp-content\/uploads\/2017\/10\/interkonektor-Srbija-Rumunija.jpg?wsr","keywords":["dalekovod"],"articleSection":["Elektri\u010dna energija","Energetska efikasnost"],"inLanguage":"sr-RS","potentialAction":[{"@type":"CommentAction","name":"Comment","target":["https:\/\/balkangreenenergynews.com\/rs\/radovi-na-interkontektoru-izmedu-srbije-rumunije-se-blize-kraju\/#respond"]}]},{"@type":"WebPage","@id":"https:\/\/balkangreenenergynews.com\/rs\/radovi-na-interkontektoru-izmedu-srbije-rumunije-se-blize-kraju\/","url":"https:\/\/balkangreenenergynews.com\/rs\/radovi-na-interkontektoru-izmedu-srbije-rumunije-se-blize-kraju\/","name":"Radovi na interkonektoru izme\u0111u Srbije i Rumunije se bli\u017ee kraju","isPartOf":{"@id":"https:\/\/balkangreenenergynews.com\/rs\/#website"},"primaryImageOfPage":{"@id":"https:\/\/balkangreenenergynews.com\/rs\/radovi-na-interkontektoru-izmedu-srbije-rumunije-se-blize-kraju\/#primaryimage"},"image":{"@id":"https:\/\/balkangreenenergynews.com\/rs\/radovi-na-interkontektoru-izmedu-srbije-rumunije-se-blize-kraju\/#primaryimage"},"thumbnailUrl":"https:\/\/balkangreenenergynews.com\/rs\/wp-content\/uploads\/2017\/10\/interkonektor-Srbija-Rumunija.jpg?wsr","datePublished":"2017-10-31T17:45:12+00:00","author":{"@id":"https:\/\/balkangreenenergynews.com\/rs\/#\/schema\/person\/ff4e9f9457769ba580672215875f5b38"},"description":"Radovi\u00a0na interkonektoru izme\u0111u Rumunije i Srbije se privode kraju. Transelektrika je objavila da je zavr\u0161ila radove na grani\u010dnom prelazu sa Srbijom","breadcrumb":{"@id":"https:\/\/balkangreenenergynews.com\/rs\/radovi-na-interkontektoru-izmedu-srbije-rumunije-se-blize-kraju\/#breadcrumb"},"inLanguage":"sr-RS","potentialAction":[{"@type":"ReadAction","target":["https:\/\/balkangreenenergynews.com\/rs\/radovi-na-interkontektoru-izmedu-srbije-rumunije-se-blize-kraju\/"]}]},{"@type":"ImageObject","inLanguage":"sr-RS","@id":"https:\/\/balkangreenenergynews.com\/rs\/radovi-na-interkontektoru-izmedu-srbije-rumunije-se-blize-kraju\/#primaryimage","url":"https:\/\/balkangreenenergynews.com\/rs\/wp-content\/uploads\/2017\/10\/interkonektor-Srbija-Rumunija.jpg?wsr","contentUrl":"https:\/\/balkangreenenergynews.com\/rs\/wp-content\/uploads\/2017\/10\/interkonektor-Srbija-Rumunija.jpg?wsr","width":795,"height":407,"caption":"Radovi na interkonektoru izmedju Srbije i Rumunije se blize kraju"},{"@type":"BreadcrumbList","@id":"https:\/\/balkangreenenergynews.com\/rs\/radovi-na-interkontektoru-izmedu-srbije-rumunije-se-blize-kraju\/#breadcrumb","itemListElement":[{"@type":"ListItem","position":1,"name":"Po\u010detna","item":"https:\/\/balkangreenenergynews.com\/rs\/"},{"@type":"ListItem","position":2,"name":"Vesti","item":"https:\/\/balkangreenenergynews.com\/rs\/kategorija\/vesti\/"},{"@type":"ListItem","position":3,"name":"Elektri\u010dna energija","item":"https:\/\/balkangreenenergynews.com\/rs\/kategorija\/vesti\/elektricna-energija\/"},{"@type":"ListItem","position":4,"name":"Radovi na interkonektoru izme\u0111u Srbije i Rumunije se bli\u017ee kraju"}]},{"@type":"WebSite","@id":"https:\/\/balkangreenenergynews.com\/rs\/#website","url":"https:\/\/balkangreenenergynews.com\/rs\/","name":"Balkan Green Energy News","description":"Naj\u0161iri izbor vesti sa Balkana o zelenoj energiji","potentialAction":[{"@type":"SearchAction","target":{"@type":"EntryPoint","urlTemplate":"https:\/\/balkangreenenergynews.com\/rs\/?s={search_term_string}"},"query-input":{"@type":"PropertyValueSpecification","valueRequired":true,"valueName":"search_term_string"}}],"inLanguage":"sr-RS"},{"@type":"Person","@id":"https:\/\/balkangreenenergynews.com\/rs\/#\/schema\/person\/ff4e9f9457769ba580672215875f5b38","name":"Branislava Jovi\u010di\u0107","description":"\u017divimo u vremenu koje je pred na\u0161u generaciju postavilo veoma va\u017ean zadatak. Nije na nama sva krivica za stanje u kojem se nalazi planeta, ali odgovornot svakako jeste. Zato usmerimo svoja znanja, ve\u0161tine i pamet ka pronala\u017eenju odr\u017eivih, pametnih i zelenih re\u0161enja.","sameAs":["https:\/\/www.linkedin.com\/in\/branislava-jovicic-043080a\/","https:\/\/x.com\/https:\/\/twitter.com\/BranaJovicic"],"url":"https:\/\/balkangreenenergynews.com\/rs\/author\/bgen\/"}]}},"_links":{"self":[{"href":"https:\/\/balkangreenenergynews.com\/rs\/wp-json\/wp\/v2\/posts\/14713","targetHints":{"allow":["GET"]}}],"collection":[{"href":"https:\/\/balkangreenenergynews.com\/rs\/wp-json\/wp\/v2\/posts"}],"about":[{"href":"https:\/\/balkangreenenergynews.com\/rs\/wp-json\/wp\/v2\/types\/post"}],"author":[{"embeddable":true,"href":"https:\/\/balkangreenenergynews.com\/rs\/wp-json\/wp\/v2\/users\/2"}],"replies":[{"embeddable":true,"href":"https:\/\/balkangreenenergynews.com\/rs\/wp-json\/wp\/v2\/comments?post=14713"}],"version-history":[{"count":0,"href":"https:\/\/balkangreenenergynews.com\/rs\/wp-json\/wp\/v2\/posts\/14713\/revisions"}],"wp:featuredmedia":[{"embeddable":true,"href":"https:\/\/balkangreenenergynews.com\/rs\/wp-json\/wp\/v2\/media\/14714"}],"wp:attachment":[{"href":"https:\/\/balkangreenenergynews.com\/rs\/wp-json\/wp\/v2\/media?parent=14713"}],"wp:term":[{"taxonomy":"category","embeddable":true,"href":"https:\/\/balkangreenenergynews.com\/rs\/wp-json\/wp\/v2\/categories?post=14713"},{"taxonomy":"post_tag","embeddable":true,"href":"https:\/\/balkangreenenergynews.com\/rs\/wp-json\/wp\/v2\/tags?post=14713"}],"curies":[{"name":"wp","href":"https:\/\/api.w.org\/{rel}","templated":true}]}}