{"id":14573,"date":"2017-10-19T21:32:39","date_gmt":"2017-10-19T19:32:39","guid":{"rendered":"http:\/\/balkangreenenergynews.com\/rs\/?p=14573"},"modified":"2018-12-09T11:53:18","modified_gmt":"2018-12-09T10:53:18","slug":"medunarodni-kongres-zelene-ekonomije-u-beogradu-pocetkom-novembra","status":"publish","type":"post","link":"https:\/\/balkangreenenergynews.com\/rs\/medunarodni-kongres-zelene-ekonomije-u-beogradu-pocetkom-novembra\/","title":{"rendered":"Me\u0111unarodni kongres zelene ekonomije u Beogradu po\u010detkom novembra"},"content":{"rendered":"<h2><a href=\"https:\/\/www.greeneconomycongress.com\/\">Me\u0111unarodni kongres zelene ekonomije<\/a> sa fokusom na mapiranje potencijala i mogu\u0107nosti zelene ekonomije u postindustrijskoj eri bi\u0107e odr\u017ean u Beogradu, od 2. do 4. novembra. Kongres \u0107e, po re\u010dima organizatora, okupiti svetske lidere u oblasti zelene ekonomije koji razvijaju i promovi\u0161u model zelene ekonomije i zelene inicijative.<\/h2>\n<p>U fokusu trodnevnog skupa, \u010diji su doma\u0107ini organizacije civilnog dru\u0161tva Umre\u017ei i Grupa za analizu i kreiranje javnih politika (GAJP), bi\u0107e potencijali zelene ekonomije. Ovaj model bi\u0107e predmet diskuja u okviru nekoliko panela u kojima \u0107e u\u010destvovati ekonomisti, inovatori, preduzetnici i donosioci odluka: Cirkularna ekonomija &#8211; promena poslovnih modela i\u00a0 sistemskog razmi\u0161ljanja, O ekonomskoj decentralizaciji, Inovacije i nauka u slu\u017ebi zelene transformacije, Uloga \u017eena u zelenoj ekonomiji, Redefinisanje ekonomije promenom proizvodnje a ne klimatskim promenama, kao i Zelene javne nabavke.<\/p>\n<p>Tokom trodnevnog kongresa bi\u0107e odr\u017ean i Sajam zelene ekonomije na kome \u0107e u\u010destvovati brojne strat-up kompanije iz Srbije i regiona.<\/p>\n<p>\u201cZelena ekonomija odnosi se na nova radna mesta, ali i na ozelenjavanje postoje\u0107ih. To je holisti\u010dki pristup koji, uzima\u0107i u obzir \u010dinjenicu da su prirodni resursi ograni\u010deni, generi\u0161e razvoj tako \u0161to podrazumeva i po\u0161tovanje ljudskih i socijalnih prava, kao \u0161to su prava radnika, rodna ravnopravnost, inkluzija. Ovaj skup organizujemo upravo da bismo predstavili sve potencijale zelene ekonomije i inspirisali ljude na promenu. Dugoro\u010dni cilj projekta je izgradnja platforme koja \u0107e okupljati lidere zelene ekonomije,\u201d rekla je \u017daklina \u017divkovi\u0107, programska menad\u017eerka Kongresa zelene ekonomije.<\/p>\n<p>Jedan od\u00a0 panela koji privla\u010di veliku pa\u017enju u\u010desnika bi\u0107e posve\u0107en \u017eenama kao liderima promena kada je ova oblast u pitanju.<\/p>\n<p>\u201cPanel \u2019\u017dene u zelenoj ekonomiji: uspe\u0161ne pri\u010de\u2019 bi\u0107e odli\u010dna prilika da razgovaramo o ulozi i zna\u010daju \u017eena u zelenoj ekonomiji i odr\u017eivom razvoju. Danas su \u017eene u \u010ditavom svetu nosioci promene, pa tako i u Srbiji i \u010ditavom regionu. Brojni su primeri sjajnih \u017eena razli\u010ditih profesija koje ne samo da ostavljaju zna\u010dajan trag u borbi za bolju i odr\u017eivu budu\u0107nost, ve\u0107 svojim primerom inspiri\u0161u celokupno dru\u0161tvo da promeni stare neodr\u017eive obrasce pona\u0161anja i poslovanja i prigrle zelenu ekonomiju kao jedino re\u0161enje\u201d, rekla je za BGEN Branislava Branislava Jovi\u010di\u0107, predsednica Centra za promociju odr\u017eivog razvoja \u2013 CPOR, i u\u010desnica kongresa.<\/p>\n","protected":false},"excerpt":{"rendered":"<p>Me\u0111unarodni kongres zelene ekonomije sa fokusom na mapiranje potencijala i mogu\u0107nosti zelene ekonomije u postindustrijskoj&#8230;<\/p>\n","protected":false},"author":25,"featured_media":14578,"comment_status":"open","ping_status":"closed","sticky":false,"template":"","format":"standard","meta":{"_acf_changed":false,"_monsterinsights_skip_tracking":false,"_monsterinsights_sitenote_active":false,"_monsterinsights_sitenote_note":"","_monsterinsights_sitenote_category":0,"footnotes":""},"categories":[1,4],"tags":[762,3650,2748,2796],"class_list":["post-14573","post","type-post","status-publish","format-standard","has-post-thumbnail","hentry","category-obnovljivi-izvori-energije","category-zivotna-sredina","tag-branislava-jovicic","tag-centar-za-promociju-odrzivog-razvoja","tag-cpor","tag-zelena-ekonomija","country-srbija"],"acf":[],"yoast_head":"<!-- This site is optimized with the Yoast SEO plugin v27.4 - https:\/\/yoast.com\/product\/yoast-seo-wordpress\/ -->\n<title>Me\u0111unarodni kongres zelene ekonomije u Beogradu po\u010detkom novembra<\/title>\n<meta name=\"description\" content=\"Me\u0111unarodni kongres zelene ekonomije sa fokusom na mapiranje potencijala i mogu\u0107nosti zelene ekonomije u postindustrijskoj eri bi\u0107e odr\u017ean u Beogradu,\" \/>\n<meta name=\"robots\" content=\"index, follow, max-snippet:-1, max-image-preview:large, max-video-preview:-1\" \/>\n<link rel=\"canonical\" href=\"https:\/\/balkangreenenergynews.com\/rs\/medunarodni-kongres-zelene-ekonomije-u-beogradu-pocetkom-novembra\/\" \/>\n<meta property=\"og:locale\" content=\"sr_RS\" \/>\n<meta property=\"og:type\" content=\"article\" \/>\n<meta property=\"og:title\" content=\"Me\u0111unarodni kongres zelene ekonomije u Beogradu po\u010detkom novembra\" \/>\n<meta property=\"og:description\" content=\"Me\u0111unarodni kongres zelene ekonomije sa fokusom na mapiranje potencijala i mogu\u0107nosti zelene ekonomije u postindustrijskoj eri bi\u0107e odr\u017ean u Beogradu,\" \/>\n<meta property=\"og:url\" content=\"https:\/\/balkangreenenergynews.com\/rs\/medunarodni-kongres-zelene-ekonomije-u-beogradu-pocetkom-novembra\/\" \/>\n<meta property=\"og:site_name\" content=\"Balkan Green Energy News\" \/>\n<meta property=\"article:published_time\" content=\"2017-10-19T19:32:39+00:00\" \/>\n<meta property=\"article:modified_time\" content=\"2018-12-09T10:53:18+00:00\" \/>\n<meta property=\"og:image\" content=\"https:\/\/balkangreenenergynews.com\/rs\/wp-content\/uploads\/2017\/10\/Green-Economy-Congress-Belgrade-November-2-4-2017-web.jpg\" \/>\n\t<meta property=\"og:image:width\" content=\"795\" \/>\n\t<meta property=\"og:image:height\" content=\"407\" \/>\n\t<meta property=\"og:image:type\" content=\"image\/jpeg\" \/>\n<meta name=\"author\" content=\"Balkan Green Energy News\" \/>\n<meta name=\"twitter:card\" content=\"summary_large_image\" \/>\n<meta name=\"twitter:label1\" content=\"\u041d\u0430\u043f\u0438\u0441\u0430\u043d\u043e \u043e\u0434\" \/>\n\t<meta name=\"twitter:data1\" content=\"Balkan Green Energy News\" \/>\n\t<meta name=\"twitter:label2\" content=\"\u041f\u0440\u043e\u0446\u0435\u045a\u0435\u043d\u043e \u0432\u0440\u0435\u043c\u0435 \u0447\u0438\u0442\u0430\u045a\u0430\" \/>\n\t<meta name=\"twitter:data2\" content=\"2 \u043c\u0438\u043d\u0443\u0442\u0430\" \/>\n<script type=\"application\/ld+json\" class=\"yoast-schema-graph\">{\"@context\":\"https:\\\/\\\/schema.org\",\"@graph\":[{\"@type\":\"Article\",\"@id\":\"https:\\\/\\\/balkangreenenergynews.com\\\/rs\\\/medunarodni-kongres-zelene-ekonomije-u-beogradu-pocetkom-novembra\\\/#article\",\"isPartOf\":{\"@id\":\"https:\\\/\\\/balkangreenenergynews.com\\\/rs\\\/medunarodni-kongres-zelene-ekonomije-u-beogradu-pocetkom-novembra\\\/\"},\"author\":{\"name\":\"Balkan Green Energy News\",\"@id\":\"https:\\\/\\\/balkangreenenergynews.com\\\/rs\\\/#\\\/schema\\\/person\\\/dee275e6036b1a0f7ceaf956d79d4eff\"},\"headline\":\"Me\u0111unarodni kongres zelene ekonomije u Beogradu po\u010detkom novembra\",\"datePublished\":\"2017-10-19T19:32:39+00:00\",\"dateModified\":\"2018-12-09T10:53:18+00:00\",\"mainEntityOfPage\":{\"@id\":\"https:\\\/\\\/balkangreenenergynews.com\\\/rs\\\/medunarodni-kongres-zelene-ekonomije-u-beogradu-pocetkom-novembra\\\/\"},\"wordCount\":404,\"commentCount\":0,\"image\":{\"@id\":\"https:\\\/\\\/balkangreenenergynews.com\\\/rs\\\/medunarodni-kongres-zelene-ekonomije-u-beogradu-pocetkom-novembra\\\/#primaryimage\"},\"thumbnailUrl\":\"https:\\\/\\\/balkangreenenergynews.com\\\/rs\\\/wp-content\\\/uploads\\\/2017\\\/10\\\/Green-Economy-Congress-Belgrade-November-2-4-2017-web.jpg?wsr\",\"keywords\":[\"Branislava Jovi\u010di\u0107\",\"Centar za promociju odr\u017eivog razvoja\",\"CPOR\",\"zelena ekonomija\"],\"articleSection\":[\"OIE\",\"\u017divotna sredina\"],\"inLanguage\":\"sr-RS\",\"potentialAction\":[{\"@type\":\"CommentAction\",\"name\":\"Comment\",\"target\":[\"https:\\\/\\\/balkangreenenergynews.com\\\/rs\\\/medunarodni-kongres-zelene-ekonomije-u-beogradu-pocetkom-novembra\\\/#respond\"]}]},{\"@type\":\"WebPage\",\"@id\":\"https:\\\/\\\/balkangreenenergynews.com\\\/rs\\\/medunarodni-kongres-zelene-ekonomije-u-beogradu-pocetkom-novembra\\\/\",\"url\":\"https:\\\/\\\/balkangreenenergynews.com\\\/rs\\\/medunarodni-kongres-zelene-ekonomije-u-beogradu-pocetkom-novembra\\\/\",\"name\":\"Me\u0111unarodni kongres zelene ekonomije u Beogradu po\u010detkom novembra\",\"isPartOf\":{\"@id\":\"https:\\\/\\\/balkangreenenergynews.com\\\/rs\\\/#website\"},\"primaryImageOfPage\":{\"@id\":\"https:\\\/\\\/balkangreenenergynews.com\\\/rs\\\/medunarodni-kongres-zelene-ekonomije-u-beogradu-pocetkom-novembra\\\/#primaryimage\"},\"image\":{\"@id\":\"https:\\\/\\\/balkangreenenergynews.com\\\/rs\\\/medunarodni-kongres-zelene-ekonomije-u-beogradu-pocetkom-novembra\\\/#primaryimage\"},\"thumbnailUrl\":\"https:\\\/\\\/balkangreenenergynews.com\\\/rs\\\/wp-content\\\/uploads\\\/2017\\\/10\\\/Green-Economy-Congress-Belgrade-November-2-4-2017-web.jpg?wsr\",\"datePublished\":\"2017-10-19T19:32:39+00:00\",\"dateModified\":\"2018-12-09T10:53:18+00:00\",\"author\":{\"@id\":\"https:\\\/\\\/balkangreenenergynews.com\\\/rs\\\/#\\\/schema\\\/person\\\/dee275e6036b1a0f7ceaf956d79d4eff\"},\"description\":\"Me\u0111unarodni kongres zelene ekonomije sa fokusom na mapiranje potencijala i mogu\u0107nosti zelene ekonomije u postindustrijskoj eri bi\u0107e odr\u017ean u Beogradu,\",\"breadcrumb\":{\"@id\":\"https:\\\/\\\/balkangreenenergynews.com\\\/rs\\\/medunarodni-kongres-zelene-ekonomije-u-beogradu-pocetkom-novembra\\\/#breadcrumb\"},\"inLanguage\":\"sr-RS\",\"potentialAction\":[{\"@type\":\"ReadAction\",\"target\":[\"https:\\\/\\\/balkangreenenergynews.com\\\/rs\\\/medunarodni-kongres-zelene-ekonomije-u-beogradu-pocetkom-novembra\\\/\"]}]},{\"@type\":\"ImageObject\",\"inLanguage\":\"sr-RS\",\"@id\":\"https:\\\/\\\/balkangreenenergynews.com\\\/rs\\\/medunarodni-kongres-zelene-ekonomije-u-beogradu-pocetkom-novembra\\\/#primaryimage\",\"url\":\"https:\\\/\\\/balkangreenenergynews.com\\\/rs\\\/wp-content\\\/uploads\\\/2017\\\/10\\\/Green-Economy-Congress-Belgrade-November-2-4-2017-web.jpg?wsr\",\"contentUrl\":\"https:\\\/\\\/balkangreenenergynews.com\\\/rs\\\/wp-content\\\/uploads\\\/2017\\\/10\\\/Green-Economy-Congress-Belgrade-November-2-4-2017-web.jpg?wsr\",\"width\":795,\"height\":407},{\"@type\":\"BreadcrumbList\",\"@id\":\"https:\\\/\\\/balkangreenenergynews.com\\\/rs\\\/medunarodni-kongres-zelene-ekonomije-u-beogradu-pocetkom-novembra\\\/#breadcrumb\",\"itemListElement\":[{\"@type\":\"ListItem\",\"position\":1,\"name\":\"Po\u010detna\",\"item\":\"https:\\\/\\\/balkangreenenergynews.com\\\/rs\\\/\"},{\"@type\":\"ListItem\",\"position\":2,\"name\":\"Vesti\",\"item\":\"https:\\\/\\\/balkangreenenergynews.com\\\/rs\\\/kategorija\\\/vesti\\\/\"},{\"@type\":\"ListItem\",\"position\":3,\"name\":\"\u017divotna sredina\",\"item\":\"https:\\\/\\\/balkangreenenergynews.com\\\/rs\\\/kategorija\\\/vesti\\\/zivotna-sredina\\\/\"},{\"@type\":\"ListItem\",\"position\":4,\"name\":\"Me\u0111unarodni kongres zelene ekonomije u Beogradu po\u010detkom novembra\"}]},{\"@type\":\"WebSite\",\"@id\":\"https:\\\/\\\/balkangreenenergynews.com\\\/rs\\\/#website\",\"url\":\"https:\\\/\\\/balkangreenenergynews.com\\\/rs\\\/\",\"name\":\"Balkan Green Energy News\",\"description\":\"Naj\u0161iri izbor vesti sa Balkana o zelenoj energiji\",\"potentialAction\":[{\"@type\":\"SearchAction\",\"target\":{\"@type\":\"EntryPoint\",\"urlTemplate\":\"https:\\\/\\\/balkangreenenergynews.com\\\/rs\\\/?s={search_term_string}\"},\"query-input\":{\"@type\":\"PropertyValueSpecification\",\"valueRequired\":true,\"valueName\":\"search_term_string\"}}],\"inLanguage\":\"sr-RS\"},{\"@type\":\"Person\",\"@id\":\"https:\\\/\\\/balkangreenenergynews.com\\\/rs\\\/#\\\/schema\\\/person\\\/dee275e6036b1a0f7ceaf956d79d4eff\",\"name\":\"Balkan Green Energy News\",\"url\":\"https:\\\/\\\/balkangreenenergynews.com\\\/rs\\\/author\\\/balkangreenenergynews\\\/\"}]}<\/script>\n<!-- \/ Yoast SEO plugin. -->","yoast_head_json":{"title":"Me\u0111unarodni kongres zelene ekonomije u Beogradu po\u010detkom novembra","description":"Me\u0111unarodni kongres zelene ekonomije sa fokusom na mapiranje potencijala i mogu\u0107nosti zelene ekonomije u postindustrijskoj eri bi\u0107e odr\u017ean u Beogradu,","robots":{"index":"index","follow":"follow","max-snippet":"max-snippet:-1","max-image-preview":"max-image-preview:large","max-video-preview":"max-video-preview:-1"},"canonical":"https:\/\/balkangreenenergynews.com\/rs\/medunarodni-kongres-zelene-ekonomije-u-beogradu-pocetkom-novembra\/","og_locale":"sr_RS","og_type":"article","og_title":"Me\u0111unarodni kongres zelene ekonomije u Beogradu po\u010detkom novembra","og_description":"Me\u0111unarodni kongres zelene ekonomije sa fokusom na mapiranje potencijala i mogu\u0107nosti zelene ekonomije u postindustrijskoj eri bi\u0107e odr\u017ean u Beogradu,","og_url":"https:\/\/balkangreenenergynews.com\/rs\/medunarodni-kongres-zelene-ekonomije-u-beogradu-pocetkom-novembra\/","og_site_name":"Balkan Green Energy News","article_published_time":"2017-10-19T19:32:39+00:00","article_modified_time":"2018-12-09T10:53:18+00:00","og_image":[{"width":795,"height":407,"url":"https:\/\/balkangreenenergynews.com\/rs\/wp-content\/uploads\/2017\/10\/Green-Economy-Congress-Belgrade-November-2-4-2017-web.jpg","type":"image\/jpeg"}],"author":"Balkan Green Energy News","twitter_card":"summary_large_image","twitter_misc":{"\u041d\u0430\u043f\u0438\u0441\u0430\u043d\u043e \u043e\u0434":"Balkan Green Energy News","\u041f\u0440\u043e\u0446\u0435\u045a\u0435\u043d\u043e \u0432\u0440\u0435\u043c\u0435 \u0447\u0438\u0442\u0430\u045a\u0430":"2 \u043c\u0438\u043d\u0443\u0442\u0430"},"schema":{"@context":"https:\/\/schema.org","@graph":[{"@type":"Article","@id":"https:\/\/balkangreenenergynews.com\/rs\/medunarodni-kongres-zelene-ekonomije-u-beogradu-pocetkom-novembra\/#article","isPartOf":{"@id":"https:\/\/balkangreenenergynews.com\/rs\/medunarodni-kongres-zelene-ekonomije-u-beogradu-pocetkom-novembra\/"},"author":{"name":"Balkan Green Energy News","@id":"https:\/\/balkangreenenergynews.com\/rs\/#\/schema\/person\/dee275e6036b1a0f7ceaf956d79d4eff"},"headline":"Me\u0111unarodni kongres zelene ekonomije u Beogradu po\u010detkom novembra","datePublished":"2017-10-19T19:32:39+00:00","dateModified":"2018-12-09T10:53:18+00:00","mainEntityOfPage":{"@id":"https:\/\/balkangreenenergynews.com\/rs\/medunarodni-kongres-zelene-ekonomije-u-beogradu-pocetkom-novembra\/"},"wordCount":404,"commentCount":0,"image":{"@id":"https:\/\/balkangreenenergynews.com\/rs\/medunarodni-kongres-zelene-ekonomije-u-beogradu-pocetkom-novembra\/#primaryimage"},"thumbnailUrl":"https:\/\/balkangreenenergynews.com\/rs\/wp-content\/uploads\/2017\/10\/Green-Economy-Congress-Belgrade-November-2-4-2017-web.jpg?wsr","keywords":["Branislava Jovi\u010di\u0107","Centar za promociju odr\u017eivog razvoja","CPOR","zelena ekonomija"],"articleSection":["OIE","\u017divotna sredina"],"inLanguage":"sr-RS","potentialAction":[{"@type":"CommentAction","name":"Comment","target":["https:\/\/balkangreenenergynews.com\/rs\/medunarodni-kongres-zelene-ekonomije-u-beogradu-pocetkom-novembra\/#respond"]}]},{"@type":"WebPage","@id":"https:\/\/balkangreenenergynews.com\/rs\/medunarodni-kongres-zelene-ekonomije-u-beogradu-pocetkom-novembra\/","url":"https:\/\/balkangreenenergynews.com\/rs\/medunarodni-kongres-zelene-ekonomije-u-beogradu-pocetkom-novembra\/","name":"Me\u0111unarodni kongres zelene ekonomije u Beogradu po\u010detkom novembra","isPartOf":{"@id":"https:\/\/balkangreenenergynews.com\/rs\/#website"},"primaryImageOfPage":{"@id":"https:\/\/balkangreenenergynews.com\/rs\/medunarodni-kongres-zelene-ekonomije-u-beogradu-pocetkom-novembra\/#primaryimage"},"image":{"@id":"https:\/\/balkangreenenergynews.com\/rs\/medunarodni-kongres-zelene-ekonomije-u-beogradu-pocetkom-novembra\/#primaryimage"},"thumbnailUrl":"https:\/\/balkangreenenergynews.com\/rs\/wp-content\/uploads\/2017\/10\/Green-Economy-Congress-Belgrade-November-2-4-2017-web.jpg?wsr","datePublished":"2017-10-19T19:32:39+00:00","dateModified":"2018-12-09T10:53:18+00:00","author":{"@id":"https:\/\/balkangreenenergynews.com\/rs\/#\/schema\/person\/dee275e6036b1a0f7ceaf956d79d4eff"},"description":"Me\u0111unarodni kongres zelene ekonomije sa fokusom na mapiranje potencijala i mogu\u0107nosti zelene ekonomije u postindustrijskoj eri bi\u0107e odr\u017ean u Beogradu,","breadcrumb":{"@id":"https:\/\/balkangreenenergynews.com\/rs\/medunarodni-kongres-zelene-ekonomije-u-beogradu-pocetkom-novembra\/#breadcrumb"},"inLanguage":"sr-RS","potentialAction":[{"@type":"ReadAction","target":["https:\/\/balkangreenenergynews.com\/rs\/medunarodni-kongres-zelene-ekonomije-u-beogradu-pocetkom-novembra\/"]}]},{"@type":"ImageObject","inLanguage":"sr-RS","@id":"https:\/\/balkangreenenergynews.com\/rs\/medunarodni-kongres-zelene-ekonomije-u-beogradu-pocetkom-novembra\/#primaryimage","url":"https:\/\/balkangreenenergynews.com\/rs\/wp-content\/uploads\/2017\/10\/Green-Economy-Congress-Belgrade-November-2-4-2017-web.jpg?wsr","contentUrl":"https:\/\/balkangreenenergynews.com\/rs\/wp-content\/uploads\/2017\/10\/Green-Economy-Congress-Belgrade-November-2-4-2017-web.jpg?wsr","width":795,"height":407},{"@type":"BreadcrumbList","@id":"https:\/\/balkangreenenergynews.com\/rs\/medunarodni-kongres-zelene-ekonomije-u-beogradu-pocetkom-novembra\/#breadcrumb","itemListElement":[{"@type":"ListItem","position":1,"name":"Po\u010detna","item":"https:\/\/balkangreenenergynews.com\/rs\/"},{"@type":"ListItem","position":2,"name":"Vesti","item":"https:\/\/balkangreenenergynews.com\/rs\/kategorija\/vesti\/"},{"@type":"ListItem","position":3,"name":"\u017divotna sredina","item":"https:\/\/balkangreenenergynews.com\/rs\/kategorija\/vesti\/zivotna-sredina\/"},{"@type":"ListItem","position":4,"name":"Me\u0111unarodni kongres zelene ekonomije u Beogradu po\u010detkom novembra"}]},{"@type":"WebSite","@id":"https:\/\/balkangreenenergynews.com\/rs\/#website","url":"https:\/\/balkangreenenergynews.com\/rs\/","name":"Balkan Green Energy News","description":"Naj\u0161iri izbor vesti sa Balkana o zelenoj energiji","potentialAction":[{"@type":"SearchAction","target":{"@type":"EntryPoint","urlTemplate":"https:\/\/balkangreenenergynews.com\/rs\/?s={search_term_string}"},"query-input":{"@type":"PropertyValueSpecification","valueRequired":true,"valueName":"search_term_string"}}],"inLanguage":"sr-RS"},{"@type":"Person","@id":"https:\/\/balkangreenenergynews.com\/rs\/#\/schema\/person\/dee275e6036b1a0f7ceaf956d79d4eff","name":"Balkan Green Energy News","url":"https:\/\/balkangreenenergynews.com\/rs\/author\/balkangreenenergynews\/"}]}},"_links":{"self":[{"href":"https:\/\/balkangreenenergynews.com\/rs\/wp-json\/wp\/v2\/posts\/14573","targetHints":{"allow":["GET"]}}],"collection":[{"href":"https:\/\/balkangreenenergynews.com\/rs\/wp-json\/wp\/v2\/posts"}],"about":[{"href":"https:\/\/balkangreenenergynews.com\/rs\/wp-json\/wp\/v2\/types\/post"}],"author":[{"embeddable":true,"href":"https:\/\/balkangreenenergynews.com\/rs\/wp-json\/wp\/v2\/users\/25"}],"replies":[{"embeddable":true,"href":"https:\/\/balkangreenenergynews.com\/rs\/wp-json\/wp\/v2\/comments?post=14573"}],"version-history":[{"count":0,"href":"https:\/\/balkangreenenergynews.com\/rs\/wp-json\/wp\/v2\/posts\/14573\/revisions"}],"wp:featuredmedia":[{"embeddable":true,"href":"https:\/\/balkangreenenergynews.com\/rs\/wp-json\/wp\/v2\/media\/14578"}],"wp:attachment":[{"href":"https:\/\/balkangreenenergynews.com\/rs\/wp-json\/wp\/v2\/media?parent=14573"}],"wp:term":[{"taxonomy":"category","embeddable":true,"href":"https:\/\/balkangreenenergynews.com\/rs\/wp-json\/wp\/v2\/categories?post=14573"},{"taxonomy":"post_tag","embeddable":true,"href":"https:\/\/balkangreenenergynews.com\/rs\/wp-json\/wp\/v2\/tags?post=14573"}],"curies":[{"name":"wp","href":"https:\/\/api.w.org\/{rel}","templated":true}]}}