{"id":14554,"date":"2017-10-17T23:54:57","date_gmt":"2017-10-17T21:54:57","guid":{"rendered":"http:\/\/balkangreenenergynews.com\/rs\/?p=14554"},"modified":"2018-12-09T11:54:25","modified_gmt":"2018-12-09T10:54:25","slug":"izrael-kipar-grcka-pocinju-radove-na-1-520km-dugom-podmorskom-kablu-u-2018","status":"publish","type":"post","link":"https:\/\/balkangreenenergynews.com\/rs\/izrael-kipar-grcka-pocinju-radove-na-1-520km-dugom-podmorskom-kablu-u-2018\/","title":{"rendered":"Izrael, Kipar i Gr\u010dka po\u010dinju radove na 1.520km dugom podmorskom kablu u 2018."},"content":{"rendered":"<h2>Radovi\u00a0 na elektri\u010dnom kablu koji \u0107e povezivati elektromre\u017ee Izraela, Kipra i Gr\u010dke trebalo bi da po\u010dnu u prvom kvartalu naredne godine i traju, kako se predvi\u0111a, do 2022.god.<\/h2>\n<p>Po re\u010dima rukovodioca projekta \u201c<a href=\"https:\/\/balkangreenenergynews.com\/rs\/grcka-kipar-egipat-bice-povezani-elektricnim-kablom\/\">Evro-azijski interkonektor<\/a>\u201d, Nasosa Ktoridesa, Izreal \u0107e dati saglasnost slede\u0107eg meseca, a odobrenje Gr\u010dke i Turske ozna\u010di\u0107e i zvani\u010dan po\u010detak relizacije projekta \u010dija \u0107e prva faza, prema procenama, ko\u0161tati 3.5 milijarde evra.<\/p>\n<p>Podmorski kabl du\u017eine 1.520 km ima\u0107e snagu 2.000 MW i preko njega \u0107e se struja i slati i primati.<\/p>\n<p>Projekat je rezultat pobolj\u0161anih odnosa izme\u0111u tri dr\u017eave, kao i otkric\u0301a depozita gasa u isto\u010dnom Mediteranu koji se mo\u017ee koristiti za proizvodnju elektri\u010dne energije.<\/p>\n<p>Evro-azijski interkonektor projekat je deo 195 klju\u010dnih infrastrukturnih energetskih projekata Evropske unije.\u00a0 Projekti od zajedni\u010dkog interesa (PCIs) pomo\u0107i \u0107e postizanju energetskih i klimatskih ciljeva EU i doprineti postepenoj izgradnji Energetske unije, integrisanjem energetskih tr\u017ei\u0161ta u Evropi i diversifikacijom izvora energije i transportnih ruta. Projekat \u0107e pomoc\u0301i c\u0301e da se okon\u010da energetska izolacija nekih dr\u017eava \u010dlanica,\u00a0 kao i da se pove\u0107a nivo obnivljivih izvora energije na mre\u017ei, smanjujuc\u0301i emisije ugljen-dioksida.<\/p>\n<p>Nepriznata Turska republika Severni Kipar u januaru ove godine ratifikovala je <a href=\"https:\/\/balkangreenenergynews.com\/rs\/severni-kipar-ratifikovao-energetski-sporazum-sa-turskom\/\">sporazum sa Turskom o izgradnji podvodnog kabla<\/a> za snabdevanje elektri\u010dnom energijom. Sporazum podrazumeva obnovu energetske infrastrukture, razvoj stabilnog sistema snabdevanja, izgradnju povezanog energetskog sistema, uzajamnu saradnju u oblasti obnovljivih izvora, primenu propisa u oblasti energetike i istra\u017eivanje novih izvora nafte i prirodnog gasa.<\/p>\n<p>Mesec dana kasnije, Gr\u010dka, Kipar i Egipat potpisali su <a href=\"https:\/\/balkangreenenergynews.com\/rs\/grcka-kipar-egipat-bice-povezani-elektricnim-kablom\/\">memorandum o izradi studije za izgradnju Evro-afri\u010dkog interkonektora<\/a>, podvodnog elektri\u010dnog kabla koji bi spojio energetske mre\u017ee te tri zemlje sa kontinentalnom Evropom. Kabl du\u017eine 1.648 kilometara bi\u0107e jedan od najdu\u017eih na svetu, ima\u0107e kapacitet od 2.000 MW, a izgradnja \u0107e trajati tri godine nakon izrade studije izvodljivosti.<\/p>\n<p>\u201cGr\u010dka \u0107e pove\u0107ati energetsku efikasnost i postati zna\u010dajan faktor na evropskoj energetskoj sceni, Kipar \u0107e postati energetsko \u010dvori\u0161te u jugoisto\u010dnom Mediteranu a Egipat \u0107e postati va\u017eno energetski centar za Afriku\u201d, rekao je Nasos Ktorides, tako\u0111e rukovodilac Evro-afri\u010dkog projekta, nagla\u0161avaju\u0107i prednosti ovog zajedni\u010dkog poduhvata za sve tri zemlje &#8211; u\u010desnice.<\/p>\n","protected":false},"excerpt":{"rendered":"<p>Radovi\u00a0 na elektri\u010dnom kablu koji \u0107e povezivati elektromre\u017ee Izraela, Kipra i Gr\u010dke trebalo bi da&#8230;<\/p>\n","protected":false},"author":25,"featured_media":14556,"comment_status":"open","ping_status":"closed","sticky":false,"template":"","format":"standard","meta":{"_acf_changed":false,"_monsterinsights_skip_tracking":false,"_monsterinsights_sitenote_active":false,"_monsterinsights_sitenote_note":"","_monsterinsights_sitenote_category":0,"footnotes":""},"categories":[504],"tags":[1208],"class_list":["post-14554","post","type-post","status-publish","format-standard","has-post-thumbnail","hentry","category-elektricna-energija","tag-podvodni-kabl","country-grcka","country-kipar"],"acf":[],"yoast_head":"<!-- This site is optimized with the Yoast SEO plugin v27.4 - https:\/\/yoast.com\/product\/yoast-seo-wordpress\/ -->\n<title>Izrael, Kipar i Gr\u010dka po\u010dinju radove na 1.520km dugom podmorskom kablu u 2018.<\/title>\n<meta name=\"description\" content=\"Radovi\u00a0 na elektri\u010dnom kablu koji \u0107e povezivati elektromre\u017ee Izraela, Kipra i Gr\u010dke trebalo bi da po\u010dnu u prvom kvartalu naredne godine i traju\" \/>\n<meta name=\"robots\" content=\"index, follow, max-snippet:-1, max-image-preview:large, max-video-preview:-1\" \/>\n<link rel=\"canonical\" href=\"https:\/\/balkangreenenergynews.com\/rs\/izrael-kipar-grcka-pocinju-radove-na-1-520km-dugom-podmorskom-kablu-u-2018\/\" \/>\n<meta property=\"og:locale\" content=\"sr_RS\" \/>\n<meta property=\"og:type\" content=\"article\" \/>\n<meta property=\"og:title\" content=\"Izrael, Kipar i Gr\u010dka po\u010dinju radove na 1.520km dugom podmorskom kablu u 2018.\" \/>\n<meta property=\"og:description\" content=\"Radovi\u00a0 na elektri\u010dnom kablu koji \u0107e povezivati elektromre\u017ee Izraela, Kipra i Gr\u010dke trebalo bi da po\u010dnu u prvom kvartalu naredne godine i traju\" \/>\n<meta property=\"og:url\" content=\"https:\/\/balkangreenenergynews.com\/rs\/izrael-kipar-grcka-pocinju-radove-na-1-520km-dugom-podmorskom-kablu-u-2018\/\" \/>\n<meta property=\"og:site_name\" content=\"Balkan Green Energy News\" \/>\n<meta property=\"article:published_time\" content=\"2017-10-17T21:54:57+00:00\" \/>\n<meta property=\"article:modified_time\" content=\"2018-12-09T10:54:25+00:00\" \/>\n<meta property=\"og:image\" content=\"https:\/\/balkangreenenergynews.com\/rs\/wp-content\/uploads\/2017\/10\/EuroAsia-Interconnection-map-1.jpg\" \/>\n\t<meta property=\"og:image:width\" content=\"800\" \/>\n\t<meta property=\"og:image:height\" content=\"455\" \/>\n\t<meta property=\"og:image:type\" content=\"image\/jpeg\" \/>\n<meta name=\"author\" content=\"Balkan Green Energy News\" \/>\n<meta name=\"twitter:card\" content=\"summary_large_image\" \/>\n<meta name=\"twitter:label1\" content=\"\u041d\u0430\u043f\u0438\u0441\u0430\u043d\u043e \u043e\u0434\" \/>\n\t<meta name=\"twitter:data1\" content=\"Balkan Green Energy News\" \/>\n\t<meta name=\"twitter:label2\" content=\"\u041f\u0440\u043e\u0446\u0435\u045a\u0435\u043d\u043e \u0432\u0440\u0435\u043c\u0435 \u0447\u0438\u0442\u0430\u045a\u0430\" \/>\n\t<meta name=\"twitter:data2\" content=\"2 \u043c\u0438\u043d\u0443\u0442\u0430\" \/>\n<script type=\"application\/ld+json\" class=\"yoast-schema-graph\">{\"@context\":\"https:\\\/\\\/schema.org\",\"@graph\":[{\"@type\":\"Article\",\"@id\":\"https:\\\/\\\/balkangreenenergynews.com\\\/rs\\\/izrael-kipar-grcka-pocinju-radove-na-1-520km-dugom-podmorskom-kablu-u-2018\\\/#article\",\"isPartOf\":{\"@id\":\"https:\\\/\\\/balkangreenenergynews.com\\\/rs\\\/izrael-kipar-grcka-pocinju-radove-na-1-520km-dugom-podmorskom-kablu-u-2018\\\/\"},\"author\":{\"name\":\"Balkan Green Energy News\",\"@id\":\"https:\\\/\\\/balkangreenenergynews.com\\\/rs\\\/#\\\/schema\\\/person\\\/dee275e6036b1a0f7ceaf956d79d4eff\"},\"headline\":\"Izrael, Kipar i Gr\u010dka po\u010dinju radove na 1.520km dugom podmorskom kablu u 2018.\",\"datePublished\":\"2017-10-17T21:54:57+00:00\",\"dateModified\":\"2018-12-09T10:54:25+00:00\",\"mainEntityOfPage\":{\"@id\":\"https:\\\/\\\/balkangreenenergynews.com\\\/rs\\\/izrael-kipar-grcka-pocinju-radove-na-1-520km-dugom-podmorskom-kablu-u-2018\\\/\"},\"wordCount\":398,\"commentCount\":0,\"image\":{\"@id\":\"https:\\\/\\\/balkangreenenergynews.com\\\/rs\\\/izrael-kipar-grcka-pocinju-radove-na-1-520km-dugom-podmorskom-kablu-u-2018\\\/#primaryimage\"},\"thumbnailUrl\":\"https:\\\/\\\/balkangreenenergynews.com\\\/rs\\\/wp-content\\\/uploads\\\/2017\\\/10\\\/EuroAsia-Interconnection-map-1.jpg?wsr\",\"keywords\":[\"podvodni kabl\"],\"articleSection\":[\"Elektri\u010dna energija\"],\"inLanguage\":\"sr-RS\",\"potentialAction\":[{\"@type\":\"CommentAction\",\"name\":\"Comment\",\"target\":[\"https:\\\/\\\/balkangreenenergynews.com\\\/rs\\\/izrael-kipar-grcka-pocinju-radove-na-1-520km-dugom-podmorskom-kablu-u-2018\\\/#respond\"]}]},{\"@type\":\"WebPage\",\"@id\":\"https:\\\/\\\/balkangreenenergynews.com\\\/rs\\\/izrael-kipar-grcka-pocinju-radove-na-1-520km-dugom-podmorskom-kablu-u-2018\\\/\",\"url\":\"https:\\\/\\\/balkangreenenergynews.com\\\/rs\\\/izrael-kipar-grcka-pocinju-radove-na-1-520km-dugom-podmorskom-kablu-u-2018\\\/\",\"name\":\"Izrael, Kipar i Gr\u010dka po\u010dinju radove na 1.520km dugom podmorskom kablu u 2018.\",\"isPartOf\":{\"@id\":\"https:\\\/\\\/balkangreenenergynews.com\\\/rs\\\/#website\"},\"primaryImageOfPage\":{\"@id\":\"https:\\\/\\\/balkangreenenergynews.com\\\/rs\\\/izrael-kipar-grcka-pocinju-radove-na-1-520km-dugom-podmorskom-kablu-u-2018\\\/#primaryimage\"},\"image\":{\"@id\":\"https:\\\/\\\/balkangreenenergynews.com\\\/rs\\\/izrael-kipar-grcka-pocinju-radove-na-1-520km-dugom-podmorskom-kablu-u-2018\\\/#primaryimage\"},\"thumbnailUrl\":\"https:\\\/\\\/balkangreenenergynews.com\\\/rs\\\/wp-content\\\/uploads\\\/2017\\\/10\\\/EuroAsia-Interconnection-map-1.jpg?wsr\",\"datePublished\":\"2017-10-17T21:54:57+00:00\",\"dateModified\":\"2018-12-09T10:54:25+00:00\",\"author\":{\"@id\":\"https:\\\/\\\/balkangreenenergynews.com\\\/rs\\\/#\\\/schema\\\/person\\\/dee275e6036b1a0f7ceaf956d79d4eff\"},\"description\":\"Radovi\u00a0 na elektri\u010dnom kablu koji \u0107e povezivati elektromre\u017ee Izraela, Kipra i Gr\u010dke trebalo bi da po\u010dnu u prvom kvartalu naredne godine i traju\",\"breadcrumb\":{\"@id\":\"https:\\\/\\\/balkangreenenergynews.com\\\/rs\\\/izrael-kipar-grcka-pocinju-radove-na-1-520km-dugom-podmorskom-kablu-u-2018\\\/#breadcrumb\"},\"inLanguage\":\"sr-RS\",\"potentialAction\":[{\"@type\":\"ReadAction\",\"target\":[\"https:\\\/\\\/balkangreenenergynews.com\\\/rs\\\/izrael-kipar-grcka-pocinju-radove-na-1-520km-dugom-podmorskom-kablu-u-2018\\\/\"]}]},{\"@type\":\"ImageObject\",\"inLanguage\":\"sr-RS\",\"@id\":\"https:\\\/\\\/balkangreenenergynews.com\\\/rs\\\/izrael-kipar-grcka-pocinju-radove-na-1-520km-dugom-podmorskom-kablu-u-2018\\\/#primaryimage\",\"url\":\"https:\\\/\\\/balkangreenenergynews.com\\\/rs\\\/wp-content\\\/uploads\\\/2017\\\/10\\\/EuroAsia-Interconnection-map-1.jpg?wsr\",\"contentUrl\":\"https:\\\/\\\/balkangreenenergynews.com\\\/rs\\\/wp-content\\\/uploads\\\/2017\\\/10\\\/EuroAsia-Interconnection-map-1.jpg?wsr\",\"width\":800,\"height\":455},{\"@type\":\"BreadcrumbList\",\"@id\":\"https:\\\/\\\/balkangreenenergynews.com\\\/rs\\\/izrael-kipar-grcka-pocinju-radove-na-1-520km-dugom-podmorskom-kablu-u-2018\\\/#breadcrumb\",\"itemListElement\":[{\"@type\":\"ListItem\",\"position\":1,\"name\":\"Po\u010detna\",\"item\":\"https:\\\/\\\/balkangreenenergynews.com\\\/rs\\\/\"},{\"@type\":\"ListItem\",\"position\":2,\"name\":\"Vesti\",\"item\":\"https:\\\/\\\/balkangreenenergynews.com\\\/rs\\\/kategorija\\\/vesti\\\/\"},{\"@type\":\"ListItem\",\"position\":3,\"name\":\"Elektri\u010dna energija\",\"item\":\"https:\\\/\\\/balkangreenenergynews.com\\\/rs\\\/kategorija\\\/vesti\\\/elektricna-energija\\\/\"},{\"@type\":\"ListItem\",\"position\":4,\"name\":\"Izrael, Kipar i Gr\u010dka po\u010dinju radove na 1.520km dugom podmorskom kablu u 2018.\"}]},{\"@type\":\"WebSite\",\"@id\":\"https:\\\/\\\/balkangreenenergynews.com\\\/rs\\\/#website\",\"url\":\"https:\\\/\\\/balkangreenenergynews.com\\\/rs\\\/\",\"name\":\"Balkan Green Energy News\",\"description\":\"Naj\u0161iri izbor vesti sa Balkana o zelenoj energiji\",\"potentialAction\":[{\"@type\":\"SearchAction\",\"target\":{\"@type\":\"EntryPoint\",\"urlTemplate\":\"https:\\\/\\\/balkangreenenergynews.com\\\/rs\\\/?s={search_term_string}\"},\"query-input\":{\"@type\":\"PropertyValueSpecification\",\"valueRequired\":true,\"valueName\":\"search_term_string\"}}],\"inLanguage\":\"sr-RS\"},{\"@type\":\"Person\",\"@id\":\"https:\\\/\\\/balkangreenenergynews.com\\\/rs\\\/#\\\/schema\\\/person\\\/dee275e6036b1a0f7ceaf956d79d4eff\",\"name\":\"Balkan Green Energy News\",\"url\":\"https:\\\/\\\/balkangreenenergynews.com\\\/rs\\\/author\\\/balkangreenenergynews\\\/\"}]}<\/script>\n<!-- \/ Yoast SEO plugin. -->","yoast_head_json":{"title":"Izrael, Kipar i Gr\u010dka po\u010dinju radove na 1.520km dugom podmorskom kablu u 2018.","description":"Radovi\u00a0 na elektri\u010dnom kablu koji \u0107e povezivati elektromre\u017ee Izraela, Kipra i Gr\u010dke trebalo bi da po\u010dnu u prvom kvartalu naredne godine i traju","robots":{"index":"index","follow":"follow","max-snippet":"max-snippet:-1","max-image-preview":"max-image-preview:large","max-video-preview":"max-video-preview:-1"},"canonical":"https:\/\/balkangreenenergynews.com\/rs\/izrael-kipar-grcka-pocinju-radove-na-1-520km-dugom-podmorskom-kablu-u-2018\/","og_locale":"sr_RS","og_type":"article","og_title":"Izrael, Kipar i Gr\u010dka po\u010dinju radove na 1.520km dugom podmorskom kablu u 2018.","og_description":"Radovi\u00a0 na elektri\u010dnom kablu koji \u0107e povezivati elektromre\u017ee Izraela, Kipra i Gr\u010dke trebalo bi da po\u010dnu u prvom kvartalu naredne godine i traju","og_url":"https:\/\/balkangreenenergynews.com\/rs\/izrael-kipar-grcka-pocinju-radove-na-1-520km-dugom-podmorskom-kablu-u-2018\/","og_site_name":"Balkan Green Energy News","article_published_time":"2017-10-17T21:54:57+00:00","article_modified_time":"2018-12-09T10:54:25+00:00","og_image":[{"width":800,"height":455,"url":"https:\/\/balkangreenenergynews.com\/rs\/wp-content\/uploads\/2017\/10\/EuroAsia-Interconnection-map-1.jpg","type":"image\/jpeg"}],"author":"Balkan Green Energy News","twitter_card":"summary_large_image","twitter_misc":{"\u041d\u0430\u043f\u0438\u0441\u0430\u043d\u043e \u043e\u0434":"Balkan Green Energy News","\u041f\u0440\u043e\u0446\u0435\u045a\u0435\u043d\u043e \u0432\u0440\u0435\u043c\u0435 \u0447\u0438\u0442\u0430\u045a\u0430":"2 \u043c\u0438\u043d\u0443\u0442\u0430"},"schema":{"@context":"https:\/\/schema.org","@graph":[{"@type":"Article","@id":"https:\/\/balkangreenenergynews.com\/rs\/izrael-kipar-grcka-pocinju-radove-na-1-520km-dugom-podmorskom-kablu-u-2018\/#article","isPartOf":{"@id":"https:\/\/balkangreenenergynews.com\/rs\/izrael-kipar-grcka-pocinju-radove-na-1-520km-dugom-podmorskom-kablu-u-2018\/"},"author":{"name":"Balkan Green Energy News","@id":"https:\/\/balkangreenenergynews.com\/rs\/#\/schema\/person\/dee275e6036b1a0f7ceaf956d79d4eff"},"headline":"Izrael, Kipar i Gr\u010dka po\u010dinju radove na 1.520km dugom podmorskom kablu u 2018.","datePublished":"2017-10-17T21:54:57+00:00","dateModified":"2018-12-09T10:54:25+00:00","mainEntityOfPage":{"@id":"https:\/\/balkangreenenergynews.com\/rs\/izrael-kipar-grcka-pocinju-radove-na-1-520km-dugom-podmorskom-kablu-u-2018\/"},"wordCount":398,"commentCount":0,"image":{"@id":"https:\/\/balkangreenenergynews.com\/rs\/izrael-kipar-grcka-pocinju-radove-na-1-520km-dugom-podmorskom-kablu-u-2018\/#primaryimage"},"thumbnailUrl":"https:\/\/balkangreenenergynews.com\/rs\/wp-content\/uploads\/2017\/10\/EuroAsia-Interconnection-map-1.jpg?wsr","keywords":["podvodni kabl"],"articleSection":["Elektri\u010dna energija"],"inLanguage":"sr-RS","potentialAction":[{"@type":"CommentAction","name":"Comment","target":["https:\/\/balkangreenenergynews.com\/rs\/izrael-kipar-grcka-pocinju-radove-na-1-520km-dugom-podmorskom-kablu-u-2018\/#respond"]}]},{"@type":"WebPage","@id":"https:\/\/balkangreenenergynews.com\/rs\/izrael-kipar-grcka-pocinju-radove-na-1-520km-dugom-podmorskom-kablu-u-2018\/","url":"https:\/\/balkangreenenergynews.com\/rs\/izrael-kipar-grcka-pocinju-radove-na-1-520km-dugom-podmorskom-kablu-u-2018\/","name":"Izrael, Kipar i Gr\u010dka po\u010dinju radove na 1.520km dugom podmorskom kablu u 2018.","isPartOf":{"@id":"https:\/\/balkangreenenergynews.com\/rs\/#website"},"primaryImageOfPage":{"@id":"https:\/\/balkangreenenergynews.com\/rs\/izrael-kipar-grcka-pocinju-radove-na-1-520km-dugom-podmorskom-kablu-u-2018\/#primaryimage"},"image":{"@id":"https:\/\/balkangreenenergynews.com\/rs\/izrael-kipar-grcka-pocinju-radove-na-1-520km-dugom-podmorskom-kablu-u-2018\/#primaryimage"},"thumbnailUrl":"https:\/\/balkangreenenergynews.com\/rs\/wp-content\/uploads\/2017\/10\/EuroAsia-Interconnection-map-1.jpg?wsr","datePublished":"2017-10-17T21:54:57+00:00","dateModified":"2018-12-09T10:54:25+00:00","author":{"@id":"https:\/\/balkangreenenergynews.com\/rs\/#\/schema\/person\/dee275e6036b1a0f7ceaf956d79d4eff"},"description":"Radovi\u00a0 na elektri\u010dnom kablu koji \u0107e povezivati elektromre\u017ee Izraela, Kipra i Gr\u010dke trebalo bi da po\u010dnu u prvom kvartalu naredne godine i traju","breadcrumb":{"@id":"https:\/\/balkangreenenergynews.com\/rs\/izrael-kipar-grcka-pocinju-radove-na-1-520km-dugom-podmorskom-kablu-u-2018\/#breadcrumb"},"inLanguage":"sr-RS","potentialAction":[{"@type":"ReadAction","target":["https:\/\/balkangreenenergynews.com\/rs\/izrael-kipar-grcka-pocinju-radove-na-1-520km-dugom-podmorskom-kablu-u-2018\/"]}]},{"@type":"ImageObject","inLanguage":"sr-RS","@id":"https:\/\/balkangreenenergynews.com\/rs\/izrael-kipar-grcka-pocinju-radove-na-1-520km-dugom-podmorskom-kablu-u-2018\/#primaryimage","url":"https:\/\/balkangreenenergynews.com\/rs\/wp-content\/uploads\/2017\/10\/EuroAsia-Interconnection-map-1.jpg?wsr","contentUrl":"https:\/\/balkangreenenergynews.com\/rs\/wp-content\/uploads\/2017\/10\/EuroAsia-Interconnection-map-1.jpg?wsr","width":800,"height":455},{"@type":"BreadcrumbList","@id":"https:\/\/balkangreenenergynews.com\/rs\/izrael-kipar-grcka-pocinju-radove-na-1-520km-dugom-podmorskom-kablu-u-2018\/#breadcrumb","itemListElement":[{"@type":"ListItem","position":1,"name":"Po\u010detna","item":"https:\/\/balkangreenenergynews.com\/rs\/"},{"@type":"ListItem","position":2,"name":"Vesti","item":"https:\/\/balkangreenenergynews.com\/rs\/kategorija\/vesti\/"},{"@type":"ListItem","position":3,"name":"Elektri\u010dna energija","item":"https:\/\/balkangreenenergynews.com\/rs\/kategorija\/vesti\/elektricna-energija\/"},{"@type":"ListItem","position":4,"name":"Izrael, Kipar i Gr\u010dka po\u010dinju radove na 1.520km dugom podmorskom kablu u 2018."}]},{"@type":"WebSite","@id":"https:\/\/balkangreenenergynews.com\/rs\/#website","url":"https:\/\/balkangreenenergynews.com\/rs\/","name":"Balkan Green Energy News","description":"Naj\u0161iri izbor vesti sa Balkana o zelenoj energiji","potentialAction":[{"@type":"SearchAction","target":{"@type":"EntryPoint","urlTemplate":"https:\/\/balkangreenenergynews.com\/rs\/?s={search_term_string}"},"query-input":{"@type":"PropertyValueSpecification","valueRequired":true,"valueName":"search_term_string"}}],"inLanguage":"sr-RS"},{"@type":"Person","@id":"https:\/\/balkangreenenergynews.com\/rs\/#\/schema\/person\/dee275e6036b1a0f7ceaf956d79d4eff","name":"Balkan Green Energy News","url":"https:\/\/balkangreenenergynews.com\/rs\/author\/balkangreenenergynews\/"}]}},"_links":{"self":[{"href":"https:\/\/balkangreenenergynews.com\/rs\/wp-json\/wp\/v2\/posts\/14554","targetHints":{"allow":["GET"]}}],"collection":[{"href":"https:\/\/balkangreenenergynews.com\/rs\/wp-json\/wp\/v2\/posts"}],"about":[{"href":"https:\/\/balkangreenenergynews.com\/rs\/wp-json\/wp\/v2\/types\/post"}],"author":[{"embeddable":true,"href":"https:\/\/balkangreenenergynews.com\/rs\/wp-json\/wp\/v2\/users\/25"}],"replies":[{"embeddable":true,"href":"https:\/\/balkangreenenergynews.com\/rs\/wp-json\/wp\/v2\/comments?post=14554"}],"version-history":[{"count":0,"href":"https:\/\/balkangreenenergynews.com\/rs\/wp-json\/wp\/v2\/posts\/14554\/revisions"}],"wp:featuredmedia":[{"embeddable":true,"href":"https:\/\/balkangreenenergynews.com\/rs\/wp-json\/wp\/v2\/media\/14556"}],"wp:attachment":[{"href":"https:\/\/balkangreenenergynews.com\/rs\/wp-json\/wp\/v2\/media?parent=14554"}],"wp:term":[{"taxonomy":"category","embeddable":true,"href":"https:\/\/balkangreenenergynews.com\/rs\/wp-json\/wp\/v2\/categories?post=14554"},{"taxonomy":"post_tag","embeddable":true,"href":"https:\/\/balkangreenenergynews.com\/rs\/wp-json\/wp\/v2\/tags?post=14554"}],"curies":[{"name":"wp","href":"https:\/\/api.w.org\/{rel}","templated":true}]}}