{"id":14464,"date":"2017-10-10T10:54:53","date_gmt":"2017-10-10T08:54:53","guid":{"rendered":"http:\/\/balkangreenenergynews.com\/rs\/?p=14464"},"modified":"2020-10-30T12:05:29","modified_gmt":"2020-10-30T11:05:29","slug":"video-druga-ljetnja-skola-energetske-zajednice-ohrid-2017","status":"publish","type":"post","link":"https:\/\/balkangreenenergynews.com\/rs\/video-druga-ljetnja-skola-energetske-zajednice-ohrid-2017\/","title":{"rendered":"VIDEO: Druga ljetnja \u0161kola Energetske zajednice, Ohrid 2017"},"content":{"rendered":"<p>Drugu godinu za redom u okviru Letnje \u0161kole Energetske zajednice, koju je organizovao Sekretarijat Energetske zajednice, u saradnji sa Vi\u0161egradskim fondom, GIZ projektom ORF-EE i Fakultetom elektrotehnike i informacionih tehnologija iz Skoplja, ugo\u0161\u0107ena je grupa visoko motiviranih mladih ljudi u Ohridu. Ljetna \u0161kola je bila prilika za mlade umjetnike iz jugoisto\u010dne Evrope, Evropske Unije i \u0161ire da steknu direktan uvid u aktuelne probleme u oblasti energije i odr\u017eivog razvoja, te istovremeno da doprinesu debati o energiji. Kako biste stekli uvid u atmosferu sa ovogodi\u0161njeg ljetnog programa u Ohridu, pogledajte kratki video.<\/p>\n<p><iframe loading=\"lazy\" title=\"Second Energy Community Summer School 2017, Ohrid, 26 August to 2 September 2017\" width=\"500\" height=\"281\" src=\"https:\/\/www.youtube.com\/embed\/UKjrgvLifKc?feature=oembed\" frameborder=\"0\" allow=\"accelerometer; autoplay; clipboard-write; encrypted-media; gyroscope; picture-in-picture; web-share\" referrerpolicy=\"strict-origin-when-cross-origin\" allowfullscreen><\/iframe><\/p>\n","protected":false},"excerpt":{"rendered":"<p>Drugu godinu za redom u okviru Letnje \u0161kole Energetske zajednice, koju je organizovao Sekretarijat Energetske&#8230;<\/p>\n","protected":false},"author":2,"featured_media":14466,"comment_status":"open","ping_status":"closed","sticky":false,"template":"","format":"standard","meta":{"_acf_changed":false,"_monsterinsights_skip_tracking":false,"_monsterinsights_sitenote_active":false,"_monsterinsights_sitenote_note":"","_monsterinsights_sitenote_category":0,"footnotes":""},"categories":[504,2260],"tags":[648,226],"class_list":["post-14464","post","type-post","status-publish","format-standard","has-post-thumbnail","hentry","category-elektricna-energija","category-letnja-skola-energetske-zajednice","tag-energetska-zajednica","tag-giz-orf-ee","country-regioneu","country-makedonija"],"acf":[],"yoast_head":"<!-- This site is optimized with the Yoast SEO plugin v27.4 - https:\/\/yoast.com\/product\/yoast-seo-wordpress\/ -->\n<title>VIDEO: Druga ljetnja \u0161kola Energetske zajednice, Ohrid 2017<\/title>\n<meta name=\"description\" content=\"Drugu godinu za redom u okviru Letnje \u0161kole Energetske zajednice, koju je organizovao Sekretarijat Energetske zajednice, u saradnji sa Vi\u0161egradskim fondom, GIZ projektom ORF-EE i Fakultetom elektrotehnike i informacionih tehnologija iz Skoplja, ugo\u0161\u0107ena je grupa visoko motiviranih mladih ljudi u Ohridu. Kako biste stekli uvid u atmosferu sa ovogodi\u0161njeg ljetnog programa u Ohridu, pogledajte kratki video.\" \/>\n<meta name=\"robots\" content=\"index, follow, max-snippet:-1, max-image-preview:large, max-video-preview:-1\" \/>\n<link rel=\"canonical\" href=\"https:\/\/balkangreenenergynews.com\/rs\/video-druga-ljetnja-skola-energetske-zajednice-ohrid-2017\/\" \/>\n<meta property=\"og:locale\" content=\"sr_RS\" \/>\n<meta property=\"og:type\" content=\"article\" \/>\n<meta property=\"og:title\" content=\"VIDEO: Druga ljetnja \u0161kola Energetske zajednice, Ohrid 2017\" \/>\n<meta property=\"og:description\" content=\"Drugu godinu za redom u okviru Letnje \u0161kole Energetske zajednice, koju je organizovao Sekretarijat Energetske zajednice, u saradnji sa Vi\u0161egradskim fondom, GIZ projektom ORF-EE i Fakultetom elektrotehnike i informacionih tehnologija iz Skoplja, ugo\u0161\u0107ena je grupa visoko motiviranih mladih ljudi u Ohridu. Kako biste stekli uvid u atmosferu sa ovogodi\u0161njeg ljetnog programa u Ohridu, pogledajte kratki video.\" \/>\n<meta property=\"og:url\" content=\"https:\/\/balkangreenenergynews.com\/rs\/video-druga-ljetnja-skola-energetske-zajednice-ohrid-2017\/\" \/>\n<meta property=\"og:site_name\" content=\"Balkan Green Energy News\" \/>\n<meta property=\"article:published_time\" content=\"2017-10-10T08:54:53+00:00\" \/>\n<meta property=\"article:modified_time\" content=\"2020-10-30T11:05:29+00:00\" \/>\n<meta property=\"og:image\" content=\"https:\/\/balkangreenenergynews.com\/rs\/wp-content\/uploads\/2017\/10\/Energy-COmmunity-Summer-School_web-1.jpg\" \/>\n\t<meta property=\"og:image:width\" content=\"795\" \/>\n\t<meta property=\"og:image:height\" content=\"407\" \/>\n\t<meta property=\"og:image:type\" content=\"image\/jpeg\" \/>\n<meta name=\"author\" content=\"Branislava Jovi\u010di\u0107\" \/>\n<meta name=\"twitter:card\" content=\"summary_large_image\" \/>\n<meta name=\"twitter:creator\" content=\"@https:\/\/twitter.com\/BranaJovicic\" \/>\n<meta name=\"twitter:label1\" content=\"\u041d\u0430\u043f\u0438\u0441\u0430\u043d\u043e \u043e\u0434\" \/>\n\t<meta name=\"twitter:data1\" content=\"Branislava Jovi\u010di\u0107\" \/>\n\t<meta name=\"twitter:label2\" content=\"\u041f\u0440\u043e\u0446\u0435\u045a\u0435\u043d\u043e \u0432\u0440\u0435\u043c\u0435 \u0447\u0438\u0442\u0430\u045a\u0430\" \/>\n\t<meta name=\"twitter:data2\" content=\"1 \u043c\u0438\u043d\u0443\u0442\" \/>\n<script type=\"application\/ld+json\" class=\"yoast-schema-graph\">{\"@context\":\"https:\\\/\\\/schema.org\",\"@graph\":[{\"@type\":\"Article\",\"@id\":\"https:\\\/\\\/balkangreenenergynews.com\\\/rs\\\/video-druga-ljetnja-skola-energetske-zajednice-ohrid-2017\\\/#article\",\"isPartOf\":{\"@id\":\"https:\\\/\\\/balkangreenenergynews.com\\\/rs\\\/video-druga-ljetnja-skola-energetske-zajednice-ohrid-2017\\\/\"},\"author\":{\"name\":\"Branislava Jovi\u010di\u0107\",\"@id\":\"https:\\\/\\\/balkangreenenergynews.com\\\/rs\\\/#\\\/schema\\\/person\\\/ff4e9f9457769ba580672215875f5b38\"},\"headline\":\"VIDEO: Druga ljetnja \u0161kola Energetske zajednice, Ohrid 2017\",\"datePublished\":\"2017-10-10T08:54:53+00:00\",\"dateModified\":\"2020-10-30T11:05:29+00:00\",\"mainEntityOfPage\":{\"@id\":\"https:\\\/\\\/balkangreenenergynews.com\\\/rs\\\/video-druga-ljetnja-skola-energetske-zajednice-ohrid-2017\\\/\"},\"wordCount\":107,\"commentCount\":0,\"image\":{\"@id\":\"https:\\\/\\\/balkangreenenergynews.com\\\/rs\\\/video-druga-ljetnja-skola-energetske-zajednice-ohrid-2017\\\/#primaryimage\"},\"thumbnailUrl\":\"https:\\\/\\\/balkangreenenergynews.com\\\/rs\\\/wp-content\\\/uploads\\\/2017\\\/10\\\/Energy-COmmunity-Summer-School_web-1.jpg?wsr\",\"keywords\":[\"Energetska zajednica\",\"GIZ ORF-EE\"],\"articleSection\":[\"Elektri\u010dna energija\",\"Letnja \u0161kola Energetske zajednice\"],\"inLanguage\":\"sr-RS\",\"potentialAction\":[{\"@type\":\"CommentAction\",\"name\":\"Comment\",\"target\":[\"https:\\\/\\\/balkangreenenergynews.com\\\/rs\\\/video-druga-ljetnja-skola-energetske-zajednice-ohrid-2017\\\/#respond\"]}]},{\"@type\":\"WebPage\",\"@id\":\"https:\\\/\\\/balkangreenenergynews.com\\\/rs\\\/video-druga-ljetnja-skola-energetske-zajednice-ohrid-2017\\\/\",\"url\":\"https:\\\/\\\/balkangreenenergynews.com\\\/rs\\\/video-druga-ljetnja-skola-energetske-zajednice-ohrid-2017\\\/\",\"name\":\"VIDEO: Druga ljetnja \u0161kola Energetske zajednice, Ohrid 2017\",\"isPartOf\":{\"@id\":\"https:\\\/\\\/balkangreenenergynews.com\\\/rs\\\/#website\"},\"primaryImageOfPage\":{\"@id\":\"https:\\\/\\\/balkangreenenergynews.com\\\/rs\\\/video-druga-ljetnja-skola-energetske-zajednice-ohrid-2017\\\/#primaryimage\"},\"image\":{\"@id\":\"https:\\\/\\\/balkangreenenergynews.com\\\/rs\\\/video-druga-ljetnja-skola-energetske-zajednice-ohrid-2017\\\/#primaryimage\"},\"thumbnailUrl\":\"https:\\\/\\\/balkangreenenergynews.com\\\/rs\\\/wp-content\\\/uploads\\\/2017\\\/10\\\/Energy-COmmunity-Summer-School_web-1.jpg?wsr\",\"datePublished\":\"2017-10-10T08:54:53+00:00\",\"dateModified\":\"2020-10-30T11:05:29+00:00\",\"author\":{\"@id\":\"https:\\\/\\\/balkangreenenergynews.com\\\/rs\\\/#\\\/schema\\\/person\\\/ff4e9f9457769ba580672215875f5b38\"},\"description\":\"Drugu godinu za redom u okviru Letnje \u0161kole Energetske zajednice, koju je organizovao Sekretarijat Energetske zajednice, u saradnji sa Vi\u0161egradskim fondom, GIZ projektom ORF-EE i Fakultetom elektrotehnike i informacionih tehnologija iz Skoplja, ugo\u0161\u0107ena je grupa visoko motiviranih mladih ljudi u Ohridu. Kako biste stekli uvid u atmosferu sa ovogodi\u0161njeg ljetnog programa u Ohridu, pogledajte kratki video.\",\"breadcrumb\":{\"@id\":\"https:\\\/\\\/balkangreenenergynews.com\\\/rs\\\/video-druga-ljetnja-skola-energetske-zajednice-ohrid-2017\\\/#breadcrumb\"},\"inLanguage\":\"sr-RS\",\"potentialAction\":[{\"@type\":\"ReadAction\",\"target\":[\"https:\\\/\\\/balkangreenenergynews.com\\\/rs\\\/video-druga-ljetnja-skola-energetske-zajednice-ohrid-2017\\\/\"]}]},{\"@type\":\"ImageObject\",\"inLanguage\":\"sr-RS\",\"@id\":\"https:\\\/\\\/balkangreenenergynews.com\\\/rs\\\/video-druga-ljetnja-skola-energetske-zajednice-ohrid-2017\\\/#primaryimage\",\"url\":\"https:\\\/\\\/balkangreenenergynews.com\\\/rs\\\/wp-content\\\/uploads\\\/2017\\\/10\\\/Energy-COmmunity-Summer-School_web-1.jpg?wsr\",\"contentUrl\":\"https:\\\/\\\/balkangreenenergynews.com\\\/rs\\\/wp-content\\\/uploads\\\/2017\\\/10\\\/Energy-COmmunity-Summer-School_web-1.jpg?wsr\",\"width\":795,\"height\":407,\"caption\":\"VIDEO: Druga ljetnja skola Energetske zajednice, Ohrid 2017\"},{\"@type\":\"BreadcrumbList\",\"@id\":\"https:\\\/\\\/balkangreenenergynews.com\\\/rs\\\/video-druga-ljetnja-skola-energetske-zajednice-ohrid-2017\\\/#breadcrumb\",\"itemListElement\":[{\"@type\":\"ListItem\",\"position\":1,\"name\":\"Po\u010detna\",\"item\":\"https:\\\/\\\/balkangreenenergynews.com\\\/rs\\\/\"},{\"@type\":\"ListItem\",\"position\":2,\"name\":\"GIZ ORF-EE\",\"item\":\"https:\\\/\\\/balkangreenenergynews.com\\\/rs\\\/kategorija\\\/giz-orf-ee\\\/\"},{\"@type\":\"ListItem\",\"position\":3,\"name\":\"VIDEO: Druga ljetnja \u0161kola Energetske zajednice, Ohrid 2017\"}]},{\"@type\":\"WebSite\",\"@id\":\"https:\\\/\\\/balkangreenenergynews.com\\\/rs\\\/#website\",\"url\":\"https:\\\/\\\/balkangreenenergynews.com\\\/rs\\\/\",\"name\":\"Balkan Green Energy News\",\"description\":\"Naj\u0161iri izbor vesti sa Balkana o zelenoj energiji\",\"potentialAction\":[{\"@type\":\"SearchAction\",\"target\":{\"@type\":\"EntryPoint\",\"urlTemplate\":\"https:\\\/\\\/balkangreenenergynews.com\\\/rs\\\/?s={search_term_string}\"},\"query-input\":{\"@type\":\"PropertyValueSpecification\",\"valueRequired\":true,\"valueName\":\"search_term_string\"}}],\"inLanguage\":\"sr-RS\"},{\"@type\":\"Person\",\"@id\":\"https:\\\/\\\/balkangreenenergynews.com\\\/rs\\\/#\\\/schema\\\/person\\\/ff4e9f9457769ba580672215875f5b38\",\"name\":\"Branislava Jovi\u010di\u0107\",\"description\":\"\u017divimo u vremenu koje je pred na\u0161u generaciju postavilo veoma va\u017ean zadatak. Nije na nama sva krivica za stanje u kojem se nalazi planeta, ali odgovornot svakako jeste. Zato usmerimo svoja znanja, ve\u0161tine i pamet ka pronala\u017eenju odr\u017eivih, pametnih i zelenih re\u0161enja.\",\"sameAs\":[\"https:\\\/\\\/www.linkedin.com\\\/in\\\/branislava-jovicic-043080a\\\/\",\"https:\\\/\\\/x.com\\\/https:\\\/\\\/twitter.com\\\/BranaJovicic\"],\"url\":\"https:\\\/\\\/balkangreenenergynews.com\\\/rs\\\/author\\\/bgen\\\/\"}]}<\/script>\n<!-- \/ Yoast SEO plugin. -->","yoast_head_json":{"title":"VIDEO: Druga ljetnja \u0161kola Energetske zajednice, Ohrid 2017","description":"Drugu godinu za redom u okviru Letnje \u0161kole Energetske zajednice, koju je organizovao Sekretarijat Energetske zajednice, u saradnji sa Vi\u0161egradskim fondom, GIZ projektom ORF-EE i Fakultetom elektrotehnike i informacionih tehnologija iz Skoplja, ugo\u0161\u0107ena je grupa visoko motiviranih mladih ljudi u Ohridu. Kako biste stekli uvid u atmosferu sa ovogodi\u0161njeg ljetnog programa u Ohridu, pogledajte kratki video.","robots":{"index":"index","follow":"follow","max-snippet":"max-snippet:-1","max-image-preview":"max-image-preview:large","max-video-preview":"max-video-preview:-1"},"canonical":"https:\/\/balkangreenenergynews.com\/rs\/video-druga-ljetnja-skola-energetske-zajednice-ohrid-2017\/","og_locale":"sr_RS","og_type":"article","og_title":"VIDEO: Druga ljetnja \u0161kola Energetske zajednice, Ohrid 2017","og_description":"Drugu godinu za redom u okviru Letnje \u0161kole Energetske zajednice, koju je organizovao Sekretarijat Energetske zajednice, u saradnji sa Vi\u0161egradskim fondom, GIZ projektom ORF-EE i Fakultetom elektrotehnike i informacionih tehnologija iz Skoplja, ugo\u0161\u0107ena je grupa visoko motiviranih mladih ljudi u Ohridu. Kako biste stekli uvid u atmosferu sa ovogodi\u0161njeg ljetnog programa u Ohridu, pogledajte kratki video.","og_url":"https:\/\/balkangreenenergynews.com\/rs\/video-druga-ljetnja-skola-energetske-zajednice-ohrid-2017\/","og_site_name":"Balkan Green Energy News","article_published_time":"2017-10-10T08:54:53+00:00","article_modified_time":"2020-10-30T11:05:29+00:00","og_image":[{"width":795,"height":407,"url":"https:\/\/balkangreenenergynews.com\/rs\/wp-content\/uploads\/2017\/10\/Energy-COmmunity-Summer-School_web-1.jpg","type":"image\/jpeg"}],"author":"Branislava Jovi\u010di\u0107","twitter_card":"summary_large_image","twitter_creator":"@https:\/\/twitter.com\/BranaJovicic","twitter_misc":{"\u041d\u0430\u043f\u0438\u0441\u0430\u043d\u043e \u043e\u0434":"Branislava Jovi\u010di\u0107","\u041f\u0440\u043e\u0446\u0435\u045a\u0435\u043d\u043e \u0432\u0440\u0435\u043c\u0435 \u0447\u0438\u0442\u0430\u045a\u0430":"1 \u043c\u0438\u043d\u0443\u0442"},"schema":{"@context":"https:\/\/schema.org","@graph":[{"@type":"Article","@id":"https:\/\/balkangreenenergynews.com\/rs\/video-druga-ljetnja-skola-energetske-zajednice-ohrid-2017\/#article","isPartOf":{"@id":"https:\/\/balkangreenenergynews.com\/rs\/video-druga-ljetnja-skola-energetske-zajednice-ohrid-2017\/"},"author":{"name":"Branislava Jovi\u010di\u0107","@id":"https:\/\/balkangreenenergynews.com\/rs\/#\/schema\/person\/ff4e9f9457769ba580672215875f5b38"},"headline":"VIDEO: Druga ljetnja \u0161kola Energetske zajednice, Ohrid 2017","datePublished":"2017-10-10T08:54:53+00:00","dateModified":"2020-10-30T11:05:29+00:00","mainEntityOfPage":{"@id":"https:\/\/balkangreenenergynews.com\/rs\/video-druga-ljetnja-skola-energetske-zajednice-ohrid-2017\/"},"wordCount":107,"commentCount":0,"image":{"@id":"https:\/\/balkangreenenergynews.com\/rs\/video-druga-ljetnja-skola-energetske-zajednice-ohrid-2017\/#primaryimage"},"thumbnailUrl":"https:\/\/balkangreenenergynews.com\/rs\/wp-content\/uploads\/2017\/10\/Energy-COmmunity-Summer-School_web-1.jpg?wsr","keywords":["Energetska zajednica","GIZ ORF-EE"],"articleSection":["Elektri\u010dna energija","Letnja \u0161kola Energetske zajednice"],"inLanguage":"sr-RS","potentialAction":[{"@type":"CommentAction","name":"Comment","target":["https:\/\/balkangreenenergynews.com\/rs\/video-druga-ljetnja-skola-energetske-zajednice-ohrid-2017\/#respond"]}]},{"@type":"WebPage","@id":"https:\/\/balkangreenenergynews.com\/rs\/video-druga-ljetnja-skola-energetske-zajednice-ohrid-2017\/","url":"https:\/\/balkangreenenergynews.com\/rs\/video-druga-ljetnja-skola-energetske-zajednice-ohrid-2017\/","name":"VIDEO: Druga ljetnja \u0161kola Energetske zajednice, Ohrid 2017","isPartOf":{"@id":"https:\/\/balkangreenenergynews.com\/rs\/#website"},"primaryImageOfPage":{"@id":"https:\/\/balkangreenenergynews.com\/rs\/video-druga-ljetnja-skola-energetske-zajednice-ohrid-2017\/#primaryimage"},"image":{"@id":"https:\/\/balkangreenenergynews.com\/rs\/video-druga-ljetnja-skola-energetske-zajednice-ohrid-2017\/#primaryimage"},"thumbnailUrl":"https:\/\/balkangreenenergynews.com\/rs\/wp-content\/uploads\/2017\/10\/Energy-COmmunity-Summer-School_web-1.jpg?wsr","datePublished":"2017-10-10T08:54:53+00:00","dateModified":"2020-10-30T11:05:29+00:00","author":{"@id":"https:\/\/balkangreenenergynews.com\/rs\/#\/schema\/person\/ff4e9f9457769ba580672215875f5b38"},"description":"Drugu godinu za redom u okviru Letnje \u0161kole Energetske zajednice, koju je organizovao Sekretarijat Energetske zajednice, u saradnji sa Vi\u0161egradskim fondom, GIZ projektom ORF-EE i Fakultetom elektrotehnike i informacionih tehnologija iz Skoplja, ugo\u0161\u0107ena je grupa visoko motiviranih mladih ljudi u Ohridu. Kako biste stekli uvid u atmosferu sa ovogodi\u0161njeg ljetnog programa u Ohridu, pogledajte kratki video.","breadcrumb":{"@id":"https:\/\/balkangreenenergynews.com\/rs\/video-druga-ljetnja-skola-energetske-zajednice-ohrid-2017\/#breadcrumb"},"inLanguage":"sr-RS","potentialAction":[{"@type":"ReadAction","target":["https:\/\/balkangreenenergynews.com\/rs\/video-druga-ljetnja-skola-energetske-zajednice-ohrid-2017\/"]}]},{"@type":"ImageObject","inLanguage":"sr-RS","@id":"https:\/\/balkangreenenergynews.com\/rs\/video-druga-ljetnja-skola-energetske-zajednice-ohrid-2017\/#primaryimage","url":"https:\/\/balkangreenenergynews.com\/rs\/wp-content\/uploads\/2017\/10\/Energy-COmmunity-Summer-School_web-1.jpg?wsr","contentUrl":"https:\/\/balkangreenenergynews.com\/rs\/wp-content\/uploads\/2017\/10\/Energy-COmmunity-Summer-School_web-1.jpg?wsr","width":795,"height":407,"caption":"VIDEO: Druga ljetnja skola Energetske zajednice, Ohrid 2017"},{"@type":"BreadcrumbList","@id":"https:\/\/balkangreenenergynews.com\/rs\/video-druga-ljetnja-skola-energetske-zajednice-ohrid-2017\/#breadcrumb","itemListElement":[{"@type":"ListItem","position":1,"name":"Po\u010detna","item":"https:\/\/balkangreenenergynews.com\/rs\/"},{"@type":"ListItem","position":2,"name":"GIZ ORF-EE","item":"https:\/\/balkangreenenergynews.com\/rs\/kategorija\/giz-orf-ee\/"},{"@type":"ListItem","position":3,"name":"VIDEO: Druga ljetnja \u0161kola Energetske zajednice, Ohrid 2017"}]},{"@type":"WebSite","@id":"https:\/\/balkangreenenergynews.com\/rs\/#website","url":"https:\/\/balkangreenenergynews.com\/rs\/","name":"Balkan Green Energy News","description":"Naj\u0161iri izbor vesti sa Balkana o zelenoj energiji","potentialAction":[{"@type":"SearchAction","target":{"@type":"EntryPoint","urlTemplate":"https:\/\/balkangreenenergynews.com\/rs\/?s={search_term_string}"},"query-input":{"@type":"PropertyValueSpecification","valueRequired":true,"valueName":"search_term_string"}}],"inLanguage":"sr-RS"},{"@type":"Person","@id":"https:\/\/balkangreenenergynews.com\/rs\/#\/schema\/person\/ff4e9f9457769ba580672215875f5b38","name":"Branislava Jovi\u010di\u0107","description":"\u017divimo u vremenu koje je pred na\u0161u generaciju postavilo veoma va\u017ean zadatak. Nije na nama sva krivica za stanje u kojem se nalazi planeta, ali odgovornot svakako jeste. Zato usmerimo svoja znanja, ve\u0161tine i pamet ka pronala\u017eenju odr\u017eivih, pametnih i zelenih re\u0161enja.","sameAs":["https:\/\/www.linkedin.com\/in\/branislava-jovicic-043080a\/","https:\/\/x.com\/https:\/\/twitter.com\/BranaJovicic"],"url":"https:\/\/balkangreenenergynews.com\/rs\/author\/bgen\/"}]}},"_links":{"self":[{"href":"https:\/\/balkangreenenergynews.com\/rs\/wp-json\/wp\/v2\/posts\/14464","targetHints":{"allow":["GET"]}}],"collection":[{"href":"https:\/\/balkangreenenergynews.com\/rs\/wp-json\/wp\/v2\/posts"}],"about":[{"href":"https:\/\/balkangreenenergynews.com\/rs\/wp-json\/wp\/v2\/types\/post"}],"author":[{"embeddable":true,"href":"https:\/\/balkangreenenergynews.com\/rs\/wp-json\/wp\/v2\/users\/2"}],"replies":[{"embeddable":true,"href":"https:\/\/balkangreenenergynews.com\/rs\/wp-json\/wp\/v2\/comments?post=14464"}],"version-history":[{"count":0,"href":"https:\/\/balkangreenenergynews.com\/rs\/wp-json\/wp\/v2\/posts\/14464\/revisions"}],"wp:featuredmedia":[{"embeddable":true,"href":"https:\/\/balkangreenenergynews.com\/rs\/wp-json\/wp\/v2\/media\/14466"}],"wp:attachment":[{"href":"https:\/\/balkangreenenergynews.com\/rs\/wp-json\/wp\/v2\/media?parent=14464"}],"wp:term":[{"taxonomy":"category","embeddable":true,"href":"https:\/\/balkangreenenergynews.com\/rs\/wp-json\/wp\/v2\/categories?post=14464"},{"taxonomy":"post_tag","embeddable":true,"href":"https:\/\/balkangreenenergynews.com\/rs\/wp-json\/wp\/v2\/tags?post=14464"}],"curies":[{"name":"wp","href":"https:\/\/api.w.org\/{rel}","templated":true}]}}