{"id":14397,"date":"2017-10-04T22:08:20","date_gmt":"2017-10-04T20:08:20","guid":{"rendered":"http:\/\/balkangreenenergynews.com\/rs\/?p=14397"},"modified":"2017-10-04T22:14:33","modified_gmt":"2017-10-04T20:14:33","slug":"otvoreni-medunarodni-sajmovi-energetike-zivotne-sredine-i-urbanih-pametnih-tehnologija-u-beogradu","status":"publish","type":"post","link":"https:\/\/balkangreenenergynews.com\/rs\/otvoreni-medunarodni-sajmovi-energetike-zivotne-sredine-i-urbanih-pametnih-tehnologija-u-beogradu\/","title":{"rendered":"Otvoreni me\u0111unarodni sajmovi energetike, \u017eivotne sredine i urbanih pametnih tehnologija u Beogradu"},"content":{"rendered":"<h2>Na Beogradskom sajmu danas su otvoreni me\u0111unarodni sajmovi energetike, \u017eivotne sredine i urbanih pamentih tehnologija na kojima u\u010destvuje vi\u0161e od 150 doma\u0107ih i stranih izlaga\u010da. Pored predstavljanja novih tehnologija, ovi sajmovi pru\u017eaju priliku da se na razli\u010ditim prate\u0107im konferencijama i debatama razmotre najva\u017enija pitanja u oblasti energetike i \u017eivotne sredine za Srbiju i region i \u010duju razli\u010dite stru\u010dne analize.<\/h2>\n<p>Trinaesti me\u0111unarodni sajam energetike, 14. me\u0111unarodni sajam za\u0161tite \u017eivotne sredine i prirodnih resursa \u2013 EcoFair i 6. iSEC \u2013 Me\u0111unarodni sajam urbanih pametnih tehnologija \u2013 Pametni i sigurni gradovi, odr\u017eavaju se od 4. do 6. oktobra pod sloganom &#8222;Nova energija \u2013 pametni gradovi&#8220;.<\/p>\n<p>Sajam energetike je godi\u0161nje i regionalno okupljanje kompanija, korporacija, institucija i stru\u010dnjaka iz sektora elektri\u010dne energije, uglja, nafte i gasa, obnovljivih izvora energije, energetske efikasnosti i rudarstva. EcoFair je posve\u0107en sistemima i mehanizmima za\u0161tite \u017eivotne sredine, dok je 6. iSEC posve\u0107en visokim tehnologijama u funkciji urbanih servisa svojstvenih &#8222;pametnim i sigurnim gradovima&#8220;.<\/p>\n<h3><span style=\"\">Filipovi\u0107: Ugalj dominantan, ali treba ulagati u OIE i energetsku efikasnost\u00a0<\/span><\/h3>\n<p>Dr\u017eavna sekretaraka u Ministarstvu rudarstva i energetike Mirjana Filipovi\u0107 je otvaraju\u0107i sajmove rekla da je to ministarstvo prepoznalo da je, pored tradicionalnih izvora energije, potrebno ulagati i u obnovljive izvore i energetsku efikasnost. Ona je rekla da ugalj, kao glavni resurs Srbije, treba da se koristi na pametan na\u010din.<\/p>\n<p>U Srbiji se dve tre\u0107ine elektri\u010dne energije proizvodi u termoelektranama a jedna tre\u0107ina u hidroelektrana.\u00a0 Vr\u0161ilac du\u017enosti direktora Elektroprivrede Srbije (EPS) Milorad Gr\u010di\u0107 je rekao da se hidroenergetski sektor ne mo\u017ee potceniti, najaviv\u0161i da \u0107e slede\u0107e nedelje biti pu\u0161ten u rad hidroagretgat A1 na hidroelektrani \u0110erdap 1. Taj agregat je remontovan posle dve godine i pored odre\u0111enih problema sa ruskim partnerom oko remonta.<\/p>\n<p>Tako\u0111e, EPS za sada ima dovoljno kapaciteta da balansira 500 MW elekti\u010dne energije iz vetroparkova koliko se o\u010dekuje da bude izgra\u0111eno u naredne tri godine, rekao je izvr\u0161ni direktor EPS-a za poslove trgovine elektri\u010dnom energijom Dragan Vlaisavljevi\u0107 na sesiji posve\u0107enoj pametnim gradovima.<\/p>\n<p>Srbija bi mogla da te kapacitete pove\u0107a na 1.000 MW posle 2021. godine, ako resorno ministarstvo tako odlu\u010di, ali se onda postavlja pitanje da li bi imala dovoljno kapaciteta za balasiranje, odnosno da tu struju, kada je neophodno zbog vremenskih prilika, nadoknadi iz drugih izvora, dodao je Vlaisavljevi\u0107.<\/p>\n<h3><span style=\"\">Energetski pametni gradovi u sredi\u0161tu odr\u017eivog energetskog razvoja<\/span><\/h3>\n<p>Kori\u0161\u0107enje obnovljivih izvora energije je jedna od odlika i pametnih gradova. Pomo\u0107nik ministra rudarstva i energetike Milo\u0161 Banjac je rekao\u00a0da je energetski pametan grad visoko energtski i resursno efikasan grad, da primenjuje informacione i komunikacione tehnologije, a da ga odlikuju otpornost, energetska efikasnost, pametno osvetljenje i transport, kao i pameti integrisani sistemi daljinskog grejanja i hla\u0111ena.<\/p>\n<p>U svetu je u gradovima 2010. godine \u017eivelo 52 odsto stanovni\u0161tva, a o\u010dekuje se da taj procenat porste na 66 odsto do 2050. godine. To stanovni\u0161to pritom koristi 70 odsto energije u svetu, rekao je Banjac i dodao da je za razvoj dru\u0161tva dominatno pra\u0107enje potro\u0161nju energije.<\/p>\n<h3><span style=\"\">Problem naplate ekolo\u0161kih taksi i nenamenskog tro\u0161enja<\/span><\/h3>\n<p>Pred Srbijom su brojni izazovi u domenu \u017eivotne sredine, uklju\u010duju\u0107i usagla\u0161avanje sa propisima EU, a jedan od prioriteta novoosnovanog Ministarstva za\u0161tite \u017eivotne sredine je ja\u010danje administrativnih kapaciteta i po\u010detak finansiranja projekata iz Zelenog fonda.<\/p>\n<p>Pomo\u0107nik ministra za\u0161tite \u017eivotne sredine Aleksandar Vesi\u0107 rekao je na panelu o javnim politikama u oblasti \u017eivotne sredine da u ministarstvu, Agenciji za za\u0161titu \u017eivotne sredine i inspekciji radi 250 zaposlenih, ali da je izdejstvovano da se u naredne dve do tri godine zaposli jo\u0161 170 ljudi, uglavnom mladih kako bi u godinama koje dolaze zemlja imala stru\u010dnjake za ovu oblast.<\/p>\n<p>On je rekao da uskoro treba da bude usvojena uredba na osnovu koje \u0107e biti raspisan konkurs za projekte koji \u0107e se finansirati iz Zelenog fonda slede\u0107e godine. Izbor projekata \u0107e omogu\u0107iti da se programiraju sredstva za to u bud\u017eetu za narednu godinu.<\/p>\n<p>Delegacija Evropske unije u Srbiji je rekla da mora da se unapredi rad Zelenog fonda, kao i da se obezbedi namensko tro\u0161enje sredstava, rekao je Vesi\u0107.<\/p>\n<p>U Srbiji se po osnovu razli\u010ditih taksi na ime zaga\u0111enja, poput takse za zaga\u0111enje vazduha, za pra\u0161kaste materije, emisije ugljen dioksida i drugih gasova, plasti\u010dne kese, slivaju sredstva u bud\u017eet ali se ona nu\u017eno ne koriste za finansiranje u oblasti \u017eivotne sredine.<\/p>\n<p>Pro\u0161le godine 50 do 60 miliona evra je napla\u0107eno na ime eko taksi, a za \u017eivotnu sredinu je izdvojeno oko 17-18 milioan evra, rekao je Vesi\u0107.<\/p>\n<p>Ta sredstva se ne slivaju direktno u Zeleni fond ve\u0107 se sredstva raspodeljuju unutar bud\u017eeta. Ministar za\u0161tite \u017eivotne sredine je pokrenulo to pitanje, rekao je Vesi\u0107.<\/p>\n<p>Sini\u0161a Mitrovi\u0107 iz Privredne komore Srbije rekao je da bi po osnovu ekolo\u0161kih taksi trebalo godi\u0161nje da se prikupi oko 100 miliona evra.<\/p>\n<p>Pojedina preduze\u0107a, me\u0111utim, nisu dostavila Agenciji za za\u0161titu \u017eivotne sredine izve\u0161taje neophodne za obra\u010dun i naplatu taksi. U nekim slu\u010dajevima su ih sudovi osloba\u0111ali te obaveze, progla\u0161avaju\u0107i Agenciju nenadle\u017enom, re\u010deno je na skupu.<\/p>\n<p>Vesi\u0107 je rekao da je zbog toga uveden sistem prinudne naplate.<\/p>\n","protected":false},"excerpt":{"rendered":"<p>Na Beogradskom sajmu danas su otvoreni me\u0111unarodni sajmovi energetike, \u017eivotne sredine i urbanih pamentih tehnologija&#8230;<\/p>\n","protected":false},"author":2,"featured_media":14402,"comment_status":"open","ping_status":"closed","sticky":false,"template":"","format":"standard","meta":{"_acf_changed":false,"_monsterinsights_skip_tracking":false,"_monsterinsights_sitenote_active":false,"_monsterinsights_sitenote_note":"","_monsterinsights_sitenote_category":0,"footnotes":""},"categories":[504,3,1,4],"tags":[2773,190,313,2772,1359,884],"class_list":["post-14397","post","type-post","status-publish","format-standard","has-post-thumbnail","hentry","category-elektricna-energija","category-energetska-efikasnost","category-obnovljivi-izvori-energije","category-zivotna-sredina","tag-dragan-vlaisavljevic","tag-eps","tag-milorad-grcic","tag-he-derdap","tag-sinisa-mitrovic","tag-zeleni-fond","country-srbija"],"acf":[],"yoast_head":"<!-- This site is optimized with the Yoast SEO plugin v27.4 - https:\/\/yoast.com\/product\/yoast-seo-wordpress\/ -->\n<title>Otvoreni me\u0111unarodni sajmovi energetike, \u017eivotne sredine i urbanih pametnih tehnologija u Beogradu<\/title>\n<meta name=\"description\" content=\"Na Beogradskom sajmu danas su otvoreni me\u0111unarodni sajmovi energetike, \u017eivotne sredine i urbanih pamentih tehnologija sa vi\u0161e od 150 izlaga\u010da.\" \/>\n<meta name=\"robots\" content=\"index, follow, max-snippet:-1, max-image-preview:large, max-video-preview:-1\" \/>\n<link rel=\"canonical\" href=\"https:\/\/balkangreenenergynews.com\/rs\/otvoreni-medunarodni-sajmovi-energetike-zivotne-sredine-i-urbanih-pametnih-tehnologija-u-beogradu\/\" \/>\n<meta property=\"og:locale\" content=\"sr_RS\" \/>\n<meta property=\"og:type\" content=\"article\" \/>\n<meta property=\"og:title\" content=\"Otvoreni me\u0111unarodni sajmovi energetike, \u017eivotne sredine i urbanih pametnih tehnologija u Beogradu\" \/>\n<meta property=\"og:description\" content=\"Na Beogradskom sajmu danas su otvoreni me\u0111unarodni sajmovi energetike, \u017eivotne sredine i urbanih pamentih tehnologija sa vi\u0161e od 150 izlaga\u010da.\" \/>\n<meta property=\"og:url\" content=\"https:\/\/balkangreenenergynews.com\/rs\/otvoreni-medunarodni-sajmovi-energetike-zivotne-sredine-i-urbanih-pametnih-tehnologija-u-beogradu\/\" \/>\n<meta property=\"og:site_name\" content=\"Balkan Green Energy News\" \/>\n<meta property=\"article:published_time\" content=\"2017-10-04T20:08:20+00:00\" \/>\n<meta property=\"article:modified_time\" content=\"2017-10-04T20:14:33+00:00\" \/>\n<meta property=\"og:image\" content=\"https:\/\/balkangreenenergynews.com\/rs\/wp-content\/uploads\/2017\/10\/Belgrade-fair-energy-ecofair.jpg\" \/>\n\t<meta property=\"og:image:width\" content=\"795\" \/>\n\t<meta property=\"og:image:height\" content=\"407\" \/>\n\t<meta property=\"og:image:type\" content=\"image\/jpeg\" \/>\n<meta name=\"author\" content=\"Branislava Jovi\u010di\u0107\" \/>\n<meta name=\"twitter:card\" content=\"summary_large_image\" \/>\n<meta name=\"twitter:creator\" content=\"@https:\/\/twitter.com\/BranaJovicic\" \/>\n<meta name=\"twitter:label1\" content=\"\u041d\u0430\u043f\u0438\u0441\u0430\u043d\u043e \u043e\u0434\" \/>\n\t<meta name=\"twitter:data1\" content=\"Branislava Jovi\u010di\u0107\" \/>\n\t<meta name=\"twitter:label2\" content=\"\u041f\u0440\u043e\u0446\u0435\u045a\u0435\u043d\u043e \u0432\u0440\u0435\u043c\u0435 \u0447\u0438\u0442\u0430\u045a\u0430\" \/>\n\t<meta name=\"twitter:data2\" content=\"4 \u043c\u0438\u043d\u0443\u0442\u0430\" \/>\n<script type=\"application\/ld+json\" class=\"yoast-schema-graph\">{\"@context\":\"https:\\\/\\\/schema.org\",\"@graph\":[{\"@type\":\"Article\",\"@id\":\"https:\\\/\\\/balkangreenenergynews.com\\\/rs\\\/otvoreni-medunarodni-sajmovi-energetike-zivotne-sredine-i-urbanih-pametnih-tehnologija-u-beogradu\\\/#article\",\"isPartOf\":{\"@id\":\"https:\\\/\\\/balkangreenenergynews.com\\\/rs\\\/otvoreni-medunarodni-sajmovi-energetike-zivotne-sredine-i-urbanih-pametnih-tehnologija-u-beogradu\\\/\"},\"author\":{\"name\":\"Branislava Jovi\u010di\u0107\",\"@id\":\"https:\\\/\\\/balkangreenenergynews.com\\\/rs\\\/#\\\/schema\\\/person\\\/ff4e9f9457769ba580672215875f5b38\"},\"headline\":\"Otvoreni me\u0111unarodni sajmovi energetike, \u017eivotne sredine i urbanih pametnih tehnologija u Beogradu\",\"datePublished\":\"2017-10-04T20:08:20+00:00\",\"dateModified\":\"2017-10-04T20:14:33+00:00\",\"mainEntityOfPage\":{\"@id\":\"https:\\\/\\\/balkangreenenergynews.com\\\/rs\\\/otvoreni-medunarodni-sajmovi-energetike-zivotne-sredine-i-urbanih-pametnih-tehnologija-u-beogradu\\\/\"},\"wordCount\":897,\"commentCount\":0,\"image\":{\"@id\":\"https:\\\/\\\/balkangreenenergynews.com\\\/rs\\\/otvoreni-medunarodni-sajmovi-energetike-zivotne-sredine-i-urbanih-pametnih-tehnologija-u-beogradu\\\/#primaryimage\"},\"thumbnailUrl\":\"https:\\\/\\\/balkangreenenergynews.com\\\/rs\\\/wp-content\\\/uploads\\\/2017\\\/10\\\/Belgrade-fair-energy-ecofair.jpg?wsr\",\"keywords\":[\"Dragan Vlaisavljevi\u0107\",\"EPS\",\"Milorad Gr\u010di\u0107\",\"RHE \u0110erdap 3\",\"Sini\u0161a Mitrovi\u0107\",\"Zeleni fond\"],\"articleSection\":[\"Elektri\u010dna energija\",\"Energetska efikasnost\",\"OIE\",\"\u017divotna sredina\"],\"inLanguage\":\"sr-RS\",\"potentialAction\":[{\"@type\":\"CommentAction\",\"name\":\"Comment\",\"target\":[\"https:\\\/\\\/balkangreenenergynews.com\\\/rs\\\/otvoreni-medunarodni-sajmovi-energetike-zivotne-sredine-i-urbanih-pametnih-tehnologija-u-beogradu\\\/#respond\"]}]},{\"@type\":\"WebPage\",\"@id\":\"https:\\\/\\\/balkangreenenergynews.com\\\/rs\\\/otvoreni-medunarodni-sajmovi-energetike-zivotne-sredine-i-urbanih-pametnih-tehnologija-u-beogradu\\\/\",\"url\":\"https:\\\/\\\/balkangreenenergynews.com\\\/rs\\\/otvoreni-medunarodni-sajmovi-energetike-zivotne-sredine-i-urbanih-pametnih-tehnologija-u-beogradu\\\/\",\"name\":\"Otvoreni me\u0111unarodni sajmovi energetike, \u017eivotne sredine i urbanih pametnih tehnologija u Beogradu\",\"isPartOf\":{\"@id\":\"https:\\\/\\\/balkangreenenergynews.com\\\/rs\\\/#website\"},\"primaryImageOfPage\":{\"@id\":\"https:\\\/\\\/balkangreenenergynews.com\\\/rs\\\/otvoreni-medunarodni-sajmovi-energetike-zivotne-sredine-i-urbanih-pametnih-tehnologija-u-beogradu\\\/#primaryimage\"},\"image\":{\"@id\":\"https:\\\/\\\/balkangreenenergynews.com\\\/rs\\\/otvoreni-medunarodni-sajmovi-energetike-zivotne-sredine-i-urbanih-pametnih-tehnologija-u-beogradu\\\/#primaryimage\"},\"thumbnailUrl\":\"https:\\\/\\\/balkangreenenergynews.com\\\/rs\\\/wp-content\\\/uploads\\\/2017\\\/10\\\/Belgrade-fair-energy-ecofair.jpg?wsr\",\"datePublished\":\"2017-10-04T20:08:20+00:00\",\"dateModified\":\"2017-10-04T20:14:33+00:00\",\"author\":{\"@id\":\"https:\\\/\\\/balkangreenenergynews.com\\\/rs\\\/#\\\/schema\\\/person\\\/ff4e9f9457769ba580672215875f5b38\"},\"description\":\"Na Beogradskom sajmu danas su otvoreni me\u0111unarodni sajmovi energetike, \u017eivotne sredine i urbanih pamentih tehnologija sa vi\u0161e od 150 izlaga\u010da.\",\"breadcrumb\":{\"@id\":\"https:\\\/\\\/balkangreenenergynews.com\\\/rs\\\/otvoreni-medunarodni-sajmovi-energetike-zivotne-sredine-i-urbanih-pametnih-tehnologija-u-beogradu\\\/#breadcrumb\"},\"inLanguage\":\"sr-RS\",\"potentialAction\":[{\"@type\":\"ReadAction\",\"target\":[\"https:\\\/\\\/balkangreenenergynews.com\\\/rs\\\/otvoreni-medunarodni-sajmovi-energetike-zivotne-sredine-i-urbanih-pametnih-tehnologija-u-beogradu\\\/\"]}]},{\"@type\":\"ImageObject\",\"inLanguage\":\"sr-RS\",\"@id\":\"https:\\\/\\\/balkangreenenergynews.com\\\/rs\\\/otvoreni-medunarodni-sajmovi-energetike-zivotne-sredine-i-urbanih-pametnih-tehnologija-u-beogradu\\\/#primaryimage\",\"url\":\"https:\\\/\\\/balkangreenenergynews.com\\\/rs\\\/wp-content\\\/uploads\\\/2017\\\/10\\\/Belgrade-fair-energy-ecofair.jpg?wsr\",\"contentUrl\":\"https:\\\/\\\/balkangreenenergynews.com\\\/rs\\\/wp-content\\\/uploads\\\/2017\\\/10\\\/Belgrade-fair-energy-ecofair.jpg?wsr\",\"width\":795,\"height\":407,\"caption\":\"Otvoreni medjunarodni sajmovi energetike, zivotne sredine i urbanih pametnih tehnologija u Beogradu\"},{\"@type\":\"BreadcrumbList\",\"@id\":\"https:\\\/\\\/balkangreenenergynews.com\\\/rs\\\/otvoreni-medunarodni-sajmovi-energetike-zivotne-sredine-i-urbanih-pametnih-tehnologija-u-beogradu\\\/#breadcrumb\",\"itemListElement\":[{\"@type\":\"ListItem\",\"position\":1,\"name\":\"Po\u010detna\",\"item\":\"https:\\\/\\\/balkangreenenergynews.com\\\/rs\\\/\"},{\"@type\":\"ListItem\",\"position\":2,\"name\":\"Vesti\",\"item\":\"https:\\\/\\\/balkangreenenergynews.com\\\/rs\\\/kategorija\\\/vesti\\\/\"},{\"@type\":\"ListItem\",\"position\":3,\"name\":\"Elektri\u010dna energija\",\"item\":\"https:\\\/\\\/balkangreenenergynews.com\\\/rs\\\/kategorija\\\/vesti\\\/elektricna-energija\\\/\"},{\"@type\":\"ListItem\",\"position\":4,\"name\":\"Otvoreni me\u0111unarodni sajmovi energetike, \u017eivotne sredine i urbanih pametnih tehnologija u Beogradu\"}]},{\"@type\":\"WebSite\",\"@id\":\"https:\\\/\\\/balkangreenenergynews.com\\\/rs\\\/#website\",\"url\":\"https:\\\/\\\/balkangreenenergynews.com\\\/rs\\\/\",\"name\":\"Balkan Green Energy News\",\"description\":\"Naj\u0161iri izbor vesti sa Balkana o zelenoj energiji\",\"potentialAction\":[{\"@type\":\"SearchAction\",\"target\":{\"@type\":\"EntryPoint\",\"urlTemplate\":\"https:\\\/\\\/balkangreenenergynews.com\\\/rs\\\/?s={search_term_string}\"},\"query-input\":{\"@type\":\"PropertyValueSpecification\",\"valueRequired\":true,\"valueName\":\"search_term_string\"}}],\"inLanguage\":\"sr-RS\"},{\"@type\":\"Person\",\"@id\":\"https:\\\/\\\/balkangreenenergynews.com\\\/rs\\\/#\\\/schema\\\/person\\\/ff4e9f9457769ba580672215875f5b38\",\"name\":\"Branislava Jovi\u010di\u0107\",\"description\":\"\u017divimo u vremenu koje je pred na\u0161u generaciju postavilo veoma va\u017ean zadatak. Nije na nama sva krivica za stanje u kojem se nalazi planeta, ali odgovornot svakako jeste. Zato usmerimo svoja znanja, ve\u0161tine i pamet ka pronala\u017eenju odr\u017eivih, pametnih i zelenih re\u0161enja.\",\"sameAs\":[\"https:\\\/\\\/www.linkedin.com\\\/in\\\/branislava-jovicic-043080a\\\/\",\"https:\\\/\\\/x.com\\\/https:\\\/\\\/twitter.com\\\/BranaJovicic\"],\"url\":\"https:\\\/\\\/balkangreenenergynews.com\\\/rs\\\/author\\\/bgen\\\/\"}]}<\/script>\n<!-- \/ Yoast SEO plugin. -->","yoast_head_json":{"title":"Otvoreni me\u0111unarodni sajmovi energetike, \u017eivotne sredine i urbanih pametnih tehnologija u Beogradu","description":"Na Beogradskom sajmu danas su otvoreni me\u0111unarodni sajmovi energetike, \u017eivotne sredine i urbanih pamentih tehnologija sa vi\u0161e od 150 izlaga\u010da.","robots":{"index":"index","follow":"follow","max-snippet":"max-snippet:-1","max-image-preview":"max-image-preview:large","max-video-preview":"max-video-preview:-1"},"canonical":"https:\/\/balkangreenenergynews.com\/rs\/otvoreni-medunarodni-sajmovi-energetike-zivotne-sredine-i-urbanih-pametnih-tehnologija-u-beogradu\/","og_locale":"sr_RS","og_type":"article","og_title":"Otvoreni me\u0111unarodni sajmovi energetike, \u017eivotne sredine i urbanih pametnih tehnologija u Beogradu","og_description":"Na Beogradskom sajmu danas su otvoreni me\u0111unarodni sajmovi energetike, \u017eivotne sredine i urbanih pamentih tehnologija sa vi\u0161e od 150 izlaga\u010da.","og_url":"https:\/\/balkangreenenergynews.com\/rs\/otvoreni-medunarodni-sajmovi-energetike-zivotne-sredine-i-urbanih-pametnih-tehnologija-u-beogradu\/","og_site_name":"Balkan Green Energy News","article_published_time":"2017-10-04T20:08:20+00:00","article_modified_time":"2017-10-04T20:14:33+00:00","og_image":[{"width":795,"height":407,"url":"https:\/\/balkangreenenergynews.com\/rs\/wp-content\/uploads\/2017\/10\/Belgrade-fair-energy-ecofair.jpg","type":"image\/jpeg"}],"author":"Branislava Jovi\u010di\u0107","twitter_card":"summary_large_image","twitter_creator":"@https:\/\/twitter.com\/BranaJovicic","twitter_misc":{"\u041d\u0430\u043f\u0438\u0441\u0430\u043d\u043e \u043e\u0434":"Branislava Jovi\u010di\u0107","\u041f\u0440\u043e\u0446\u0435\u045a\u0435\u043d\u043e \u0432\u0440\u0435\u043c\u0435 \u0447\u0438\u0442\u0430\u045a\u0430":"4 \u043c\u0438\u043d\u0443\u0442\u0430"},"schema":{"@context":"https:\/\/schema.org","@graph":[{"@type":"Article","@id":"https:\/\/balkangreenenergynews.com\/rs\/otvoreni-medunarodni-sajmovi-energetike-zivotne-sredine-i-urbanih-pametnih-tehnologija-u-beogradu\/#article","isPartOf":{"@id":"https:\/\/balkangreenenergynews.com\/rs\/otvoreni-medunarodni-sajmovi-energetike-zivotne-sredine-i-urbanih-pametnih-tehnologija-u-beogradu\/"},"author":{"name":"Branislava Jovi\u010di\u0107","@id":"https:\/\/balkangreenenergynews.com\/rs\/#\/schema\/person\/ff4e9f9457769ba580672215875f5b38"},"headline":"Otvoreni me\u0111unarodni sajmovi energetike, \u017eivotne sredine i urbanih pametnih tehnologija u Beogradu","datePublished":"2017-10-04T20:08:20+00:00","dateModified":"2017-10-04T20:14:33+00:00","mainEntityOfPage":{"@id":"https:\/\/balkangreenenergynews.com\/rs\/otvoreni-medunarodni-sajmovi-energetike-zivotne-sredine-i-urbanih-pametnih-tehnologija-u-beogradu\/"},"wordCount":897,"commentCount":0,"image":{"@id":"https:\/\/balkangreenenergynews.com\/rs\/otvoreni-medunarodni-sajmovi-energetike-zivotne-sredine-i-urbanih-pametnih-tehnologija-u-beogradu\/#primaryimage"},"thumbnailUrl":"https:\/\/balkangreenenergynews.com\/rs\/wp-content\/uploads\/2017\/10\/Belgrade-fair-energy-ecofair.jpg?wsr","keywords":["Dragan Vlaisavljevi\u0107","EPS","Milorad Gr\u010di\u0107","RHE \u0110erdap 3","Sini\u0161a Mitrovi\u0107","Zeleni fond"],"articleSection":["Elektri\u010dna energija","Energetska efikasnost","OIE","\u017divotna sredina"],"inLanguage":"sr-RS","potentialAction":[{"@type":"CommentAction","name":"Comment","target":["https:\/\/balkangreenenergynews.com\/rs\/otvoreni-medunarodni-sajmovi-energetike-zivotne-sredine-i-urbanih-pametnih-tehnologija-u-beogradu\/#respond"]}]},{"@type":"WebPage","@id":"https:\/\/balkangreenenergynews.com\/rs\/otvoreni-medunarodni-sajmovi-energetike-zivotne-sredine-i-urbanih-pametnih-tehnologija-u-beogradu\/","url":"https:\/\/balkangreenenergynews.com\/rs\/otvoreni-medunarodni-sajmovi-energetike-zivotne-sredine-i-urbanih-pametnih-tehnologija-u-beogradu\/","name":"Otvoreni me\u0111unarodni sajmovi energetike, \u017eivotne sredine i urbanih pametnih tehnologija u Beogradu","isPartOf":{"@id":"https:\/\/balkangreenenergynews.com\/rs\/#website"},"primaryImageOfPage":{"@id":"https:\/\/balkangreenenergynews.com\/rs\/otvoreni-medunarodni-sajmovi-energetike-zivotne-sredine-i-urbanih-pametnih-tehnologija-u-beogradu\/#primaryimage"},"image":{"@id":"https:\/\/balkangreenenergynews.com\/rs\/otvoreni-medunarodni-sajmovi-energetike-zivotne-sredine-i-urbanih-pametnih-tehnologija-u-beogradu\/#primaryimage"},"thumbnailUrl":"https:\/\/balkangreenenergynews.com\/rs\/wp-content\/uploads\/2017\/10\/Belgrade-fair-energy-ecofair.jpg?wsr","datePublished":"2017-10-04T20:08:20+00:00","dateModified":"2017-10-04T20:14:33+00:00","author":{"@id":"https:\/\/balkangreenenergynews.com\/rs\/#\/schema\/person\/ff4e9f9457769ba580672215875f5b38"},"description":"Na Beogradskom sajmu danas su otvoreni me\u0111unarodni sajmovi energetike, \u017eivotne sredine i urbanih pamentih tehnologija sa vi\u0161e od 150 izlaga\u010da.","breadcrumb":{"@id":"https:\/\/balkangreenenergynews.com\/rs\/otvoreni-medunarodni-sajmovi-energetike-zivotne-sredine-i-urbanih-pametnih-tehnologija-u-beogradu\/#breadcrumb"},"inLanguage":"sr-RS","potentialAction":[{"@type":"ReadAction","target":["https:\/\/balkangreenenergynews.com\/rs\/otvoreni-medunarodni-sajmovi-energetike-zivotne-sredine-i-urbanih-pametnih-tehnologija-u-beogradu\/"]}]},{"@type":"ImageObject","inLanguage":"sr-RS","@id":"https:\/\/balkangreenenergynews.com\/rs\/otvoreni-medunarodni-sajmovi-energetike-zivotne-sredine-i-urbanih-pametnih-tehnologija-u-beogradu\/#primaryimage","url":"https:\/\/balkangreenenergynews.com\/rs\/wp-content\/uploads\/2017\/10\/Belgrade-fair-energy-ecofair.jpg?wsr","contentUrl":"https:\/\/balkangreenenergynews.com\/rs\/wp-content\/uploads\/2017\/10\/Belgrade-fair-energy-ecofair.jpg?wsr","width":795,"height":407,"caption":"Otvoreni medjunarodni sajmovi energetike, zivotne sredine i urbanih pametnih tehnologija u Beogradu"},{"@type":"BreadcrumbList","@id":"https:\/\/balkangreenenergynews.com\/rs\/otvoreni-medunarodni-sajmovi-energetike-zivotne-sredine-i-urbanih-pametnih-tehnologija-u-beogradu\/#breadcrumb","itemListElement":[{"@type":"ListItem","position":1,"name":"Po\u010detna","item":"https:\/\/balkangreenenergynews.com\/rs\/"},{"@type":"ListItem","position":2,"name":"Vesti","item":"https:\/\/balkangreenenergynews.com\/rs\/kategorija\/vesti\/"},{"@type":"ListItem","position":3,"name":"Elektri\u010dna energija","item":"https:\/\/balkangreenenergynews.com\/rs\/kategorija\/vesti\/elektricna-energija\/"},{"@type":"ListItem","position":4,"name":"Otvoreni me\u0111unarodni sajmovi energetike, \u017eivotne sredine i urbanih pametnih tehnologija u Beogradu"}]},{"@type":"WebSite","@id":"https:\/\/balkangreenenergynews.com\/rs\/#website","url":"https:\/\/balkangreenenergynews.com\/rs\/","name":"Balkan Green Energy News","description":"Naj\u0161iri izbor vesti sa Balkana o zelenoj energiji","potentialAction":[{"@type":"SearchAction","target":{"@type":"EntryPoint","urlTemplate":"https:\/\/balkangreenenergynews.com\/rs\/?s={search_term_string}"},"query-input":{"@type":"PropertyValueSpecification","valueRequired":true,"valueName":"search_term_string"}}],"inLanguage":"sr-RS"},{"@type":"Person","@id":"https:\/\/balkangreenenergynews.com\/rs\/#\/schema\/person\/ff4e9f9457769ba580672215875f5b38","name":"Branislava Jovi\u010di\u0107","description":"\u017divimo u vremenu koje je pred na\u0161u generaciju postavilo veoma va\u017ean zadatak. Nije na nama sva krivica za stanje u kojem se nalazi planeta, ali odgovornot svakako jeste. Zato usmerimo svoja znanja, ve\u0161tine i pamet ka pronala\u017eenju odr\u017eivih, pametnih i zelenih re\u0161enja.","sameAs":["https:\/\/www.linkedin.com\/in\/branislava-jovicic-043080a\/","https:\/\/x.com\/https:\/\/twitter.com\/BranaJovicic"],"url":"https:\/\/balkangreenenergynews.com\/rs\/author\/bgen\/"}]}},"_links":{"self":[{"href":"https:\/\/balkangreenenergynews.com\/rs\/wp-json\/wp\/v2\/posts\/14397","targetHints":{"allow":["GET"]}}],"collection":[{"href":"https:\/\/balkangreenenergynews.com\/rs\/wp-json\/wp\/v2\/posts"}],"about":[{"href":"https:\/\/balkangreenenergynews.com\/rs\/wp-json\/wp\/v2\/types\/post"}],"author":[{"embeddable":true,"href":"https:\/\/balkangreenenergynews.com\/rs\/wp-json\/wp\/v2\/users\/2"}],"replies":[{"embeddable":true,"href":"https:\/\/balkangreenenergynews.com\/rs\/wp-json\/wp\/v2\/comments?post=14397"}],"version-history":[{"count":0,"href":"https:\/\/balkangreenenergynews.com\/rs\/wp-json\/wp\/v2\/posts\/14397\/revisions"}],"wp:featuredmedia":[{"embeddable":true,"href":"https:\/\/balkangreenenergynews.com\/rs\/wp-json\/wp\/v2\/media\/14402"}],"wp:attachment":[{"href":"https:\/\/balkangreenenergynews.com\/rs\/wp-json\/wp\/v2\/media?parent=14397"}],"wp:term":[{"taxonomy":"category","embeddable":true,"href":"https:\/\/balkangreenenergynews.com\/rs\/wp-json\/wp\/v2\/categories?post=14397"},{"taxonomy":"post_tag","embeddable":true,"href":"https:\/\/balkangreenenergynews.com\/rs\/wp-json\/wp\/v2\/tags?post=14397"}],"curies":[{"name":"wp","href":"https:\/\/api.w.org\/{rel}","templated":true}]}}