{"id":14379,"date":"2017-10-03T18:14:39","date_gmt":"2017-10-03T16:14:39","guid":{"rendered":"http:\/\/balkangreenenergynews.com\/rs\/?p=14379"},"modified":"2019-04-08T15:35:19","modified_gmt":"2019-04-08T13:35:19","slug":"makedonija-ne-planira-da-privatizuje-elem","status":"publish","type":"post","link":"https:\/\/balkangreenenergynews.com\/rs\/makedonija-ne-planira-da-privatizuje-elem\/","title":{"rendered":"Makedonija ne planira da privatizuje kompaniju ELEM"},"content":{"rendered":"<h2>Makedonska vlada ne planira da privatizuje preduze\u0107e Makedonske elektrane (ELEM), dok \u0107e pitanje razdvajanja vlasni\u0161tva u toj kompaniji, kao i operatera prenosnog sistema MEPSO, re\u0161iti po ugledu na druge zemlje u regionu, javili su makedonski mediji.<\/h2>\n<p>Zemlje Zapadnog Balkana, kao potpisnice Ugovora o Energetskoj zajednici i kandidati i potencijalni kandidati za \u010dlanstvo u EU, imaju obavezu da svoje zakone usklade sa evropskim propisima, uklju\u010duju\u0107e zakone u oblasti energetike, koji predvi\u0111aju i razdvajanje vlasni\u0161ta u energetskim kompanijama.<\/p>\n<p>Potpredsednik makedonske vlade zadu\u017een za ekonomska pitanja Ko\u010do Angu\u0161ev rekao je da Vlada ne planira da privatizuje ELEM.<\/p>\n<p>Obaveza razdvajanja vlasni\u0161tva sprove\u0161\u0107e se tako \u0161to \u0107e se nadle\u017enost nad ELEM-om i MEPSO-om biti poverena razli\u010ditim institucijama, kao \u0161to su to uradile druge zemlje u region, rekao je Angu\u0161ev prilikom <a href=\"https:\/\/balkangreenenergynews.com\/rs\/mepso-i-siemens-potpisali-ugovor-o-revitalizaciji-trafostanice-dubrovo\/\">potpisivanja ugovora<\/a> o revitalizaciji trafostanice Dubrovo pro\u0161le nedelje u Skoplju.<\/p>\n<p>On je dodao da Makedonija priprema novi zakon o energetici uz pomoc\u0301 Energetske zajednice, navode\u0107i da je cilj da se obezbedi primena svih evropskih normi.<\/p>\n<p><a href=\"https:\/\/balkangreenenergynews.com\/rs\/ems-sertifikovan-kao-operator-prenosnog-sistema-elektricne-energije\/\">Srbija<\/a> je izmenila Zakon o ministarstvima, posle negativnog mi\u0161ljenja Energetske zajednice koja je u junu saop\u0161tila da postupak razdvajanja u Elektromre\u017ei Srbije (EMS) nije sproveden u skladu sa modelom razdvajanja vlasni\u0161tva predvi\u0111enim \u010clanom 9 evropske Direktive o elektri\u010dnoj energiji.<\/p>\n<p>Do tada je jedno ministarstvo bilo istovremeno nadle\u017eno za EMS i Elektroprivredu Srbije (EPS), a izmenama zakona nadle\u017enosti Ministarstva privrede preba\u010dene na Ministarstvo rudarstva i energetike kada je re\u010d o javnim preduze\u0107ima koje obavljaju delatnosti proizvodnje i snabdevanja elektri\u010dnom energijom, odnosno EPS.<\/p>\n","protected":false},"excerpt":{"rendered":"<p>Makedonska vlada ne planira da privatizuje preduze\u0107e Makedonske elektrane (ELEM), dok \u0107e pitanje razdvajanja vlasni\u0161tva&#8230;<\/p>\n","protected":false},"author":25,"featured_media":14384,"comment_status":"open","ping_status":"closed","sticky":false,"template":"","format":"standard","meta":{"_acf_changed":false,"_monsterinsights_skip_tracking":false,"_monsterinsights_sitenote_active":false,"_monsterinsights_sitenote_note":"","_monsterinsights_sitenote_category":0,"footnotes":""},"categories":[504],"tags":[158,648,195,310,1278,2765],"class_list":["post-14379","post","type-post","status-publish","format-standard","has-post-thumbnail","hentry","category-elektricna-energija","tag-elem","tag-energetska-zajednica","tag-eu","tag-mepso","tag-privatizacija","tag-vlada-makedonije","country-makedonija"],"acf":[],"yoast_head":"<!-- This site is optimized with the Yoast SEO plugin v27.4 - https:\/\/yoast.com\/product\/yoast-seo-wordpress\/ -->\n<title>Makedonija ne planira da privatizuje elektroenergetsku kompaniju ELEM<\/title>\n<meta name=\"description\" content=\"Makedonska vlada ne planira da privatizuje elektroenergetsko preduze\u0107e Makedonske elektrane (ELEM), javili su lokalni mediji.\" \/>\n<meta name=\"robots\" content=\"index, follow, max-snippet:-1, max-image-preview:large, max-video-preview:-1\" \/>\n<link rel=\"canonical\" href=\"https:\/\/balkangreenenergynews.com\/rs\/makedonija-ne-planira-da-privatizuje-elem\/\" \/>\n<meta property=\"og:locale\" content=\"sr_RS\" \/>\n<meta property=\"og:type\" content=\"article\" \/>\n<meta property=\"og:title\" content=\"Makedonija ne planira da privatizuje elektroenergetsku kompaniju ELEM\" \/>\n<meta property=\"og:description\" content=\"Makedonska vlada ne planira da privatizuje elektroenergetsko preduze\u0107e Makedonske elektrane (ELEM), javili su lokalni mediji.\" \/>\n<meta property=\"og:url\" content=\"https:\/\/balkangreenenergynews.com\/rs\/makedonija-ne-planira-da-privatizuje-elem\/\" \/>\n<meta property=\"og:site_name\" content=\"Balkan Green Energy News\" \/>\n<meta property=\"article:published_time\" content=\"2017-10-03T16:14:39+00:00\" \/>\n<meta property=\"article:modified_time\" content=\"2019-04-08T13:35:19+00:00\" \/>\n<meta property=\"og:image\" content=\"https:\/\/balkangreenenergynews.com\/rs\/wp-content\/uploads\/2017\/10\/ELEM-Macedonia-privatization.jpg\" \/>\n\t<meta property=\"og:image:width\" content=\"795\" \/>\n\t<meta property=\"og:image:height\" content=\"407\" \/>\n\t<meta property=\"og:image:type\" content=\"image\/jpeg\" \/>\n<meta name=\"author\" content=\"Balkan Green Energy News\" \/>\n<meta name=\"twitter:card\" content=\"summary_large_image\" \/>\n<meta name=\"twitter:label1\" content=\"\u041d\u0430\u043f\u0438\u0441\u0430\u043d\u043e \u043e\u0434\" \/>\n\t<meta name=\"twitter:data1\" content=\"Balkan Green Energy News\" \/>\n\t<meta name=\"twitter:label2\" content=\"\u041f\u0440\u043e\u0446\u0435\u045a\u0435\u043d\u043e \u0432\u0440\u0435\u043c\u0435 \u0447\u0438\u0442\u0430\u045a\u0430\" \/>\n\t<meta name=\"twitter:data2\" content=\"1 \u043c\u0438\u043d\u0443\u0442\" \/>\n<script type=\"application\/ld+json\" class=\"yoast-schema-graph\">{\"@context\":\"https:\\\/\\\/schema.org\",\"@graph\":[{\"@type\":\"Article\",\"@id\":\"https:\\\/\\\/balkangreenenergynews.com\\\/rs\\\/makedonija-ne-planira-da-privatizuje-elem\\\/#article\",\"isPartOf\":{\"@id\":\"https:\\\/\\\/balkangreenenergynews.com\\\/rs\\\/makedonija-ne-planira-da-privatizuje-elem\\\/\"},\"author\":{\"name\":\"Balkan Green Energy News\",\"@id\":\"https:\\\/\\\/balkangreenenergynews.com\\\/rs\\\/#\\\/schema\\\/person\\\/dee275e6036b1a0f7ceaf956d79d4eff\"},\"headline\":\"Makedonija ne planira da privatizuje kompaniju ELEM\",\"datePublished\":\"2017-10-03T16:14:39+00:00\",\"dateModified\":\"2019-04-08T13:35:19+00:00\",\"mainEntityOfPage\":{\"@id\":\"https:\\\/\\\/balkangreenenergynews.com\\\/rs\\\/makedonija-ne-planira-da-privatizuje-elem\\\/\"},\"wordCount\":275,\"commentCount\":0,\"image\":{\"@id\":\"https:\\\/\\\/balkangreenenergynews.com\\\/rs\\\/makedonija-ne-planira-da-privatizuje-elem\\\/#primaryimage\"},\"thumbnailUrl\":\"https:\\\/\\\/balkangreenenergynews.com\\\/rs\\\/wp-content\\\/uploads\\\/2017\\\/10\\\/ELEM-Macedonia-privatization.jpg?wsr\",\"keywords\":[\"ELEM\",\"Energetska zajednica\",\"EU\",\"MEPSO\",\"privatizacija\",\"Vlada Makedonije\"],\"articleSection\":[\"Elektri\u010dna energija\"],\"inLanguage\":\"sr-RS\",\"potentialAction\":[{\"@type\":\"CommentAction\",\"name\":\"Comment\",\"target\":[\"https:\\\/\\\/balkangreenenergynews.com\\\/rs\\\/makedonija-ne-planira-da-privatizuje-elem\\\/#respond\"]}]},{\"@type\":\"WebPage\",\"@id\":\"https:\\\/\\\/balkangreenenergynews.com\\\/rs\\\/makedonija-ne-planira-da-privatizuje-elem\\\/\",\"url\":\"https:\\\/\\\/balkangreenenergynews.com\\\/rs\\\/makedonija-ne-planira-da-privatizuje-elem\\\/\",\"name\":\"Makedonija ne planira da privatizuje elektroenergetsku kompaniju ELEM\",\"isPartOf\":{\"@id\":\"https:\\\/\\\/balkangreenenergynews.com\\\/rs\\\/#website\"},\"primaryImageOfPage\":{\"@id\":\"https:\\\/\\\/balkangreenenergynews.com\\\/rs\\\/makedonija-ne-planira-da-privatizuje-elem\\\/#primaryimage\"},\"image\":{\"@id\":\"https:\\\/\\\/balkangreenenergynews.com\\\/rs\\\/makedonija-ne-planira-da-privatizuje-elem\\\/#primaryimage\"},\"thumbnailUrl\":\"https:\\\/\\\/balkangreenenergynews.com\\\/rs\\\/wp-content\\\/uploads\\\/2017\\\/10\\\/ELEM-Macedonia-privatization.jpg?wsr\",\"datePublished\":\"2017-10-03T16:14:39+00:00\",\"dateModified\":\"2019-04-08T13:35:19+00:00\",\"author\":{\"@id\":\"https:\\\/\\\/balkangreenenergynews.com\\\/rs\\\/#\\\/schema\\\/person\\\/dee275e6036b1a0f7ceaf956d79d4eff\"},\"description\":\"Makedonska vlada ne planira da privatizuje elektroenergetsko preduze\u0107e Makedonske elektrane (ELEM), javili su lokalni mediji.\",\"breadcrumb\":{\"@id\":\"https:\\\/\\\/balkangreenenergynews.com\\\/rs\\\/makedonija-ne-planira-da-privatizuje-elem\\\/#breadcrumb\"},\"inLanguage\":\"sr-RS\",\"potentialAction\":[{\"@type\":\"ReadAction\",\"target\":[\"https:\\\/\\\/balkangreenenergynews.com\\\/rs\\\/makedonija-ne-planira-da-privatizuje-elem\\\/\"]}]},{\"@type\":\"ImageObject\",\"inLanguage\":\"sr-RS\",\"@id\":\"https:\\\/\\\/balkangreenenergynews.com\\\/rs\\\/makedonija-ne-planira-da-privatizuje-elem\\\/#primaryimage\",\"url\":\"https:\\\/\\\/balkangreenenergynews.com\\\/rs\\\/wp-content\\\/uploads\\\/2017\\\/10\\\/ELEM-Macedonia-privatization.jpg?wsr\",\"contentUrl\":\"https:\\\/\\\/balkangreenenergynews.com\\\/rs\\\/wp-content\\\/uploads\\\/2017\\\/10\\\/ELEM-Macedonia-privatization.jpg?wsr\",\"width\":795,\"height\":407,\"caption\":\"Makedonija ne planira da privatizuje kompaniju ELEM\"},{\"@type\":\"BreadcrumbList\",\"@id\":\"https:\\\/\\\/balkangreenenergynews.com\\\/rs\\\/makedonija-ne-planira-da-privatizuje-elem\\\/#breadcrumb\",\"itemListElement\":[{\"@type\":\"ListItem\",\"position\":1,\"name\":\"Po\u010detna\",\"item\":\"https:\\\/\\\/balkangreenenergynews.com\\\/rs\\\/\"},{\"@type\":\"ListItem\",\"position\":2,\"name\":\"Vesti\",\"item\":\"https:\\\/\\\/balkangreenenergynews.com\\\/rs\\\/kategorija\\\/vesti\\\/\"},{\"@type\":\"ListItem\",\"position\":3,\"name\":\"Elektri\u010dna energija\",\"item\":\"https:\\\/\\\/balkangreenenergynews.com\\\/rs\\\/kategorija\\\/vesti\\\/elektricna-energija\\\/\"},{\"@type\":\"ListItem\",\"position\":4,\"name\":\"Makedonija ne planira da privatizuje kompaniju ELEM\"}]},{\"@type\":\"WebSite\",\"@id\":\"https:\\\/\\\/balkangreenenergynews.com\\\/rs\\\/#website\",\"url\":\"https:\\\/\\\/balkangreenenergynews.com\\\/rs\\\/\",\"name\":\"Balkan Green Energy News\",\"description\":\"Naj\u0161iri izbor vesti sa Balkana o zelenoj energiji\",\"potentialAction\":[{\"@type\":\"SearchAction\",\"target\":{\"@type\":\"EntryPoint\",\"urlTemplate\":\"https:\\\/\\\/balkangreenenergynews.com\\\/rs\\\/?s={search_term_string}\"},\"query-input\":{\"@type\":\"PropertyValueSpecification\",\"valueRequired\":true,\"valueName\":\"search_term_string\"}}],\"inLanguage\":\"sr-RS\"},{\"@type\":\"Person\",\"@id\":\"https:\\\/\\\/balkangreenenergynews.com\\\/rs\\\/#\\\/schema\\\/person\\\/dee275e6036b1a0f7ceaf956d79d4eff\",\"name\":\"Balkan Green Energy News\",\"url\":\"https:\\\/\\\/balkangreenenergynews.com\\\/rs\\\/author\\\/balkangreenenergynews\\\/\"}]}<\/script>\n<!-- \/ Yoast SEO plugin. -->","yoast_head_json":{"title":"Makedonija ne planira da privatizuje elektroenergetsku kompaniju ELEM","description":"Makedonska vlada ne planira da privatizuje elektroenergetsko preduze\u0107e Makedonske elektrane (ELEM), javili su lokalni mediji.","robots":{"index":"index","follow":"follow","max-snippet":"max-snippet:-1","max-image-preview":"max-image-preview:large","max-video-preview":"max-video-preview:-1"},"canonical":"https:\/\/balkangreenenergynews.com\/rs\/makedonija-ne-planira-da-privatizuje-elem\/","og_locale":"sr_RS","og_type":"article","og_title":"Makedonija ne planira da privatizuje elektroenergetsku kompaniju ELEM","og_description":"Makedonska vlada ne planira da privatizuje elektroenergetsko preduze\u0107e Makedonske elektrane (ELEM), javili su lokalni mediji.","og_url":"https:\/\/balkangreenenergynews.com\/rs\/makedonija-ne-planira-da-privatizuje-elem\/","og_site_name":"Balkan Green Energy News","article_published_time":"2017-10-03T16:14:39+00:00","article_modified_time":"2019-04-08T13:35:19+00:00","og_image":[{"width":795,"height":407,"url":"https:\/\/balkangreenenergynews.com\/rs\/wp-content\/uploads\/2017\/10\/ELEM-Macedonia-privatization.jpg","type":"image\/jpeg"}],"author":"Balkan Green Energy News","twitter_card":"summary_large_image","twitter_misc":{"\u041d\u0430\u043f\u0438\u0441\u0430\u043d\u043e \u043e\u0434":"Balkan Green Energy News","\u041f\u0440\u043e\u0446\u0435\u045a\u0435\u043d\u043e \u0432\u0440\u0435\u043c\u0435 \u0447\u0438\u0442\u0430\u045a\u0430":"1 \u043c\u0438\u043d\u0443\u0442"},"schema":{"@context":"https:\/\/schema.org","@graph":[{"@type":"Article","@id":"https:\/\/balkangreenenergynews.com\/rs\/makedonija-ne-planira-da-privatizuje-elem\/#article","isPartOf":{"@id":"https:\/\/balkangreenenergynews.com\/rs\/makedonija-ne-planira-da-privatizuje-elem\/"},"author":{"name":"Balkan Green Energy News","@id":"https:\/\/balkangreenenergynews.com\/rs\/#\/schema\/person\/dee275e6036b1a0f7ceaf956d79d4eff"},"headline":"Makedonija ne planira da privatizuje kompaniju ELEM","datePublished":"2017-10-03T16:14:39+00:00","dateModified":"2019-04-08T13:35:19+00:00","mainEntityOfPage":{"@id":"https:\/\/balkangreenenergynews.com\/rs\/makedonija-ne-planira-da-privatizuje-elem\/"},"wordCount":275,"commentCount":0,"image":{"@id":"https:\/\/balkangreenenergynews.com\/rs\/makedonija-ne-planira-da-privatizuje-elem\/#primaryimage"},"thumbnailUrl":"https:\/\/balkangreenenergynews.com\/rs\/wp-content\/uploads\/2017\/10\/ELEM-Macedonia-privatization.jpg?wsr","keywords":["ELEM","Energetska zajednica","EU","MEPSO","privatizacija","Vlada Makedonije"],"articleSection":["Elektri\u010dna energija"],"inLanguage":"sr-RS","potentialAction":[{"@type":"CommentAction","name":"Comment","target":["https:\/\/balkangreenenergynews.com\/rs\/makedonija-ne-planira-da-privatizuje-elem\/#respond"]}]},{"@type":"WebPage","@id":"https:\/\/balkangreenenergynews.com\/rs\/makedonija-ne-planira-da-privatizuje-elem\/","url":"https:\/\/balkangreenenergynews.com\/rs\/makedonija-ne-planira-da-privatizuje-elem\/","name":"Makedonija ne planira da privatizuje elektroenergetsku kompaniju ELEM","isPartOf":{"@id":"https:\/\/balkangreenenergynews.com\/rs\/#website"},"primaryImageOfPage":{"@id":"https:\/\/balkangreenenergynews.com\/rs\/makedonija-ne-planira-da-privatizuje-elem\/#primaryimage"},"image":{"@id":"https:\/\/balkangreenenergynews.com\/rs\/makedonija-ne-planira-da-privatizuje-elem\/#primaryimage"},"thumbnailUrl":"https:\/\/balkangreenenergynews.com\/rs\/wp-content\/uploads\/2017\/10\/ELEM-Macedonia-privatization.jpg?wsr","datePublished":"2017-10-03T16:14:39+00:00","dateModified":"2019-04-08T13:35:19+00:00","author":{"@id":"https:\/\/balkangreenenergynews.com\/rs\/#\/schema\/person\/dee275e6036b1a0f7ceaf956d79d4eff"},"description":"Makedonska vlada ne planira da privatizuje elektroenergetsko preduze\u0107e Makedonske elektrane (ELEM), javili su lokalni mediji.","breadcrumb":{"@id":"https:\/\/balkangreenenergynews.com\/rs\/makedonija-ne-planira-da-privatizuje-elem\/#breadcrumb"},"inLanguage":"sr-RS","potentialAction":[{"@type":"ReadAction","target":["https:\/\/balkangreenenergynews.com\/rs\/makedonija-ne-planira-da-privatizuje-elem\/"]}]},{"@type":"ImageObject","inLanguage":"sr-RS","@id":"https:\/\/balkangreenenergynews.com\/rs\/makedonija-ne-planira-da-privatizuje-elem\/#primaryimage","url":"https:\/\/balkangreenenergynews.com\/rs\/wp-content\/uploads\/2017\/10\/ELEM-Macedonia-privatization.jpg?wsr","contentUrl":"https:\/\/balkangreenenergynews.com\/rs\/wp-content\/uploads\/2017\/10\/ELEM-Macedonia-privatization.jpg?wsr","width":795,"height":407,"caption":"Makedonija ne planira da privatizuje kompaniju ELEM"},{"@type":"BreadcrumbList","@id":"https:\/\/balkangreenenergynews.com\/rs\/makedonija-ne-planira-da-privatizuje-elem\/#breadcrumb","itemListElement":[{"@type":"ListItem","position":1,"name":"Po\u010detna","item":"https:\/\/balkangreenenergynews.com\/rs\/"},{"@type":"ListItem","position":2,"name":"Vesti","item":"https:\/\/balkangreenenergynews.com\/rs\/kategorija\/vesti\/"},{"@type":"ListItem","position":3,"name":"Elektri\u010dna energija","item":"https:\/\/balkangreenenergynews.com\/rs\/kategorija\/vesti\/elektricna-energija\/"},{"@type":"ListItem","position":4,"name":"Makedonija ne planira da privatizuje kompaniju ELEM"}]},{"@type":"WebSite","@id":"https:\/\/balkangreenenergynews.com\/rs\/#website","url":"https:\/\/balkangreenenergynews.com\/rs\/","name":"Balkan Green Energy News","description":"Naj\u0161iri izbor vesti sa Balkana o zelenoj energiji","potentialAction":[{"@type":"SearchAction","target":{"@type":"EntryPoint","urlTemplate":"https:\/\/balkangreenenergynews.com\/rs\/?s={search_term_string}"},"query-input":{"@type":"PropertyValueSpecification","valueRequired":true,"valueName":"search_term_string"}}],"inLanguage":"sr-RS"},{"@type":"Person","@id":"https:\/\/balkangreenenergynews.com\/rs\/#\/schema\/person\/dee275e6036b1a0f7ceaf956d79d4eff","name":"Balkan Green Energy News","url":"https:\/\/balkangreenenergynews.com\/rs\/author\/balkangreenenergynews\/"}]}},"_links":{"self":[{"href":"https:\/\/balkangreenenergynews.com\/rs\/wp-json\/wp\/v2\/posts\/14379","targetHints":{"allow":["GET"]}}],"collection":[{"href":"https:\/\/balkangreenenergynews.com\/rs\/wp-json\/wp\/v2\/posts"}],"about":[{"href":"https:\/\/balkangreenenergynews.com\/rs\/wp-json\/wp\/v2\/types\/post"}],"author":[{"embeddable":true,"href":"https:\/\/balkangreenenergynews.com\/rs\/wp-json\/wp\/v2\/users\/25"}],"replies":[{"embeddable":true,"href":"https:\/\/balkangreenenergynews.com\/rs\/wp-json\/wp\/v2\/comments?post=14379"}],"version-history":[{"count":0,"href":"https:\/\/balkangreenenergynews.com\/rs\/wp-json\/wp\/v2\/posts\/14379\/revisions"}],"wp:featuredmedia":[{"embeddable":true,"href":"https:\/\/balkangreenenergynews.com\/rs\/wp-json\/wp\/v2\/media\/14384"}],"wp:attachment":[{"href":"https:\/\/balkangreenenergynews.com\/rs\/wp-json\/wp\/v2\/media?parent=14379"}],"wp:term":[{"taxonomy":"category","embeddable":true,"href":"https:\/\/balkangreenenergynews.com\/rs\/wp-json\/wp\/v2\/categories?post=14379"},{"taxonomy":"post_tag","embeddable":true,"href":"https:\/\/balkangreenenergynews.com\/rs\/wp-json\/wp\/v2\/tags?post=14379"}],"curies":[{"name":"wp","href":"https:\/\/api.w.org\/{rel}","templated":true}]}}