{"id":14362,"date":"2017-10-03T10:59:39","date_gmt":"2017-10-03T08:59:39","guid":{"rendered":"http:\/\/balkangreenenergynews.com\/rs\/?p=14362"},"modified":"2018-12-09T11:58:00","modified_gmt":"2018-12-09T10:58:00","slug":"neslaganja-u-crnoj-gori-oko-uticaja-pariskog-sporazuma-na-izgradnju-novog-bloka-u-te-pljevlja","status":"publish","type":"post","link":"https:\/\/balkangreenenergynews.com\/rs\/neslaganja-u-crnoj-gori-oko-uticaja-pariskog-sporazuma-na-izgradnju-novog-bloka-u-te-pljevlja\/","title":{"rendered":"Neslaganja u Crnoj Gori oko uticaja Pariskog sporazuma na izgradnju novog bloka u TE Pljevlja"},"content":{"rendered":"<h2>Najvaljeno usvajanje nacrta zakona kojim se potvr\u0111uje Pariski sporazum o klimatskim promenama je izazvalo javnu debatu u Crnoj Gori o tome da li \u0107e primenom sporazuma biti ugro\u017eena izgradnja novog bloka u termoelektrani Plevlja jer je to jedina centrala na ugalj u zemlji. Vlada u Podgorici tvrdi da sporazum ne dovodi u pitanje rekonstrukciju postoje\u0107eg i izgradnju novog bloka ali poslanik vladaju\u0107e Demokratske partije socijalista Filip Vukovi\u0107 tvrdi da to nije ta\u010dno.<\/h2>\n<p>Vukovi\u0107 koji je \u010dlan skup\u0161tinskog Odobra za ekonomiju, rekao je za dnevnik <a href=\"https:\/\/www.pobjeda.net\/protected\/listalica\/2017-09-29\/files\/assets\/basic-html\/page-1.html#\">Pobjeda<\/a>\u00a0da bi usvajanje nacrta zakona koji je vlada podnela skup\u0161tini zna\u010dilo da Crna Gora mo\u017ee da zaboravi na izgradnju novog bloka i da bi postoje\u0107i blok termoelektrane morao da smanji proizvodnju. On je dodao da strate\u0161ki planovi Crne Gore na polju energetike nisu uskla\u0111eni sa sporazumom.<\/p>\n<p>TE Plevlja je po\u010dela sa radom 1982. godine i snabdeva se ugljem iz dva otvorena kopa na podru\u010dju Plevlje. Ta centrala proizvodi oko tre\u0107inu struje koja se upotrebi u zemlji iz proizvodnih kapaciteta od 210 MW.<\/p>\n<p>&#8222;Na\u0161a \u017eelja da izgradimo drugi blok centrale i pove\u0107amo proizvodnju struje iz uglja je u suprotnosti sa Pariskim sporazumom koji smo potpisali i logi\u010dni zaklju\u010dak je da, ako Skup\u0161tina usvoji nacrt zakona mi ne\u0107emo mo\u0107i da izgradimo drugi blok i smanjimo uvoz struje&#8220;, rekao je Vukovi\u0107 i dodao da to zna\u010di i da bi postoje\u0107i blok morao da smanji broj radnih sati da bi se smanjile<a href=\"https:\/\/balkangreenenergynews.com\/rs\/strozi-standardi-za-emisije-efikasniji-u-dekarbonizaciji-od-sistema-trgovine-emisijama\/\"> \u0161tetne emisije<\/a>.<\/p>\n<h3><span style=\"\">Vlada Crne Gore: Projekat TE Pljevlja II nije ugor\u017een<\/span><\/h3>\n<p>Ministarstvo ekonomije Crne Gore je izdalo saop\u0161tenje povodom Vukovi\u0107evih tvrdnji u kome se ka\u017ee da je zakon kojim se ratifikuje Pariski sporazum izra\u0111en posle analize svih mogu\u0107ih efekata primene sporazuma, dodaju\u0107i da bi izgradnja drugog bloka doprinela naporima da se umanje negativni efekti klimatskih promena.<\/p>\n<p>Usvajanje tog zakona u vladi je pra\u0107eno ogromnom studijom o socioekonomskih posledicama Pariskog sporazuma a Ministarstvo ekonomije je bilo posebno zainteresovano za njegov efekat na izgradnju drugog bloka i rekonstrukciju prvog bloka u termoelektrani, izjavila je ministarka ekonomije Dragica Sekuli\u0107.<\/p>\n<p>Ona je rekla da usvajanje zakona o Pariskom sporazumu ni na koji na\u010din ne ugro\u017eava radove u termoelektrani Plevlja.<\/p>\n<p>U saop\u0161tenju Ministarstva ekonomije se precizira da je analiza ra\u0111ena u saradnji sa Global Environment Facility (GEF) i UNDP-om.<\/p>\n<p>Vlada smatra da izgradnja drugog bloka centrale donosi preko potrebno re\u0161enje za ekolo\u0161ku situaciju u Plevljima. Izgradnja novog bloka i ekolo\u0161ka sanacija prvog bloka \u0107e re\u0161iti zna\u010dajni deo ekolo\u0161kih problema, pogotovo uvo\u0111enjem centralnog grejanja, ka\u017ee se u saop\u0161tenju.<\/p>\n<p>Proizvodnja struje iz uglja je i dalje realna potreba u Crnoj Gori i razvijenim zemljama Evropske unije a upotreba najbolje raspolo\u017eive tehnologije u skladu sa ekolo\u0161kim propisima EU je preduslov za izgradnju drugog bloka, dodaje ministarstvo.<\/p>\n<p>Pariski sporazum je usvojen u decembru 2015. a stupio je na snagu 4. novembra 2016. godine. Do sada ga je ratifikovala 154 od 197 zemalja koje su postigle dogovor oko sporazuma kojim treba da se uvedu mere radi ograni\u010davanja rasta temperature na globalnom nivou na 1,5 stepeni Celzijusa.<\/p>\n<p>Crna Gora planira da do 2030. godine smanji \u0161tetne emisije za 30 odsto u odnosu na 1990. godinu.<\/p>\n","protected":false},"excerpt":{"rendered":"<p>Najvaljeno usvajanje nacrta zakona kojim se potvr\u0111uje Pariski sporazum o klimatskim promenama je izazvalo javnu&#8230;<\/p>\n","protected":false},"author":25,"featured_media":14363,"comment_status":"open","ping_status":"closed","sticky":false,"template":"","format":"standard","meta":{"_acf_changed":false,"_monsterinsights_skip_tracking":false,"_monsterinsights_sitenote_active":false,"_monsterinsights_sitenote_note":"","_monsterinsights_sitenote_category":0,"footnotes":""},"categories":[504,4],"tags":[520,2656,1019,2103,691],"class_list":["post-14362","post","type-post","status-publish","format-standard","has-post-thumbnail","hentry","category-elektricna-energija","category-zivotna-sredina","tag-dragica-sekulic","tag-emisije-co2","tag-pariski-sporazum","tag-termoelektrana-pljevlja","tag-ugalj","country-crna-gora"],"acf":[],"yoast_head":"<!-- This site is optimized with the Yoast SEO plugin v27.4 - https:\/\/yoast.com\/product\/yoast-seo-wordpress\/ -->\n<title>Neslaganja u Crnoj Gori oko uticaja Pariskog sporazuma na izgradnju novog bloka u TE Pljevlja<\/title>\n<meta name=\"description\" content=\"Neslaganja oko ratifikacije i primene Pariskog sporazuma u Crnoj Gori zbog izgradnje novog bloka i rekonstrucije postojeceg u TE Pljevlja\" \/>\n<meta name=\"robots\" content=\"index, follow, max-snippet:-1, max-image-preview:large, max-video-preview:-1\" \/>\n<link rel=\"canonical\" href=\"https:\/\/balkangreenenergynews.com\/rs\/neslaganja-u-crnoj-gori-oko-uticaja-pariskog-sporazuma-na-izgradnju-novog-bloka-u-te-pljevlja\/\" \/>\n<meta property=\"og:locale\" content=\"sr_RS\" \/>\n<meta property=\"og:type\" content=\"article\" \/>\n<meta property=\"og:title\" content=\"Neslaganja u Crnoj Gori oko uticaja Pariskog sporazuma na izgradnju novog bloka u TE Pljevlja\" \/>\n<meta property=\"og:description\" content=\"Neslaganja oko ratifikacije i primene Pariskog sporazuma u Crnoj Gori zbog izgradnje novog bloka i rekonstrucije postojeceg u TE Pljevlja\" \/>\n<meta property=\"og:url\" content=\"https:\/\/balkangreenenergynews.com\/rs\/neslaganja-u-crnoj-gori-oko-uticaja-pariskog-sporazuma-na-izgradnju-novog-bloka-u-te-pljevlja\/\" \/>\n<meta property=\"og:site_name\" content=\"Balkan Green Energy News\" \/>\n<meta property=\"article:published_time\" content=\"2017-10-03T08:59:39+00:00\" \/>\n<meta property=\"article:modified_time\" content=\"2018-12-09T10:58:00+00:00\" \/>\n<meta property=\"og:image\" content=\"https:\/\/balkangreenenergynews.com\/rs\/wp-content\/uploads\/2017\/10\/PlevljaMontenegroPowerPlantEPCG.jpg\" \/>\n\t<meta property=\"og:image:width\" content=\"795\" \/>\n\t<meta property=\"og:image:height\" content=\"407\" \/>\n\t<meta property=\"og:image:type\" content=\"image\/jpeg\" \/>\n<meta name=\"author\" content=\"Balkan Green Energy News\" \/>\n<meta name=\"twitter:card\" content=\"summary_large_image\" \/>\n<meta name=\"twitter:label1\" content=\"\u041d\u0430\u043f\u0438\u0441\u0430\u043d\u043e \u043e\u0434\" \/>\n\t<meta name=\"twitter:data1\" content=\"Balkan Green Energy News\" \/>\n\t<meta name=\"twitter:label2\" content=\"\u041f\u0440\u043e\u0446\u0435\u045a\u0435\u043d\u043e \u0432\u0440\u0435\u043c\u0435 \u0447\u0438\u0442\u0430\u045a\u0430\" \/>\n\t<meta name=\"twitter:data2\" content=\"3 \u043c\u0438\u043d\u0443\u0442\u0430\" \/>\n<script type=\"application\/ld+json\" class=\"yoast-schema-graph\">{\"@context\":\"https:\\\/\\\/schema.org\",\"@graph\":[{\"@type\":\"Article\",\"@id\":\"https:\\\/\\\/balkangreenenergynews.com\\\/rs\\\/neslaganja-u-crnoj-gori-oko-uticaja-pariskog-sporazuma-na-izgradnju-novog-bloka-u-te-pljevlja\\\/#article\",\"isPartOf\":{\"@id\":\"https:\\\/\\\/balkangreenenergynews.com\\\/rs\\\/neslaganja-u-crnoj-gori-oko-uticaja-pariskog-sporazuma-na-izgradnju-novog-bloka-u-te-pljevlja\\\/\"},\"author\":{\"name\":\"Balkan Green Energy News\",\"@id\":\"https:\\\/\\\/balkangreenenergynews.com\\\/rs\\\/#\\\/schema\\\/person\\\/dee275e6036b1a0f7ceaf956d79d4eff\"},\"headline\":\"Neslaganja u Crnoj Gori oko uticaja Pariskog sporazuma na izgradnju novog bloka u TE Pljevlja\",\"datePublished\":\"2017-10-03T08:59:39+00:00\",\"dateModified\":\"2018-12-09T10:58:00+00:00\",\"mainEntityOfPage\":{\"@id\":\"https:\\\/\\\/balkangreenenergynews.com\\\/rs\\\/neslaganja-u-crnoj-gori-oko-uticaja-pariskog-sporazuma-na-izgradnju-novog-bloka-u-te-pljevlja\\\/\"},\"wordCount\":559,\"commentCount\":0,\"image\":{\"@id\":\"https:\\\/\\\/balkangreenenergynews.com\\\/rs\\\/neslaganja-u-crnoj-gori-oko-uticaja-pariskog-sporazuma-na-izgradnju-novog-bloka-u-te-pljevlja\\\/#primaryimage\"},\"thumbnailUrl\":\"https:\\\/\\\/balkangreenenergynews.com\\\/rs\\\/wp-content\\\/uploads\\\/2017\\\/10\\\/PlevljaMontenegroPowerPlantEPCG.jpg?wsr\",\"keywords\":[\"Dragica Sekuli\u0107\",\"emisije CO2\",\"Pariski sporazum\",\"Termoelektrana Pljevlja\",\"ugalj\"],\"articleSection\":[\"Elektri\u010dna energija\",\"\u017divotna sredina\"],\"inLanguage\":\"sr-RS\",\"potentialAction\":[{\"@type\":\"CommentAction\",\"name\":\"Comment\",\"target\":[\"https:\\\/\\\/balkangreenenergynews.com\\\/rs\\\/neslaganja-u-crnoj-gori-oko-uticaja-pariskog-sporazuma-na-izgradnju-novog-bloka-u-te-pljevlja\\\/#respond\"]}]},{\"@type\":\"WebPage\",\"@id\":\"https:\\\/\\\/balkangreenenergynews.com\\\/rs\\\/neslaganja-u-crnoj-gori-oko-uticaja-pariskog-sporazuma-na-izgradnju-novog-bloka-u-te-pljevlja\\\/\",\"url\":\"https:\\\/\\\/balkangreenenergynews.com\\\/rs\\\/neslaganja-u-crnoj-gori-oko-uticaja-pariskog-sporazuma-na-izgradnju-novog-bloka-u-te-pljevlja\\\/\",\"name\":\"Neslaganja u Crnoj Gori oko uticaja Pariskog sporazuma na izgradnju novog bloka u TE Pljevlja\",\"isPartOf\":{\"@id\":\"https:\\\/\\\/balkangreenenergynews.com\\\/rs\\\/#website\"},\"primaryImageOfPage\":{\"@id\":\"https:\\\/\\\/balkangreenenergynews.com\\\/rs\\\/neslaganja-u-crnoj-gori-oko-uticaja-pariskog-sporazuma-na-izgradnju-novog-bloka-u-te-pljevlja\\\/#primaryimage\"},\"image\":{\"@id\":\"https:\\\/\\\/balkangreenenergynews.com\\\/rs\\\/neslaganja-u-crnoj-gori-oko-uticaja-pariskog-sporazuma-na-izgradnju-novog-bloka-u-te-pljevlja\\\/#primaryimage\"},\"thumbnailUrl\":\"https:\\\/\\\/balkangreenenergynews.com\\\/rs\\\/wp-content\\\/uploads\\\/2017\\\/10\\\/PlevljaMontenegroPowerPlantEPCG.jpg?wsr\",\"datePublished\":\"2017-10-03T08:59:39+00:00\",\"dateModified\":\"2018-12-09T10:58:00+00:00\",\"author\":{\"@id\":\"https:\\\/\\\/balkangreenenergynews.com\\\/rs\\\/#\\\/schema\\\/person\\\/dee275e6036b1a0f7ceaf956d79d4eff\"},\"description\":\"Neslaganja oko ratifikacije i primene Pariskog sporazuma u Crnoj Gori zbog izgradnje novog bloka i rekonstrucije postojeceg u TE Pljevlja\",\"breadcrumb\":{\"@id\":\"https:\\\/\\\/balkangreenenergynews.com\\\/rs\\\/neslaganja-u-crnoj-gori-oko-uticaja-pariskog-sporazuma-na-izgradnju-novog-bloka-u-te-pljevlja\\\/#breadcrumb\"},\"inLanguage\":\"sr-RS\",\"potentialAction\":[{\"@type\":\"ReadAction\",\"target\":[\"https:\\\/\\\/balkangreenenergynews.com\\\/rs\\\/neslaganja-u-crnoj-gori-oko-uticaja-pariskog-sporazuma-na-izgradnju-novog-bloka-u-te-pljevlja\\\/\"]}]},{\"@type\":\"ImageObject\",\"inLanguage\":\"sr-RS\",\"@id\":\"https:\\\/\\\/balkangreenenergynews.com\\\/rs\\\/neslaganja-u-crnoj-gori-oko-uticaja-pariskog-sporazuma-na-izgradnju-novog-bloka-u-te-pljevlja\\\/#primaryimage\",\"url\":\"https:\\\/\\\/balkangreenenergynews.com\\\/rs\\\/wp-content\\\/uploads\\\/2017\\\/10\\\/PlevljaMontenegroPowerPlantEPCG.jpg?wsr\",\"contentUrl\":\"https:\\\/\\\/balkangreenenergynews.com\\\/rs\\\/wp-content\\\/uploads\\\/2017\\\/10\\\/PlevljaMontenegroPowerPlantEPCG.jpg?wsr\",\"width\":795,\"height\":407,\"caption\":\"Neslaganja u Crnoj Gori oko uticaja Pariskog sporazuma na izgradnju novog bloka u TE Pljevlja\"},{\"@type\":\"BreadcrumbList\",\"@id\":\"https:\\\/\\\/balkangreenenergynews.com\\\/rs\\\/neslaganja-u-crnoj-gori-oko-uticaja-pariskog-sporazuma-na-izgradnju-novog-bloka-u-te-pljevlja\\\/#breadcrumb\",\"itemListElement\":[{\"@type\":\"ListItem\",\"position\":1,\"name\":\"Po\u010detna\",\"item\":\"https:\\\/\\\/balkangreenenergynews.com\\\/rs\\\/\"},{\"@type\":\"ListItem\",\"position\":2,\"name\":\"Vesti\",\"item\":\"https:\\\/\\\/balkangreenenergynews.com\\\/rs\\\/kategorija\\\/vesti\\\/\"},{\"@type\":\"ListItem\",\"position\":3,\"name\":\"\u017divotna sredina\",\"item\":\"https:\\\/\\\/balkangreenenergynews.com\\\/rs\\\/kategorija\\\/vesti\\\/zivotna-sredina\\\/\"},{\"@type\":\"ListItem\",\"position\":4,\"name\":\"Neslaganja u Crnoj Gori oko uticaja Pariskog sporazuma na izgradnju novog bloka u TE Pljevlja\"}]},{\"@type\":\"WebSite\",\"@id\":\"https:\\\/\\\/balkangreenenergynews.com\\\/rs\\\/#website\",\"url\":\"https:\\\/\\\/balkangreenenergynews.com\\\/rs\\\/\",\"name\":\"Balkan Green Energy News\",\"description\":\"Naj\u0161iri izbor vesti sa Balkana o zelenoj energiji\",\"potentialAction\":[{\"@type\":\"SearchAction\",\"target\":{\"@type\":\"EntryPoint\",\"urlTemplate\":\"https:\\\/\\\/balkangreenenergynews.com\\\/rs\\\/?s={search_term_string}\"},\"query-input\":{\"@type\":\"PropertyValueSpecification\",\"valueRequired\":true,\"valueName\":\"search_term_string\"}}],\"inLanguage\":\"sr-RS\"},{\"@type\":\"Person\",\"@id\":\"https:\\\/\\\/balkangreenenergynews.com\\\/rs\\\/#\\\/schema\\\/person\\\/dee275e6036b1a0f7ceaf956d79d4eff\",\"name\":\"Balkan Green Energy News\",\"url\":\"https:\\\/\\\/balkangreenenergynews.com\\\/rs\\\/author\\\/balkangreenenergynews\\\/\"}]}<\/script>\n<!-- \/ Yoast SEO plugin. -->","yoast_head_json":{"title":"Neslaganja u Crnoj Gori oko uticaja Pariskog sporazuma na izgradnju novog bloka u TE Pljevlja","description":"Neslaganja oko ratifikacije i primene Pariskog sporazuma u Crnoj Gori zbog izgradnje novog bloka i rekonstrucije postojeceg u TE Pljevlja","robots":{"index":"index","follow":"follow","max-snippet":"max-snippet:-1","max-image-preview":"max-image-preview:large","max-video-preview":"max-video-preview:-1"},"canonical":"https:\/\/balkangreenenergynews.com\/rs\/neslaganja-u-crnoj-gori-oko-uticaja-pariskog-sporazuma-na-izgradnju-novog-bloka-u-te-pljevlja\/","og_locale":"sr_RS","og_type":"article","og_title":"Neslaganja u Crnoj Gori oko uticaja Pariskog sporazuma na izgradnju novog bloka u TE Pljevlja","og_description":"Neslaganja oko ratifikacije i primene Pariskog sporazuma u Crnoj Gori zbog izgradnje novog bloka i rekonstrucije postojeceg u TE Pljevlja","og_url":"https:\/\/balkangreenenergynews.com\/rs\/neslaganja-u-crnoj-gori-oko-uticaja-pariskog-sporazuma-na-izgradnju-novog-bloka-u-te-pljevlja\/","og_site_name":"Balkan Green Energy News","article_published_time":"2017-10-03T08:59:39+00:00","article_modified_time":"2018-12-09T10:58:00+00:00","og_image":[{"width":795,"height":407,"url":"https:\/\/balkangreenenergynews.com\/rs\/wp-content\/uploads\/2017\/10\/PlevljaMontenegroPowerPlantEPCG.jpg","type":"image\/jpeg"}],"author":"Balkan Green Energy News","twitter_card":"summary_large_image","twitter_misc":{"\u041d\u0430\u043f\u0438\u0441\u0430\u043d\u043e \u043e\u0434":"Balkan Green Energy News","\u041f\u0440\u043e\u0446\u0435\u045a\u0435\u043d\u043e \u0432\u0440\u0435\u043c\u0435 \u0447\u0438\u0442\u0430\u045a\u0430":"3 \u043c\u0438\u043d\u0443\u0442\u0430"},"schema":{"@context":"https:\/\/schema.org","@graph":[{"@type":"Article","@id":"https:\/\/balkangreenenergynews.com\/rs\/neslaganja-u-crnoj-gori-oko-uticaja-pariskog-sporazuma-na-izgradnju-novog-bloka-u-te-pljevlja\/#article","isPartOf":{"@id":"https:\/\/balkangreenenergynews.com\/rs\/neslaganja-u-crnoj-gori-oko-uticaja-pariskog-sporazuma-na-izgradnju-novog-bloka-u-te-pljevlja\/"},"author":{"name":"Balkan Green Energy News","@id":"https:\/\/balkangreenenergynews.com\/rs\/#\/schema\/person\/dee275e6036b1a0f7ceaf956d79d4eff"},"headline":"Neslaganja u Crnoj Gori oko uticaja Pariskog sporazuma na izgradnju novog bloka u TE Pljevlja","datePublished":"2017-10-03T08:59:39+00:00","dateModified":"2018-12-09T10:58:00+00:00","mainEntityOfPage":{"@id":"https:\/\/balkangreenenergynews.com\/rs\/neslaganja-u-crnoj-gori-oko-uticaja-pariskog-sporazuma-na-izgradnju-novog-bloka-u-te-pljevlja\/"},"wordCount":559,"commentCount":0,"image":{"@id":"https:\/\/balkangreenenergynews.com\/rs\/neslaganja-u-crnoj-gori-oko-uticaja-pariskog-sporazuma-na-izgradnju-novog-bloka-u-te-pljevlja\/#primaryimage"},"thumbnailUrl":"https:\/\/balkangreenenergynews.com\/rs\/wp-content\/uploads\/2017\/10\/PlevljaMontenegroPowerPlantEPCG.jpg?wsr","keywords":["Dragica Sekuli\u0107","emisije CO2","Pariski sporazum","Termoelektrana Pljevlja","ugalj"],"articleSection":["Elektri\u010dna energija","\u017divotna sredina"],"inLanguage":"sr-RS","potentialAction":[{"@type":"CommentAction","name":"Comment","target":["https:\/\/balkangreenenergynews.com\/rs\/neslaganja-u-crnoj-gori-oko-uticaja-pariskog-sporazuma-na-izgradnju-novog-bloka-u-te-pljevlja\/#respond"]}]},{"@type":"WebPage","@id":"https:\/\/balkangreenenergynews.com\/rs\/neslaganja-u-crnoj-gori-oko-uticaja-pariskog-sporazuma-na-izgradnju-novog-bloka-u-te-pljevlja\/","url":"https:\/\/balkangreenenergynews.com\/rs\/neslaganja-u-crnoj-gori-oko-uticaja-pariskog-sporazuma-na-izgradnju-novog-bloka-u-te-pljevlja\/","name":"Neslaganja u Crnoj Gori oko uticaja Pariskog sporazuma na izgradnju novog bloka u TE Pljevlja","isPartOf":{"@id":"https:\/\/balkangreenenergynews.com\/rs\/#website"},"primaryImageOfPage":{"@id":"https:\/\/balkangreenenergynews.com\/rs\/neslaganja-u-crnoj-gori-oko-uticaja-pariskog-sporazuma-na-izgradnju-novog-bloka-u-te-pljevlja\/#primaryimage"},"image":{"@id":"https:\/\/balkangreenenergynews.com\/rs\/neslaganja-u-crnoj-gori-oko-uticaja-pariskog-sporazuma-na-izgradnju-novog-bloka-u-te-pljevlja\/#primaryimage"},"thumbnailUrl":"https:\/\/balkangreenenergynews.com\/rs\/wp-content\/uploads\/2017\/10\/PlevljaMontenegroPowerPlantEPCG.jpg?wsr","datePublished":"2017-10-03T08:59:39+00:00","dateModified":"2018-12-09T10:58:00+00:00","author":{"@id":"https:\/\/balkangreenenergynews.com\/rs\/#\/schema\/person\/dee275e6036b1a0f7ceaf956d79d4eff"},"description":"Neslaganja oko ratifikacije i primene Pariskog sporazuma u Crnoj Gori zbog izgradnje novog bloka i rekonstrucije postojeceg u TE Pljevlja","breadcrumb":{"@id":"https:\/\/balkangreenenergynews.com\/rs\/neslaganja-u-crnoj-gori-oko-uticaja-pariskog-sporazuma-na-izgradnju-novog-bloka-u-te-pljevlja\/#breadcrumb"},"inLanguage":"sr-RS","potentialAction":[{"@type":"ReadAction","target":["https:\/\/balkangreenenergynews.com\/rs\/neslaganja-u-crnoj-gori-oko-uticaja-pariskog-sporazuma-na-izgradnju-novog-bloka-u-te-pljevlja\/"]}]},{"@type":"ImageObject","inLanguage":"sr-RS","@id":"https:\/\/balkangreenenergynews.com\/rs\/neslaganja-u-crnoj-gori-oko-uticaja-pariskog-sporazuma-na-izgradnju-novog-bloka-u-te-pljevlja\/#primaryimage","url":"https:\/\/balkangreenenergynews.com\/rs\/wp-content\/uploads\/2017\/10\/PlevljaMontenegroPowerPlantEPCG.jpg?wsr","contentUrl":"https:\/\/balkangreenenergynews.com\/rs\/wp-content\/uploads\/2017\/10\/PlevljaMontenegroPowerPlantEPCG.jpg?wsr","width":795,"height":407,"caption":"Neslaganja u Crnoj Gori oko uticaja Pariskog sporazuma na izgradnju novog bloka u TE Pljevlja"},{"@type":"BreadcrumbList","@id":"https:\/\/balkangreenenergynews.com\/rs\/neslaganja-u-crnoj-gori-oko-uticaja-pariskog-sporazuma-na-izgradnju-novog-bloka-u-te-pljevlja\/#breadcrumb","itemListElement":[{"@type":"ListItem","position":1,"name":"Po\u010detna","item":"https:\/\/balkangreenenergynews.com\/rs\/"},{"@type":"ListItem","position":2,"name":"Vesti","item":"https:\/\/balkangreenenergynews.com\/rs\/kategorija\/vesti\/"},{"@type":"ListItem","position":3,"name":"\u017divotna sredina","item":"https:\/\/balkangreenenergynews.com\/rs\/kategorija\/vesti\/zivotna-sredina\/"},{"@type":"ListItem","position":4,"name":"Neslaganja u Crnoj Gori oko uticaja Pariskog sporazuma na izgradnju novog bloka u TE Pljevlja"}]},{"@type":"WebSite","@id":"https:\/\/balkangreenenergynews.com\/rs\/#website","url":"https:\/\/balkangreenenergynews.com\/rs\/","name":"Balkan Green Energy News","description":"Naj\u0161iri izbor vesti sa Balkana o zelenoj energiji","potentialAction":[{"@type":"SearchAction","target":{"@type":"EntryPoint","urlTemplate":"https:\/\/balkangreenenergynews.com\/rs\/?s={search_term_string}"},"query-input":{"@type":"PropertyValueSpecification","valueRequired":true,"valueName":"search_term_string"}}],"inLanguage":"sr-RS"},{"@type":"Person","@id":"https:\/\/balkangreenenergynews.com\/rs\/#\/schema\/person\/dee275e6036b1a0f7ceaf956d79d4eff","name":"Balkan Green Energy News","url":"https:\/\/balkangreenenergynews.com\/rs\/author\/balkangreenenergynews\/"}]}},"_links":{"self":[{"href":"https:\/\/balkangreenenergynews.com\/rs\/wp-json\/wp\/v2\/posts\/14362","targetHints":{"allow":["GET"]}}],"collection":[{"href":"https:\/\/balkangreenenergynews.com\/rs\/wp-json\/wp\/v2\/posts"}],"about":[{"href":"https:\/\/balkangreenenergynews.com\/rs\/wp-json\/wp\/v2\/types\/post"}],"author":[{"embeddable":true,"href":"https:\/\/balkangreenenergynews.com\/rs\/wp-json\/wp\/v2\/users\/25"}],"replies":[{"embeddable":true,"href":"https:\/\/balkangreenenergynews.com\/rs\/wp-json\/wp\/v2\/comments?post=14362"}],"version-history":[{"count":0,"href":"https:\/\/balkangreenenergynews.com\/rs\/wp-json\/wp\/v2\/posts\/14362\/revisions"}],"wp:featuredmedia":[{"embeddable":true,"href":"https:\/\/balkangreenenergynews.com\/rs\/wp-json\/wp\/v2\/media\/14363"}],"wp:attachment":[{"href":"https:\/\/balkangreenenergynews.com\/rs\/wp-json\/wp\/v2\/media?parent=14362"}],"wp:term":[{"taxonomy":"category","embeddable":true,"href":"https:\/\/balkangreenenergynews.com\/rs\/wp-json\/wp\/v2\/categories?post=14362"},{"taxonomy":"post_tag","embeddable":true,"href":"https:\/\/balkangreenenergynews.com\/rs\/wp-json\/wp\/v2\/tags?post=14362"}],"curies":[{"name":"wp","href":"https:\/\/api.w.org\/{rel}","templated":true}]}}