{"id":13961,"date":"2017-09-07T14:04:34","date_gmt":"2017-09-07T12:04:34","guid":{"rendered":"http:\/\/balkangreenenergynews.com\/rs\/?p=13961"},"modified":"2018-12-09T12:29:22","modified_gmt":"2018-12-09T11:29:22","slug":"americka-privredna-komora-u-srbiji-osnovala-odbor-za-energetiku","status":"publish","type":"post","link":"https:\/\/balkangreenenergynews.com\/rs\/americka-privredna-komora-u-srbiji-osnovala-odbor-za-energetiku\/","title":{"rendered":"Ameri\u010dka privredna komora u Srbiji osnovala Odbor za energetiku"},"content":{"rendered":"<h2>Ameri\u010dka privredna komora u Srbiji (AmCham) osnovala je Odbor za energetiku u cilju uspostavljanja dijaloga i saradnje na unapre\u0111enju regulatornog okvira u oblasti energetike i njegove primene. Pored komapnija iz SAD, u odboru je i vi\u0161e kompanija iz Evrope i Srbije.<\/h2>\n<p>Predstavnici AmCham su o formiranju tog odbora informisali ministra rudarstva i energetike Srbije Aleksandra Anti\u0107a na sastanku odr\u017eanom u utorak, saop\u0161tilo je Ministarstvo rudarstva i energetike Srbije.<\/p>\n<p>Oni su naglasili da im je namera uspostavl\u0458anje konstruktivnog dijaloga sa svim relevantnim dr\u017eavnim institucijama u cil\u0458u unapre\u0111enja regulatornog okvira u oblasti energetike i njegove efikasne primene.<\/p>\n<p>\u010clanovi Odbora su i renomirane kompanije koje nisu iz SAD, poput Siemens-a, Schneider Electric-a, NIS-a, MK Fintel Wind-a, Continental Winda-a.<\/p>\n<p>Anti\u0107 je ocenio da su cil\u0458evi novoformiranog Odbora izuzetno va\u017eni i da \u0107e Ministarstvo rudarstva i energetike pru\u017eiti neophodnu podr\u0161ku kako bi se saradnja sa tim odborom odvijala u interesu svih strana.<\/p>\n<p>Anti\u0107 je istakao da je Srbija unapredila regulatorni okvir u oblasti obnovl\u0458ivih izvora energije i energetske efikasnosti, \u0161to kako je istakao, predstavl\u0458a sigurnost za investiranje u ovim oblastima za kompanije koje su \u010dlanice Ameri\u010dke privredne komore u Srbiji.<\/p>\n","protected":false},"excerpt":{"rendered":"<p>Ameri\u010dka privredna komora u Srbiji (AmCham) osnovala je Odbor za energetiku u cilju uspostavljanja dijaloga&#8230;<\/p>\n","protected":false},"author":25,"featured_media":13963,"comment_status":"open","ping_status":"closed","sticky":false,"template":"","format":"standard","meta":{"_acf_changed":false,"_monsterinsights_skip_tracking":false,"_monsterinsights_sitenote_active":false,"_monsterinsights_sitenote_note":"","_monsterinsights_sitenote_category":0,"footnotes":""},"categories":[504,1],"tags":[72],"class_list":["post-13961","post","type-post","status-publish","format-standard","has-post-thumbnail","hentry","category-elektricna-energija","category-obnovljivi-izvori-energije","tag-aleksandar-antic","country-srbija"],"acf":[],"yoast_head":"<!-- This site is optimized with the Yoast SEO plugin v27.4 - https:\/\/yoast.com\/product\/yoast-seo-wordpress\/ -->\n<title>Ameri\u010dka privredna komora u Srbiji osnovala Odbor za energetiku<\/title>\n<meta name=\"description\" content=\"Ameri\u010dka privredna komora u Srbiji osnovala je Odbor za energetiku u cilju uspostavljanja dijaloga na unapre\u0111enju regulatornog okvira u oblasti energetike.\" \/>\n<meta name=\"robots\" content=\"index, follow, max-snippet:-1, max-image-preview:large, max-video-preview:-1\" \/>\n<link rel=\"canonical\" href=\"https:\/\/balkangreenenergynews.com\/rs\/americka-privredna-komora-u-srbiji-osnovala-odbor-za-energetiku\/\" \/>\n<meta property=\"og:locale\" content=\"sr_RS\" \/>\n<meta property=\"og:type\" content=\"article\" \/>\n<meta property=\"og:title\" content=\"Ameri\u010dka privredna komora u Srbiji osnovala Odbor za energetiku\" \/>\n<meta property=\"og:description\" content=\"Ameri\u010dka privredna komora u Srbiji osnovala je Odbor za energetiku u cilju uspostavljanja dijaloga na unapre\u0111enju regulatornog okvira u oblasti energetike.\" \/>\n<meta property=\"og:url\" content=\"https:\/\/balkangreenenergynews.com\/rs\/americka-privredna-komora-u-srbiji-osnovala-odbor-za-energetiku\/\" \/>\n<meta property=\"og:site_name\" content=\"Balkan Green Energy News\" \/>\n<meta property=\"article:published_time\" content=\"2017-09-07T12:04:34+00:00\" \/>\n<meta property=\"article:modified_time\" content=\"2018-12-09T11:29:22+00:00\" \/>\n<meta property=\"og:image\" content=\"https:\/\/balkangreenenergynews.com\/rs\/wp-content\/uploads\/2017\/09\/antic-amcham-sastanak.jpg\" \/>\n\t<meta property=\"og:image:width\" content=\"795\" \/>\n\t<meta property=\"og:image:height\" content=\"407\" \/>\n\t<meta property=\"og:image:type\" content=\"image\/jpeg\" \/>\n<meta name=\"author\" content=\"Balkan Green Energy News\" \/>\n<meta name=\"twitter:card\" content=\"summary_large_image\" \/>\n<meta name=\"twitter:label1\" content=\"\u041d\u0430\u043f\u0438\u0441\u0430\u043d\u043e \u043e\u0434\" \/>\n\t<meta name=\"twitter:data1\" content=\"Balkan Green Energy News\" \/>\n\t<meta name=\"twitter:label2\" content=\"\u041f\u0440\u043e\u0446\u0435\u045a\u0435\u043d\u043e \u0432\u0440\u0435\u043c\u0435 \u0447\u0438\u0442\u0430\u045a\u0430\" \/>\n\t<meta name=\"twitter:data2\" content=\"1 \u043c\u0438\u043d\u0443\u0442\" \/>\n<script type=\"application\/ld+json\" class=\"yoast-schema-graph\">{\"@context\":\"https:\\\/\\\/schema.org\",\"@graph\":[{\"@type\":\"Article\",\"@id\":\"https:\\\/\\\/balkangreenenergynews.com\\\/rs\\\/americka-privredna-komora-u-srbiji-osnovala-odbor-za-energetiku\\\/#article\",\"isPartOf\":{\"@id\":\"https:\\\/\\\/balkangreenenergynews.com\\\/rs\\\/americka-privredna-komora-u-srbiji-osnovala-odbor-za-energetiku\\\/\"},\"author\":{\"name\":\"Balkan Green Energy News\",\"@id\":\"https:\\\/\\\/balkangreenenergynews.com\\\/rs\\\/#\\\/schema\\\/person\\\/dee275e6036b1a0f7ceaf956d79d4eff\"},\"headline\":\"Ameri\u010dka privredna komora u Srbiji osnovala Odbor za energetiku\",\"datePublished\":\"2017-09-07T12:04:34+00:00\",\"dateModified\":\"2018-12-09T11:29:22+00:00\",\"mainEntityOfPage\":{\"@id\":\"https:\\\/\\\/balkangreenenergynews.com\\\/rs\\\/americka-privredna-komora-u-srbiji-osnovala-odbor-za-energetiku\\\/\"},\"wordCount\":212,\"commentCount\":0,\"image\":{\"@id\":\"https:\\\/\\\/balkangreenenergynews.com\\\/rs\\\/americka-privredna-komora-u-srbiji-osnovala-odbor-za-energetiku\\\/#primaryimage\"},\"thumbnailUrl\":\"https:\\\/\\\/balkangreenenergynews.com\\\/rs\\\/wp-content\\\/uploads\\\/2017\\\/09\\\/antic-amcham-sastanak.jpg?wsr\",\"keywords\":[\"Aleksandar Anti\u0107\"],\"articleSection\":[\"Elektri\u010dna energija\",\"OIE\"],\"inLanguage\":\"sr-RS\",\"potentialAction\":[{\"@type\":\"CommentAction\",\"name\":\"Comment\",\"target\":[\"https:\\\/\\\/balkangreenenergynews.com\\\/rs\\\/americka-privredna-komora-u-srbiji-osnovala-odbor-za-energetiku\\\/#respond\"]}]},{\"@type\":\"WebPage\",\"@id\":\"https:\\\/\\\/balkangreenenergynews.com\\\/rs\\\/americka-privredna-komora-u-srbiji-osnovala-odbor-za-energetiku\\\/\",\"url\":\"https:\\\/\\\/balkangreenenergynews.com\\\/rs\\\/americka-privredna-komora-u-srbiji-osnovala-odbor-za-energetiku\\\/\",\"name\":\"Ameri\u010dka privredna komora u Srbiji osnovala Odbor za energetiku\",\"isPartOf\":{\"@id\":\"https:\\\/\\\/balkangreenenergynews.com\\\/rs\\\/#website\"},\"primaryImageOfPage\":{\"@id\":\"https:\\\/\\\/balkangreenenergynews.com\\\/rs\\\/americka-privredna-komora-u-srbiji-osnovala-odbor-za-energetiku\\\/#primaryimage\"},\"image\":{\"@id\":\"https:\\\/\\\/balkangreenenergynews.com\\\/rs\\\/americka-privredna-komora-u-srbiji-osnovala-odbor-za-energetiku\\\/#primaryimage\"},\"thumbnailUrl\":\"https:\\\/\\\/balkangreenenergynews.com\\\/rs\\\/wp-content\\\/uploads\\\/2017\\\/09\\\/antic-amcham-sastanak.jpg?wsr\",\"datePublished\":\"2017-09-07T12:04:34+00:00\",\"dateModified\":\"2018-12-09T11:29:22+00:00\",\"author\":{\"@id\":\"https:\\\/\\\/balkangreenenergynews.com\\\/rs\\\/#\\\/schema\\\/person\\\/dee275e6036b1a0f7ceaf956d79d4eff\"},\"description\":\"Ameri\u010dka privredna komora u Srbiji osnovala je Odbor za energetiku u cilju uspostavljanja dijaloga na unapre\u0111enju regulatornog okvira u oblasti energetike.\",\"breadcrumb\":{\"@id\":\"https:\\\/\\\/balkangreenenergynews.com\\\/rs\\\/americka-privredna-komora-u-srbiji-osnovala-odbor-za-energetiku\\\/#breadcrumb\"},\"inLanguage\":\"sr-RS\",\"potentialAction\":[{\"@type\":\"ReadAction\",\"target\":[\"https:\\\/\\\/balkangreenenergynews.com\\\/rs\\\/americka-privredna-komora-u-srbiji-osnovala-odbor-za-energetiku\\\/\"]}]},{\"@type\":\"ImageObject\",\"inLanguage\":\"sr-RS\",\"@id\":\"https:\\\/\\\/balkangreenenergynews.com\\\/rs\\\/americka-privredna-komora-u-srbiji-osnovala-odbor-za-energetiku\\\/#primaryimage\",\"url\":\"https:\\\/\\\/balkangreenenergynews.com\\\/rs\\\/wp-content\\\/uploads\\\/2017\\\/09\\\/antic-amcham-sastanak.jpg?wsr\",\"contentUrl\":\"https:\\\/\\\/balkangreenenergynews.com\\\/rs\\\/wp-content\\\/uploads\\\/2017\\\/09\\\/antic-amcham-sastanak.jpg?wsr\",\"width\":795,\"height\":407},{\"@type\":\"BreadcrumbList\",\"@id\":\"https:\\\/\\\/balkangreenenergynews.com\\\/rs\\\/americka-privredna-komora-u-srbiji-osnovala-odbor-za-energetiku\\\/#breadcrumb\",\"itemListElement\":[{\"@type\":\"ListItem\",\"position\":1,\"name\":\"Po\u010detna\",\"item\":\"https:\\\/\\\/balkangreenenergynews.com\\\/rs\\\/\"},{\"@type\":\"ListItem\",\"position\":2,\"name\":\"Vesti\",\"item\":\"https:\\\/\\\/balkangreenenergynews.com\\\/rs\\\/kategorija\\\/vesti\\\/\"},{\"@type\":\"ListItem\",\"position\":3,\"name\":\"Elektri\u010dna energija\",\"item\":\"https:\\\/\\\/balkangreenenergynews.com\\\/rs\\\/kategorija\\\/vesti\\\/elektricna-energija\\\/\"},{\"@type\":\"ListItem\",\"position\":4,\"name\":\"Ameri\u010dka privredna komora u Srbiji osnovala Odbor za energetiku\"}]},{\"@type\":\"WebSite\",\"@id\":\"https:\\\/\\\/balkangreenenergynews.com\\\/rs\\\/#website\",\"url\":\"https:\\\/\\\/balkangreenenergynews.com\\\/rs\\\/\",\"name\":\"Balkan Green Energy News\",\"description\":\"Naj\u0161iri izbor vesti sa Balkana o zelenoj energiji\",\"potentialAction\":[{\"@type\":\"SearchAction\",\"target\":{\"@type\":\"EntryPoint\",\"urlTemplate\":\"https:\\\/\\\/balkangreenenergynews.com\\\/rs\\\/?s={search_term_string}\"},\"query-input\":{\"@type\":\"PropertyValueSpecification\",\"valueRequired\":true,\"valueName\":\"search_term_string\"}}],\"inLanguage\":\"sr-RS\"},{\"@type\":\"Person\",\"@id\":\"https:\\\/\\\/balkangreenenergynews.com\\\/rs\\\/#\\\/schema\\\/person\\\/dee275e6036b1a0f7ceaf956d79d4eff\",\"name\":\"Balkan Green Energy News\",\"url\":\"https:\\\/\\\/balkangreenenergynews.com\\\/rs\\\/author\\\/balkangreenenergynews\\\/\"}]}<\/script>\n<!-- \/ Yoast SEO plugin. -->","yoast_head_json":{"title":"Ameri\u010dka privredna komora u Srbiji osnovala Odbor za energetiku","description":"Ameri\u010dka privredna komora u Srbiji osnovala je Odbor za energetiku u cilju uspostavljanja dijaloga na unapre\u0111enju regulatornog okvira u oblasti energetike.","robots":{"index":"index","follow":"follow","max-snippet":"max-snippet:-1","max-image-preview":"max-image-preview:large","max-video-preview":"max-video-preview:-1"},"canonical":"https:\/\/balkangreenenergynews.com\/rs\/americka-privredna-komora-u-srbiji-osnovala-odbor-za-energetiku\/","og_locale":"sr_RS","og_type":"article","og_title":"Ameri\u010dka privredna komora u Srbiji osnovala Odbor za energetiku","og_description":"Ameri\u010dka privredna komora u Srbiji osnovala je Odbor za energetiku u cilju uspostavljanja dijaloga na unapre\u0111enju regulatornog okvira u oblasti energetike.","og_url":"https:\/\/balkangreenenergynews.com\/rs\/americka-privredna-komora-u-srbiji-osnovala-odbor-za-energetiku\/","og_site_name":"Balkan Green Energy News","article_published_time":"2017-09-07T12:04:34+00:00","article_modified_time":"2018-12-09T11:29:22+00:00","og_image":[{"width":795,"height":407,"url":"https:\/\/balkangreenenergynews.com\/rs\/wp-content\/uploads\/2017\/09\/antic-amcham-sastanak.jpg","type":"image\/jpeg"}],"author":"Balkan Green Energy News","twitter_card":"summary_large_image","twitter_misc":{"\u041d\u0430\u043f\u0438\u0441\u0430\u043d\u043e \u043e\u0434":"Balkan Green Energy News","\u041f\u0440\u043e\u0446\u0435\u045a\u0435\u043d\u043e \u0432\u0440\u0435\u043c\u0435 \u0447\u0438\u0442\u0430\u045a\u0430":"1 \u043c\u0438\u043d\u0443\u0442"},"schema":{"@context":"https:\/\/schema.org","@graph":[{"@type":"Article","@id":"https:\/\/balkangreenenergynews.com\/rs\/americka-privredna-komora-u-srbiji-osnovala-odbor-za-energetiku\/#article","isPartOf":{"@id":"https:\/\/balkangreenenergynews.com\/rs\/americka-privredna-komora-u-srbiji-osnovala-odbor-za-energetiku\/"},"author":{"name":"Balkan Green Energy News","@id":"https:\/\/balkangreenenergynews.com\/rs\/#\/schema\/person\/dee275e6036b1a0f7ceaf956d79d4eff"},"headline":"Ameri\u010dka privredna komora u Srbiji osnovala Odbor za energetiku","datePublished":"2017-09-07T12:04:34+00:00","dateModified":"2018-12-09T11:29:22+00:00","mainEntityOfPage":{"@id":"https:\/\/balkangreenenergynews.com\/rs\/americka-privredna-komora-u-srbiji-osnovala-odbor-za-energetiku\/"},"wordCount":212,"commentCount":0,"image":{"@id":"https:\/\/balkangreenenergynews.com\/rs\/americka-privredna-komora-u-srbiji-osnovala-odbor-za-energetiku\/#primaryimage"},"thumbnailUrl":"https:\/\/balkangreenenergynews.com\/rs\/wp-content\/uploads\/2017\/09\/antic-amcham-sastanak.jpg?wsr","keywords":["Aleksandar Anti\u0107"],"articleSection":["Elektri\u010dna energija","OIE"],"inLanguage":"sr-RS","potentialAction":[{"@type":"CommentAction","name":"Comment","target":["https:\/\/balkangreenenergynews.com\/rs\/americka-privredna-komora-u-srbiji-osnovala-odbor-za-energetiku\/#respond"]}]},{"@type":"WebPage","@id":"https:\/\/balkangreenenergynews.com\/rs\/americka-privredna-komora-u-srbiji-osnovala-odbor-za-energetiku\/","url":"https:\/\/balkangreenenergynews.com\/rs\/americka-privredna-komora-u-srbiji-osnovala-odbor-za-energetiku\/","name":"Ameri\u010dka privredna komora u Srbiji osnovala Odbor za energetiku","isPartOf":{"@id":"https:\/\/balkangreenenergynews.com\/rs\/#website"},"primaryImageOfPage":{"@id":"https:\/\/balkangreenenergynews.com\/rs\/americka-privredna-komora-u-srbiji-osnovala-odbor-za-energetiku\/#primaryimage"},"image":{"@id":"https:\/\/balkangreenenergynews.com\/rs\/americka-privredna-komora-u-srbiji-osnovala-odbor-za-energetiku\/#primaryimage"},"thumbnailUrl":"https:\/\/balkangreenenergynews.com\/rs\/wp-content\/uploads\/2017\/09\/antic-amcham-sastanak.jpg?wsr","datePublished":"2017-09-07T12:04:34+00:00","dateModified":"2018-12-09T11:29:22+00:00","author":{"@id":"https:\/\/balkangreenenergynews.com\/rs\/#\/schema\/person\/dee275e6036b1a0f7ceaf956d79d4eff"},"description":"Ameri\u010dka privredna komora u Srbiji osnovala je Odbor za energetiku u cilju uspostavljanja dijaloga na unapre\u0111enju regulatornog okvira u oblasti energetike.","breadcrumb":{"@id":"https:\/\/balkangreenenergynews.com\/rs\/americka-privredna-komora-u-srbiji-osnovala-odbor-za-energetiku\/#breadcrumb"},"inLanguage":"sr-RS","potentialAction":[{"@type":"ReadAction","target":["https:\/\/balkangreenenergynews.com\/rs\/americka-privredna-komora-u-srbiji-osnovala-odbor-za-energetiku\/"]}]},{"@type":"ImageObject","inLanguage":"sr-RS","@id":"https:\/\/balkangreenenergynews.com\/rs\/americka-privredna-komora-u-srbiji-osnovala-odbor-za-energetiku\/#primaryimage","url":"https:\/\/balkangreenenergynews.com\/rs\/wp-content\/uploads\/2017\/09\/antic-amcham-sastanak.jpg?wsr","contentUrl":"https:\/\/balkangreenenergynews.com\/rs\/wp-content\/uploads\/2017\/09\/antic-amcham-sastanak.jpg?wsr","width":795,"height":407},{"@type":"BreadcrumbList","@id":"https:\/\/balkangreenenergynews.com\/rs\/americka-privredna-komora-u-srbiji-osnovala-odbor-za-energetiku\/#breadcrumb","itemListElement":[{"@type":"ListItem","position":1,"name":"Po\u010detna","item":"https:\/\/balkangreenenergynews.com\/rs\/"},{"@type":"ListItem","position":2,"name":"Vesti","item":"https:\/\/balkangreenenergynews.com\/rs\/kategorija\/vesti\/"},{"@type":"ListItem","position":3,"name":"Elektri\u010dna energija","item":"https:\/\/balkangreenenergynews.com\/rs\/kategorija\/vesti\/elektricna-energija\/"},{"@type":"ListItem","position":4,"name":"Ameri\u010dka privredna komora u Srbiji osnovala Odbor za energetiku"}]},{"@type":"WebSite","@id":"https:\/\/balkangreenenergynews.com\/rs\/#website","url":"https:\/\/balkangreenenergynews.com\/rs\/","name":"Balkan Green Energy News","description":"Naj\u0161iri izbor vesti sa Balkana o zelenoj energiji","potentialAction":[{"@type":"SearchAction","target":{"@type":"EntryPoint","urlTemplate":"https:\/\/balkangreenenergynews.com\/rs\/?s={search_term_string}"},"query-input":{"@type":"PropertyValueSpecification","valueRequired":true,"valueName":"search_term_string"}}],"inLanguage":"sr-RS"},{"@type":"Person","@id":"https:\/\/balkangreenenergynews.com\/rs\/#\/schema\/person\/dee275e6036b1a0f7ceaf956d79d4eff","name":"Balkan Green Energy News","url":"https:\/\/balkangreenenergynews.com\/rs\/author\/balkangreenenergynews\/"}]}},"_links":{"self":[{"href":"https:\/\/balkangreenenergynews.com\/rs\/wp-json\/wp\/v2\/posts\/13961","targetHints":{"allow":["GET"]}}],"collection":[{"href":"https:\/\/balkangreenenergynews.com\/rs\/wp-json\/wp\/v2\/posts"}],"about":[{"href":"https:\/\/balkangreenenergynews.com\/rs\/wp-json\/wp\/v2\/types\/post"}],"author":[{"embeddable":true,"href":"https:\/\/balkangreenenergynews.com\/rs\/wp-json\/wp\/v2\/users\/25"}],"replies":[{"embeddable":true,"href":"https:\/\/balkangreenenergynews.com\/rs\/wp-json\/wp\/v2\/comments?post=13961"}],"version-history":[{"count":0,"href":"https:\/\/balkangreenenergynews.com\/rs\/wp-json\/wp\/v2\/posts\/13961\/revisions"}],"wp:featuredmedia":[{"embeddable":true,"href":"https:\/\/balkangreenenergynews.com\/rs\/wp-json\/wp\/v2\/media\/13963"}],"wp:attachment":[{"href":"https:\/\/balkangreenenergynews.com\/rs\/wp-json\/wp\/v2\/media?parent=13961"}],"wp:term":[{"taxonomy":"category","embeddable":true,"href":"https:\/\/balkangreenenergynews.com\/rs\/wp-json\/wp\/v2\/categories?post=13961"},{"taxonomy":"post_tag","embeddable":true,"href":"https:\/\/balkangreenenergynews.com\/rs\/wp-json\/wp\/v2\/tags?post=13961"}],"curies":[{"name":"wp","href":"https:\/\/api.w.org\/{rel}","templated":true}]}}