{"id":13925,"date":"2017-09-05T13:13:11","date_gmt":"2017-09-05T11:13:11","guid":{"rendered":"http:\/\/balkangreenenergynews.com\/rs\/?p=13925"},"modified":"2018-12-09T12:30:14","modified_gmt":"2018-12-09T11:30:14","slug":"ponovo-promena-vlasnistva-vetroparka-mozura-u-crnoj-gori","status":"publish","type":"post","link":"https:\/\/balkangreenenergynews.com\/rs\/ponovo-promena-vlasnistva-vetroparka-mozura-u-crnoj-gori\/","title":{"rendered":"Ponovo promena vlasni\u0161tva vetroparka Mo\u017eura u Crnoj Gori"},"content":{"rendered":"<h2>Vlada Crne Gore je odobrila jo\u0161 jednu promenu vlasni\u0161tva nad udelom od 90 odsto u kompaniji koja gradi vetropark Mo\u017eura Wind Park. Vlasni\u0161tvo je preneto sa kompanije Enemalta plc na Malta Montenegro Wind Power JV Ltd.<\/h2>\n<p>To je drugi put da se vlasnik menja, pi\u0161u mediji u Podgorici i podse\u0107aju da je vlada sa konzorcijumom Fersa &amp; \u010celebi\u0107 potpisala ugovor o izgradnji vetroparka u julu 2010. godine.<\/p>\n<p>Konzorcijum Fersa &amp; \u010celebi\u0107 su sa\u010dinjavale firme Fersa Energias Renovables S.A. iz \u0160panije i \u010celebi\u0107 iz Podgorice, koja se u me\u0111uvremenu povukla iz posla oko izgradnje vetroparka sa prate\u0107om infrastrukturom.<\/p>\n<p>Malta Montenegro Wind Power JV Ltd \u00a0je u vlasni\u0161tvu kompanija International Renewable Energy Development Limited (70 odsto), Vestigo Clean Energy I Limited, koja je registrovana na britanskoj of-\u0161or zoni na ostrva Gernzi, i Envision Energy Internacional Limited, sa sedi\u0161tem u Hong Kongu, a koja poseduje 10 odsto.<\/p>\n<p>U saop\u0161tenju vlade se ka\u017ee da je Enemalta plc izradila glavni projekat i zavr\u0161ila izgradnju vi\u0161e od 14 kilometara pristupnih puteva i platforme za turbine, nivelisanje terena za trafo stanice i iskopavanje kanal za kablove i dodaje da su pribavljene sve potrebe dozvole.<\/p>\n<p>Zakup zemlji\u0161ta u vlasni\u0161tvu dr\u017eave na period od 20 godina iznosi 186.057 evra godi\u0161nje.<\/p>\n<p>Prema ugovoru sa vladom, vetropark \u0107e imati instalisanu snagu od 46 MW a dr\u017eava se ugovorom obavezala da garantuje fiksnu cenu od 95,99 evra po MWh i subvencije od 115 miliona evra u prvih 12 godina rada centrale.<\/p>\n<p>Crnogorska \u0161tampa podse\u0107a da se oko ugovora za vetropark vodi spor pred Osnovnim sudom u Podgorici koji su podneli Vladimi Popovi\u0107 iz Budve i Carles Collu Palou iz \u0160panije koji tra\u017ee isplatu provizije za ugovoranje izgradnje vetroparka. Oni tra\u017ee 4 miliona evra od firmi koje su prve potpisnice ugovora sa vladom \u2013 kompanija BWP Montenegro, BWP Europe Consulting S.L. i Fersa Energias Renovables.<\/p>\n<p>\u0160panska firma Fersa Energias Renovables je po\u010detkom 2007. godine istra\u017eivala snagu vetra na\u00a0Mo\u017euri za Vladu Crne Gore. Mediji tvrde da je BWP Montenegro osnovan u to vreme.<\/p>\n<p>Vlada je na osnovu tog istra\u017eivanja Ferse raspisala tender za izgradnju vetroparka na Krnovu i Mo\u017euri u januaru 2010. godine. Jedina ponuda za izgradnju vetroparka na Mo\u017euru je podneo konzorcijum firmi Fersa i podgori\u010dkog \u010celebi\u0107a koje su potpisale ugovor vredan 65 milion evra sa Ministarstvom ekonomije u julu 2010. godine.<\/p>\n","protected":false},"excerpt":{"rendered":"<p>Vlada Crne Gore je odobrila jo\u0161 jednu promenu vlasni\u0161tva nad udelom od 90 odsto u&#8230;<\/p>\n","protected":false},"author":25,"featured_media":13927,"comment_status":"open","ping_status":"closed","sticky":false,"template":"","format":"standard","meta":{"_acf_changed":false,"_monsterinsights_skip_tracking":false,"_monsterinsights_sitenote_active":false,"_monsterinsights_sitenote_note":"","_monsterinsights_sitenote_category":0,"footnotes":""},"categories":[1],"tags":[719,903],"class_list":["post-13925","post","type-post","status-publish","format-standard","has-post-thumbnail","hentry","category-obnovljivi-izvori-energije","tag-vetropark","tag-vlada-crne-gore","country-crna-gora"],"acf":[],"yoast_head":"<!-- This site is optimized with the Yoast SEO plugin v27.4 - https:\/\/yoast.com\/product\/yoast-seo-wordpress\/ -->\n<title>Ponovo promena vlasni\u0161tva vetroparka Mo\u017eura u Crnoj Gori<\/title>\n<meta name=\"description\" content=\"Vlada Crne Gore je odlu\u010dila da odobri ponovnu promenu vlasni\u0161tva nad firmom koja gradi vetropark Mo\u017eura iako se pred Osnovnim sudom vodi spor oko ugovora.\" \/>\n<meta name=\"robots\" content=\"index, follow, max-snippet:-1, max-image-preview:large, max-video-preview:-1\" \/>\n<link rel=\"canonical\" href=\"https:\/\/balkangreenenergynews.com\/rs\/ponovo-promena-vlasnistva-vetroparka-mozura-u-crnoj-gori\/\" \/>\n<meta property=\"og:locale\" content=\"sr_RS\" \/>\n<meta property=\"og:type\" content=\"article\" \/>\n<meta property=\"og:title\" content=\"Ponovo promena vlasni\u0161tva vetroparka Mo\u017eura u Crnoj Gori\" \/>\n<meta property=\"og:description\" content=\"Vlada Crne Gore je odlu\u010dila da odobri ponovnu promenu vlasni\u0161tva nad firmom koja gradi vetropark Mo\u017eura iako se pred Osnovnim sudom vodi spor oko ugovora.\" \/>\n<meta property=\"og:url\" content=\"https:\/\/balkangreenenergynews.com\/rs\/ponovo-promena-vlasnistva-vetroparka-mozura-u-crnoj-gori\/\" \/>\n<meta property=\"og:site_name\" content=\"Balkan Green Energy News\" \/>\n<meta property=\"article:published_time\" content=\"2017-09-05T11:13:11+00:00\" \/>\n<meta property=\"article:modified_time\" content=\"2018-12-09T11:30:14+00:00\" \/>\n<meta property=\"og:image\" content=\"https:\/\/balkangreenenergynews.com\/rs\/wp-content\/uploads\/2017\/09\/wind-montenegro-mozura-pixabay.jpg\" \/>\n\t<meta property=\"og:image:width\" content=\"795\" \/>\n\t<meta property=\"og:image:height\" content=\"407\" \/>\n\t<meta property=\"og:image:type\" content=\"image\/jpeg\" \/>\n<meta name=\"author\" content=\"Balkan Green Energy News\" \/>\n<meta name=\"twitter:card\" content=\"summary_large_image\" \/>\n<meta name=\"twitter:label1\" content=\"\u041d\u0430\u043f\u0438\u0441\u0430\u043d\u043e \u043e\u0434\" \/>\n\t<meta name=\"twitter:data1\" content=\"Balkan Green Energy News\" \/>\n\t<meta name=\"twitter:label2\" content=\"\u041f\u0440\u043e\u0446\u0435\u045a\u0435\u043d\u043e \u0432\u0440\u0435\u043c\u0435 \u0447\u0438\u0442\u0430\u045a\u0430\" \/>\n\t<meta name=\"twitter:data2\" content=\"2 \u043c\u0438\u043d\u0443\u0442\u0430\" \/>\n<script type=\"application\/ld+json\" class=\"yoast-schema-graph\">{\"@context\":\"https:\\\/\\\/schema.org\",\"@graph\":[{\"@type\":\"Article\",\"@id\":\"https:\\\/\\\/balkangreenenergynews.com\\\/rs\\\/ponovo-promena-vlasnistva-vetroparka-mozura-u-crnoj-gori\\\/#article\",\"isPartOf\":{\"@id\":\"https:\\\/\\\/balkangreenenergynews.com\\\/rs\\\/ponovo-promena-vlasnistva-vetroparka-mozura-u-crnoj-gori\\\/\"},\"author\":{\"name\":\"Balkan Green Energy News\",\"@id\":\"https:\\\/\\\/balkangreenenergynews.com\\\/rs\\\/#\\\/schema\\\/person\\\/dee275e6036b1a0f7ceaf956d79d4eff\"},\"headline\":\"Ponovo promena vlasni\u0161tva vetroparka Mo\u017eura u Crnoj Gori\",\"datePublished\":\"2017-09-05T11:13:11+00:00\",\"dateModified\":\"2018-12-09T11:30:14+00:00\",\"mainEntityOfPage\":{\"@id\":\"https:\\\/\\\/balkangreenenergynews.com\\\/rs\\\/ponovo-promena-vlasnistva-vetroparka-mozura-u-crnoj-gori\\\/\"},\"wordCount\":406,\"commentCount\":0,\"image\":{\"@id\":\"https:\\\/\\\/balkangreenenergynews.com\\\/rs\\\/ponovo-promena-vlasnistva-vetroparka-mozura-u-crnoj-gori\\\/#primaryimage\"},\"thumbnailUrl\":\"https:\\\/\\\/balkangreenenergynews.com\\\/rs\\\/wp-content\\\/uploads\\\/2017\\\/09\\\/wind-montenegro-mozura-pixabay.jpg?wsr\",\"keywords\":[\"vetropark\",\"Vlada Crne Gore\"],\"articleSection\":[\"OIE\"],\"inLanguage\":\"sr-RS\",\"potentialAction\":[{\"@type\":\"CommentAction\",\"name\":\"Comment\",\"target\":[\"https:\\\/\\\/balkangreenenergynews.com\\\/rs\\\/ponovo-promena-vlasnistva-vetroparka-mozura-u-crnoj-gori\\\/#respond\"]}]},{\"@type\":\"WebPage\",\"@id\":\"https:\\\/\\\/balkangreenenergynews.com\\\/rs\\\/ponovo-promena-vlasnistva-vetroparka-mozura-u-crnoj-gori\\\/\",\"url\":\"https:\\\/\\\/balkangreenenergynews.com\\\/rs\\\/ponovo-promena-vlasnistva-vetroparka-mozura-u-crnoj-gori\\\/\",\"name\":\"Ponovo promena vlasni\u0161tva vetroparka Mo\u017eura u Crnoj Gori\",\"isPartOf\":{\"@id\":\"https:\\\/\\\/balkangreenenergynews.com\\\/rs\\\/#website\"},\"primaryImageOfPage\":{\"@id\":\"https:\\\/\\\/balkangreenenergynews.com\\\/rs\\\/ponovo-promena-vlasnistva-vetroparka-mozura-u-crnoj-gori\\\/#primaryimage\"},\"image\":{\"@id\":\"https:\\\/\\\/balkangreenenergynews.com\\\/rs\\\/ponovo-promena-vlasnistva-vetroparka-mozura-u-crnoj-gori\\\/#primaryimage\"},\"thumbnailUrl\":\"https:\\\/\\\/balkangreenenergynews.com\\\/rs\\\/wp-content\\\/uploads\\\/2017\\\/09\\\/wind-montenegro-mozura-pixabay.jpg?wsr\",\"datePublished\":\"2017-09-05T11:13:11+00:00\",\"dateModified\":\"2018-12-09T11:30:14+00:00\",\"author\":{\"@id\":\"https:\\\/\\\/balkangreenenergynews.com\\\/rs\\\/#\\\/schema\\\/person\\\/dee275e6036b1a0f7ceaf956d79d4eff\"},\"description\":\"Vlada Crne Gore je odlu\u010dila da odobri ponovnu promenu vlasni\u0161tva nad firmom koja gradi vetropark Mo\u017eura iako se pred Osnovnim sudom vodi spor oko ugovora.\",\"breadcrumb\":{\"@id\":\"https:\\\/\\\/balkangreenenergynews.com\\\/rs\\\/ponovo-promena-vlasnistva-vetroparka-mozura-u-crnoj-gori\\\/#breadcrumb\"},\"inLanguage\":\"sr-RS\",\"potentialAction\":[{\"@type\":\"ReadAction\",\"target\":[\"https:\\\/\\\/balkangreenenergynews.com\\\/rs\\\/ponovo-promena-vlasnistva-vetroparka-mozura-u-crnoj-gori\\\/\"]}]},{\"@type\":\"ImageObject\",\"inLanguage\":\"sr-RS\",\"@id\":\"https:\\\/\\\/balkangreenenergynews.com\\\/rs\\\/ponovo-promena-vlasnistva-vetroparka-mozura-u-crnoj-gori\\\/#primaryimage\",\"url\":\"https:\\\/\\\/balkangreenenergynews.com\\\/rs\\\/wp-content\\\/uploads\\\/2017\\\/09\\\/wind-montenegro-mozura-pixabay.jpg?wsr\",\"contentUrl\":\"https:\\\/\\\/balkangreenenergynews.com\\\/rs\\\/wp-content\\\/uploads\\\/2017\\\/09\\\/wind-montenegro-mozura-pixabay.jpg?wsr\",\"width\":795,\"height\":407,\"caption\":\"Vetropark Mo\u017eura u Crnoj Gori\"},{\"@type\":\"BreadcrumbList\",\"@id\":\"https:\\\/\\\/balkangreenenergynews.com\\\/rs\\\/ponovo-promena-vlasnistva-vetroparka-mozura-u-crnoj-gori\\\/#breadcrumb\",\"itemListElement\":[{\"@type\":\"ListItem\",\"position\":1,\"name\":\"Po\u010detna\",\"item\":\"https:\\\/\\\/balkangreenenergynews.com\\\/rs\\\/\"},{\"@type\":\"ListItem\",\"position\":2,\"name\":\"Vesti\",\"item\":\"https:\\\/\\\/balkangreenenergynews.com\\\/rs\\\/kategorija\\\/vesti\\\/\"},{\"@type\":\"ListItem\",\"position\":3,\"name\":\"OIE\",\"item\":\"https:\\\/\\\/balkangreenenergynews.com\\\/rs\\\/kategorija\\\/vesti\\\/obnovljivi-izvori-energije\\\/\"},{\"@type\":\"ListItem\",\"position\":4,\"name\":\"Ponovo promena vlasni\u0161tva vetroparka Mo\u017eura u Crnoj Gori\"}]},{\"@type\":\"WebSite\",\"@id\":\"https:\\\/\\\/balkangreenenergynews.com\\\/rs\\\/#website\",\"url\":\"https:\\\/\\\/balkangreenenergynews.com\\\/rs\\\/\",\"name\":\"Balkan Green Energy News\",\"description\":\"Naj\u0161iri izbor vesti sa Balkana o zelenoj energiji\",\"potentialAction\":[{\"@type\":\"SearchAction\",\"target\":{\"@type\":\"EntryPoint\",\"urlTemplate\":\"https:\\\/\\\/balkangreenenergynews.com\\\/rs\\\/?s={search_term_string}\"},\"query-input\":{\"@type\":\"PropertyValueSpecification\",\"valueRequired\":true,\"valueName\":\"search_term_string\"}}],\"inLanguage\":\"sr-RS\"},{\"@type\":\"Person\",\"@id\":\"https:\\\/\\\/balkangreenenergynews.com\\\/rs\\\/#\\\/schema\\\/person\\\/dee275e6036b1a0f7ceaf956d79d4eff\",\"name\":\"Balkan Green Energy News\",\"url\":\"https:\\\/\\\/balkangreenenergynews.com\\\/rs\\\/author\\\/balkangreenenergynews\\\/\"}]}<\/script>\n<!-- \/ Yoast SEO plugin. -->","yoast_head_json":{"title":"Ponovo promena vlasni\u0161tva vetroparka Mo\u017eura u Crnoj Gori","description":"Vlada Crne Gore je odlu\u010dila da odobri ponovnu promenu vlasni\u0161tva nad firmom koja gradi vetropark Mo\u017eura iako se pred Osnovnim sudom vodi spor oko ugovora.","robots":{"index":"index","follow":"follow","max-snippet":"max-snippet:-1","max-image-preview":"max-image-preview:large","max-video-preview":"max-video-preview:-1"},"canonical":"https:\/\/balkangreenenergynews.com\/rs\/ponovo-promena-vlasnistva-vetroparka-mozura-u-crnoj-gori\/","og_locale":"sr_RS","og_type":"article","og_title":"Ponovo promena vlasni\u0161tva vetroparka Mo\u017eura u Crnoj Gori","og_description":"Vlada Crne Gore je odlu\u010dila da odobri ponovnu promenu vlasni\u0161tva nad firmom koja gradi vetropark Mo\u017eura iako se pred Osnovnim sudom vodi spor oko ugovora.","og_url":"https:\/\/balkangreenenergynews.com\/rs\/ponovo-promena-vlasnistva-vetroparka-mozura-u-crnoj-gori\/","og_site_name":"Balkan Green Energy News","article_published_time":"2017-09-05T11:13:11+00:00","article_modified_time":"2018-12-09T11:30:14+00:00","og_image":[{"width":795,"height":407,"url":"https:\/\/balkangreenenergynews.com\/rs\/wp-content\/uploads\/2017\/09\/wind-montenegro-mozura-pixabay.jpg","type":"image\/jpeg"}],"author":"Balkan Green Energy News","twitter_card":"summary_large_image","twitter_misc":{"\u041d\u0430\u043f\u0438\u0441\u0430\u043d\u043e \u043e\u0434":"Balkan Green Energy News","\u041f\u0440\u043e\u0446\u0435\u045a\u0435\u043d\u043e \u0432\u0440\u0435\u043c\u0435 \u0447\u0438\u0442\u0430\u045a\u0430":"2 \u043c\u0438\u043d\u0443\u0442\u0430"},"schema":{"@context":"https:\/\/schema.org","@graph":[{"@type":"Article","@id":"https:\/\/balkangreenenergynews.com\/rs\/ponovo-promena-vlasnistva-vetroparka-mozura-u-crnoj-gori\/#article","isPartOf":{"@id":"https:\/\/balkangreenenergynews.com\/rs\/ponovo-promena-vlasnistva-vetroparka-mozura-u-crnoj-gori\/"},"author":{"name":"Balkan Green Energy News","@id":"https:\/\/balkangreenenergynews.com\/rs\/#\/schema\/person\/dee275e6036b1a0f7ceaf956d79d4eff"},"headline":"Ponovo promena vlasni\u0161tva vetroparka Mo\u017eura u Crnoj Gori","datePublished":"2017-09-05T11:13:11+00:00","dateModified":"2018-12-09T11:30:14+00:00","mainEntityOfPage":{"@id":"https:\/\/balkangreenenergynews.com\/rs\/ponovo-promena-vlasnistva-vetroparka-mozura-u-crnoj-gori\/"},"wordCount":406,"commentCount":0,"image":{"@id":"https:\/\/balkangreenenergynews.com\/rs\/ponovo-promena-vlasnistva-vetroparka-mozura-u-crnoj-gori\/#primaryimage"},"thumbnailUrl":"https:\/\/balkangreenenergynews.com\/rs\/wp-content\/uploads\/2017\/09\/wind-montenegro-mozura-pixabay.jpg?wsr","keywords":["vetropark","Vlada Crne Gore"],"articleSection":["OIE"],"inLanguage":"sr-RS","potentialAction":[{"@type":"CommentAction","name":"Comment","target":["https:\/\/balkangreenenergynews.com\/rs\/ponovo-promena-vlasnistva-vetroparka-mozura-u-crnoj-gori\/#respond"]}]},{"@type":"WebPage","@id":"https:\/\/balkangreenenergynews.com\/rs\/ponovo-promena-vlasnistva-vetroparka-mozura-u-crnoj-gori\/","url":"https:\/\/balkangreenenergynews.com\/rs\/ponovo-promena-vlasnistva-vetroparka-mozura-u-crnoj-gori\/","name":"Ponovo promena vlasni\u0161tva vetroparka Mo\u017eura u Crnoj Gori","isPartOf":{"@id":"https:\/\/balkangreenenergynews.com\/rs\/#website"},"primaryImageOfPage":{"@id":"https:\/\/balkangreenenergynews.com\/rs\/ponovo-promena-vlasnistva-vetroparka-mozura-u-crnoj-gori\/#primaryimage"},"image":{"@id":"https:\/\/balkangreenenergynews.com\/rs\/ponovo-promena-vlasnistva-vetroparka-mozura-u-crnoj-gori\/#primaryimage"},"thumbnailUrl":"https:\/\/balkangreenenergynews.com\/rs\/wp-content\/uploads\/2017\/09\/wind-montenegro-mozura-pixabay.jpg?wsr","datePublished":"2017-09-05T11:13:11+00:00","dateModified":"2018-12-09T11:30:14+00:00","author":{"@id":"https:\/\/balkangreenenergynews.com\/rs\/#\/schema\/person\/dee275e6036b1a0f7ceaf956d79d4eff"},"description":"Vlada Crne Gore je odlu\u010dila da odobri ponovnu promenu vlasni\u0161tva nad firmom koja gradi vetropark Mo\u017eura iako se pred Osnovnim sudom vodi spor oko ugovora.","breadcrumb":{"@id":"https:\/\/balkangreenenergynews.com\/rs\/ponovo-promena-vlasnistva-vetroparka-mozura-u-crnoj-gori\/#breadcrumb"},"inLanguage":"sr-RS","potentialAction":[{"@type":"ReadAction","target":["https:\/\/balkangreenenergynews.com\/rs\/ponovo-promena-vlasnistva-vetroparka-mozura-u-crnoj-gori\/"]}]},{"@type":"ImageObject","inLanguage":"sr-RS","@id":"https:\/\/balkangreenenergynews.com\/rs\/ponovo-promena-vlasnistva-vetroparka-mozura-u-crnoj-gori\/#primaryimage","url":"https:\/\/balkangreenenergynews.com\/rs\/wp-content\/uploads\/2017\/09\/wind-montenegro-mozura-pixabay.jpg?wsr","contentUrl":"https:\/\/balkangreenenergynews.com\/rs\/wp-content\/uploads\/2017\/09\/wind-montenegro-mozura-pixabay.jpg?wsr","width":795,"height":407,"caption":"Vetropark Mo\u017eura u Crnoj Gori"},{"@type":"BreadcrumbList","@id":"https:\/\/balkangreenenergynews.com\/rs\/ponovo-promena-vlasnistva-vetroparka-mozura-u-crnoj-gori\/#breadcrumb","itemListElement":[{"@type":"ListItem","position":1,"name":"Po\u010detna","item":"https:\/\/balkangreenenergynews.com\/rs\/"},{"@type":"ListItem","position":2,"name":"Vesti","item":"https:\/\/balkangreenenergynews.com\/rs\/kategorija\/vesti\/"},{"@type":"ListItem","position":3,"name":"OIE","item":"https:\/\/balkangreenenergynews.com\/rs\/kategorija\/vesti\/obnovljivi-izvori-energije\/"},{"@type":"ListItem","position":4,"name":"Ponovo promena vlasni\u0161tva vetroparka Mo\u017eura u Crnoj Gori"}]},{"@type":"WebSite","@id":"https:\/\/balkangreenenergynews.com\/rs\/#website","url":"https:\/\/balkangreenenergynews.com\/rs\/","name":"Balkan Green Energy News","description":"Naj\u0161iri izbor vesti sa Balkana o zelenoj energiji","potentialAction":[{"@type":"SearchAction","target":{"@type":"EntryPoint","urlTemplate":"https:\/\/balkangreenenergynews.com\/rs\/?s={search_term_string}"},"query-input":{"@type":"PropertyValueSpecification","valueRequired":true,"valueName":"search_term_string"}}],"inLanguage":"sr-RS"},{"@type":"Person","@id":"https:\/\/balkangreenenergynews.com\/rs\/#\/schema\/person\/dee275e6036b1a0f7ceaf956d79d4eff","name":"Balkan Green Energy News","url":"https:\/\/balkangreenenergynews.com\/rs\/author\/balkangreenenergynews\/"}]}},"_links":{"self":[{"href":"https:\/\/balkangreenenergynews.com\/rs\/wp-json\/wp\/v2\/posts\/13925","targetHints":{"allow":["GET"]}}],"collection":[{"href":"https:\/\/balkangreenenergynews.com\/rs\/wp-json\/wp\/v2\/posts"}],"about":[{"href":"https:\/\/balkangreenenergynews.com\/rs\/wp-json\/wp\/v2\/types\/post"}],"author":[{"embeddable":true,"href":"https:\/\/balkangreenenergynews.com\/rs\/wp-json\/wp\/v2\/users\/25"}],"replies":[{"embeddable":true,"href":"https:\/\/balkangreenenergynews.com\/rs\/wp-json\/wp\/v2\/comments?post=13925"}],"version-history":[{"count":0,"href":"https:\/\/balkangreenenergynews.com\/rs\/wp-json\/wp\/v2\/posts\/13925\/revisions"}],"wp:featuredmedia":[{"embeddable":true,"href":"https:\/\/balkangreenenergynews.com\/rs\/wp-json\/wp\/v2\/media\/13927"}],"wp:attachment":[{"href":"https:\/\/balkangreenenergynews.com\/rs\/wp-json\/wp\/v2\/media?parent=13925"}],"wp:term":[{"taxonomy":"category","embeddable":true,"href":"https:\/\/balkangreenenergynews.com\/rs\/wp-json\/wp\/v2\/categories?post=13925"},{"taxonomy":"post_tag","embeddable":true,"href":"https:\/\/balkangreenenergynews.com\/rs\/wp-json\/wp\/v2\/tags?post=13925"}],"curies":[{"name":"wp","href":"https:\/\/api.w.org\/{rel}","templated":true}]}}