{"id":13862,"date":"2017-08-26T10:02:07","date_gmt":"2017-08-26T08:02:07","guid":{"rendered":"http:\/\/balkangreenenergynews.com\/rs\/?p=13862"},"modified":"2017-08-26T10:02:07","modified_gmt":"2017-08-26T08:02:07","slug":"antic-srbija-balansira-izmedu-uglja-obnovljivih-izvora-energije","status":"publish","type":"post","link":"https:\/\/balkangreenenergynews.com\/rs\/antic-srbija-balansira-izmedu-uglja-obnovljivih-izvora-energije\/","title":{"rendered":"Anti\u0107: Srbija balansira izme\u0111u uglja i obnovljivih izvora energije"},"content":{"rendered":"<h2>Srbija \u0107e morati da ulo\u017ei izme\u0111u 700 i 900 miliona evra u postoje\u0107a energetska postrojenja koje planira da nastavi da koristi posle 2020. godine da bi stanje u energetici uskladila sa sa svim direktivama Evropske unije, izjavio je ministar rudarstva i energetike Aleksandar Anti\u0107. Govore\u0107i na Zelenom Forumu &#8222;Elektroprivreda i zelena energija&#8220;, on je podsetio da se energetski sistem Srbije sada oslanja na ugalj koji koristi ve\u0107ina postoje\u010dih postrojenja.<\/h2>\n<p>Anti\u0107 je rekao da Srbija treba da do\u0111e do nivoa visoko efikasnih postrojenja sa sistemima za za\u0161titu o zaga\u0111enja i dodao da su ugra\u0111eni filteri na sve kotlove koji \u0107e raditi posle 2020. godine.<\/p>\n<p>Ministar je rekao da je besmislena rasprava o tome da li ugalj treba da se koristi ili ne. Moramo da razumemo da se sada energetski sistem oslanja na ugalj koji daje stabilnost energetskom sistemu ali da je na\u0161a budu\u0107nost aktivni pristup obnovljivim izvorima energije, rekao je on.<\/p>\n<p>Anti\u0107 je najavio da \u0107e u septembru u energetski sistem Srbije u\u0107i prvih 100 megavata energije iz obnovljivih izvora a da do 2020. godine na elektro mre\u017ei treba da bude oko 600 megavata iz centrala koje su u izgradnji i 350 megavata iz elektrana na ugalj. Mislim da je to poruka u kom pravcu Srbija ide, rekao je on.<\/p>\n<p>Od ukupno 600 megavata iz obnovljivih izvora 500 megavata \u0107e biti iz vetroparkova a ostalih 100 iz <a href=\"https:\/\/balkangreenenergynews.com\/rs\/srbija-dobija-zajmove-za-prelazak-toplana-sa-fosilnih-goriva-na-biomasu\/\">centrala na biomasu<\/a> od koje treba da se proizvodi i toplotna energija, precizirao je Anti\u0107.<\/p>\n<p>On je podsetio da u Srbiji postoji 205 elektrana koje koriste obnovljive izvore energije sa 97,5 MW instalisane snage a da \u0107e se u septembru ukupna snaga elektrana koje koriste obnovljive izvore porasti na vi\u0161e od 100 megavata kada po\u010dne sa radom tre\u0107i vetropark.<\/p>\n<p>Primarne investicije u obnovljive izvore energije moraju da budu privatne jer je jasno da dr\u017eava ne mo\u017ee da bude jedini investitor, rekao je ministar i dodao da dr\u017eava daje jasan zakonski okvir i transparentan ugovor o otkupu energije iz obnovljivih izvora.<\/p>\n<p>Dr\u017eava daje podsticaje bez ograni\u010denja za sve vidove energije osim za solarnu i energiju iz vetra, rekao je Anti\u0107 preciziraju\u0107i da se podsticaji otkupne cene daju za 500 megavata struje iz vetroparkova i za 10 megavata iz solarnih farmi. On je rekao da ministarstvo razmatra pove\u0107avanje tih kvota, pogotovo za solarnu energiju jer je kvota postavljena kada je cena te energije bila visoka.<\/p>\n<p>Anti\u0107 je rekao da se razmatra uvo\u0111enje sistema zelenih sertifikata za elektrane.<\/p>\n","protected":false},"excerpt":{"rendered":"<p>Srbija \u0107e morati da ulo\u017ei izme\u0111u 700 i 900 miliona evra u postoje\u0107a energetska postrojenja&#8230;<\/p>\n","protected":false},"author":2,"featured_media":13863,"comment_status":"open","ping_status":"closed","sticky":false,"template":"","format":"standard","meta":{"_acf_changed":false,"_monsterinsights_skip_tracking":false,"_monsterinsights_sitenote_active":false,"_monsterinsights_sitenote_note":"","_monsterinsights_sitenote_category":0,"footnotes":""},"categories":[504,1],"tags":[72,714,647,754,403,813],"class_list":["post-13862","post","type-post","status-publish","format-standard","has-post-thumbnail","hentry","category-elektricna-energija","category-obnovljivi-izvori-energije","tag-aleksandar-antic","tag-biomasa","tag-obnovljivi-izvori-energije","tag-oie","tag-solar","tag-vetar","country-srbija"],"acf":[],"yoast_head":"<!-- This site is optimized with the Yoast SEO plugin v27.4 - https:\/\/yoast.com\/product\/yoast-seo-wordpress\/ -->\n<title>Anti\u0107: Srbija balansira izme\u0111u uglja i obnovljivih izvora energije<\/title>\n<meta name=\"description\" content=\"Srbija mora da investira stotine miliona da uskladi energetski sector sa direktivama EU, izjavio je ministar rudarstva i energetike Aleksandar Anti\u0107.\" \/>\n<meta name=\"robots\" content=\"index, follow, max-snippet:-1, max-image-preview:large, max-video-preview:-1\" \/>\n<link rel=\"canonical\" href=\"https:\/\/balkangreenenergynews.com\/rs\/antic-srbija-balansira-izmedu-uglja-obnovljivih-izvora-energije\/\" \/>\n<meta property=\"og:locale\" content=\"sr_RS\" \/>\n<meta property=\"og:type\" content=\"article\" \/>\n<meta property=\"og:title\" content=\"Anti\u0107: Srbija balansira izme\u0111u uglja i obnovljivih izvora energije\" \/>\n<meta property=\"og:description\" content=\"Srbija mora da investira stotine miliona da uskladi energetski sector sa direktivama EU, izjavio je ministar rudarstva i energetike Aleksandar Anti\u0107.\" \/>\n<meta property=\"og:url\" content=\"https:\/\/balkangreenenergynews.com\/rs\/antic-srbija-balansira-izmedu-uglja-obnovljivih-izvora-energije\/\" \/>\n<meta property=\"og:site_name\" content=\"Balkan Green Energy News\" \/>\n<meta property=\"article:published_time\" content=\"2017-08-26T08:02:07+00:00\" \/>\n<meta property=\"og:image\" content=\"https:\/\/balkangreenenergynews.com\/rs\/wp-content\/uploads\/2017\/08\/M239451.jpg\" \/>\n\t<meta property=\"og:image:width\" content=\"795\" \/>\n\t<meta property=\"og:image:height\" content=\"407\" \/>\n\t<meta property=\"og:image:type\" content=\"image\/jpeg\" \/>\n<meta name=\"author\" content=\"Branislava Jovi\u010di\u0107\" \/>\n<meta name=\"twitter:card\" content=\"summary_large_image\" \/>\n<meta name=\"twitter:creator\" content=\"@https:\/\/twitter.com\/BranaJovicic\" \/>\n<meta name=\"twitter:label1\" content=\"\u041d\u0430\u043f\u0438\u0441\u0430\u043d\u043e \u043e\u0434\" \/>\n\t<meta name=\"twitter:data1\" content=\"Branislava Jovi\u010di\u0107\" \/>\n\t<meta name=\"twitter:label2\" content=\"\u041f\u0440\u043e\u0446\u0435\u045a\u0435\u043d\u043e \u0432\u0440\u0435\u043c\u0435 \u0447\u0438\u0442\u0430\u045a\u0430\" \/>\n\t<meta name=\"twitter:data2\" content=\"2 \u043c\u0438\u043d\u0443\u0442\u0430\" \/>\n<script type=\"application\/ld+json\" class=\"yoast-schema-graph\">{\"@context\":\"https:\\\/\\\/schema.org\",\"@graph\":[{\"@type\":\"Article\",\"@id\":\"https:\\\/\\\/balkangreenenergynews.com\\\/rs\\\/antic-srbija-balansira-izmedu-uglja-obnovljivih-izvora-energije\\\/#article\",\"isPartOf\":{\"@id\":\"https:\\\/\\\/balkangreenenergynews.com\\\/rs\\\/antic-srbija-balansira-izmedu-uglja-obnovljivih-izvora-energije\\\/\"},\"author\":{\"name\":\"Branislava Jovi\u010di\u0107\",\"@id\":\"https:\\\/\\\/balkangreenenergynews.com\\\/rs\\\/#\\\/schema\\\/person\\\/ff4e9f9457769ba580672215875f5b38\"},\"headline\":\"Anti\u0107: Srbija balansira izme\u0111u uglja i obnovljivih izvora energije\",\"datePublished\":\"2017-08-26T08:02:07+00:00\",\"mainEntityOfPage\":{\"@id\":\"https:\\\/\\\/balkangreenenergynews.com\\\/rs\\\/antic-srbija-balansira-izmedu-uglja-obnovljivih-izvora-energije\\\/\"},\"wordCount\":420,\"commentCount\":0,\"image\":{\"@id\":\"https:\\\/\\\/balkangreenenergynews.com\\\/rs\\\/antic-srbija-balansira-izmedu-uglja-obnovljivih-izvora-energije\\\/#primaryimage\"},\"thumbnailUrl\":\"https:\\\/\\\/balkangreenenergynews.com\\\/rs\\\/wp-content\\\/uploads\\\/2017\\\/08\\\/M239451.jpg?wsr\",\"keywords\":[\"Aleksandar Anti\u0107\",\"biomasa\",\"obnovljivi izvori energije\",\"OIE\",\"solar\",\"vetar\"],\"articleSection\":[\"Elektri\u010dna energija\",\"OIE\"],\"inLanguage\":\"sr-RS\",\"potentialAction\":[{\"@type\":\"CommentAction\",\"name\":\"Comment\",\"target\":[\"https:\\\/\\\/balkangreenenergynews.com\\\/rs\\\/antic-srbija-balansira-izmedu-uglja-obnovljivih-izvora-energije\\\/#respond\"]}]},{\"@type\":\"WebPage\",\"@id\":\"https:\\\/\\\/balkangreenenergynews.com\\\/rs\\\/antic-srbija-balansira-izmedu-uglja-obnovljivih-izvora-energije\\\/\",\"url\":\"https:\\\/\\\/balkangreenenergynews.com\\\/rs\\\/antic-srbija-balansira-izmedu-uglja-obnovljivih-izvora-energije\\\/\",\"name\":\"Anti\u0107: Srbija balansira izme\u0111u uglja i obnovljivih izvora energije\",\"isPartOf\":{\"@id\":\"https:\\\/\\\/balkangreenenergynews.com\\\/rs\\\/#website\"},\"primaryImageOfPage\":{\"@id\":\"https:\\\/\\\/balkangreenenergynews.com\\\/rs\\\/antic-srbija-balansira-izmedu-uglja-obnovljivih-izvora-energije\\\/#primaryimage\"},\"image\":{\"@id\":\"https:\\\/\\\/balkangreenenergynews.com\\\/rs\\\/antic-srbija-balansira-izmedu-uglja-obnovljivih-izvora-energije\\\/#primaryimage\"},\"thumbnailUrl\":\"https:\\\/\\\/balkangreenenergynews.com\\\/rs\\\/wp-content\\\/uploads\\\/2017\\\/08\\\/M239451.jpg?wsr\",\"datePublished\":\"2017-08-26T08:02:07+00:00\",\"author\":{\"@id\":\"https:\\\/\\\/balkangreenenergynews.com\\\/rs\\\/#\\\/schema\\\/person\\\/ff4e9f9457769ba580672215875f5b38\"},\"description\":\"Srbija mora da investira stotine miliona da uskladi energetski sector sa direktivama EU, izjavio je ministar rudarstva i energetike Aleksandar Anti\u0107.\",\"breadcrumb\":{\"@id\":\"https:\\\/\\\/balkangreenenergynews.com\\\/rs\\\/antic-srbija-balansira-izmedu-uglja-obnovljivih-izvora-energije\\\/#breadcrumb\"},\"inLanguage\":\"sr-RS\",\"potentialAction\":[{\"@type\":\"ReadAction\",\"target\":[\"https:\\\/\\\/balkangreenenergynews.com\\\/rs\\\/antic-srbija-balansira-izmedu-uglja-obnovljivih-izvora-energije\\\/\"]}]},{\"@type\":\"ImageObject\",\"inLanguage\":\"sr-RS\",\"@id\":\"https:\\\/\\\/balkangreenenergynews.com\\\/rs\\\/antic-srbija-balansira-izmedu-uglja-obnovljivih-izvora-energije\\\/#primaryimage\",\"url\":\"https:\\\/\\\/balkangreenenergynews.com\\\/rs\\\/wp-content\\\/uploads\\\/2017\\\/08\\\/M239451.jpg?wsr\",\"contentUrl\":\"https:\\\/\\\/balkangreenenergynews.com\\\/rs\\\/wp-content\\\/uploads\\\/2017\\\/08\\\/M239451.jpg?wsr\",\"width\":795,\"height\":407},{\"@type\":\"BreadcrumbList\",\"@id\":\"https:\\\/\\\/balkangreenenergynews.com\\\/rs\\\/antic-srbija-balansira-izmedu-uglja-obnovljivih-izvora-energije\\\/#breadcrumb\",\"itemListElement\":[{\"@type\":\"ListItem\",\"position\":1,\"name\":\"Po\u010detna\",\"item\":\"https:\\\/\\\/balkangreenenergynews.com\\\/rs\\\/\"},{\"@type\":\"ListItem\",\"position\":2,\"name\":\"Vesti\",\"item\":\"https:\\\/\\\/balkangreenenergynews.com\\\/rs\\\/kategorija\\\/vesti\\\/\"},{\"@type\":\"ListItem\",\"position\":3,\"name\":\"Elektri\u010dna energija\",\"item\":\"https:\\\/\\\/balkangreenenergynews.com\\\/rs\\\/kategorija\\\/vesti\\\/elektricna-energija\\\/\"},{\"@type\":\"ListItem\",\"position\":4,\"name\":\"Anti\u0107: Srbija balansira izme\u0111u uglja i obnovljivih izvora energije\"}]},{\"@type\":\"WebSite\",\"@id\":\"https:\\\/\\\/balkangreenenergynews.com\\\/rs\\\/#website\",\"url\":\"https:\\\/\\\/balkangreenenergynews.com\\\/rs\\\/\",\"name\":\"Balkan Green Energy News\",\"description\":\"Naj\u0161iri izbor vesti sa Balkana o zelenoj energiji\",\"potentialAction\":[{\"@type\":\"SearchAction\",\"target\":{\"@type\":\"EntryPoint\",\"urlTemplate\":\"https:\\\/\\\/balkangreenenergynews.com\\\/rs\\\/?s={search_term_string}\"},\"query-input\":{\"@type\":\"PropertyValueSpecification\",\"valueRequired\":true,\"valueName\":\"search_term_string\"}}],\"inLanguage\":\"sr-RS\"},{\"@type\":\"Person\",\"@id\":\"https:\\\/\\\/balkangreenenergynews.com\\\/rs\\\/#\\\/schema\\\/person\\\/ff4e9f9457769ba580672215875f5b38\",\"name\":\"Branislava Jovi\u010di\u0107\",\"description\":\"\u017divimo u vremenu koje je pred na\u0161u generaciju postavilo veoma va\u017ean zadatak. Nije na nama sva krivica za stanje u kojem se nalazi planeta, ali odgovornot svakako jeste. Zato usmerimo svoja znanja, ve\u0161tine i pamet ka pronala\u017eenju odr\u017eivih, pametnih i zelenih re\u0161enja.\",\"sameAs\":[\"https:\\\/\\\/www.linkedin.com\\\/in\\\/branislava-jovicic-043080a\\\/\",\"https:\\\/\\\/x.com\\\/https:\\\/\\\/twitter.com\\\/BranaJovicic\"],\"url\":\"https:\\\/\\\/balkangreenenergynews.com\\\/rs\\\/author\\\/bgen\\\/\"}]}<\/script>\n<!-- \/ Yoast SEO plugin. -->","yoast_head_json":{"title":"Anti\u0107: Srbija balansira izme\u0111u uglja i obnovljivih izvora energije","description":"Srbija mora da investira stotine miliona da uskladi energetski sector sa direktivama EU, izjavio je ministar rudarstva i energetike Aleksandar Anti\u0107.","robots":{"index":"index","follow":"follow","max-snippet":"max-snippet:-1","max-image-preview":"max-image-preview:large","max-video-preview":"max-video-preview:-1"},"canonical":"https:\/\/balkangreenenergynews.com\/rs\/antic-srbija-balansira-izmedu-uglja-obnovljivih-izvora-energije\/","og_locale":"sr_RS","og_type":"article","og_title":"Anti\u0107: Srbija balansira izme\u0111u uglja i obnovljivih izvora energije","og_description":"Srbija mora da investira stotine miliona da uskladi energetski sector sa direktivama EU, izjavio je ministar rudarstva i energetike Aleksandar Anti\u0107.","og_url":"https:\/\/balkangreenenergynews.com\/rs\/antic-srbija-balansira-izmedu-uglja-obnovljivih-izvora-energije\/","og_site_name":"Balkan Green Energy News","article_published_time":"2017-08-26T08:02:07+00:00","og_image":[{"width":795,"height":407,"url":"https:\/\/balkangreenenergynews.com\/rs\/wp-content\/uploads\/2017\/08\/M239451.jpg","type":"image\/jpeg"}],"author":"Branislava Jovi\u010di\u0107","twitter_card":"summary_large_image","twitter_creator":"@https:\/\/twitter.com\/BranaJovicic","twitter_misc":{"\u041d\u0430\u043f\u0438\u0441\u0430\u043d\u043e \u043e\u0434":"Branislava Jovi\u010di\u0107","\u041f\u0440\u043e\u0446\u0435\u045a\u0435\u043d\u043e \u0432\u0440\u0435\u043c\u0435 \u0447\u0438\u0442\u0430\u045a\u0430":"2 \u043c\u0438\u043d\u0443\u0442\u0430"},"schema":{"@context":"https:\/\/schema.org","@graph":[{"@type":"Article","@id":"https:\/\/balkangreenenergynews.com\/rs\/antic-srbija-balansira-izmedu-uglja-obnovljivih-izvora-energije\/#article","isPartOf":{"@id":"https:\/\/balkangreenenergynews.com\/rs\/antic-srbija-balansira-izmedu-uglja-obnovljivih-izvora-energije\/"},"author":{"name":"Branislava Jovi\u010di\u0107","@id":"https:\/\/balkangreenenergynews.com\/rs\/#\/schema\/person\/ff4e9f9457769ba580672215875f5b38"},"headline":"Anti\u0107: Srbija balansira izme\u0111u uglja i obnovljivih izvora energije","datePublished":"2017-08-26T08:02:07+00:00","mainEntityOfPage":{"@id":"https:\/\/balkangreenenergynews.com\/rs\/antic-srbija-balansira-izmedu-uglja-obnovljivih-izvora-energije\/"},"wordCount":420,"commentCount":0,"image":{"@id":"https:\/\/balkangreenenergynews.com\/rs\/antic-srbija-balansira-izmedu-uglja-obnovljivih-izvora-energije\/#primaryimage"},"thumbnailUrl":"https:\/\/balkangreenenergynews.com\/rs\/wp-content\/uploads\/2017\/08\/M239451.jpg?wsr","keywords":["Aleksandar Anti\u0107","biomasa","obnovljivi izvori energije","OIE","solar","vetar"],"articleSection":["Elektri\u010dna energija","OIE"],"inLanguage":"sr-RS","potentialAction":[{"@type":"CommentAction","name":"Comment","target":["https:\/\/balkangreenenergynews.com\/rs\/antic-srbija-balansira-izmedu-uglja-obnovljivih-izvora-energije\/#respond"]}]},{"@type":"WebPage","@id":"https:\/\/balkangreenenergynews.com\/rs\/antic-srbija-balansira-izmedu-uglja-obnovljivih-izvora-energije\/","url":"https:\/\/balkangreenenergynews.com\/rs\/antic-srbija-balansira-izmedu-uglja-obnovljivih-izvora-energije\/","name":"Anti\u0107: Srbija balansira izme\u0111u uglja i obnovljivih izvora energije","isPartOf":{"@id":"https:\/\/balkangreenenergynews.com\/rs\/#website"},"primaryImageOfPage":{"@id":"https:\/\/balkangreenenergynews.com\/rs\/antic-srbija-balansira-izmedu-uglja-obnovljivih-izvora-energije\/#primaryimage"},"image":{"@id":"https:\/\/balkangreenenergynews.com\/rs\/antic-srbija-balansira-izmedu-uglja-obnovljivih-izvora-energije\/#primaryimage"},"thumbnailUrl":"https:\/\/balkangreenenergynews.com\/rs\/wp-content\/uploads\/2017\/08\/M239451.jpg?wsr","datePublished":"2017-08-26T08:02:07+00:00","author":{"@id":"https:\/\/balkangreenenergynews.com\/rs\/#\/schema\/person\/ff4e9f9457769ba580672215875f5b38"},"description":"Srbija mora da investira stotine miliona da uskladi energetski sector sa direktivama EU, izjavio je ministar rudarstva i energetike Aleksandar Anti\u0107.","breadcrumb":{"@id":"https:\/\/balkangreenenergynews.com\/rs\/antic-srbija-balansira-izmedu-uglja-obnovljivih-izvora-energije\/#breadcrumb"},"inLanguage":"sr-RS","potentialAction":[{"@type":"ReadAction","target":["https:\/\/balkangreenenergynews.com\/rs\/antic-srbija-balansira-izmedu-uglja-obnovljivih-izvora-energije\/"]}]},{"@type":"ImageObject","inLanguage":"sr-RS","@id":"https:\/\/balkangreenenergynews.com\/rs\/antic-srbija-balansira-izmedu-uglja-obnovljivih-izvora-energije\/#primaryimage","url":"https:\/\/balkangreenenergynews.com\/rs\/wp-content\/uploads\/2017\/08\/M239451.jpg?wsr","contentUrl":"https:\/\/balkangreenenergynews.com\/rs\/wp-content\/uploads\/2017\/08\/M239451.jpg?wsr","width":795,"height":407},{"@type":"BreadcrumbList","@id":"https:\/\/balkangreenenergynews.com\/rs\/antic-srbija-balansira-izmedu-uglja-obnovljivih-izvora-energije\/#breadcrumb","itemListElement":[{"@type":"ListItem","position":1,"name":"Po\u010detna","item":"https:\/\/balkangreenenergynews.com\/rs\/"},{"@type":"ListItem","position":2,"name":"Vesti","item":"https:\/\/balkangreenenergynews.com\/rs\/kategorija\/vesti\/"},{"@type":"ListItem","position":3,"name":"Elektri\u010dna energija","item":"https:\/\/balkangreenenergynews.com\/rs\/kategorija\/vesti\/elektricna-energija\/"},{"@type":"ListItem","position":4,"name":"Anti\u0107: Srbija balansira izme\u0111u uglja i obnovljivih izvora energije"}]},{"@type":"WebSite","@id":"https:\/\/balkangreenenergynews.com\/rs\/#website","url":"https:\/\/balkangreenenergynews.com\/rs\/","name":"Balkan Green Energy News","description":"Naj\u0161iri izbor vesti sa Balkana o zelenoj energiji","potentialAction":[{"@type":"SearchAction","target":{"@type":"EntryPoint","urlTemplate":"https:\/\/balkangreenenergynews.com\/rs\/?s={search_term_string}"},"query-input":{"@type":"PropertyValueSpecification","valueRequired":true,"valueName":"search_term_string"}}],"inLanguage":"sr-RS"},{"@type":"Person","@id":"https:\/\/balkangreenenergynews.com\/rs\/#\/schema\/person\/ff4e9f9457769ba580672215875f5b38","name":"Branislava Jovi\u010di\u0107","description":"\u017divimo u vremenu koje je pred na\u0161u generaciju postavilo veoma va\u017ean zadatak. Nije na nama sva krivica za stanje u kojem se nalazi planeta, ali odgovornot svakako jeste. Zato usmerimo svoja znanja, ve\u0161tine i pamet ka pronala\u017eenju odr\u017eivih, pametnih i zelenih re\u0161enja.","sameAs":["https:\/\/www.linkedin.com\/in\/branislava-jovicic-043080a\/","https:\/\/x.com\/https:\/\/twitter.com\/BranaJovicic"],"url":"https:\/\/balkangreenenergynews.com\/rs\/author\/bgen\/"}]}},"_links":{"self":[{"href":"https:\/\/balkangreenenergynews.com\/rs\/wp-json\/wp\/v2\/posts\/13862","targetHints":{"allow":["GET"]}}],"collection":[{"href":"https:\/\/balkangreenenergynews.com\/rs\/wp-json\/wp\/v2\/posts"}],"about":[{"href":"https:\/\/balkangreenenergynews.com\/rs\/wp-json\/wp\/v2\/types\/post"}],"author":[{"embeddable":true,"href":"https:\/\/balkangreenenergynews.com\/rs\/wp-json\/wp\/v2\/users\/2"}],"replies":[{"embeddable":true,"href":"https:\/\/balkangreenenergynews.com\/rs\/wp-json\/wp\/v2\/comments?post=13862"}],"version-history":[{"count":0,"href":"https:\/\/balkangreenenergynews.com\/rs\/wp-json\/wp\/v2\/posts\/13862\/revisions"}],"wp:featuredmedia":[{"embeddable":true,"href":"https:\/\/balkangreenenergynews.com\/rs\/wp-json\/wp\/v2\/media\/13863"}],"wp:attachment":[{"href":"https:\/\/balkangreenenergynews.com\/rs\/wp-json\/wp\/v2\/media?parent=13862"}],"wp:term":[{"taxonomy":"category","embeddable":true,"href":"https:\/\/balkangreenenergynews.com\/rs\/wp-json\/wp\/v2\/categories?post=13862"},{"taxonomy":"post_tag","embeddable":true,"href":"https:\/\/balkangreenenergynews.com\/rs\/wp-json\/wp\/v2\/tags?post=13862"}],"curies":[{"name":"wp","href":"https:\/\/api.w.org\/{rel}","templated":true}]}}