{"id":13823,"date":"2017-08-22T20:44:20","date_gmt":"2017-08-22T18:44:20","guid":{"rendered":"http:\/\/balkangreenenergynews.com\/rs\/?p=13823"},"modified":"2017-08-22T20:48:06","modified_gmt":"2017-08-22T18:48:06","slug":"petrovac-na-mlavi-u-oktobru-dobija-led-javnu-rasvetu-uz-pomoc-jpp","status":"publish","type":"post","link":"https:\/\/balkangreenenergynews.com\/rs\/petrovac-na-mlavi-u-oktobru-dobija-led-javnu-rasvetu-uz-pomoc-jpp\/","title":{"rendered":"Petrovac na Mlavi u oktobru dobija LED javnu rasvetu uz pomo\u0107 JPP"},"content":{"rendered":"<h2>Ovog meseca jo\u0161 jedna lokalna samouprava u centralnoj Srbiji, Petrovac na Mlavi, odlu\u010dila je da \u00a0ekonomi\u010dnije tro\u0161i elektri\u010dnu energiju i osavremeni javno osvetljenje uvodjenjem LED rasvete, zbog \u010dega je uprava tog mesta sklopila ugovor o javno-privatnom partnerestvu (JPP) sa dve firme koje \u0107e izvesti taj posao.<\/h2>\n<p>Predsednik op\u0161tine Petrovac na Mlavi Du\u0161ko Nedini\u0107 potpisao je ugovor o javno-privatnom partnerstvu sa firmama Esco Elios i GGE Esco kojim se obezbedjene \u00a0usluga rekonstrukcije, racionalizacije i odr\u017eavanja dela javnog osvetljenja u gradu.<\/p>\n<p>Ugovorom je predvi\u0111eno da Petrovac na Mlavi u oktobru dobije savremeno LED osvetljenje, sa tehnologijom najmodernije generacije marke Filips. Zamena postoje\u0107ih \u017eivinih svetiljki javne rasvete predvi\u0111ena je u ulicama, parkovima i na drugim javnim povr\u0161inama u gradu, a od naredne godine isti radovi se planiraju i u svim selima op\u0161tine.<\/p>\n<p>Prema ugovoru koji je potpisan, obaveza lokalne samouprave je da nastavi da pla\u0107a isti iznos kao i do sada za utro\u0161ak energije koji nastaje radom javne rasvete, dok je privatni partner svoj interes za postavljanje LED rasvete na\u0161ao u razlici u ceni koja bi se ostvarila u\u0161tedom energije.<\/p>\n<p>Po isteku ugovorenog \u00a0roka od 15 godina, \u00a0Petrovcu na Mlavi pripala bi ta javna rasveta \u010dime bi automatski bili smanjeni i tro\u0161kovi za njeno kori\u0161\u0107enje. Do tada bi privatnom partneru osim gra\u0111evinskih radova, bilo povereno i upravljanje samim sistemom.<\/p>\n<p>Nedini\u0107 je podsetio da su do 2020. godine sve op\u0161tine u Srbiji obavezne su da zamene staro osvetljenje novom, \u0161tedljivom rasvetom, a kako njegova op\u0161tina nije mogla sama da finansira taj projekat odlu\u010dila se za JPP.<\/p>\n<p>On je istakao da Petrovac na Mlavi taj projekat ne ko\u0161ta ni\u0161ta, navode\u0107i da \u0107e osim u\u0161teda i zdr\u0430vstvenog benefita, LED rasveta \u00a0doprineti i lep\u0161em izgledu grada.<\/p>\n<p>Ugovor predvidja zamenu 1.521 stare sijalice sa 1.426 LED sijalica i 50 halogenih svetilki, ako i zamenu zastarelog sistema uklju\u010divanja i isklu\u010divanja javne rasvete u svih 36 podstanica u lokalnoj samoupravi, novim automatskim, energetski efikasnim sistemom. Instalirnje nove rasvete smanji\u0107e potro\u0161nju sa 205kW na 40 kW.<\/p>\n<p>&nbsp;<\/p>\n<h3><span style=\"\">LED sijalice na ulicama gradova Srbije od 2010.<\/span><\/h3>\n<p>LED sijalice pretstavljaju energetski efikasno osvetljenje koje tro\u0161i tri puta manje energije od stare rasvete, emituju malu koli\u010dinu energije tako da osim velike energetske u\u0161tede, smanjuje se i zaga\u0111enje okoline, a njena svetlost je najsli\u010dnija dnevnoj.<\/p>\n<p>Nova led tehnologija prvi put u javnoj rasveti u Srbiji uvedena 2010. godine \u00a0u Beogradu, Novom Sadu i Novom Be\u010deju.<\/p>\n<p>Uz pomo\u0107 JPP ve\u0107 je dostupna i manjim mestima poput \u017dablja, Ade, Djurdjeva, Gospodinaca, \u010curuga, Topole, dok je, na primer, lokalna samouprava grada Kru\u0161evca problem zamene zastarele rasvete delimi\u010dno re\u0161ila uz pomo\u0107 donacija medjunarodnih institucija. a sprema se da kompletno re\u0161enje obezbedi tako\u0111e kroz JPP.<\/p>\n","protected":false},"excerpt":{"rendered":"<p>Ovog meseca jo\u0161 jedna lokalna samouprava u centralnoj Srbiji, Petrovac na Mlavi, odlu\u010dila je da&#8230;<\/p>\n","protected":false},"author":2,"featured_media":13825,"comment_status":"open","ping_status":"closed","sticky":false,"template":"","format":"standard","meta":{"_acf_changed":false,"_monsterinsights_skip_tracking":false,"_monsterinsights_sitenote_active":false,"_monsterinsights_sitenote_note":"","_monsterinsights_sitenote_category":0,"footnotes":""},"categories":[3],"tags":[221,752],"class_list":["post-13823","post","type-post","status-publish","format-standard","has-post-thumbnail","hentry","category-energetska-efikasnost","tag-gge","tag-jpp","country-srbija"],"acf":[],"yoast_head":"<!-- This site is optimized with the Yoast SEO plugin v27.4 - https:\/\/yoast.com\/product\/yoast-seo-wordpress\/ -->\n<title>Petrovac na Mlavi u oktobru dobija LED javnu rasvetu uz pomo\u0107 JPP<\/title>\n<meta name=\"description\" content=\"Ovog meseca jo\u0161 jedna lokalna samouprava u centralnoj Srbiji, Petrovac na Mlavi, odlu\u010dila je da \u00a0ekonomi\u010dnije tro\u0161i elektri\u010dnu energiju i osavremeni javno\" \/>\n<meta name=\"robots\" content=\"index, follow, max-snippet:-1, max-image-preview:large, max-video-preview:-1\" \/>\n<link rel=\"canonical\" href=\"https:\/\/balkangreenenergynews.com\/rs\/petrovac-na-mlavi-u-oktobru-dobija-led-javnu-rasvetu-uz-pomoc-jpp\/\" \/>\n<meta property=\"og:locale\" content=\"sr_RS\" \/>\n<meta property=\"og:type\" content=\"article\" \/>\n<meta property=\"og:title\" content=\"Petrovac na Mlavi u oktobru dobija LED javnu rasvetu uz pomo\u0107 JPP\" \/>\n<meta property=\"og:description\" content=\"Ovog meseca jo\u0161 jedna lokalna samouprava u centralnoj Srbiji, Petrovac na Mlavi, odlu\u010dila je da \u00a0ekonomi\u010dnije tro\u0161i elektri\u010dnu energiju i osavremeni javno\" \/>\n<meta property=\"og:url\" content=\"https:\/\/balkangreenenergynews.com\/rs\/petrovac-na-mlavi-u-oktobru-dobija-led-javnu-rasvetu-uz-pomoc-jpp\/\" \/>\n<meta property=\"og:site_name\" content=\"Balkan Green Energy News\" \/>\n<meta property=\"article:published_time\" content=\"2017-08-22T18:44:20+00:00\" \/>\n<meta property=\"article:modified_time\" content=\"2017-08-22T18:48:06+00:00\" \/>\n<meta property=\"og:image\" content=\"https:\/\/balkangreenenergynews.com\/rs\/wp-content\/uploads\/2017\/08\/Street-ligts_web.jpg\" \/>\n\t<meta property=\"og:image:width\" content=\"795\" \/>\n\t<meta property=\"og:image:height\" content=\"407\" \/>\n\t<meta property=\"og:image:type\" content=\"image\/jpeg\" \/>\n<meta name=\"author\" content=\"Branislava Jovi\u010di\u0107\" \/>\n<meta name=\"twitter:card\" content=\"summary_large_image\" \/>\n<meta name=\"twitter:creator\" content=\"@https:\/\/twitter.com\/BranaJovicic\" \/>\n<meta name=\"twitter:label1\" content=\"\u041d\u0430\u043f\u0438\u0441\u0430\u043d\u043e \u043e\u0434\" \/>\n\t<meta name=\"twitter:data1\" content=\"Branislava Jovi\u010di\u0107\" \/>\n\t<meta name=\"twitter:label2\" content=\"\u041f\u0440\u043e\u0446\u0435\u045a\u0435\u043d\u043e \u0432\u0440\u0435\u043c\u0435 \u0447\u0438\u0442\u0430\u045a\u0430\" \/>\n\t<meta name=\"twitter:data2\" content=\"2 \u043c\u0438\u043d\u0443\u0442\u0430\" \/>\n<script type=\"application\/ld+json\" class=\"yoast-schema-graph\">{\"@context\":\"https:\\\/\\\/schema.org\",\"@graph\":[{\"@type\":\"Article\",\"@id\":\"https:\\\/\\\/balkangreenenergynews.com\\\/rs\\\/petrovac-na-mlavi-u-oktobru-dobija-led-javnu-rasvetu-uz-pomoc-jpp\\\/#article\",\"isPartOf\":{\"@id\":\"https:\\\/\\\/balkangreenenergynews.com\\\/rs\\\/petrovac-na-mlavi-u-oktobru-dobija-led-javnu-rasvetu-uz-pomoc-jpp\\\/\"},\"author\":{\"name\":\"Branislava Jovi\u010di\u0107\",\"@id\":\"https:\\\/\\\/balkangreenenergynews.com\\\/rs\\\/#\\\/schema\\\/person\\\/ff4e9f9457769ba580672215875f5b38\"},\"headline\":\"Petrovac na Mlavi u oktobru dobija LED javnu rasvetu uz pomo\u0107 JPP\",\"datePublished\":\"2017-08-22T18:44:20+00:00\",\"dateModified\":\"2017-08-22T18:48:06+00:00\",\"mainEntityOfPage\":{\"@id\":\"https:\\\/\\\/balkangreenenergynews.com\\\/rs\\\/petrovac-na-mlavi-u-oktobru-dobija-led-javnu-rasvetu-uz-pomoc-jpp\\\/\"},\"wordCount\":486,\"commentCount\":0,\"image\":{\"@id\":\"https:\\\/\\\/balkangreenenergynews.com\\\/rs\\\/petrovac-na-mlavi-u-oktobru-dobija-led-javnu-rasvetu-uz-pomoc-jpp\\\/#primaryimage\"},\"thumbnailUrl\":\"https:\\\/\\\/balkangreenenergynews.com\\\/rs\\\/wp-content\\\/uploads\\\/2017\\\/08\\\/Street-ligts_web.jpg?wsr\",\"keywords\":[\"GGE\",\"JPP\"],\"articleSection\":[\"Energetska efikasnost\"],\"inLanguage\":\"sr-RS\",\"potentialAction\":[{\"@type\":\"CommentAction\",\"name\":\"Comment\",\"target\":[\"https:\\\/\\\/balkangreenenergynews.com\\\/rs\\\/petrovac-na-mlavi-u-oktobru-dobija-led-javnu-rasvetu-uz-pomoc-jpp\\\/#respond\"]}]},{\"@type\":\"WebPage\",\"@id\":\"https:\\\/\\\/balkangreenenergynews.com\\\/rs\\\/petrovac-na-mlavi-u-oktobru-dobija-led-javnu-rasvetu-uz-pomoc-jpp\\\/\",\"url\":\"https:\\\/\\\/balkangreenenergynews.com\\\/rs\\\/petrovac-na-mlavi-u-oktobru-dobija-led-javnu-rasvetu-uz-pomoc-jpp\\\/\",\"name\":\"Petrovac na Mlavi u oktobru dobija LED javnu rasvetu uz pomo\u0107 JPP\",\"isPartOf\":{\"@id\":\"https:\\\/\\\/balkangreenenergynews.com\\\/rs\\\/#website\"},\"primaryImageOfPage\":{\"@id\":\"https:\\\/\\\/balkangreenenergynews.com\\\/rs\\\/petrovac-na-mlavi-u-oktobru-dobija-led-javnu-rasvetu-uz-pomoc-jpp\\\/#primaryimage\"},\"image\":{\"@id\":\"https:\\\/\\\/balkangreenenergynews.com\\\/rs\\\/petrovac-na-mlavi-u-oktobru-dobija-led-javnu-rasvetu-uz-pomoc-jpp\\\/#primaryimage\"},\"thumbnailUrl\":\"https:\\\/\\\/balkangreenenergynews.com\\\/rs\\\/wp-content\\\/uploads\\\/2017\\\/08\\\/Street-ligts_web.jpg?wsr\",\"datePublished\":\"2017-08-22T18:44:20+00:00\",\"dateModified\":\"2017-08-22T18:48:06+00:00\",\"author\":{\"@id\":\"https:\\\/\\\/balkangreenenergynews.com\\\/rs\\\/#\\\/schema\\\/person\\\/ff4e9f9457769ba580672215875f5b38\"},\"description\":\"Ovog meseca jo\u0161 jedna lokalna samouprava u centralnoj Srbiji, Petrovac na Mlavi, odlu\u010dila je da \u00a0ekonomi\u010dnije tro\u0161i elektri\u010dnu energiju i osavremeni javno\",\"breadcrumb\":{\"@id\":\"https:\\\/\\\/balkangreenenergynews.com\\\/rs\\\/petrovac-na-mlavi-u-oktobru-dobija-led-javnu-rasvetu-uz-pomoc-jpp\\\/#breadcrumb\"},\"inLanguage\":\"sr-RS\",\"potentialAction\":[{\"@type\":\"ReadAction\",\"target\":[\"https:\\\/\\\/balkangreenenergynews.com\\\/rs\\\/petrovac-na-mlavi-u-oktobru-dobija-led-javnu-rasvetu-uz-pomoc-jpp\\\/\"]}]},{\"@type\":\"ImageObject\",\"inLanguage\":\"sr-RS\",\"@id\":\"https:\\\/\\\/balkangreenenergynews.com\\\/rs\\\/petrovac-na-mlavi-u-oktobru-dobija-led-javnu-rasvetu-uz-pomoc-jpp\\\/#primaryimage\",\"url\":\"https:\\\/\\\/balkangreenenergynews.com\\\/rs\\\/wp-content\\\/uploads\\\/2017\\\/08\\\/Street-ligts_web.jpg?wsr\",\"contentUrl\":\"https:\\\/\\\/balkangreenenergynews.com\\\/rs\\\/wp-content\\\/uploads\\\/2017\\\/08\\\/Street-ligts_web.jpg?wsr\",\"width\":795,\"height\":407},{\"@type\":\"BreadcrumbList\",\"@id\":\"https:\\\/\\\/balkangreenenergynews.com\\\/rs\\\/petrovac-na-mlavi-u-oktobru-dobija-led-javnu-rasvetu-uz-pomoc-jpp\\\/#breadcrumb\",\"itemListElement\":[{\"@type\":\"ListItem\",\"position\":1,\"name\":\"Po\u010detna\",\"item\":\"https:\\\/\\\/balkangreenenergynews.com\\\/rs\\\/\"},{\"@type\":\"ListItem\",\"position\":2,\"name\":\"Vesti\",\"item\":\"https:\\\/\\\/balkangreenenergynews.com\\\/rs\\\/kategorija\\\/vesti\\\/\"},{\"@type\":\"ListItem\",\"position\":3,\"name\":\"Energetska efikasnost\",\"item\":\"https:\\\/\\\/balkangreenenergynews.com\\\/rs\\\/kategorija\\\/vesti\\\/energetska-efikasnost\\\/\"},{\"@type\":\"ListItem\",\"position\":4,\"name\":\"Petrovac na Mlavi u oktobru dobija LED javnu rasvetu uz pomo\u0107 JPP\"}]},{\"@type\":\"WebSite\",\"@id\":\"https:\\\/\\\/balkangreenenergynews.com\\\/rs\\\/#website\",\"url\":\"https:\\\/\\\/balkangreenenergynews.com\\\/rs\\\/\",\"name\":\"Balkan Green Energy News\",\"description\":\"Naj\u0161iri izbor vesti sa Balkana o zelenoj energiji\",\"potentialAction\":[{\"@type\":\"SearchAction\",\"target\":{\"@type\":\"EntryPoint\",\"urlTemplate\":\"https:\\\/\\\/balkangreenenergynews.com\\\/rs\\\/?s={search_term_string}\"},\"query-input\":{\"@type\":\"PropertyValueSpecification\",\"valueRequired\":true,\"valueName\":\"search_term_string\"}}],\"inLanguage\":\"sr-RS\"},{\"@type\":\"Person\",\"@id\":\"https:\\\/\\\/balkangreenenergynews.com\\\/rs\\\/#\\\/schema\\\/person\\\/ff4e9f9457769ba580672215875f5b38\",\"name\":\"Branislava Jovi\u010di\u0107\",\"description\":\"\u017divimo u vremenu koje je pred na\u0161u generaciju postavilo veoma va\u017ean zadatak. Nije na nama sva krivica za stanje u kojem se nalazi planeta, ali odgovornot svakako jeste. Zato usmerimo svoja znanja, ve\u0161tine i pamet ka pronala\u017eenju odr\u017eivih, pametnih i zelenih re\u0161enja.\",\"sameAs\":[\"https:\\\/\\\/www.linkedin.com\\\/in\\\/branislava-jovicic-043080a\\\/\",\"https:\\\/\\\/x.com\\\/https:\\\/\\\/twitter.com\\\/BranaJovicic\"],\"url\":\"https:\\\/\\\/balkangreenenergynews.com\\\/rs\\\/author\\\/bgen\\\/\"}]}<\/script>\n<!-- \/ Yoast SEO plugin. -->","yoast_head_json":{"title":"Petrovac na Mlavi u oktobru dobija LED javnu rasvetu uz pomo\u0107 JPP","description":"Ovog meseca jo\u0161 jedna lokalna samouprava u centralnoj Srbiji, Petrovac na Mlavi, odlu\u010dila je da \u00a0ekonomi\u010dnije tro\u0161i elektri\u010dnu energiju i osavremeni javno","robots":{"index":"index","follow":"follow","max-snippet":"max-snippet:-1","max-image-preview":"max-image-preview:large","max-video-preview":"max-video-preview:-1"},"canonical":"https:\/\/balkangreenenergynews.com\/rs\/petrovac-na-mlavi-u-oktobru-dobija-led-javnu-rasvetu-uz-pomoc-jpp\/","og_locale":"sr_RS","og_type":"article","og_title":"Petrovac na Mlavi u oktobru dobija LED javnu rasvetu uz pomo\u0107 JPP","og_description":"Ovog meseca jo\u0161 jedna lokalna samouprava u centralnoj Srbiji, Petrovac na Mlavi, odlu\u010dila je da \u00a0ekonomi\u010dnije tro\u0161i elektri\u010dnu energiju i osavremeni javno","og_url":"https:\/\/balkangreenenergynews.com\/rs\/petrovac-na-mlavi-u-oktobru-dobija-led-javnu-rasvetu-uz-pomoc-jpp\/","og_site_name":"Balkan Green Energy News","article_published_time":"2017-08-22T18:44:20+00:00","article_modified_time":"2017-08-22T18:48:06+00:00","og_image":[{"width":795,"height":407,"url":"https:\/\/balkangreenenergynews.com\/rs\/wp-content\/uploads\/2017\/08\/Street-ligts_web.jpg","type":"image\/jpeg"}],"author":"Branislava Jovi\u010di\u0107","twitter_card":"summary_large_image","twitter_creator":"@https:\/\/twitter.com\/BranaJovicic","twitter_misc":{"\u041d\u0430\u043f\u0438\u0441\u0430\u043d\u043e \u043e\u0434":"Branislava Jovi\u010di\u0107","\u041f\u0440\u043e\u0446\u0435\u045a\u0435\u043d\u043e \u0432\u0440\u0435\u043c\u0435 \u0447\u0438\u0442\u0430\u045a\u0430":"2 \u043c\u0438\u043d\u0443\u0442\u0430"},"schema":{"@context":"https:\/\/schema.org","@graph":[{"@type":"Article","@id":"https:\/\/balkangreenenergynews.com\/rs\/petrovac-na-mlavi-u-oktobru-dobija-led-javnu-rasvetu-uz-pomoc-jpp\/#article","isPartOf":{"@id":"https:\/\/balkangreenenergynews.com\/rs\/petrovac-na-mlavi-u-oktobru-dobija-led-javnu-rasvetu-uz-pomoc-jpp\/"},"author":{"name":"Branislava Jovi\u010di\u0107","@id":"https:\/\/balkangreenenergynews.com\/rs\/#\/schema\/person\/ff4e9f9457769ba580672215875f5b38"},"headline":"Petrovac na Mlavi u oktobru dobija LED javnu rasvetu uz pomo\u0107 JPP","datePublished":"2017-08-22T18:44:20+00:00","dateModified":"2017-08-22T18:48:06+00:00","mainEntityOfPage":{"@id":"https:\/\/balkangreenenergynews.com\/rs\/petrovac-na-mlavi-u-oktobru-dobija-led-javnu-rasvetu-uz-pomoc-jpp\/"},"wordCount":486,"commentCount":0,"image":{"@id":"https:\/\/balkangreenenergynews.com\/rs\/petrovac-na-mlavi-u-oktobru-dobija-led-javnu-rasvetu-uz-pomoc-jpp\/#primaryimage"},"thumbnailUrl":"https:\/\/balkangreenenergynews.com\/rs\/wp-content\/uploads\/2017\/08\/Street-ligts_web.jpg?wsr","keywords":["GGE","JPP"],"articleSection":["Energetska efikasnost"],"inLanguage":"sr-RS","potentialAction":[{"@type":"CommentAction","name":"Comment","target":["https:\/\/balkangreenenergynews.com\/rs\/petrovac-na-mlavi-u-oktobru-dobija-led-javnu-rasvetu-uz-pomoc-jpp\/#respond"]}]},{"@type":"WebPage","@id":"https:\/\/balkangreenenergynews.com\/rs\/petrovac-na-mlavi-u-oktobru-dobija-led-javnu-rasvetu-uz-pomoc-jpp\/","url":"https:\/\/balkangreenenergynews.com\/rs\/petrovac-na-mlavi-u-oktobru-dobija-led-javnu-rasvetu-uz-pomoc-jpp\/","name":"Petrovac na Mlavi u oktobru dobija LED javnu rasvetu uz pomo\u0107 JPP","isPartOf":{"@id":"https:\/\/balkangreenenergynews.com\/rs\/#website"},"primaryImageOfPage":{"@id":"https:\/\/balkangreenenergynews.com\/rs\/petrovac-na-mlavi-u-oktobru-dobija-led-javnu-rasvetu-uz-pomoc-jpp\/#primaryimage"},"image":{"@id":"https:\/\/balkangreenenergynews.com\/rs\/petrovac-na-mlavi-u-oktobru-dobija-led-javnu-rasvetu-uz-pomoc-jpp\/#primaryimage"},"thumbnailUrl":"https:\/\/balkangreenenergynews.com\/rs\/wp-content\/uploads\/2017\/08\/Street-ligts_web.jpg?wsr","datePublished":"2017-08-22T18:44:20+00:00","dateModified":"2017-08-22T18:48:06+00:00","author":{"@id":"https:\/\/balkangreenenergynews.com\/rs\/#\/schema\/person\/ff4e9f9457769ba580672215875f5b38"},"description":"Ovog meseca jo\u0161 jedna lokalna samouprava u centralnoj Srbiji, Petrovac na Mlavi, odlu\u010dila je da \u00a0ekonomi\u010dnije tro\u0161i elektri\u010dnu energiju i osavremeni javno","breadcrumb":{"@id":"https:\/\/balkangreenenergynews.com\/rs\/petrovac-na-mlavi-u-oktobru-dobija-led-javnu-rasvetu-uz-pomoc-jpp\/#breadcrumb"},"inLanguage":"sr-RS","potentialAction":[{"@type":"ReadAction","target":["https:\/\/balkangreenenergynews.com\/rs\/petrovac-na-mlavi-u-oktobru-dobija-led-javnu-rasvetu-uz-pomoc-jpp\/"]}]},{"@type":"ImageObject","inLanguage":"sr-RS","@id":"https:\/\/balkangreenenergynews.com\/rs\/petrovac-na-mlavi-u-oktobru-dobija-led-javnu-rasvetu-uz-pomoc-jpp\/#primaryimage","url":"https:\/\/balkangreenenergynews.com\/rs\/wp-content\/uploads\/2017\/08\/Street-ligts_web.jpg?wsr","contentUrl":"https:\/\/balkangreenenergynews.com\/rs\/wp-content\/uploads\/2017\/08\/Street-ligts_web.jpg?wsr","width":795,"height":407},{"@type":"BreadcrumbList","@id":"https:\/\/balkangreenenergynews.com\/rs\/petrovac-na-mlavi-u-oktobru-dobija-led-javnu-rasvetu-uz-pomoc-jpp\/#breadcrumb","itemListElement":[{"@type":"ListItem","position":1,"name":"Po\u010detna","item":"https:\/\/balkangreenenergynews.com\/rs\/"},{"@type":"ListItem","position":2,"name":"Vesti","item":"https:\/\/balkangreenenergynews.com\/rs\/kategorija\/vesti\/"},{"@type":"ListItem","position":3,"name":"Energetska efikasnost","item":"https:\/\/balkangreenenergynews.com\/rs\/kategorija\/vesti\/energetska-efikasnost\/"},{"@type":"ListItem","position":4,"name":"Petrovac na Mlavi u oktobru dobija LED javnu rasvetu uz pomo\u0107 JPP"}]},{"@type":"WebSite","@id":"https:\/\/balkangreenenergynews.com\/rs\/#website","url":"https:\/\/balkangreenenergynews.com\/rs\/","name":"Balkan Green Energy News","description":"Naj\u0161iri izbor vesti sa Balkana o zelenoj energiji","potentialAction":[{"@type":"SearchAction","target":{"@type":"EntryPoint","urlTemplate":"https:\/\/balkangreenenergynews.com\/rs\/?s={search_term_string}"},"query-input":{"@type":"PropertyValueSpecification","valueRequired":true,"valueName":"search_term_string"}}],"inLanguage":"sr-RS"},{"@type":"Person","@id":"https:\/\/balkangreenenergynews.com\/rs\/#\/schema\/person\/ff4e9f9457769ba580672215875f5b38","name":"Branislava Jovi\u010di\u0107","description":"\u017divimo u vremenu koje je pred na\u0161u generaciju postavilo veoma va\u017ean zadatak. Nije na nama sva krivica za stanje u kojem se nalazi planeta, ali odgovornot svakako jeste. Zato usmerimo svoja znanja, ve\u0161tine i pamet ka pronala\u017eenju odr\u017eivih, pametnih i zelenih re\u0161enja.","sameAs":["https:\/\/www.linkedin.com\/in\/branislava-jovicic-043080a\/","https:\/\/x.com\/https:\/\/twitter.com\/BranaJovicic"],"url":"https:\/\/balkangreenenergynews.com\/rs\/author\/bgen\/"}]}},"_links":{"self":[{"href":"https:\/\/balkangreenenergynews.com\/rs\/wp-json\/wp\/v2\/posts\/13823","targetHints":{"allow":["GET"]}}],"collection":[{"href":"https:\/\/balkangreenenergynews.com\/rs\/wp-json\/wp\/v2\/posts"}],"about":[{"href":"https:\/\/balkangreenenergynews.com\/rs\/wp-json\/wp\/v2\/types\/post"}],"author":[{"embeddable":true,"href":"https:\/\/balkangreenenergynews.com\/rs\/wp-json\/wp\/v2\/users\/2"}],"replies":[{"embeddable":true,"href":"https:\/\/balkangreenenergynews.com\/rs\/wp-json\/wp\/v2\/comments?post=13823"}],"version-history":[{"count":0,"href":"https:\/\/balkangreenenergynews.com\/rs\/wp-json\/wp\/v2\/posts\/13823\/revisions"}],"wp:featuredmedia":[{"embeddable":true,"href":"https:\/\/balkangreenenergynews.com\/rs\/wp-json\/wp\/v2\/media\/13825"}],"wp:attachment":[{"href":"https:\/\/balkangreenenergynews.com\/rs\/wp-json\/wp\/v2\/media?parent=13823"}],"wp:term":[{"taxonomy":"category","embeddable":true,"href":"https:\/\/balkangreenenergynews.com\/rs\/wp-json\/wp\/v2\/categories?post=13823"},{"taxonomy":"post_tag","embeddable":true,"href":"https:\/\/balkangreenenergynews.com\/rs\/wp-json\/wp\/v2\/tags?post=13823"}],"curies":[{"name":"wp","href":"https:\/\/api.w.org\/{rel}","templated":true}]}}