{"id":13727,"date":"2017-08-16T16:09:32","date_gmt":"2017-08-16T14:09:32","guid":{"rendered":"http:\/\/balkangreenenergynews.com\/rs\/?p=13727"},"modified":"2017-08-16T16:09:32","modified_gmt":"2017-08-16T14:09:32","slug":"ek-u-novembru-objavljuje-ocenu-nacionalnih-planova-clanica-eu-za-alternativna-goriva-u-saobracaju","status":"publish","type":"post","link":"https:\/\/balkangreenenergynews.com\/rs\/ek-u-novembru-objavljuje-ocenu-nacionalnih-planova-clanica-eu-za-alternativna-goriva-u-saobracaju\/","title":{"rendered":"EK u novembru objavljuje ocenu nacionalnih planova \u010dlanica EU za alternativna goriva u saobra\u0107aju"},"content":{"rendered":"<h2>\u010clanice Evropske unije c\u0301e morati da razviju tr\u017ei\u0161te i infrastrukturu za alternativna goriva u saobrac\u0301aju i u tom cilju pripremaju nacionalne okvire za politike u toj oblasti. Evropska komisija (EK) \u0107e objaviti svoju ocenu tih okvira u novembru, re\u010deno je portalu Balkan Green Energy News u Evropskoj komisiji.<\/h2>\n<p>U skladu sa Direktivom o infrastrukturi za alternativa goriva, \u010dlanice EU moraju da podnesu nacionalne okvire za politike u kojima \u0107e predstaviti nacionalne ciljeve i aktivnosti u cilju razvoja tr\u017ei\u0161ta alternativnih goriva, uklju\u010dujuc\u0301i i postavljanje neophodne infrastrukture.<\/p>\n<p>Izme\u0111u ostalog, od \u010dlanica se tra\u017ei da odrede ciljeve za postavljanje stanica za punjenje elektri\u010dnih vozila do 2020. godine. Preporu\u010deno je da predvide najmanje jedan punja\u010d na deset elektri\u010dnih vozila. Ciljevi \u0107e se postavljati i za druga goriva kao \u0161to su te\u010dni prirodni gas (LNG), komprimovani prirodni gas (CNG) i vodonik.<\/p>\n<p>Pro\u0161le godine, hrvatski parlament<a href=\"https:\/\/balkangreenenergynews.com\/rs\/hrvatska-donela-zakon-za-uspostavljanje-infrastrukture-za-alternativna-goriva\/\"> usvojio je Zakon<\/a> o uspostavljanju infrastrukture alternativnih goriva.<\/p>\n<p>Saobra\u0107aj u EU i dalje u velikoj meri zavisi od nafte, iako je udeo obnovljive energije u tom sektoru, prema podacima evropskog statisti\u010dkog zavoda Eurostat, porastao sa 1,4 odsto u 2004. na 6,7 odsto u 2015. godini.<\/p>\n<p>Evropska komisija je pro\u0161le godine predstavila evropsku Strategiju mobilnosti sa niskim emisijama, kako bi ubrazala prelazak na alternativna goriva sa niskim emisijama, poput naprednih biogoriva, elektri\u010dne energije, vodonika i obnovljivih sinteti\u010dkih goriva, uz sna\u017ene podsticaje inovacijama.<\/p>\n<p>EK smatra da bi se uz adekvatne mere udeo energije niske emisije u saobra\u0107aju mogao povec\u0301ati na oko 15 do 17 procenata u 2030. godini.<\/p>\n<p>Da bi se to ostvarilo, \u010dlanice EU mogu da koriste postojec\u0301e mehanizme i fondove, uklju\u010dujuc\u0301i i Investicioni plan za Evropu. Tako\u0111e, u okviru Evropskog strukturnog i investicionog fonda 39 milijardi evra je namenjeno razvoju mobilnosti sa niskim emisijama, od \u010dega je 12 milijardi evra izdvojeno za nisko-ugljeni\u010dnu i odr\u017eivu urbanu mobilnost. U okviru programa Horizont 2020, namenjenog istra\u017eivanjima, za projekte mobilnosti sa niskim emisijama izdvojeno je 6,4 milijardi evra.<\/p>\n<h3><span style=\"\">\u010ce\u0161ka uvodi subvencije vredne 45 miliona evra<\/span><\/h3>\n<p>\u010ce\u0161ka je odlu\u010dila da podr\u017ei sa 45 miliona evra uvo\u0111enje stanica za punjenje vozila koja koriste goriva sa niskim emisijama. Evropska komisija je utvrdila da je ovaj korak \u010ce\u0161ke u skladu sa pravilima EU o dr\u017eavnoj pomoc\u0301i. Zaklju\u010deno je da mera doprinosi smanjenju emisija CO2 a da pritom ne naru\u0161ava konkurenciju na jedinstvenom tr\u017ei\u0161tu EU.<\/p>\n<p>&#8222;\u010ce\u0161ki program je jo\u0161 jedan dobar primer kako dr\u017eave \u010dlanice mogu doprineti borbi protiv globalnog zagravanja. \u0160ema c\u0301e promovisati alternativna goriva, smanjiti \u0161tetne emisije automobila i podsta\u0107i potro\u0161a\u010de i preduzec\u0301a da koriste zeleniji prevoz, bez naru\u0161avanja konkurencije&#8220;, rekla je evropska komesarka Margrete Vestager, koja je nadle\u017ena za politiku konkurencije.<\/p>\n<p>\u010ce\u0161ka \u0107e podr\u017eati sa 44,5 miliona evra u periodu od \u0161est godina izgradnju javno dostupnih stanica za punjenje elektri\u010dnih vozila i za punjenje vozila koja koriste druga alternativna goriva. Ta infrastrukturna mre\u017ea treba da bude razvijena u celoj zemlji.<\/p>\n<p>Kompanije koje su vec\u0301 aktivne u sektoru alternativnih goriva mogu da se prijave za dr\u017eavnu pomo\u0107, za koju \u0107e biti raspisana \u010detiri tendera, saop\u0161tila je Evropska komisija.<\/p>\n<p>Zakoni EU dozvoljavaju dr\u017eavama \u010dlanicama da podr\u017ee razvoj odre\u0111ene ekonomskih aktivnosti &#8211; u ovom slu\u010daju one koje unapre\u0111uju energetsku efikasnost i smanjenju emisije CO2.<\/p>\n","protected":false},"excerpt":{"rendered":"<p>\u010clanice Evropske unije c\u0301e morati da razviju tr\u017ei\u0161te i infrastrukturu za alternativna goriva u saobrac\u0301aju&#8230;<\/p>\n","protected":false},"author":2,"featured_media":13731,"comment_status":"open","ping_status":"closed","sticky":false,"template":"","format":"standard","meta":{"_acf_changed":false,"_monsterinsights_skip_tracking":false,"_monsterinsights_sitenote_active":false,"_monsterinsights_sitenote_note":"","_monsterinsights_sitenote_category":0,"footnotes":""},"categories":[7],"tags":[2486,707,869,1358,2000],"class_list":["post-13727","post","type-post","status-publish","format-standard","has-post-thumbnail","hentry","category-mobilnost","tag-alternativna-goriva","tag-elektricna-vozila","tag-evropska-komisija","tag-mobilnost","tag-urbana-mobilnost","country-regioneu"],"acf":[],"yoast_head":"<!-- This site is optimized with the Yoast SEO plugin v27.4 - https:\/\/yoast.com\/product\/yoast-seo-wordpress\/ -->\n<title>EK u novembru objavljuje ocenu nacionalnih planova \u010dlanica EU za alternativna goriva u saobra\u0107aju<\/title>\n<meta name=\"description\" content=\"Evropska komisija \u0107e objaviti u novembru svoju ocenu nacionalnih okvira \u010dlanica EU za politike u oblasti alternativnih goriva u saobra\u0107aju.\" \/>\n<meta name=\"robots\" content=\"index, follow, max-snippet:-1, max-image-preview:large, max-video-preview:-1\" \/>\n<link rel=\"canonical\" href=\"https:\/\/balkangreenenergynews.com\/rs\/ek-u-novembru-objavljuje-ocenu-nacionalnih-planova-clanica-eu-za-alternativna-goriva-u-saobracaju\/\" \/>\n<meta property=\"og:locale\" content=\"sr_RS\" \/>\n<meta property=\"og:type\" content=\"article\" \/>\n<meta property=\"og:title\" content=\"EK u novembru objavljuje ocenu nacionalnih planova \u010dlanica EU za alternativna goriva u saobra\u0107aju\" \/>\n<meta property=\"og:description\" content=\"Evropska komisija \u0107e objaviti u novembru svoju ocenu nacionalnih okvira \u010dlanica EU za politike u oblasti alternativnih goriva u saobra\u0107aju.\" \/>\n<meta property=\"og:url\" content=\"https:\/\/balkangreenenergynews.com\/rs\/ek-u-novembru-objavljuje-ocenu-nacionalnih-planova-clanica-eu-za-alternativna-goriva-u-saobracaju\/\" \/>\n<meta property=\"og:site_name\" content=\"Balkan Green Energy News\" \/>\n<meta property=\"article:published_time\" content=\"2017-08-16T14:09:32+00:00\" \/>\n<meta property=\"og:image\" content=\"https:\/\/balkangreenenergynews.com\/rs\/wp-content\/uploads\/2017\/08\/charging-station-eu.jpg\" \/>\n\t<meta property=\"og:image:width\" content=\"795\" \/>\n\t<meta property=\"og:image:height\" content=\"407\" \/>\n\t<meta property=\"og:image:type\" content=\"image\/jpeg\" \/>\n<meta name=\"author\" content=\"Branislava Jovi\u010di\u0107\" \/>\n<meta name=\"twitter:card\" content=\"summary_large_image\" \/>\n<meta name=\"twitter:creator\" content=\"@https:\/\/twitter.com\/BranaJovicic\" \/>\n<meta name=\"twitter:label1\" content=\"\u041d\u0430\u043f\u0438\u0441\u0430\u043d\u043e \u043e\u0434\" \/>\n\t<meta name=\"twitter:data1\" content=\"Branislava Jovi\u010di\u0107\" \/>\n\t<meta name=\"twitter:label2\" content=\"\u041f\u0440\u043e\u0446\u0435\u045a\u0435\u043d\u043e \u0432\u0440\u0435\u043c\u0435 \u0447\u0438\u0442\u0430\u045a\u0430\" \/>\n\t<meta name=\"twitter:data2\" content=\"3 \u043c\u0438\u043d\u0443\u0442\u0430\" \/>\n<script type=\"application\/ld+json\" class=\"yoast-schema-graph\">{\"@context\":\"https:\\\/\\\/schema.org\",\"@graph\":[{\"@type\":\"Article\",\"@id\":\"https:\\\/\\\/balkangreenenergynews.com\\\/rs\\\/ek-u-novembru-objavljuje-ocenu-nacionalnih-planova-clanica-eu-za-alternativna-goriva-u-saobracaju\\\/#article\",\"isPartOf\":{\"@id\":\"https:\\\/\\\/balkangreenenergynews.com\\\/rs\\\/ek-u-novembru-objavljuje-ocenu-nacionalnih-planova-clanica-eu-za-alternativna-goriva-u-saobracaju\\\/\"},\"author\":{\"name\":\"Branislava Jovi\u010di\u0107\",\"@id\":\"https:\\\/\\\/balkangreenenergynews.com\\\/rs\\\/#\\\/schema\\\/person\\\/ff4e9f9457769ba580672215875f5b38\"},\"headline\":\"EK u novembru objavljuje ocenu nacionalnih planova \u010dlanica EU za alternativna goriva u saobra\u0107aju\",\"datePublished\":\"2017-08-16T14:09:32+00:00\",\"mainEntityOfPage\":{\"@id\":\"https:\\\/\\\/balkangreenenergynews.com\\\/rs\\\/ek-u-novembru-objavljuje-ocenu-nacionalnih-planova-clanica-eu-za-alternativna-goriva-u-saobracaju\\\/\"},\"wordCount\":579,\"commentCount\":0,\"image\":{\"@id\":\"https:\\\/\\\/balkangreenenergynews.com\\\/rs\\\/ek-u-novembru-objavljuje-ocenu-nacionalnih-planova-clanica-eu-za-alternativna-goriva-u-saobracaju\\\/#primaryimage\"},\"thumbnailUrl\":\"https:\\\/\\\/balkangreenenergynews.com\\\/rs\\\/wp-content\\\/uploads\\\/2017\\\/08\\\/charging-station-eu.jpg?wsr\",\"keywords\":[\"alternativna goriva\",\"elektri\u010dna vozila\",\"Evropska komisija\",\"mobilnost\",\"urbana mobilnost\"],\"articleSection\":[\"Mobilnost\"],\"inLanguage\":\"sr-RS\",\"potentialAction\":[{\"@type\":\"CommentAction\",\"name\":\"Comment\",\"target\":[\"https:\\\/\\\/balkangreenenergynews.com\\\/rs\\\/ek-u-novembru-objavljuje-ocenu-nacionalnih-planova-clanica-eu-za-alternativna-goriva-u-saobracaju\\\/#respond\"]}]},{\"@type\":\"WebPage\",\"@id\":\"https:\\\/\\\/balkangreenenergynews.com\\\/rs\\\/ek-u-novembru-objavljuje-ocenu-nacionalnih-planova-clanica-eu-za-alternativna-goriva-u-saobracaju\\\/\",\"url\":\"https:\\\/\\\/balkangreenenergynews.com\\\/rs\\\/ek-u-novembru-objavljuje-ocenu-nacionalnih-planova-clanica-eu-za-alternativna-goriva-u-saobracaju\\\/\",\"name\":\"EK u novembru objavljuje ocenu nacionalnih planova \u010dlanica EU za alternativna goriva u saobra\u0107aju\",\"isPartOf\":{\"@id\":\"https:\\\/\\\/balkangreenenergynews.com\\\/rs\\\/#website\"},\"primaryImageOfPage\":{\"@id\":\"https:\\\/\\\/balkangreenenergynews.com\\\/rs\\\/ek-u-novembru-objavljuje-ocenu-nacionalnih-planova-clanica-eu-za-alternativna-goriva-u-saobracaju\\\/#primaryimage\"},\"image\":{\"@id\":\"https:\\\/\\\/balkangreenenergynews.com\\\/rs\\\/ek-u-novembru-objavljuje-ocenu-nacionalnih-planova-clanica-eu-za-alternativna-goriva-u-saobracaju\\\/#primaryimage\"},\"thumbnailUrl\":\"https:\\\/\\\/balkangreenenergynews.com\\\/rs\\\/wp-content\\\/uploads\\\/2017\\\/08\\\/charging-station-eu.jpg?wsr\",\"datePublished\":\"2017-08-16T14:09:32+00:00\",\"author\":{\"@id\":\"https:\\\/\\\/balkangreenenergynews.com\\\/rs\\\/#\\\/schema\\\/person\\\/ff4e9f9457769ba580672215875f5b38\"},\"description\":\"Evropska komisija \u0107e objaviti u novembru svoju ocenu nacionalnih okvira \u010dlanica EU za politike u oblasti alternativnih goriva u saobra\u0107aju.\",\"breadcrumb\":{\"@id\":\"https:\\\/\\\/balkangreenenergynews.com\\\/rs\\\/ek-u-novembru-objavljuje-ocenu-nacionalnih-planova-clanica-eu-za-alternativna-goriva-u-saobracaju\\\/#breadcrumb\"},\"inLanguage\":\"sr-RS\",\"potentialAction\":[{\"@type\":\"ReadAction\",\"target\":[\"https:\\\/\\\/balkangreenenergynews.com\\\/rs\\\/ek-u-novembru-objavljuje-ocenu-nacionalnih-planova-clanica-eu-za-alternativna-goriva-u-saobracaju\\\/\"]}]},{\"@type\":\"ImageObject\",\"inLanguage\":\"sr-RS\",\"@id\":\"https:\\\/\\\/balkangreenenergynews.com\\\/rs\\\/ek-u-novembru-objavljuje-ocenu-nacionalnih-planova-clanica-eu-za-alternativna-goriva-u-saobracaju\\\/#primaryimage\",\"url\":\"https:\\\/\\\/balkangreenenergynews.com\\\/rs\\\/wp-content\\\/uploads\\\/2017\\\/08\\\/charging-station-eu.jpg?wsr\",\"contentUrl\":\"https:\\\/\\\/balkangreenenergynews.com\\\/rs\\\/wp-content\\\/uploads\\\/2017\\\/08\\\/charging-station-eu.jpg?wsr\",\"width\":795,\"height\":407},{\"@type\":\"BreadcrumbList\",\"@id\":\"https:\\\/\\\/balkangreenenergynews.com\\\/rs\\\/ek-u-novembru-objavljuje-ocenu-nacionalnih-planova-clanica-eu-za-alternativna-goriva-u-saobracaju\\\/#breadcrumb\",\"itemListElement\":[{\"@type\":\"ListItem\",\"position\":1,\"name\":\"Po\u010detna\",\"item\":\"https:\\\/\\\/balkangreenenergynews.com\\\/rs\\\/\"},{\"@type\":\"ListItem\",\"position\":2,\"name\":\"Vesti\",\"item\":\"https:\\\/\\\/balkangreenenergynews.com\\\/rs\\\/kategorija\\\/vesti\\\/\"},{\"@type\":\"ListItem\",\"position\":3,\"name\":\"Mobilnost\",\"item\":\"https:\\\/\\\/balkangreenenergynews.com\\\/rs\\\/kategorija\\\/vesti\\\/mobilnost\\\/\"},{\"@type\":\"ListItem\",\"position\":4,\"name\":\"EK u novembru objavljuje ocenu nacionalnih planova \u010dlanica EU za alternativna goriva u saobra\u0107aju\"}]},{\"@type\":\"WebSite\",\"@id\":\"https:\\\/\\\/balkangreenenergynews.com\\\/rs\\\/#website\",\"url\":\"https:\\\/\\\/balkangreenenergynews.com\\\/rs\\\/\",\"name\":\"Balkan Green Energy News\",\"description\":\"Naj\u0161iri izbor vesti sa Balkana o zelenoj energiji\",\"potentialAction\":[{\"@type\":\"SearchAction\",\"target\":{\"@type\":\"EntryPoint\",\"urlTemplate\":\"https:\\\/\\\/balkangreenenergynews.com\\\/rs\\\/?s={search_term_string}\"},\"query-input\":{\"@type\":\"PropertyValueSpecification\",\"valueRequired\":true,\"valueName\":\"search_term_string\"}}],\"inLanguage\":\"sr-RS\"},{\"@type\":\"Person\",\"@id\":\"https:\\\/\\\/balkangreenenergynews.com\\\/rs\\\/#\\\/schema\\\/person\\\/ff4e9f9457769ba580672215875f5b38\",\"name\":\"Branislava Jovi\u010di\u0107\",\"description\":\"\u017divimo u vremenu koje je pred na\u0161u generaciju postavilo veoma va\u017ean zadatak. Nije na nama sva krivica za stanje u kojem se nalazi planeta, ali odgovornot svakako jeste. Zato usmerimo svoja znanja, ve\u0161tine i pamet ka pronala\u017eenju odr\u017eivih, pametnih i zelenih re\u0161enja.\",\"sameAs\":[\"https:\\\/\\\/www.linkedin.com\\\/in\\\/branislava-jovicic-043080a\\\/\",\"https:\\\/\\\/x.com\\\/https:\\\/\\\/twitter.com\\\/BranaJovicic\"],\"url\":\"https:\\\/\\\/balkangreenenergynews.com\\\/rs\\\/author\\\/bgen\\\/\"}]}<\/script>\n<!-- \/ Yoast SEO plugin. -->","yoast_head_json":{"title":"EK u novembru objavljuje ocenu nacionalnih planova \u010dlanica EU za alternativna goriva u saobra\u0107aju","description":"Evropska komisija \u0107e objaviti u novembru svoju ocenu nacionalnih okvira \u010dlanica EU za politike u oblasti alternativnih goriva u saobra\u0107aju.","robots":{"index":"index","follow":"follow","max-snippet":"max-snippet:-1","max-image-preview":"max-image-preview:large","max-video-preview":"max-video-preview:-1"},"canonical":"https:\/\/balkangreenenergynews.com\/rs\/ek-u-novembru-objavljuje-ocenu-nacionalnih-planova-clanica-eu-za-alternativna-goriva-u-saobracaju\/","og_locale":"sr_RS","og_type":"article","og_title":"EK u novembru objavljuje ocenu nacionalnih planova \u010dlanica EU za alternativna goriva u saobra\u0107aju","og_description":"Evropska komisija \u0107e objaviti u novembru svoju ocenu nacionalnih okvira \u010dlanica EU za politike u oblasti alternativnih goriva u saobra\u0107aju.","og_url":"https:\/\/balkangreenenergynews.com\/rs\/ek-u-novembru-objavljuje-ocenu-nacionalnih-planova-clanica-eu-za-alternativna-goriva-u-saobracaju\/","og_site_name":"Balkan Green Energy News","article_published_time":"2017-08-16T14:09:32+00:00","og_image":[{"width":795,"height":407,"url":"https:\/\/balkangreenenergynews.com\/rs\/wp-content\/uploads\/2017\/08\/charging-station-eu.jpg","type":"image\/jpeg"}],"author":"Branislava Jovi\u010di\u0107","twitter_card":"summary_large_image","twitter_creator":"@https:\/\/twitter.com\/BranaJovicic","twitter_misc":{"\u041d\u0430\u043f\u0438\u0441\u0430\u043d\u043e \u043e\u0434":"Branislava Jovi\u010di\u0107","\u041f\u0440\u043e\u0446\u0435\u045a\u0435\u043d\u043e \u0432\u0440\u0435\u043c\u0435 \u0447\u0438\u0442\u0430\u045a\u0430":"3 \u043c\u0438\u043d\u0443\u0442\u0430"},"schema":{"@context":"https:\/\/schema.org","@graph":[{"@type":"Article","@id":"https:\/\/balkangreenenergynews.com\/rs\/ek-u-novembru-objavljuje-ocenu-nacionalnih-planova-clanica-eu-za-alternativna-goriva-u-saobracaju\/#article","isPartOf":{"@id":"https:\/\/balkangreenenergynews.com\/rs\/ek-u-novembru-objavljuje-ocenu-nacionalnih-planova-clanica-eu-za-alternativna-goriva-u-saobracaju\/"},"author":{"name":"Branislava Jovi\u010di\u0107","@id":"https:\/\/balkangreenenergynews.com\/rs\/#\/schema\/person\/ff4e9f9457769ba580672215875f5b38"},"headline":"EK u novembru objavljuje ocenu nacionalnih planova \u010dlanica EU za alternativna goriva u saobra\u0107aju","datePublished":"2017-08-16T14:09:32+00:00","mainEntityOfPage":{"@id":"https:\/\/balkangreenenergynews.com\/rs\/ek-u-novembru-objavljuje-ocenu-nacionalnih-planova-clanica-eu-za-alternativna-goriva-u-saobracaju\/"},"wordCount":579,"commentCount":0,"image":{"@id":"https:\/\/balkangreenenergynews.com\/rs\/ek-u-novembru-objavljuje-ocenu-nacionalnih-planova-clanica-eu-za-alternativna-goriva-u-saobracaju\/#primaryimage"},"thumbnailUrl":"https:\/\/balkangreenenergynews.com\/rs\/wp-content\/uploads\/2017\/08\/charging-station-eu.jpg?wsr","keywords":["alternativna goriva","elektri\u010dna vozila","Evropska komisija","mobilnost","urbana mobilnost"],"articleSection":["Mobilnost"],"inLanguage":"sr-RS","potentialAction":[{"@type":"CommentAction","name":"Comment","target":["https:\/\/balkangreenenergynews.com\/rs\/ek-u-novembru-objavljuje-ocenu-nacionalnih-planova-clanica-eu-za-alternativna-goriva-u-saobracaju\/#respond"]}]},{"@type":"WebPage","@id":"https:\/\/balkangreenenergynews.com\/rs\/ek-u-novembru-objavljuje-ocenu-nacionalnih-planova-clanica-eu-za-alternativna-goriva-u-saobracaju\/","url":"https:\/\/balkangreenenergynews.com\/rs\/ek-u-novembru-objavljuje-ocenu-nacionalnih-planova-clanica-eu-za-alternativna-goriva-u-saobracaju\/","name":"EK u novembru objavljuje ocenu nacionalnih planova \u010dlanica EU za alternativna goriva u saobra\u0107aju","isPartOf":{"@id":"https:\/\/balkangreenenergynews.com\/rs\/#website"},"primaryImageOfPage":{"@id":"https:\/\/balkangreenenergynews.com\/rs\/ek-u-novembru-objavljuje-ocenu-nacionalnih-planova-clanica-eu-za-alternativna-goriva-u-saobracaju\/#primaryimage"},"image":{"@id":"https:\/\/balkangreenenergynews.com\/rs\/ek-u-novembru-objavljuje-ocenu-nacionalnih-planova-clanica-eu-za-alternativna-goriva-u-saobracaju\/#primaryimage"},"thumbnailUrl":"https:\/\/balkangreenenergynews.com\/rs\/wp-content\/uploads\/2017\/08\/charging-station-eu.jpg?wsr","datePublished":"2017-08-16T14:09:32+00:00","author":{"@id":"https:\/\/balkangreenenergynews.com\/rs\/#\/schema\/person\/ff4e9f9457769ba580672215875f5b38"},"description":"Evropska komisija \u0107e objaviti u novembru svoju ocenu nacionalnih okvira \u010dlanica EU za politike u oblasti alternativnih goriva u saobra\u0107aju.","breadcrumb":{"@id":"https:\/\/balkangreenenergynews.com\/rs\/ek-u-novembru-objavljuje-ocenu-nacionalnih-planova-clanica-eu-za-alternativna-goriva-u-saobracaju\/#breadcrumb"},"inLanguage":"sr-RS","potentialAction":[{"@type":"ReadAction","target":["https:\/\/balkangreenenergynews.com\/rs\/ek-u-novembru-objavljuje-ocenu-nacionalnih-planova-clanica-eu-za-alternativna-goriva-u-saobracaju\/"]}]},{"@type":"ImageObject","inLanguage":"sr-RS","@id":"https:\/\/balkangreenenergynews.com\/rs\/ek-u-novembru-objavljuje-ocenu-nacionalnih-planova-clanica-eu-za-alternativna-goriva-u-saobracaju\/#primaryimage","url":"https:\/\/balkangreenenergynews.com\/rs\/wp-content\/uploads\/2017\/08\/charging-station-eu.jpg?wsr","contentUrl":"https:\/\/balkangreenenergynews.com\/rs\/wp-content\/uploads\/2017\/08\/charging-station-eu.jpg?wsr","width":795,"height":407},{"@type":"BreadcrumbList","@id":"https:\/\/balkangreenenergynews.com\/rs\/ek-u-novembru-objavljuje-ocenu-nacionalnih-planova-clanica-eu-za-alternativna-goriva-u-saobracaju\/#breadcrumb","itemListElement":[{"@type":"ListItem","position":1,"name":"Po\u010detna","item":"https:\/\/balkangreenenergynews.com\/rs\/"},{"@type":"ListItem","position":2,"name":"Vesti","item":"https:\/\/balkangreenenergynews.com\/rs\/kategorija\/vesti\/"},{"@type":"ListItem","position":3,"name":"Mobilnost","item":"https:\/\/balkangreenenergynews.com\/rs\/kategorija\/vesti\/mobilnost\/"},{"@type":"ListItem","position":4,"name":"EK u novembru objavljuje ocenu nacionalnih planova \u010dlanica EU za alternativna goriva u saobra\u0107aju"}]},{"@type":"WebSite","@id":"https:\/\/balkangreenenergynews.com\/rs\/#website","url":"https:\/\/balkangreenenergynews.com\/rs\/","name":"Balkan Green Energy News","description":"Naj\u0161iri izbor vesti sa Balkana o zelenoj energiji","potentialAction":[{"@type":"SearchAction","target":{"@type":"EntryPoint","urlTemplate":"https:\/\/balkangreenenergynews.com\/rs\/?s={search_term_string}"},"query-input":{"@type":"PropertyValueSpecification","valueRequired":true,"valueName":"search_term_string"}}],"inLanguage":"sr-RS"},{"@type":"Person","@id":"https:\/\/balkangreenenergynews.com\/rs\/#\/schema\/person\/ff4e9f9457769ba580672215875f5b38","name":"Branislava Jovi\u010di\u0107","description":"\u017divimo u vremenu koje je pred na\u0161u generaciju postavilo veoma va\u017ean zadatak. Nije na nama sva krivica za stanje u kojem se nalazi planeta, ali odgovornot svakako jeste. Zato usmerimo svoja znanja, ve\u0161tine i pamet ka pronala\u017eenju odr\u017eivih, pametnih i zelenih re\u0161enja.","sameAs":["https:\/\/www.linkedin.com\/in\/branislava-jovicic-043080a\/","https:\/\/x.com\/https:\/\/twitter.com\/BranaJovicic"],"url":"https:\/\/balkangreenenergynews.com\/rs\/author\/bgen\/"}]}},"_links":{"self":[{"href":"https:\/\/balkangreenenergynews.com\/rs\/wp-json\/wp\/v2\/posts\/13727","targetHints":{"allow":["GET"]}}],"collection":[{"href":"https:\/\/balkangreenenergynews.com\/rs\/wp-json\/wp\/v2\/posts"}],"about":[{"href":"https:\/\/balkangreenenergynews.com\/rs\/wp-json\/wp\/v2\/types\/post"}],"author":[{"embeddable":true,"href":"https:\/\/balkangreenenergynews.com\/rs\/wp-json\/wp\/v2\/users\/2"}],"replies":[{"embeddable":true,"href":"https:\/\/balkangreenenergynews.com\/rs\/wp-json\/wp\/v2\/comments?post=13727"}],"version-history":[{"count":0,"href":"https:\/\/balkangreenenergynews.com\/rs\/wp-json\/wp\/v2\/posts\/13727\/revisions"}],"wp:featuredmedia":[{"embeddable":true,"href":"https:\/\/balkangreenenergynews.com\/rs\/wp-json\/wp\/v2\/media\/13731"}],"wp:attachment":[{"href":"https:\/\/balkangreenenergynews.com\/rs\/wp-json\/wp\/v2\/media?parent=13727"}],"wp:term":[{"taxonomy":"category","embeddable":true,"href":"https:\/\/balkangreenenergynews.com\/rs\/wp-json\/wp\/v2\/categories?post=13727"},{"taxonomy":"post_tag","embeddable":true,"href":"https:\/\/balkangreenenergynews.com\/rs\/wp-json\/wp\/v2\/tags?post=13727"}],"curies":[{"name":"wp","href":"https:\/\/api.w.org\/{rel}","templated":true}]}}