{"id":13592,"date":"2017-08-07T17:47:36","date_gmt":"2017-08-07T15:47:36","guid":{"rendered":"http:\/\/balkangreenenergynews.com\/rs\/?p=13592"},"modified":"2018-12-09T12:35:44","modified_gmt":"2018-12-09T11:35:44","slug":"budva-u-septembru-domacin-sastanaka-o-arhuskoj-konvenciji-i-prtr-protokolu","status":"publish","type":"post","link":"https:\/\/balkangreenenergynews.com\/rs\/budva-u-septembru-domacin-sastanaka-o-arhuskoj-konvenciji-i-prtr-protokolu\/","title":{"rendered":"Budva u septembru doma\u0107in sastanaka o Arhuskoj konvenciji i PRTR protokolu"},"content":{"rendered":"<h2>Budva \u0107e u septembru biti doma\u0107in sastanaka o Konvenciji o dostupnosti inform\u0430cij\u0430, u\u010de\u0161\u0107u j\u0430vnosti u dono\u0161enju odluk\u0430 i pr\u0430vu n\u0430 pr\u0430vnu z\u0430\u0161titu u pit\u0430njim\u0430 \u017eivotne sredine (Arhuska konvencija) i Protokolu o Registrima ispu\u0161tanja i prenosa zaga\u0111uju\u0107ih materija (PRTR protokol).<\/h2>\n<p>U Budvi \u0107e se od 10. do 15. septembra 2017. godine\u00a0\u0161esto zasedanje Strana potpisnica Arhuske konvencije i tre\u0107e zasedanje Strana potpisnica PRTR protokola.<\/p>\n<p>Bi\u0107e odr\u017eana i zajedni\u010dka sednica na visokom nivou na kojoj c\u0301e delegacije razmotriti ulogu Arhuske konvencije i njenog Protokola u sprovo\u0111enju Ciljeva odr\u017eivog razvoja.<\/p>\n<p>Ovi skupovi \u0107e pru\u017eiti priliku stranama potpisnicama, me\u0111unarodnim organizacijama, civilnom dru\u0161tvu i drugim zainteresovanim stranama da razmotre dostignuc\u0301a i izazove u promovisanju delotvornog pristupa informacijama, u\u010de\u0161c\u0301u javnosti u dono\u0161enju odluka i pristupu pravdi u pogledu niza pitanja koja uti\u010du na \u017eivotnu sredinu.<\/p>\n<p>Konferencija \u0107e se odr\u017eati u hotelu Splendid Conference i SPA Resort u Be\u010di\u0107ima.<\/p>\n<p>Dodatne informacije su dostupne <a href=\"https:\/\/www.aarhusmontenegro.me\/\">na zvani\u010dnom sajtu<\/a> skupa u Budvi.<\/p>\n","protected":false},"excerpt":{"rendered":"<p>Budva \u0107e u septembru biti doma\u0107in sastanaka o Konvenciji o dostupnosti inform\u0430cij\u0430, u\u010de\u0161\u0107u j\u0430vnosti u&#8230;<\/p>\n","protected":false},"author":25,"featured_media":13596,"comment_status":"open","ping_status":"closed","sticky":false,"template":"","format":"standard","meta":{"_acf_changed":false,"_monsterinsights_skip_tracking":false,"_monsterinsights_sitenote_active":false,"_monsterinsights_sitenote_note":"","_monsterinsights_sitenote_category":0,"footnotes":""},"categories":[4],"tags":[],"class_list":["post-13592","post","type-post","status-publish","format-standard","has-post-thumbnail","hentry","category-zivotna-sredina","country-crna-gora","country-svet"],"acf":[],"yoast_head":"<!-- This site is optimized with the Yoast SEO plugin v27.4 - https:\/\/yoast.com\/product\/yoast-seo-wordpress\/ -->\n<title>Budva u septembru doma\u0107in sastanaka o Arhuskoj konvenciji i PRTR protokolu<\/title>\n<meta name=\"description\" content=\"Budva \u0107e se u septembru biti doma\u0107in sastanaka o Arhuskoj konvenciji i Protokolu o Registrima ispu\u0161tanja i prenosa zaga\u0111uju\u0107ih materija.\" \/>\n<meta name=\"robots\" content=\"index, follow, max-snippet:-1, max-image-preview:large, max-video-preview:-1\" \/>\n<link rel=\"canonical\" href=\"https:\/\/balkangreenenergynews.com\/rs\/budva-u-septembru-domacin-sastanaka-o-arhuskoj-konvenciji-i-prtr-protokolu\/\" \/>\n<meta property=\"og:locale\" content=\"sr_RS\" \/>\n<meta property=\"og:type\" content=\"article\" \/>\n<meta property=\"og:title\" content=\"Budva u septembru doma\u0107in sastanaka o Arhuskoj konvenciji i PRTR protokolu\" \/>\n<meta property=\"og:description\" content=\"Budva \u0107e se u septembru biti doma\u0107in sastanaka o Arhuskoj konvenciji i Protokolu o Registrima ispu\u0161tanja i prenosa zaga\u0111uju\u0107ih materija.\" \/>\n<meta property=\"og:url\" content=\"https:\/\/balkangreenenergynews.com\/rs\/budva-u-septembru-domacin-sastanaka-o-arhuskoj-konvenciji-i-prtr-protokolu\/\" \/>\n<meta property=\"og:site_name\" content=\"Balkan Green Energy News\" \/>\n<meta property=\"article:published_time\" content=\"2017-08-07T15:47:36+00:00\" \/>\n<meta property=\"article:modified_time\" content=\"2018-12-09T11:35:44+00:00\" \/>\n<meta property=\"og:image\" content=\"https:\/\/balkangreenenergynews.com\/rs\/wp-content\/uploads\/2017\/08\/budva-aarhus-meetings.jpg\" \/>\n\t<meta property=\"og:image:width\" content=\"795\" \/>\n\t<meta property=\"og:image:height\" content=\"407\" \/>\n\t<meta property=\"og:image:type\" content=\"image\/jpeg\" \/>\n<meta name=\"author\" content=\"Balkan Green Energy News\" \/>\n<meta name=\"twitter:card\" content=\"summary_large_image\" \/>\n<meta name=\"twitter:label1\" content=\"\u041d\u0430\u043f\u0438\u0441\u0430\u043d\u043e \u043e\u0434\" \/>\n\t<meta name=\"twitter:data1\" content=\"Balkan Green Energy News\" \/>\n\t<meta name=\"twitter:label2\" content=\"\u041f\u0440\u043e\u0446\u0435\u045a\u0435\u043d\u043e \u0432\u0440\u0435\u043c\u0435 \u0447\u0438\u0442\u0430\u045a\u0430\" \/>\n\t<meta name=\"twitter:data2\" content=\"1 \u043c\u0438\u043d\u0443\u0442\" \/>\n<script type=\"application\/ld+json\" class=\"yoast-schema-graph\">{\"@context\":\"https:\\\/\\\/schema.org\",\"@graph\":[{\"@type\":\"Article\",\"@id\":\"https:\\\/\\\/balkangreenenergynews.com\\\/rs\\\/budva-u-septembru-domacin-sastanaka-o-arhuskoj-konvenciji-i-prtr-protokolu\\\/#article\",\"isPartOf\":{\"@id\":\"https:\\\/\\\/balkangreenenergynews.com\\\/rs\\\/budva-u-septembru-domacin-sastanaka-o-arhuskoj-konvenciji-i-prtr-protokolu\\\/\"},\"author\":{\"name\":\"Balkan Green Energy News\",\"@id\":\"https:\\\/\\\/balkangreenenergynews.com\\\/rs\\\/#\\\/schema\\\/person\\\/dee275e6036b1a0f7ceaf956d79d4eff\"},\"headline\":\"Budva u septembru doma\u0107in sastanaka o Arhuskoj konvenciji i PRTR protokolu\",\"datePublished\":\"2017-08-07T15:47:36+00:00\",\"dateModified\":\"2018-12-09T11:35:44+00:00\",\"mainEntityOfPage\":{\"@id\":\"https:\\\/\\\/balkangreenenergynews.com\\\/rs\\\/budva-u-septembru-domacin-sastanaka-o-arhuskoj-konvenciji-i-prtr-protokolu\\\/\"},\"wordCount\":189,\"commentCount\":0,\"image\":{\"@id\":\"https:\\\/\\\/balkangreenenergynews.com\\\/rs\\\/budva-u-septembru-domacin-sastanaka-o-arhuskoj-konvenciji-i-prtr-protokolu\\\/#primaryimage\"},\"thumbnailUrl\":\"https:\\\/\\\/balkangreenenergynews.com\\\/rs\\\/wp-content\\\/uploads\\\/2017\\\/08\\\/budva-aarhus-meetings.jpg?wsr\",\"articleSection\":[\"\u017divotna sredina\"],\"inLanguage\":\"sr-RS\",\"potentialAction\":[{\"@type\":\"CommentAction\",\"name\":\"Comment\",\"target\":[\"https:\\\/\\\/balkangreenenergynews.com\\\/rs\\\/budva-u-septembru-domacin-sastanaka-o-arhuskoj-konvenciji-i-prtr-protokolu\\\/#respond\"]}]},{\"@type\":\"WebPage\",\"@id\":\"https:\\\/\\\/balkangreenenergynews.com\\\/rs\\\/budva-u-septembru-domacin-sastanaka-o-arhuskoj-konvenciji-i-prtr-protokolu\\\/\",\"url\":\"https:\\\/\\\/balkangreenenergynews.com\\\/rs\\\/budva-u-septembru-domacin-sastanaka-o-arhuskoj-konvenciji-i-prtr-protokolu\\\/\",\"name\":\"Budva u septembru doma\u0107in sastanaka o Arhuskoj konvenciji i PRTR protokolu\",\"isPartOf\":{\"@id\":\"https:\\\/\\\/balkangreenenergynews.com\\\/rs\\\/#website\"},\"primaryImageOfPage\":{\"@id\":\"https:\\\/\\\/balkangreenenergynews.com\\\/rs\\\/budva-u-septembru-domacin-sastanaka-o-arhuskoj-konvenciji-i-prtr-protokolu\\\/#primaryimage\"},\"image\":{\"@id\":\"https:\\\/\\\/balkangreenenergynews.com\\\/rs\\\/budva-u-septembru-domacin-sastanaka-o-arhuskoj-konvenciji-i-prtr-protokolu\\\/#primaryimage\"},\"thumbnailUrl\":\"https:\\\/\\\/balkangreenenergynews.com\\\/rs\\\/wp-content\\\/uploads\\\/2017\\\/08\\\/budva-aarhus-meetings.jpg?wsr\",\"datePublished\":\"2017-08-07T15:47:36+00:00\",\"dateModified\":\"2018-12-09T11:35:44+00:00\",\"author\":{\"@id\":\"https:\\\/\\\/balkangreenenergynews.com\\\/rs\\\/#\\\/schema\\\/person\\\/dee275e6036b1a0f7ceaf956d79d4eff\"},\"description\":\"Budva \u0107e se u septembru biti doma\u0107in sastanaka o Arhuskoj konvenciji i Protokolu o Registrima ispu\u0161tanja i prenosa zaga\u0111uju\u0107ih materija.\",\"breadcrumb\":{\"@id\":\"https:\\\/\\\/balkangreenenergynews.com\\\/rs\\\/budva-u-septembru-domacin-sastanaka-o-arhuskoj-konvenciji-i-prtr-protokolu\\\/#breadcrumb\"},\"inLanguage\":\"sr-RS\",\"potentialAction\":[{\"@type\":\"ReadAction\",\"target\":[\"https:\\\/\\\/balkangreenenergynews.com\\\/rs\\\/budva-u-septembru-domacin-sastanaka-o-arhuskoj-konvenciji-i-prtr-protokolu\\\/\"]}]},{\"@type\":\"ImageObject\",\"inLanguage\":\"sr-RS\",\"@id\":\"https:\\\/\\\/balkangreenenergynews.com\\\/rs\\\/budva-u-septembru-domacin-sastanaka-o-arhuskoj-konvenciji-i-prtr-protokolu\\\/#primaryimage\",\"url\":\"https:\\\/\\\/balkangreenenergynews.com\\\/rs\\\/wp-content\\\/uploads\\\/2017\\\/08\\\/budva-aarhus-meetings.jpg?wsr\",\"contentUrl\":\"https:\\\/\\\/balkangreenenergynews.com\\\/rs\\\/wp-content\\\/uploads\\\/2017\\\/08\\\/budva-aarhus-meetings.jpg?wsr\",\"width\":795,\"height\":407},{\"@type\":\"BreadcrumbList\",\"@id\":\"https:\\\/\\\/balkangreenenergynews.com\\\/rs\\\/budva-u-septembru-domacin-sastanaka-o-arhuskoj-konvenciji-i-prtr-protokolu\\\/#breadcrumb\",\"itemListElement\":[{\"@type\":\"ListItem\",\"position\":1,\"name\":\"Po\u010detna\",\"item\":\"https:\\\/\\\/balkangreenenergynews.com\\\/rs\\\/\"},{\"@type\":\"ListItem\",\"position\":2,\"name\":\"Vesti\",\"item\":\"https:\\\/\\\/balkangreenenergynews.com\\\/rs\\\/kategorija\\\/vesti\\\/\"},{\"@type\":\"ListItem\",\"position\":3,\"name\":\"\u017divotna sredina\",\"item\":\"https:\\\/\\\/balkangreenenergynews.com\\\/rs\\\/kategorija\\\/vesti\\\/zivotna-sredina\\\/\"},{\"@type\":\"ListItem\",\"position\":4,\"name\":\"Budva u septembru doma\u0107in sastanaka o Arhuskoj konvenciji i PRTR protokolu\"}]},{\"@type\":\"WebSite\",\"@id\":\"https:\\\/\\\/balkangreenenergynews.com\\\/rs\\\/#website\",\"url\":\"https:\\\/\\\/balkangreenenergynews.com\\\/rs\\\/\",\"name\":\"Balkan Green Energy News\",\"description\":\"Naj\u0161iri izbor vesti sa Balkana o zelenoj energiji\",\"potentialAction\":[{\"@type\":\"SearchAction\",\"target\":{\"@type\":\"EntryPoint\",\"urlTemplate\":\"https:\\\/\\\/balkangreenenergynews.com\\\/rs\\\/?s={search_term_string}\"},\"query-input\":{\"@type\":\"PropertyValueSpecification\",\"valueRequired\":true,\"valueName\":\"search_term_string\"}}],\"inLanguage\":\"sr-RS\"},{\"@type\":\"Person\",\"@id\":\"https:\\\/\\\/balkangreenenergynews.com\\\/rs\\\/#\\\/schema\\\/person\\\/dee275e6036b1a0f7ceaf956d79d4eff\",\"name\":\"Balkan Green Energy News\",\"url\":\"https:\\\/\\\/balkangreenenergynews.com\\\/rs\\\/author\\\/balkangreenenergynews\\\/\"}]}<\/script>\n<!-- \/ Yoast SEO plugin. -->","yoast_head_json":{"title":"Budva u septembru doma\u0107in sastanaka o Arhuskoj konvenciji i PRTR protokolu","description":"Budva \u0107e se u septembru biti doma\u0107in sastanaka o Arhuskoj konvenciji i Protokolu o Registrima ispu\u0161tanja i prenosa zaga\u0111uju\u0107ih materija.","robots":{"index":"index","follow":"follow","max-snippet":"max-snippet:-1","max-image-preview":"max-image-preview:large","max-video-preview":"max-video-preview:-1"},"canonical":"https:\/\/balkangreenenergynews.com\/rs\/budva-u-septembru-domacin-sastanaka-o-arhuskoj-konvenciji-i-prtr-protokolu\/","og_locale":"sr_RS","og_type":"article","og_title":"Budva u septembru doma\u0107in sastanaka o Arhuskoj konvenciji i PRTR protokolu","og_description":"Budva \u0107e se u septembru biti doma\u0107in sastanaka o Arhuskoj konvenciji i Protokolu o Registrima ispu\u0161tanja i prenosa zaga\u0111uju\u0107ih materija.","og_url":"https:\/\/balkangreenenergynews.com\/rs\/budva-u-septembru-domacin-sastanaka-o-arhuskoj-konvenciji-i-prtr-protokolu\/","og_site_name":"Balkan Green Energy News","article_published_time":"2017-08-07T15:47:36+00:00","article_modified_time":"2018-12-09T11:35:44+00:00","og_image":[{"width":795,"height":407,"url":"https:\/\/balkangreenenergynews.com\/rs\/wp-content\/uploads\/2017\/08\/budva-aarhus-meetings.jpg","type":"image\/jpeg"}],"author":"Balkan Green Energy News","twitter_card":"summary_large_image","twitter_misc":{"\u041d\u0430\u043f\u0438\u0441\u0430\u043d\u043e \u043e\u0434":"Balkan Green Energy News","\u041f\u0440\u043e\u0446\u0435\u045a\u0435\u043d\u043e \u0432\u0440\u0435\u043c\u0435 \u0447\u0438\u0442\u0430\u045a\u0430":"1 \u043c\u0438\u043d\u0443\u0442"},"schema":{"@context":"https:\/\/schema.org","@graph":[{"@type":"Article","@id":"https:\/\/balkangreenenergynews.com\/rs\/budva-u-septembru-domacin-sastanaka-o-arhuskoj-konvenciji-i-prtr-protokolu\/#article","isPartOf":{"@id":"https:\/\/balkangreenenergynews.com\/rs\/budva-u-septembru-domacin-sastanaka-o-arhuskoj-konvenciji-i-prtr-protokolu\/"},"author":{"name":"Balkan Green Energy News","@id":"https:\/\/balkangreenenergynews.com\/rs\/#\/schema\/person\/dee275e6036b1a0f7ceaf956d79d4eff"},"headline":"Budva u septembru doma\u0107in sastanaka o Arhuskoj konvenciji i PRTR protokolu","datePublished":"2017-08-07T15:47:36+00:00","dateModified":"2018-12-09T11:35:44+00:00","mainEntityOfPage":{"@id":"https:\/\/balkangreenenergynews.com\/rs\/budva-u-septembru-domacin-sastanaka-o-arhuskoj-konvenciji-i-prtr-protokolu\/"},"wordCount":189,"commentCount":0,"image":{"@id":"https:\/\/balkangreenenergynews.com\/rs\/budva-u-septembru-domacin-sastanaka-o-arhuskoj-konvenciji-i-prtr-protokolu\/#primaryimage"},"thumbnailUrl":"https:\/\/balkangreenenergynews.com\/rs\/wp-content\/uploads\/2017\/08\/budva-aarhus-meetings.jpg?wsr","articleSection":["\u017divotna sredina"],"inLanguage":"sr-RS","potentialAction":[{"@type":"CommentAction","name":"Comment","target":["https:\/\/balkangreenenergynews.com\/rs\/budva-u-septembru-domacin-sastanaka-o-arhuskoj-konvenciji-i-prtr-protokolu\/#respond"]}]},{"@type":"WebPage","@id":"https:\/\/balkangreenenergynews.com\/rs\/budva-u-septembru-domacin-sastanaka-o-arhuskoj-konvenciji-i-prtr-protokolu\/","url":"https:\/\/balkangreenenergynews.com\/rs\/budva-u-septembru-domacin-sastanaka-o-arhuskoj-konvenciji-i-prtr-protokolu\/","name":"Budva u septembru doma\u0107in sastanaka o Arhuskoj konvenciji i PRTR protokolu","isPartOf":{"@id":"https:\/\/balkangreenenergynews.com\/rs\/#website"},"primaryImageOfPage":{"@id":"https:\/\/balkangreenenergynews.com\/rs\/budva-u-septembru-domacin-sastanaka-o-arhuskoj-konvenciji-i-prtr-protokolu\/#primaryimage"},"image":{"@id":"https:\/\/balkangreenenergynews.com\/rs\/budva-u-septembru-domacin-sastanaka-o-arhuskoj-konvenciji-i-prtr-protokolu\/#primaryimage"},"thumbnailUrl":"https:\/\/balkangreenenergynews.com\/rs\/wp-content\/uploads\/2017\/08\/budva-aarhus-meetings.jpg?wsr","datePublished":"2017-08-07T15:47:36+00:00","dateModified":"2018-12-09T11:35:44+00:00","author":{"@id":"https:\/\/balkangreenenergynews.com\/rs\/#\/schema\/person\/dee275e6036b1a0f7ceaf956d79d4eff"},"description":"Budva \u0107e se u septembru biti doma\u0107in sastanaka o Arhuskoj konvenciji i Protokolu o Registrima ispu\u0161tanja i prenosa zaga\u0111uju\u0107ih materija.","breadcrumb":{"@id":"https:\/\/balkangreenenergynews.com\/rs\/budva-u-septembru-domacin-sastanaka-o-arhuskoj-konvenciji-i-prtr-protokolu\/#breadcrumb"},"inLanguage":"sr-RS","potentialAction":[{"@type":"ReadAction","target":["https:\/\/balkangreenenergynews.com\/rs\/budva-u-septembru-domacin-sastanaka-o-arhuskoj-konvenciji-i-prtr-protokolu\/"]}]},{"@type":"ImageObject","inLanguage":"sr-RS","@id":"https:\/\/balkangreenenergynews.com\/rs\/budva-u-septembru-domacin-sastanaka-o-arhuskoj-konvenciji-i-prtr-protokolu\/#primaryimage","url":"https:\/\/balkangreenenergynews.com\/rs\/wp-content\/uploads\/2017\/08\/budva-aarhus-meetings.jpg?wsr","contentUrl":"https:\/\/balkangreenenergynews.com\/rs\/wp-content\/uploads\/2017\/08\/budva-aarhus-meetings.jpg?wsr","width":795,"height":407},{"@type":"BreadcrumbList","@id":"https:\/\/balkangreenenergynews.com\/rs\/budva-u-septembru-domacin-sastanaka-o-arhuskoj-konvenciji-i-prtr-protokolu\/#breadcrumb","itemListElement":[{"@type":"ListItem","position":1,"name":"Po\u010detna","item":"https:\/\/balkangreenenergynews.com\/rs\/"},{"@type":"ListItem","position":2,"name":"Vesti","item":"https:\/\/balkangreenenergynews.com\/rs\/kategorija\/vesti\/"},{"@type":"ListItem","position":3,"name":"\u017divotna sredina","item":"https:\/\/balkangreenenergynews.com\/rs\/kategorija\/vesti\/zivotna-sredina\/"},{"@type":"ListItem","position":4,"name":"Budva u septembru doma\u0107in sastanaka o Arhuskoj konvenciji i PRTR protokolu"}]},{"@type":"WebSite","@id":"https:\/\/balkangreenenergynews.com\/rs\/#website","url":"https:\/\/balkangreenenergynews.com\/rs\/","name":"Balkan Green Energy News","description":"Naj\u0161iri izbor vesti sa Balkana o zelenoj energiji","potentialAction":[{"@type":"SearchAction","target":{"@type":"EntryPoint","urlTemplate":"https:\/\/balkangreenenergynews.com\/rs\/?s={search_term_string}"},"query-input":{"@type":"PropertyValueSpecification","valueRequired":true,"valueName":"search_term_string"}}],"inLanguage":"sr-RS"},{"@type":"Person","@id":"https:\/\/balkangreenenergynews.com\/rs\/#\/schema\/person\/dee275e6036b1a0f7ceaf956d79d4eff","name":"Balkan Green Energy News","url":"https:\/\/balkangreenenergynews.com\/rs\/author\/balkangreenenergynews\/"}]}},"_links":{"self":[{"href":"https:\/\/balkangreenenergynews.com\/rs\/wp-json\/wp\/v2\/posts\/13592","targetHints":{"allow":["GET"]}}],"collection":[{"href":"https:\/\/balkangreenenergynews.com\/rs\/wp-json\/wp\/v2\/posts"}],"about":[{"href":"https:\/\/balkangreenenergynews.com\/rs\/wp-json\/wp\/v2\/types\/post"}],"author":[{"embeddable":true,"href":"https:\/\/balkangreenenergynews.com\/rs\/wp-json\/wp\/v2\/users\/25"}],"replies":[{"embeddable":true,"href":"https:\/\/balkangreenenergynews.com\/rs\/wp-json\/wp\/v2\/comments?post=13592"}],"version-history":[{"count":0,"href":"https:\/\/balkangreenenergynews.com\/rs\/wp-json\/wp\/v2\/posts\/13592\/revisions"}],"wp:featuredmedia":[{"embeddable":true,"href":"https:\/\/balkangreenenergynews.com\/rs\/wp-json\/wp\/v2\/media\/13596"}],"wp:attachment":[{"href":"https:\/\/balkangreenenergynews.com\/rs\/wp-json\/wp\/v2\/media?parent=13592"}],"wp:term":[{"taxonomy":"category","embeddable":true,"href":"https:\/\/balkangreenenergynews.com\/rs\/wp-json\/wp\/v2\/categories?post=13592"},{"taxonomy":"post_tag","embeddable":true,"href":"https:\/\/balkangreenenergynews.com\/rs\/wp-json\/wp\/v2\/tags?post=13592"}],"curies":[{"name":"wp","href":"https:\/\/api.w.org\/{rel}","templated":true}]}}