{"id":13551,"date":"2017-08-04T11:45:50","date_gmt":"2017-08-04T09:45:50","guid":{"rendered":"http:\/\/balkangreenenergynews.com\/rs\/?p=13551"},"modified":"2017-08-04T12:06:43","modified_gmt":"2017-08-04T10:06:43","slug":"siemens-pobedio-na-tenderu-za-izgradnju-kapaciteta-za-energiju-vetra-u-turskoj","status":"publish","type":"post","link":"https:\/\/balkangreenenergynews.com\/rs\/siemens-pobedio-na-tenderu-za-izgradnju-kapaciteta-za-energiju-vetra-u-turskoj\/","title":{"rendered":"Siemens pobedio na tenderu za izgradnju kapaciteta za energiju vetra u Turskoj"},"content":{"rendered":"<h2>Konzorcijum prevo\u0111en nema\u010dkim Siemensom pobedio je na tenderu za projekat izgradnje kapaciteta za energiju vetra od 1 GW u Turskoj, saop\u0161tile su turske vlasti.<\/h2>\n<p>Konzorcijumu koji pored Siemensa \u010dine i dve turske kompanije, Turkerler i Kalion, poveren je projekat vredan 1,2 milijarde dolara (1,12 milijardi evra), po\u0161to je ponudio najni\u017eu cenu od 0,0348 dolara (0,0294 evra) po kWh.<\/p>\n<p>Pobednik treba da izgradi fabriku za proizvodnju vetroturbina u Turskoj s kapacitetom od najmanje 150 jedinica od 2,3 megavata godi\u0161nje do 21 mesec nakon potpisivanja ugovora. Ukupno jedan gigavat mora biti spreman 36 meseci po dobijanju licence.<\/p>\n<p>Na<a href=\"https:\/\/balkangreenenergynews.com\/rs\/turska-objavila-tender-za-vetroelektrane-jednog-gigavata\/\"> tenderu<\/a> su u\u010destvovali najpoznatiji proizvo\u0111a\u010di vetrotrubina u svetu, a <a href=\"https:\/\/balkangreenenergynews.com\/rs\/osam-konzorcijuma-dalo-ponude-za-izgradnju-vetroelektrana-od-1-gw-u-turskoj\/\">osam konzorcijuma<\/a> je dostavilo svoje kona\u010dne ponude za ovaj projekat koji je predlo\u017een u okviru turskog sistema Oblasti obnovljivih izvora energije (YEKA).<\/p>\n<p>Ministar energetike i prirodnih resursa Turske Berat Albajrak rekao je da c\u0301e to doprineti unapre\u0111enju odnosa Turske i Nema\u010dke, koji su se pogor\u0161ali u poslednjih nekoliko mjeseci.<\/p>\n<p>Prema njegovim re\u010dima, projekat c\u0301e povec\u0301ati proizvodnju energije vetra u Turskoj za 17 odsto, a zemlja c\u0301e nastaviti da ula\u017ee u lokalne resurse u regionima sa nedovoljnim snabdevanjem energije.<\/p>\n<p>Vi\u0161e od tre\u0107ine projekta c\u0301e se finansirati iz me\u0111unarodnih izvora.<\/p>\n<p>Buduc\u0301i kapaciteti predvi\u0111eni u okviru sistema YEKA trebalo bi da generi\u0161u 3.000 GWh elektri\u010dne energije godi\u0161nje, odnosno da snabdevaju oko 1.1 miliona doma\u0107instava. Projekat bi tako\u0111e trebalo da omogu\u0107i da se izbegne emisija 1,5 miliona tona CO2 godi\u0161nje.<\/p>\n","protected":false},"excerpt":{"rendered":"<p>Konzorcijum prevo\u0111en nema\u010dkim Siemensom pobedio je na tenderu za projekat izgradnje kapaciteta za energiju vetra&#8230;<\/p>\n","protected":false},"author":2,"featured_media":13559,"comment_status":"open","ping_status":"closed","sticky":false,"template":"","format":"standard","meta":{"_acf_changed":false,"_monsterinsights_skip_tracking":false,"_monsterinsights_sitenote_active":false,"_monsterinsights_sitenote_note":"","_monsterinsights_sitenote_category":0,"footnotes":""},"categories":[1],"tags":[394,2341,708,1884],"class_list":["post-13551","post","type-post","status-publish","format-standard","has-post-thumbnail","hentry","category-obnovljivi-izvori-energije","tag-siemens","tag-vetroelektrane","tag-vetroturbine","tag-yeka","country-turska"],"acf":[],"yoast_head":"<!-- This site is optimized with the Yoast SEO plugin v27.4 - https:\/\/yoast.com\/product\/yoast-seo-wordpress\/ -->\n<title>Siemens pobedio na tenderu za izgradnju kapaciteta za energiju vetra u Turskoj<\/title>\n<meta name=\"description\" content=\"Konzorcijum prevo\u0111en nema\u010dkim Siemensom pobedio je na tenderu za projekat izgradnje kapaciteta za energiju vetra od 1 GW u Turskoj.\" \/>\n<meta name=\"robots\" content=\"index, follow, max-snippet:-1, max-image-preview:large, max-video-preview:-1\" \/>\n<link rel=\"canonical\" href=\"https:\/\/balkangreenenergynews.com\/rs\/siemens-pobedio-na-tenderu-za-izgradnju-kapaciteta-za-energiju-vetra-u-turskoj\/\" \/>\n<meta property=\"og:locale\" content=\"sr_RS\" \/>\n<meta property=\"og:type\" content=\"article\" \/>\n<meta property=\"og:title\" content=\"Siemens pobedio na tenderu za izgradnju kapaciteta za energiju vetra u Turskoj\" \/>\n<meta property=\"og:description\" content=\"Konzorcijum prevo\u0111en nema\u010dkim Siemensom pobedio je na tenderu za projekat izgradnje kapaciteta za energiju vetra od 1 GW u Turskoj.\" \/>\n<meta property=\"og:url\" content=\"https:\/\/balkangreenenergynews.com\/rs\/siemens-pobedio-na-tenderu-za-izgradnju-kapaciteta-za-energiju-vetra-u-turskoj\/\" \/>\n<meta property=\"og:site_name\" content=\"Balkan Green Energy News\" \/>\n<meta property=\"article:published_time\" content=\"2017-08-04T09:45:50+00:00\" \/>\n<meta property=\"article:modified_time\" content=\"2017-08-04T10:06:43+00:00\" \/>\n<meta property=\"og:image\" content=\"https:\/\/balkangreenenergynews.com\/rs\/wp-content\/uploads\/2017\/08\/wind-turkey-siemens.jpg\" \/>\n\t<meta property=\"og:image:width\" content=\"795\" \/>\n\t<meta property=\"og:image:height\" content=\"407\" \/>\n\t<meta property=\"og:image:type\" content=\"image\/jpeg\" \/>\n<meta name=\"author\" content=\"Branislava Jovi\u010di\u0107\" \/>\n<meta name=\"twitter:card\" content=\"summary_large_image\" \/>\n<meta name=\"twitter:creator\" content=\"@https:\/\/twitter.com\/BranaJovicic\" \/>\n<meta name=\"twitter:label1\" content=\"\u041d\u0430\u043f\u0438\u0441\u0430\u043d\u043e \u043e\u0434\" \/>\n\t<meta name=\"twitter:data1\" content=\"Branislava Jovi\u010di\u0107\" \/>\n\t<meta name=\"twitter:label2\" content=\"\u041f\u0440\u043e\u0446\u0435\u045a\u0435\u043d\u043e \u0432\u0440\u0435\u043c\u0435 \u0447\u0438\u0442\u0430\u045a\u0430\" \/>\n\t<meta name=\"twitter:data2\" content=\"1 \u043c\u0438\u043d\u0443\u0442\" \/>\n<script type=\"application\/ld+json\" class=\"yoast-schema-graph\">{\"@context\":\"https:\\\/\\\/schema.org\",\"@graph\":[{\"@type\":\"Article\",\"@id\":\"https:\\\/\\\/balkangreenenergynews.com\\\/rs\\\/siemens-pobedio-na-tenderu-za-izgradnju-kapaciteta-za-energiju-vetra-u-turskoj\\\/#article\",\"isPartOf\":{\"@id\":\"https:\\\/\\\/balkangreenenergynews.com\\\/rs\\\/siemens-pobedio-na-tenderu-za-izgradnju-kapaciteta-za-energiju-vetra-u-turskoj\\\/\"},\"author\":{\"name\":\"Branislava Jovi\u010di\u0107\",\"@id\":\"https:\\\/\\\/balkangreenenergynews.com\\\/rs\\\/#\\\/schema\\\/person\\\/ff4e9f9457769ba580672215875f5b38\"},\"headline\":\"Siemens pobedio na tenderu za izgradnju kapaciteta za energiju vetra u Turskoj\",\"datePublished\":\"2017-08-04T09:45:50+00:00\",\"dateModified\":\"2017-08-04T10:06:43+00:00\",\"mainEntityOfPage\":{\"@id\":\"https:\\\/\\\/balkangreenenergynews.com\\\/rs\\\/siemens-pobedio-na-tenderu-za-izgradnju-kapaciteta-za-energiju-vetra-u-turskoj\\\/\"},\"wordCount\":263,\"commentCount\":0,\"image\":{\"@id\":\"https:\\\/\\\/balkangreenenergynews.com\\\/rs\\\/siemens-pobedio-na-tenderu-za-izgradnju-kapaciteta-za-energiju-vetra-u-turskoj\\\/#primaryimage\"},\"thumbnailUrl\":\"https:\\\/\\\/balkangreenenergynews.com\\\/rs\\\/wp-content\\\/uploads\\\/2017\\\/08\\\/wind-turkey-siemens.jpg?wsr\",\"keywords\":[\"Siemens\",\"vetroelektrane\",\"vetroturbine\",\"YEKA\"],\"articleSection\":[\"OIE\"],\"inLanguage\":\"sr-RS\",\"potentialAction\":[{\"@type\":\"CommentAction\",\"name\":\"Comment\",\"target\":[\"https:\\\/\\\/balkangreenenergynews.com\\\/rs\\\/siemens-pobedio-na-tenderu-za-izgradnju-kapaciteta-za-energiju-vetra-u-turskoj\\\/#respond\"]}]},{\"@type\":\"WebPage\",\"@id\":\"https:\\\/\\\/balkangreenenergynews.com\\\/rs\\\/siemens-pobedio-na-tenderu-za-izgradnju-kapaciteta-za-energiju-vetra-u-turskoj\\\/\",\"url\":\"https:\\\/\\\/balkangreenenergynews.com\\\/rs\\\/siemens-pobedio-na-tenderu-za-izgradnju-kapaciteta-za-energiju-vetra-u-turskoj\\\/\",\"name\":\"Siemens pobedio na tenderu za izgradnju kapaciteta za energiju vetra u Turskoj\",\"isPartOf\":{\"@id\":\"https:\\\/\\\/balkangreenenergynews.com\\\/rs\\\/#website\"},\"primaryImageOfPage\":{\"@id\":\"https:\\\/\\\/balkangreenenergynews.com\\\/rs\\\/siemens-pobedio-na-tenderu-za-izgradnju-kapaciteta-za-energiju-vetra-u-turskoj\\\/#primaryimage\"},\"image\":{\"@id\":\"https:\\\/\\\/balkangreenenergynews.com\\\/rs\\\/siemens-pobedio-na-tenderu-za-izgradnju-kapaciteta-za-energiju-vetra-u-turskoj\\\/#primaryimage\"},\"thumbnailUrl\":\"https:\\\/\\\/balkangreenenergynews.com\\\/rs\\\/wp-content\\\/uploads\\\/2017\\\/08\\\/wind-turkey-siemens.jpg?wsr\",\"datePublished\":\"2017-08-04T09:45:50+00:00\",\"dateModified\":\"2017-08-04T10:06:43+00:00\",\"author\":{\"@id\":\"https:\\\/\\\/balkangreenenergynews.com\\\/rs\\\/#\\\/schema\\\/person\\\/ff4e9f9457769ba580672215875f5b38\"},\"description\":\"Konzorcijum prevo\u0111en nema\u010dkim Siemensom pobedio je na tenderu za projekat izgradnje kapaciteta za energiju vetra od 1 GW u Turskoj.\",\"breadcrumb\":{\"@id\":\"https:\\\/\\\/balkangreenenergynews.com\\\/rs\\\/siemens-pobedio-na-tenderu-za-izgradnju-kapaciteta-za-energiju-vetra-u-turskoj\\\/#breadcrumb\"},\"inLanguage\":\"sr-RS\",\"potentialAction\":[{\"@type\":\"ReadAction\",\"target\":[\"https:\\\/\\\/balkangreenenergynews.com\\\/rs\\\/siemens-pobedio-na-tenderu-za-izgradnju-kapaciteta-za-energiju-vetra-u-turskoj\\\/\"]}]},{\"@type\":\"ImageObject\",\"inLanguage\":\"sr-RS\",\"@id\":\"https:\\\/\\\/balkangreenenergynews.com\\\/rs\\\/siemens-pobedio-na-tenderu-za-izgradnju-kapaciteta-za-energiju-vetra-u-turskoj\\\/#primaryimage\",\"url\":\"https:\\\/\\\/balkangreenenergynews.com\\\/rs\\\/wp-content\\\/uploads\\\/2017\\\/08\\\/wind-turkey-siemens.jpg?wsr\",\"contentUrl\":\"https:\\\/\\\/balkangreenenergynews.com\\\/rs\\\/wp-content\\\/uploads\\\/2017\\\/08\\\/wind-turkey-siemens.jpg?wsr\",\"width\":795,\"height\":407},{\"@type\":\"BreadcrumbList\",\"@id\":\"https:\\\/\\\/balkangreenenergynews.com\\\/rs\\\/siemens-pobedio-na-tenderu-za-izgradnju-kapaciteta-za-energiju-vetra-u-turskoj\\\/#breadcrumb\",\"itemListElement\":[{\"@type\":\"ListItem\",\"position\":1,\"name\":\"Po\u010detna\",\"item\":\"https:\\\/\\\/balkangreenenergynews.com\\\/rs\\\/\"},{\"@type\":\"ListItem\",\"position\":2,\"name\":\"Vesti\",\"item\":\"https:\\\/\\\/balkangreenenergynews.com\\\/rs\\\/kategorija\\\/vesti\\\/\"},{\"@type\":\"ListItem\",\"position\":3,\"name\":\"OIE\",\"item\":\"https:\\\/\\\/balkangreenenergynews.com\\\/rs\\\/kategorija\\\/vesti\\\/obnovljivi-izvori-energije\\\/\"},{\"@type\":\"ListItem\",\"position\":4,\"name\":\"Siemens pobedio na tenderu za izgradnju kapaciteta za energiju vetra u Turskoj\"}]},{\"@type\":\"WebSite\",\"@id\":\"https:\\\/\\\/balkangreenenergynews.com\\\/rs\\\/#website\",\"url\":\"https:\\\/\\\/balkangreenenergynews.com\\\/rs\\\/\",\"name\":\"Balkan Green Energy News\",\"description\":\"Naj\u0161iri izbor vesti sa Balkana o zelenoj energiji\",\"potentialAction\":[{\"@type\":\"SearchAction\",\"target\":{\"@type\":\"EntryPoint\",\"urlTemplate\":\"https:\\\/\\\/balkangreenenergynews.com\\\/rs\\\/?s={search_term_string}\"},\"query-input\":{\"@type\":\"PropertyValueSpecification\",\"valueRequired\":true,\"valueName\":\"search_term_string\"}}],\"inLanguage\":\"sr-RS\"},{\"@type\":\"Person\",\"@id\":\"https:\\\/\\\/balkangreenenergynews.com\\\/rs\\\/#\\\/schema\\\/person\\\/ff4e9f9457769ba580672215875f5b38\",\"name\":\"Branislava Jovi\u010di\u0107\",\"description\":\"\u017divimo u vremenu koje je pred na\u0161u generaciju postavilo veoma va\u017ean zadatak. Nije na nama sva krivica za stanje u kojem se nalazi planeta, ali odgovornot svakako jeste. Zato usmerimo svoja znanja, ve\u0161tine i pamet ka pronala\u017eenju odr\u017eivih, pametnih i zelenih re\u0161enja.\",\"sameAs\":[\"https:\\\/\\\/www.linkedin.com\\\/in\\\/branislava-jovicic-043080a\\\/\",\"https:\\\/\\\/x.com\\\/https:\\\/\\\/twitter.com\\\/BranaJovicic\"],\"url\":\"https:\\\/\\\/balkangreenenergynews.com\\\/rs\\\/author\\\/bgen\\\/\"}]}<\/script>\n<!-- \/ Yoast SEO plugin. -->","yoast_head_json":{"title":"Siemens pobedio na tenderu za izgradnju kapaciteta za energiju vetra u Turskoj","description":"Konzorcijum prevo\u0111en nema\u010dkim Siemensom pobedio je na tenderu za projekat izgradnje kapaciteta za energiju vetra od 1 GW u Turskoj.","robots":{"index":"index","follow":"follow","max-snippet":"max-snippet:-1","max-image-preview":"max-image-preview:large","max-video-preview":"max-video-preview:-1"},"canonical":"https:\/\/balkangreenenergynews.com\/rs\/siemens-pobedio-na-tenderu-za-izgradnju-kapaciteta-za-energiju-vetra-u-turskoj\/","og_locale":"sr_RS","og_type":"article","og_title":"Siemens pobedio na tenderu za izgradnju kapaciteta za energiju vetra u Turskoj","og_description":"Konzorcijum prevo\u0111en nema\u010dkim Siemensom pobedio je na tenderu za projekat izgradnje kapaciteta za energiju vetra od 1 GW u Turskoj.","og_url":"https:\/\/balkangreenenergynews.com\/rs\/siemens-pobedio-na-tenderu-za-izgradnju-kapaciteta-za-energiju-vetra-u-turskoj\/","og_site_name":"Balkan Green Energy News","article_published_time":"2017-08-04T09:45:50+00:00","article_modified_time":"2017-08-04T10:06:43+00:00","og_image":[{"width":795,"height":407,"url":"https:\/\/balkangreenenergynews.com\/rs\/wp-content\/uploads\/2017\/08\/wind-turkey-siemens.jpg","type":"image\/jpeg"}],"author":"Branislava Jovi\u010di\u0107","twitter_card":"summary_large_image","twitter_creator":"@https:\/\/twitter.com\/BranaJovicic","twitter_misc":{"\u041d\u0430\u043f\u0438\u0441\u0430\u043d\u043e \u043e\u0434":"Branislava Jovi\u010di\u0107","\u041f\u0440\u043e\u0446\u0435\u045a\u0435\u043d\u043e \u0432\u0440\u0435\u043c\u0435 \u0447\u0438\u0442\u0430\u045a\u0430":"1 \u043c\u0438\u043d\u0443\u0442"},"schema":{"@context":"https:\/\/schema.org","@graph":[{"@type":"Article","@id":"https:\/\/balkangreenenergynews.com\/rs\/siemens-pobedio-na-tenderu-za-izgradnju-kapaciteta-za-energiju-vetra-u-turskoj\/#article","isPartOf":{"@id":"https:\/\/balkangreenenergynews.com\/rs\/siemens-pobedio-na-tenderu-za-izgradnju-kapaciteta-za-energiju-vetra-u-turskoj\/"},"author":{"name":"Branislava Jovi\u010di\u0107","@id":"https:\/\/balkangreenenergynews.com\/rs\/#\/schema\/person\/ff4e9f9457769ba580672215875f5b38"},"headline":"Siemens pobedio na tenderu za izgradnju kapaciteta za energiju vetra u Turskoj","datePublished":"2017-08-04T09:45:50+00:00","dateModified":"2017-08-04T10:06:43+00:00","mainEntityOfPage":{"@id":"https:\/\/balkangreenenergynews.com\/rs\/siemens-pobedio-na-tenderu-za-izgradnju-kapaciteta-za-energiju-vetra-u-turskoj\/"},"wordCount":263,"commentCount":0,"image":{"@id":"https:\/\/balkangreenenergynews.com\/rs\/siemens-pobedio-na-tenderu-za-izgradnju-kapaciteta-za-energiju-vetra-u-turskoj\/#primaryimage"},"thumbnailUrl":"https:\/\/balkangreenenergynews.com\/rs\/wp-content\/uploads\/2017\/08\/wind-turkey-siemens.jpg?wsr","keywords":["Siemens","vetroelektrane","vetroturbine","YEKA"],"articleSection":["OIE"],"inLanguage":"sr-RS","potentialAction":[{"@type":"CommentAction","name":"Comment","target":["https:\/\/balkangreenenergynews.com\/rs\/siemens-pobedio-na-tenderu-za-izgradnju-kapaciteta-za-energiju-vetra-u-turskoj\/#respond"]}]},{"@type":"WebPage","@id":"https:\/\/balkangreenenergynews.com\/rs\/siemens-pobedio-na-tenderu-za-izgradnju-kapaciteta-za-energiju-vetra-u-turskoj\/","url":"https:\/\/balkangreenenergynews.com\/rs\/siemens-pobedio-na-tenderu-za-izgradnju-kapaciteta-za-energiju-vetra-u-turskoj\/","name":"Siemens pobedio na tenderu za izgradnju kapaciteta za energiju vetra u Turskoj","isPartOf":{"@id":"https:\/\/balkangreenenergynews.com\/rs\/#website"},"primaryImageOfPage":{"@id":"https:\/\/balkangreenenergynews.com\/rs\/siemens-pobedio-na-tenderu-za-izgradnju-kapaciteta-za-energiju-vetra-u-turskoj\/#primaryimage"},"image":{"@id":"https:\/\/balkangreenenergynews.com\/rs\/siemens-pobedio-na-tenderu-za-izgradnju-kapaciteta-za-energiju-vetra-u-turskoj\/#primaryimage"},"thumbnailUrl":"https:\/\/balkangreenenergynews.com\/rs\/wp-content\/uploads\/2017\/08\/wind-turkey-siemens.jpg?wsr","datePublished":"2017-08-04T09:45:50+00:00","dateModified":"2017-08-04T10:06:43+00:00","author":{"@id":"https:\/\/balkangreenenergynews.com\/rs\/#\/schema\/person\/ff4e9f9457769ba580672215875f5b38"},"description":"Konzorcijum prevo\u0111en nema\u010dkim Siemensom pobedio je na tenderu za projekat izgradnje kapaciteta za energiju vetra od 1 GW u Turskoj.","breadcrumb":{"@id":"https:\/\/balkangreenenergynews.com\/rs\/siemens-pobedio-na-tenderu-za-izgradnju-kapaciteta-za-energiju-vetra-u-turskoj\/#breadcrumb"},"inLanguage":"sr-RS","potentialAction":[{"@type":"ReadAction","target":["https:\/\/balkangreenenergynews.com\/rs\/siemens-pobedio-na-tenderu-za-izgradnju-kapaciteta-za-energiju-vetra-u-turskoj\/"]}]},{"@type":"ImageObject","inLanguage":"sr-RS","@id":"https:\/\/balkangreenenergynews.com\/rs\/siemens-pobedio-na-tenderu-za-izgradnju-kapaciteta-za-energiju-vetra-u-turskoj\/#primaryimage","url":"https:\/\/balkangreenenergynews.com\/rs\/wp-content\/uploads\/2017\/08\/wind-turkey-siemens.jpg?wsr","contentUrl":"https:\/\/balkangreenenergynews.com\/rs\/wp-content\/uploads\/2017\/08\/wind-turkey-siemens.jpg?wsr","width":795,"height":407},{"@type":"BreadcrumbList","@id":"https:\/\/balkangreenenergynews.com\/rs\/siemens-pobedio-na-tenderu-za-izgradnju-kapaciteta-za-energiju-vetra-u-turskoj\/#breadcrumb","itemListElement":[{"@type":"ListItem","position":1,"name":"Po\u010detna","item":"https:\/\/balkangreenenergynews.com\/rs\/"},{"@type":"ListItem","position":2,"name":"Vesti","item":"https:\/\/balkangreenenergynews.com\/rs\/kategorija\/vesti\/"},{"@type":"ListItem","position":3,"name":"OIE","item":"https:\/\/balkangreenenergynews.com\/rs\/kategorija\/vesti\/obnovljivi-izvori-energije\/"},{"@type":"ListItem","position":4,"name":"Siemens pobedio na tenderu za izgradnju kapaciteta za energiju vetra u Turskoj"}]},{"@type":"WebSite","@id":"https:\/\/balkangreenenergynews.com\/rs\/#website","url":"https:\/\/balkangreenenergynews.com\/rs\/","name":"Balkan Green Energy News","description":"Naj\u0161iri izbor vesti sa Balkana o zelenoj energiji","potentialAction":[{"@type":"SearchAction","target":{"@type":"EntryPoint","urlTemplate":"https:\/\/balkangreenenergynews.com\/rs\/?s={search_term_string}"},"query-input":{"@type":"PropertyValueSpecification","valueRequired":true,"valueName":"search_term_string"}}],"inLanguage":"sr-RS"},{"@type":"Person","@id":"https:\/\/balkangreenenergynews.com\/rs\/#\/schema\/person\/ff4e9f9457769ba580672215875f5b38","name":"Branislava Jovi\u010di\u0107","description":"\u017divimo u vremenu koje je pred na\u0161u generaciju postavilo veoma va\u017ean zadatak. Nije na nama sva krivica za stanje u kojem se nalazi planeta, ali odgovornot svakako jeste. Zato usmerimo svoja znanja, ve\u0161tine i pamet ka pronala\u017eenju odr\u017eivih, pametnih i zelenih re\u0161enja.","sameAs":["https:\/\/www.linkedin.com\/in\/branislava-jovicic-043080a\/","https:\/\/x.com\/https:\/\/twitter.com\/BranaJovicic"],"url":"https:\/\/balkangreenenergynews.com\/rs\/author\/bgen\/"}]}},"_links":{"self":[{"href":"https:\/\/balkangreenenergynews.com\/rs\/wp-json\/wp\/v2\/posts\/13551","targetHints":{"allow":["GET"]}}],"collection":[{"href":"https:\/\/balkangreenenergynews.com\/rs\/wp-json\/wp\/v2\/posts"}],"about":[{"href":"https:\/\/balkangreenenergynews.com\/rs\/wp-json\/wp\/v2\/types\/post"}],"author":[{"embeddable":true,"href":"https:\/\/balkangreenenergynews.com\/rs\/wp-json\/wp\/v2\/users\/2"}],"replies":[{"embeddable":true,"href":"https:\/\/balkangreenenergynews.com\/rs\/wp-json\/wp\/v2\/comments?post=13551"}],"version-history":[{"count":0,"href":"https:\/\/balkangreenenergynews.com\/rs\/wp-json\/wp\/v2\/posts\/13551\/revisions"}],"wp:featuredmedia":[{"embeddable":true,"href":"https:\/\/balkangreenenergynews.com\/rs\/wp-json\/wp\/v2\/media\/13559"}],"wp:attachment":[{"href":"https:\/\/balkangreenenergynews.com\/rs\/wp-json\/wp\/v2\/media?parent=13551"}],"wp:term":[{"taxonomy":"category","embeddable":true,"href":"https:\/\/balkangreenenergynews.com\/rs\/wp-json\/wp\/v2\/categories?post=13551"},{"taxonomy":"post_tag","embeddable":true,"href":"https:\/\/balkangreenenergynews.com\/rs\/wp-json\/wp\/v2\/tags?post=13551"}],"curies":[{"name":"wp","href":"https:\/\/api.w.org\/{rel}","templated":true}]}}