{"id":13498,"date":"2017-07-31T16:32:29","date_gmt":"2017-07-31T14:32:29","guid":{"rendered":"http:\/\/balkangreenenergynews.com\/rs\/?p=13498"},"modified":"2017-07-31T17:01:54","modified_gmt":"2017-07-31T15:01:54","slug":"turska-lider-u-novim-kapacitetima-za-energiju-vetra-u-jugoistocnoj-evropi","status":"publish","type":"post","link":"https:\/\/balkangreenenergynews.com\/rs\/turska-lider-u-novim-kapacitetima-za-energiju-vetra-u-jugoistocnoj-evropi\/","title":{"rendered":"Turska lider u novim kapacitetima za energiju vetra u jugoisto\u010dnoj Evropi"},"content":{"rendered":"<h2>Tri zemlje u jugoisto\u010dnoj Evropi izgradile su nove vetroenergetske kapacitete u prvoj polovini 2017. godine, u \u010demu Turska prednja\u010di sa 377,85 MW, pokazuju podaci evropske asocijacije za energiju vetra WindEurope.<\/h2>\n<p>U prvoj polovini 2017. godine, Hrvatska je izgradila 20,7 MW a Gr\u010dka 46 MW kapaciteta za energiju vetra. Druge zemlje u jugoisto\u010dnoj Evropi ili nisu izgradile nove kapacitete u tom periodu ili nije bilo relevantnih podataka o njima.<\/p>\n<p>U Evropi je u prvoj polovini 2017. godine izgra\u0111eno ukupno 6,1 GW kapaciteta za energiju vetra. Od toga, 4,8 MW su bili novi kapaciteti na kopnu koji su uglavnom koncentrisani u Nema\u010dkoj (2,2 GW), Velikoj Britaniji (1,2 GW) i Francuskoj ( 492 MW).<\/p>\n<p>U \u010detiri \u010dlanice EU &#8211; Nema\u010dkoj, Velikoj Britaniji, Belgiji i Finskoj, bilo je ukupno 18 projekata za kapacitete u moru i instalirano je ukupno 1,3 GW, saop\u0161tio je WindEurope.<\/p>\n<h3><span style=\"\">Ukupni kapaciteti vetra u Turskoj prema\u0161ili 6 GW<\/span><\/h3>\n<p>Iste podatke o novim kapacitetima za Tursku iznelo je i Tursko udru\u017eenje za energiju vetra (TUREB), koje je saop\u0161tilo i da su ukupni kapaciteti za energiju vetra u Turskoj dostigli 6.483 MW u prvoj polovini godine.<\/p>\n<p>Prema izve\u0161taju TUREB-a, vi\u0161e od 75 posto vetroelektrana nalazi u oblastima Egejskog i Mramornog mora, a vetroelektrane obezbe\u0111uju elektri\u010dnu energiju za 7,5 miliona turskih domac\u0301instava.<\/p>\n<p>TUREB je naveo da se u Turskoj gradi 32 vetroelektrane od 808 MW, javio je <a href=\"https:\/\/aaenergyterminal.com\/news.php?newsid=12680222\">Energetski servis agencije Anadolija.<\/a><\/p>\n","protected":false},"excerpt":{"rendered":"<p>Tri zemlje u jugoisto\u010dnoj Evropi izgradile su nove vetroenergetske kapacitete u prvoj polovini 2017. godine,&#8230;<\/p>\n","protected":false},"author":2,"featured_media":13501,"comment_status":"open","ping_status":"closed","sticky":false,"template":"","format":"standard","meta":{"_acf_changed":false,"_monsterinsights_skip_tracking":false,"_monsterinsights_sitenote_active":false,"_monsterinsights_sitenote_note":"","_monsterinsights_sitenote_category":0,"footnotes":""},"categories":[1],"tags":[1428,813,2341,2345],"class_list":["post-13498","post","type-post","status-publish","format-standard","has-post-thumbnail","hentry","category-obnovljivi-izvori-energije","tag-energija-vetra","tag-vetar","tag-vetroelektrane","tag-windeurope","country-regioneu"],"acf":[],"yoast_head":"<!-- This site is optimized with the Yoast SEO plugin v27.4 - https:\/\/yoast.com\/product\/yoast-seo-wordpress\/ -->\n<title>Turska lider u novim kapacitetima za energiju vetra u jugoisto\u010dnoj Evropi<\/title>\n<meta name=\"description\" content=\"Tri zemlje u jugoisto\u010dnoj Evropi izgradile su nove vetroenergetske kapacitete u prvoj polovini 2017. godine, u \u010demu Turska prednja\u010di sa 377,85 MW.\" \/>\n<meta name=\"robots\" content=\"index, follow, max-snippet:-1, max-image-preview:large, max-video-preview:-1\" \/>\n<link rel=\"canonical\" href=\"https:\/\/balkangreenenergynews.com\/rs\/turska-lider-u-novim-kapacitetima-za-energiju-vetra-u-jugoistocnoj-evropi\/\" \/>\n<meta property=\"og:locale\" content=\"sr_RS\" \/>\n<meta property=\"og:type\" content=\"article\" \/>\n<meta property=\"og:title\" content=\"Turska lider u novim kapacitetima za energiju vetra u jugoisto\u010dnoj Evropi\" \/>\n<meta property=\"og:description\" content=\"Tri zemlje u jugoisto\u010dnoj Evropi izgradile su nove vetroenergetske kapacitete u prvoj polovini 2017. godine, u \u010demu Turska prednja\u010di sa 377,85 MW.\" \/>\n<meta property=\"og:url\" content=\"https:\/\/balkangreenenergynews.com\/rs\/turska-lider-u-novim-kapacitetima-za-energiju-vetra-u-jugoistocnoj-evropi\/\" \/>\n<meta property=\"og:site_name\" content=\"Balkan Green Energy News\" \/>\n<meta property=\"article:published_time\" content=\"2017-07-31T14:32:29+00:00\" \/>\n<meta property=\"article:modified_time\" content=\"2017-07-31T15:01:54+00:00\" \/>\n<meta property=\"og:image\" content=\"https:\/\/balkangreenenergynews.com\/rs\/wp-content\/uploads\/2017\/07\/wind-energy-turkey.jpg\" \/>\n\t<meta property=\"og:image:width\" content=\"975\" \/>\n\t<meta property=\"og:image:height\" content=\"407\" \/>\n\t<meta property=\"og:image:type\" content=\"image\/jpeg\" \/>\n<meta name=\"author\" content=\"Branislava Jovi\u010di\u0107\" \/>\n<meta name=\"twitter:card\" content=\"summary_large_image\" \/>\n<meta name=\"twitter:creator\" content=\"@https:\/\/twitter.com\/BranaJovicic\" \/>\n<meta name=\"twitter:label1\" content=\"\u041d\u0430\u043f\u0438\u0441\u0430\u043d\u043e \u043e\u0434\" \/>\n\t<meta name=\"twitter:data1\" content=\"Branislava Jovi\u010di\u0107\" \/>\n\t<meta name=\"twitter:label2\" content=\"\u041f\u0440\u043e\u0446\u0435\u045a\u0435\u043d\u043e \u0432\u0440\u0435\u043c\u0435 \u0447\u0438\u0442\u0430\u045a\u0430\" \/>\n\t<meta name=\"twitter:data2\" content=\"1 \u043c\u0438\u043d\u0443\u0442\" \/>\n<script type=\"application\/ld+json\" class=\"yoast-schema-graph\">{\"@context\":\"https:\\\/\\\/schema.org\",\"@graph\":[{\"@type\":\"Article\",\"@id\":\"https:\\\/\\\/balkangreenenergynews.com\\\/rs\\\/turska-lider-u-novim-kapacitetima-za-energiju-vetra-u-jugoistocnoj-evropi\\\/#article\",\"isPartOf\":{\"@id\":\"https:\\\/\\\/balkangreenenergynews.com\\\/rs\\\/turska-lider-u-novim-kapacitetima-za-energiju-vetra-u-jugoistocnoj-evropi\\\/\"},\"author\":{\"name\":\"Branislava Jovi\u010di\u0107\",\"@id\":\"https:\\\/\\\/balkangreenenergynews.com\\\/rs\\\/#\\\/schema\\\/person\\\/ff4e9f9457769ba580672215875f5b38\"},\"headline\":\"Turska lider u novim kapacitetima za energiju vetra u jugoisto\u010dnoj Evropi\",\"datePublished\":\"2017-07-31T14:32:29+00:00\",\"dateModified\":\"2017-07-31T15:01:54+00:00\",\"mainEntityOfPage\":{\"@id\":\"https:\\\/\\\/balkangreenenergynews.com\\\/rs\\\/turska-lider-u-novim-kapacitetima-za-energiju-vetra-u-jugoistocnoj-evropi\\\/\"},\"wordCount\":236,\"commentCount\":0,\"image\":{\"@id\":\"https:\\\/\\\/balkangreenenergynews.com\\\/rs\\\/turska-lider-u-novim-kapacitetima-za-energiju-vetra-u-jugoistocnoj-evropi\\\/#primaryimage\"},\"thumbnailUrl\":\"https:\\\/\\\/balkangreenenergynews.com\\\/rs\\\/wp-content\\\/uploads\\\/2017\\\/07\\\/wind-energy-turkey.jpg?wsr\",\"keywords\":[\"energija vetra\",\"vetar\",\"vetroelektrane\",\"WindEurope\"],\"articleSection\":[\"OIE\"],\"inLanguage\":\"sr-RS\",\"potentialAction\":[{\"@type\":\"CommentAction\",\"name\":\"Comment\",\"target\":[\"https:\\\/\\\/balkangreenenergynews.com\\\/rs\\\/turska-lider-u-novim-kapacitetima-za-energiju-vetra-u-jugoistocnoj-evropi\\\/#respond\"]}]},{\"@type\":\"WebPage\",\"@id\":\"https:\\\/\\\/balkangreenenergynews.com\\\/rs\\\/turska-lider-u-novim-kapacitetima-za-energiju-vetra-u-jugoistocnoj-evropi\\\/\",\"url\":\"https:\\\/\\\/balkangreenenergynews.com\\\/rs\\\/turska-lider-u-novim-kapacitetima-za-energiju-vetra-u-jugoistocnoj-evropi\\\/\",\"name\":\"Turska lider u novim kapacitetima za energiju vetra u jugoisto\u010dnoj Evropi\",\"isPartOf\":{\"@id\":\"https:\\\/\\\/balkangreenenergynews.com\\\/rs\\\/#website\"},\"primaryImageOfPage\":{\"@id\":\"https:\\\/\\\/balkangreenenergynews.com\\\/rs\\\/turska-lider-u-novim-kapacitetima-za-energiju-vetra-u-jugoistocnoj-evropi\\\/#primaryimage\"},\"image\":{\"@id\":\"https:\\\/\\\/balkangreenenergynews.com\\\/rs\\\/turska-lider-u-novim-kapacitetima-za-energiju-vetra-u-jugoistocnoj-evropi\\\/#primaryimage\"},\"thumbnailUrl\":\"https:\\\/\\\/balkangreenenergynews.com\\\/rs\\\/wp-content\\\/uploads\\\/2017\\\/07\\\/wind-energy-turkey.jpg?wsr\",\"datePublished\":\"2017-07-31T14:32:29+00:00\",\"dateModified\":\"2017-07-31T15:01:54+00:00\",\"author\":{\"@id\":\"https:\\\/\\\/balkangreenenergynews.com\\\/rs\\\/#\\\/schema\\\/person\\\/ff4e9f9457769ba580672215875f5b38\"},\"description\":\"Tri zemlje u jugoisto\u010dnoj Evropi izgradile su nove vetroenergetske kapacitete u prvoj polovini 2017. godine, u \u010demu Turska prednja\u010di sa 377,85 MW.\",\"breadcrumb\":{\"@id\":\"https:\\\/\\\/balkangreenenergynews.com\\\/rs\\\/turska-lider-u-novim-kapacitetima-za-energiju-vetra-u-jugoistocnoj-evropi\\\/#breadcrumb\"},\"inLanguage\":\"sr-RS\",\"potentialAction\":[{\"@type\":\"ReadAction\",\"target\":[\"https:\\\/\\\/balkangreenenergynews.com\\\/rs\\\/turska-lider-u-novim-kapacitetima-za-energiju-vetra-u-jugoistocnoj-evropi\\\/\"]}]},{\"@type\":\"ImageObject\",\"inLanguage\":\"sr-RS\",\"@id\":\"https:\\\/\\\/balkangreenenergynews.com\\\/rs\\\/turska-lider-u-novim-kapacitetima-za-energiju-vetra-u-jugoistocnoj-evropi\\\/#primaryimage\",\"url\":\"https:\\\/\\\/balkangreenenergynews.com\\\/rs\\\/wp-content\\\/uploads\\\/2017\\\/07\\\/wind-energy-turkey.jpg?wsr\",\"contentUrl\":\"https:\\\/\\\/balkangreenenergynews.com\\\/rs\\\/wp-content\\\/uploads\\\/2017\\\/07\\\/wind-energy-turkey.jpg?wsr\",\"width\":975,\"height\":407,\"caption\":\"energija vetra Turska\"},{\"@type\":\"BreadcrumbList\",\"@id\":\"https:\\\/\\\/balkangreenenergynews.com\\\/rs\\\/turska-lider-u-novim-kapacitetima-za-energiju-vetra-u-jugoistocnoj-evropi\\\/#breadcrumb\",\"itemListElement\":[{\"@type\":\"ListItem\",\"position\":1,\"name\":\"Po\u010detna\",\"item\":\"https:\\\/\\\/balkangreenenergynews.com\\\/rs\\\/\"},{\"@type\":\"ListItem\",\"position\":2,\"name\":\"Vesti\",\"item\":\"https:\\\/\\\/balkangreenenergynews.com\\\/rs\\\/kategorija\\\/vesti\\\/\"},{\"@type\":\"ListItem\",\"position\":3,\"name\":\"OIE\",\"item\":\"https:\\\/\\\/balkangreenenergynews.com\\\/rs\\\/kategorija\\\/vesti\\\/obnovljivi-izvori-energije\\\/\"},{\"@type\":\"ListItem\",\"position\":4,\"name\":\"Turska lider u novim kapacitetima za energiju vetra u jugoisto\u010dnoj Evropi\"}]},{\"@type\":\"WebSite\",\"@id\":\"https:\\\/\\\/balkangreenenergynews.com\\\/rs\\\/#website\",\"url\":\"https:\\\/\\\/balkangreenenergynews.com\\\/rs\\\/\",\"name\":\"Balkan Green Energy News\",\"description\":\"Naj\u0161iri izbor vesti sa Balkana o zelenoj energiji\",\"potentialAction\":[{\"@type\":\"SearchAction\",\"target\":{\"@type\":\"EntryPoint\",\"urlTemplate\":\"https:\\\/\\\/balkangreenenergynews.com\\\/rs\\\/?s={search_term_string}\"},\"query-input\":{\"@type\":\"PropertyValueSpecification\",\"valueRequired\":true,\"valueName\":\"search_term_string\"}}],\"inLanguage\":\"sr-RS\"},{\"@type\":\"Person\",\"@id\":\"https:\\\/\\\/balkangreenenergynews.com\\\/rs\\\/#\\\/schema\\\/person\\\/ff4e9f9457769ba580672215875f5b38\",\"name\":\"Branislava Jovi\u010di\u0107\",\"description\":\"\u017divimo u vremenu koje je pred na\u0161u generaciju postavilo veoma va\u017ean zadatak. Nije na nama sva krivica za stanje u kojem se nalazi planeta, ali odgovornot svakako jeste. Zato usmerimo svoja znanja, ve\u0161tine i pamet ka pronala\u017eenju odr\u017eivih, pametnih i zelenih re\u0161enja.\",\"sameAs\":[\"https:\\\/\\\/www.linkedin.com\\\/in\\\/branislava-jovicic-043080a\\\/\",\"https:\\\/\\\/x.com\\\/https:\\\/\\\/twitter.com\\\/BranaJovicic\"],\"url\":\"https:\\\/\\\/balkangreenenergynews.com\\\/rs\\\/author\\\/bgen\\\/\"}]}<\/script>\n<!-- \/ Yoast SEO plugin. -->","yoast_head_json":{"title":"Turska lider u novim kapacitetima za energiju vetra u jugoisto\u010dnoj Evropi","description":"Tri zemlje u jugoisto\u010dnoj Evropi izgradile su nove vetroenergetske kapacitete u prvoj polovini 2017. godine, u \u010demu Turska prednja\u010di sa 377,85 MW.","robots":{"index":"index","follow":"follow","max-snippet":"max-snippet:-1","max-image-preview":"max-image-preview:large","max-video-preview":"max-video-preview:-1"},"canonical":"https:\/\/balkangreenenergynews.com\/rs\/turska-lider-u-novim-kapacitetima-za-energiju-vetra-u-jugoistocnoj-evropi\/","og_locale":"sr_RS","og_type":"article","og_title":"Turska lider u novim kapacitetima za energiju vetra u jugoisto\u010dnoj Evropi","og_description":"Tri zemlje u jugoisto\u010dnoj Evropi izgradile su nove vetroenergetske kapacitete u prvoj polovini 2017. godine, u \u010demu Turska prednja\u010di sa 377,85 MW.","og_url":"https:\/\/balkangreenenergynews.com\/rs\/turska-lider-u-novim-kapacitetima-za-energiju-vetra-u-jugoistocnoj-evropi\/","og_site_name":"Balkan Green Energy News","article_published_time":"2017-07-31T14:32:29+00:00","article_modified_time":"2017-07-31T15:01:54+00:00","og_image":[{"width":975,"height":407,"url":"https:\/\/balkangreenenergynews.com\/rs\/wp-content\/uploads\/2017\/07\/wind-energy-turkey.jpg","type":"image\/jpeg"}],"author":"Branislava Jovi\u010di\u0107","twitter_card":"summary_large_image","twitter_creator":"@https:\/\/twitter.com\/BranaJovicic","twitter_misc":{"\u041d\u0430\u043f\u0438\u0441\u0430\u043d\u043e \u043e\u0434":"Branislava Jovi\u010di\u0107","\u041f\u0440\u043e\u0446\u0435\u045a\u0435\u043d\u043e \u0432\u0440\u0435\u043c\u0435 \u0447\u0438\u0442\u0430\u045a\u0430":"1 \u043c\u0438\u043d\u0443\u0442"},"schema":{"@context":"https:\/\/schema.org","@graph":[{"@type":"Article","@id":"https:\/\/balkangreenenergynews.com\/rs\/turska-lider-u-novim-kapacitetima-za-energiju-vetra-u-jugoistocnoj-evropi\/#article","isPartOf":{"@id":"https:\/\/balkangreenenergynews.com\/rs\/turska-lider-u-novim-kapacitetima-za-energiju-vetra-u-jugoistocnoj-evropi\/"},"author":{"name":"Branislava Jovi\u010di\u0107","@id":"https:\/\/balkangreenenergynews.com\/rs\/#\/schema\/person\/ff4e9f9457769ba580672215875f5b38"},"headline":"Turska lider u novim kapacitetima za energiju vetra u jugoisto\u010dnoj Evropi","datePublished":"2017-07-31T14:32:29+00:00","dateModified":"2017-07-31T15:01:54+00:00","mainEntityOfPage":{"@id":"https:\/\/balkangreenenergynews.com\/rs\/turska-lider-u-novim-kapacitetima-za-energiju-vetra-u-jugoistocnoj-evropi\/"},"wordCount":236,"commentCount":0,"image":{"@id":"https:\/\/balkangreenenergynews.com\/rs\/turska-lider-u-novim-kapacitetima-za-energiju-vetra-u-jugoistocnoj-evropi\/#primaryimage"},"thumbnailUrl":"https:\/\/balkangreenenergynews.com\/rs\/wp-content\/uploads\/2017\/07\/wind-energy-turkey.jpg?wsr","keywords":["energija vetra","vetar","vetroelektrane","WindEurope"],"articleSection":["OIE"],"inLanguage":"sr-RS","potentialAction":[{"@type":"CommentAction","name":"Comment","target":["https:\/\/balkangreenenergynews.com\/rs\/turska-lider-u-novim-kapacitetima-za-energiju-vetra-u-jugoistocnoj-evropi\/#respond"]}]},{"@type":"WebPage","@id":"https:\/\/balkangreenenergynews.com\/rs\/turska-lider-u-novim-kapacitetima-za-energiju-vetra-u-jugoistocnoj-evropi\/","url":"https:\/\/balkangreenenergynews.com\/rs\/turska-lider-u-novim-kapacitetima-za-energiju-vetra-u-jugoistocnoj-evropi\/","name":"Turska lider u novim kapacitetima za energiju vetra u jugoisto\u010dnoj Evropi","isPartOf":{"@id":"https:\/\/balkangreenenergynews.com\/rs\/#website"},"primaryImageOfPage":{"@id":"https:\/\/balkangreenenergynews.com\/rs\/turska-lider-u-novim-kapacitetima-za-energiju-vetra-u-jugoistocnoj-evropi\/#primaryimage"},"image":{"@id":"https:\/\/balkangreenenergynews.com\/rs\/turska-lider-u-novim-kapacitetima-za-energiju-vetra-u-jugoistocnoj-evropi\/#primaryimage"},"thumbnailUrl":"https:\/\/balkangreenenergynews.com\/rs\/wp-content\/uploads\/2017\/07\/wind-energy-turkey.jpg?wsr","datePublished":"2017-07-31T14:32:29+00:00","dateModified":"2017-07-31T15:01:54+00:00","author":{"@id":"https:\/\/balkangreenenergynews.com\/rs\/#\/schema\/person\/ff4e9f9457769ba580672215875f5b38"},"description":"Tri zemlje u jugoisto\u010dnoj Evropi izgradile su nove vetroenergetske kapacitete u prvoj polovini 2017. godine, u \u010demu Turska prednja\u010di sa 377,85 MW.","breadcrumb":{"@id":"https:\/\/balkangreenenergynews.com\/rs\/turska-lider-u-novim-kapacitetima-za-energiju-vetra-u-jugoistocnoj-evropi\/#breadcrumb"},"inLanguage":"sr-RS","potentialAction":[{"@type":"ReadAction","target":["https:\/\/balkangreenenergynews.com\/rs\/turska-lider-u-novim-kapacitetima-za-energiju-vetra-u-jugoistocnoj-evropi\/"]}]},{"@type":"ImageObject","inLanguage":"sr-RS","@id":"https:\/\/balkangreenenergynews.com\/rs\/turska-lider-u-novim-kapacitetima-za-energiju-vetra-u-jugoistocnoj-evropi\/#primaryimage","url":"https:\/\/balkangreenenergynews.com\/rs\/wp-content\/uploads\/2017\/07\/wind-energy-turkey.jpg?wsr","contentUrl":"https:\/\/balkangreenenergynews.com\/rs\/wp-content\/uploads\/2017\/07\/wind-energy-turkey.jpg?wsr","width":975,"height":407,"caption":"energija vetra Turska"},{"@type":"BreadcrumbList","@id":"https:\/\/balkangreenenergynews.com\/rs\/turska-lider-u-novim-kapacitetima-za-energiju-vetra-u-jugoistocnoj-evropi\/#breadcrumb","itemListElement":[{"@type":"ListItem","position":1,"name":"Po\u010detna","item":"https:\/\/balkangreenenergynews.com\/rs\/"},{"@type":"ListItem","position":2,"name":"Vesti","item":"https:\/\/balkangreenenergynews.com\/rs\/kategorija\/vesti\/"},{"@type":"ListItem","position":3,"name":"OIE","item":"https:\/\/balkangreenenergynews.com\/rs\/kategorija\/vesti\/obnovljivi-izvori-energije\/"},{"@type":"ListItem","position":4,"name":"Turska lider u novim kapacitetima za energiju vetra u jugoisto\u010dnoj Evropi"}]},{"@type":"WebSite","@id":"https:\/\/balkangreenenergynews.com\/rs\/#website","url":"https:\/\/balkangreenenergynews.com\/rs\/","name":"Balkan Green Energy News","description":"Naj\u0161iri izbor vesti sa Balkana o zelenoj energiji","potentialAction":[{"@type":"SearchAction","target":{"@type":"EntryPoint","urlTemplate":"https:\/\/balkangreenenergynews.com\/rs\/?s={search_term_string}"},"query-input":{"@type":"PropertyValueSpecification","valueRequired":true,"valueName":"search_term_string"}}],"inLanguage":"sr-RS"},{"@type":"Person","@id":"https:\/\/balkangreenenergynews.com\/rs\/#\/schema\/person\/ff4e9f9457769ba580672215875f5b38","name":"Branislava Jovi\u010di\u0107","description":"\u017divimo u vremenu koje je pred na\u0161u generaciju postavilo veoma va\u017ean zadatak. Nije na nama sva krivica za stanje u kojem se nalazi planeta, ali odgovornot svakako jeste. Zato usmerimo svoja znanja, ve\u0161tine i pamet ka pronala\u017eenju odr\u017eivih, pametnih i zelenih re\u0161enja.","sameAs":["https:\/\/www.linkedin.com\/in\/branislava-jovicic-043080a\/","https:\/\/x.com\/https:\/\/twitter.com\/BranaJovicic"],"url":"https:\/\/balkangreenenergynews.com\/rs\/author\/bgen\/"}]}},"_links":{"self":[{"href":"https:\/\/balkangreenenergynews.com\/rs\/wp-json\/wp\/v2\/posts\/13498","targetHints":{"allow":["GET"]}}],"collection":[{"href":"https:\/\/balkangreenenergynews.com\/rs\/wp-json\/wp\/v2\/posts"}],"about":[{"href":"https:\/\/balkangreenenergynews.com\/rs\/wp-json\/wp\/v2\/types\/post"}],"author":[{"embeddable":true,"href":"https:\/\/balkangreenenergynews.com\/rs\/wp-json\/wp\/v2\/users\/2"}],"replies":[{"embeddable":true,"href":"https:\/\/balkangreenenergynews.com\/rs\/wp-json\/wp\/v2\/comments?post=13498"}],"version-history":[{"count":0,"href":"https:\/\/balkangreenenergynews.com\/rs\/wp-json\/wp\/v2\/posts\/13498\/revisions"}],"wp:featuredmedia":[{"embeddable":true,"href":"https:\/\/balkangreenenergynews.com\/rs\/wp-json\/wp\/v2\/media\/13501"}],"wp:attachment":[{"href":"https:\/\/balkangreenenergynews.com\/rs\/wp-json\/wp\/v2\/media?parent=13498"}],"wp:term":[{"taxonomy":"category","embeddable":true,"href":"https:\/\/balkangreenenergynews.com\/rs\/wp-json\/wp\/v2\/categories?post=13498"},{"taxonomy":"post_tag","embeddable":true,"href":"https:\/\/balkangreenenergynews.com\/rs\/wp-json\/wp\/v2\/tags?post=13498"}],"curies":[{"name":"wp","href":"https:\/\/api.w.org\/{rel}","templated":true}]}}