{"id":13307,"date":"2017-07-18T16:03:42","date_gmt":"2017-07-18T14:03:42","guid":{"rendered":"http:\/\/balkangreenenergynews.com\/rs\/?p=13307"},"modified":"2018-12-07T16:19:03","modified_gmt":"2018-12-07T15:19:03","slug":"slovenacko-udruzenje-za-energiju-vetra-pristupilo-evropskom-udruzenju-windeurope","status":"publish","type":"post","link":"https:\/\/balkangreenenergynews.com\/rs\/slovenacko-udruzenje-za-energiju-vetra-pristupilo-evropskom-udruzenju-windeurope\/","title":{"rendered":"Slovena\u010dko udru\u017eenje za energiju vetra pristupilo evropskom udru\u017eenju WindEurope"},"content":{"rendered":"<h2>Slovena\u010dko udru\u017eenje za energiju vetra, GIZ Vetrne energije, koje je osnovano u decembru 2016. godine, postalo je \u010dlan evropske asocijacije WindEurope.<\/h2>\n<p>Tim povodom, predstavnici Evropskog parlamenta, Evropske komisije, Slovena\u010dke stalne misije pri EU i zainteresovanih strana u industriji okupili su se na doru\u010dku organizovanom 12. jula u Evropskom parlamentu. Oni su razgovarali o energetskom miksu i potencijalu za izgradnju vetroelektrana u Sloveniji, saop\u0161tio je WindEurope.<\/p>\n<p>U saop\u0161tenju se navodi da Slovenija trenutno ima vetroelektrane na kopnu \u010diji instalisani kapaciteti iznose samo 3,2 MW, da je prva vetroturbina naru\u010dena u toj zemlji tek 2012. godine, i da se slovena\u010dka vlada jo\u0161 nije zvani\u010dno potvrdila svoje opredeljenje za razvoj kapaciteta posle 2020. godine.<\/p>\n<p>Zaklju\u010duje se pritom da Slovenija ima veliki potencijal za izgradnju vetroelektrana i da pove\u0107a udeo obnovljivih zvora energije u svom energetskom miksu.<\/p>\n<p>&#8222;Ovo bi poslalo pozitivne signale industriji, privuklo investicije i doprinelo ciljevima dekarbonizacije 2030. godine. Me\u0111utim, nedostatak jasnog zakonodavnog okvira za prostorno planiranje i \u010deste promene u zakonodavstvu o kori\u0161\u0107enju zemlji\u0161ta ne doprinosi novim investicijama. Neizvesnost u pogledu budu\u0107eg obima, pove\u0107ava tro\u0161kove kapitala, \u0161to je u suprotnosti sa evropskim trendom znatnog smanjenja tro\u0161kova vetroelektrana na kopnu&#8220;, naveo je WindEurope.<\/p>\n<p>Poslanik u Evropskom parlamentu Franc Bogovi\u010d je rekao da Slovenija treba da ubrza napore u cilju povec\u0301anja u\u010de\u0161c\u0301a energije iz obnovljivih izvora u svom energetskom miksu, podsetiv\u0161i da sve \u010dlanice EU moraju da dostave svoje nacionalne energetske planove do kraja ove godine.<\/p>\n<p>On je procenio da energija vetra mo\u017ee igrati va\u017enu ulogu u ostvarivanju ovih napora, ali da je potrebno preduzeti strate\u0161ke i administrativne mere kako bi se uspostavio stabilan investicioni okvir za energiju vetra.<\/p>\n<p>D\u017eajls Dikson, direktor udru\u017eenja WindEurope, rekao je da cilj od 27 procenata OIE u evropskom energetskom miksu, koji je predlo\u017eila Evropska komisija, nije dovoljno ambiciozan \u00a0i da Evropska unija treba da postavi cilj od najmanje 35 procenata.<\/p>\n<p>Mojca Grobelnik, direktorka GIZ Vetrne energije, rekla je da ova nacionalna asocijacija smatra da mo\u017ee da promeniti percepciju industrije vetra i da svojim delovanjem uti\u010de na oblikovanje nacionalne energetske politike u Sloveniji.<\/p>\n","protected":false},"excerpt":{"rendered":"<p>Slovena\u010dko udru\u017eenje za energiju vetra, GIZ Vetrne energije, koje je osnovano u decembru 2016. godine,&#8230;<\/p>\n","protected":false},"author":25,"featured_media":13309,"comment_status":"open","ping_status":"closed","sticky":false,"template":"","format":"standard","meta":{"_acf_changed":false,"_monsterinsights_skip_tracking":false,"_monsterinsights_sitenote_active":false,"_monsterinsights_sitenote_note":"","_monsterinsights_sitenote_category":0,"footnotes":""},"categories":[1],"tags":[1428,2341,2345],"class_list":["post-13307","post","type-post","status-publish","format-standard","has-post-thumbnail","hentry","category-obnovljivi-izvori-energije","tag-energija-vetra","tag-vetroelektrane","tag-windeurope","country-slovenija"],"acf":[],"yoast_head":"<!-- This site is optimized with the Yoast SEO plugin v27.4 - https:\/\/yoast.com\/product\/yoast-seo-wordpress\/ -->\n<title>Slovena\u010dko udru\u017eenje za energiju vetra pristupilo evropskom udru\u017eenju WindEurope<\/title>\n<meta name=\"description\" content=\"Slovena\u010dko udru\u017eenje za energiju vetra, Giz Vetrne Energije, koje je osnovano u decembru 2016. godine, postalo je \u010dlan evropske asocijacije WindEurope.\" \/>\n<meta name=\"robots\" content=\"index, follow, max-snippet:-1, max-image-preview:large, max-video-preview:-1\" \/>\n<link rel=\"canonical\" href=\"https:\/\/balkangreenenergynews.com\/rs\/slovenacko-udruzenje-za-energiju-vetra-pristupilo-evropskom-udruzenju-windeurope\/\" \/>\n<meta property=\"og:locale\" content=\"sr_RS\" \/>\n<meta property=\"og:type\" content=\"article\" \/>\n<meta property=\"og:title\" content=\"Slovena\u010dko udru\u017eenje za energiju vetra pristupilo evropskom udru\u017eenju WindEurope\" \/>\n<meta property=\"og:description\" content=\"Slovena\u010dko udru\u017eenje za energiju vetra, Giz Vetrne Energije, koje je osnovano u decembru 2016. godine, postalo je \u010dlan evropske asocijacije WindEurope.\" \/>\n<meta property=\"og:url\" content=\"https:\/\/balkangreenenergynews.com\/rs\/slovenacko-udruzenje-za-energiju-vetra-pristupilo-evropskom-udruzenju-windeurope\/\" \/>\n<meta property=\"og:site_name\" content=\"Balkan Green Energy News\" \/>\n<meta property=\"article:published_time\" content=\"2017-07-18T14:03:42+00:00\" \/>\n<meta property=\"article:modified_time\" content=\"2018-12-07T15:19:03+00:00\" \/>\n<meta property=\"og:image\" content=\"https:\/\/balkangreenenergynews.com\/rs\/wp-content\/uploads\/2017\/07\/wind-turbine-monutains.jpg\" \/>\n\t<meta property=\"og:image:width\" content=\"795\" \/>\n\t<meta property=\"og:image:height\" content=\"407\" \/>\n\t<meta property=\"og:image:type\" content=\"image\/jpeg\" \/>\n<meta name=\"author\" content=\"Balkan Green Energy News\" \/>\n<meta name=\"twitter:card\" content=\"summary_large_image\" \/>\n<meta name=\"twitter:label1\" content=\"\u041d\u0430\u043f\u0438\u0441\u0430\u043d\u043e \u043e\u0434\" \/>\n\t<meta name=\"twitter:data1\" content=\"Balkan Green Energy News\" \/>\n\t<meta name=\"twitter:label2\" content=\"\u041f\u0440\u043e\u0446\u0435\u045a\u0435\u043d\u043e \u0432\u0440\u0435\u043c\u0435 \u0447\u0438\u0442\u0430\u045a\u0430\" \/>\n\t<meta name=\"twitter:data2\" content=\"2 \u043c\u0438\u043d\u0443\u0442\u0430\" \/>\n<script type=\"application\/ld+json\" class=\"yoast-schema-graph\">{\"@context\":\"https:\\\/\\\/schema.org\",\"@graph\":[{\"@type\":\"Article\",\"@id\":\"https:\\\/\\\/balkangreenenergynews.com\\\/rs\\\/slovenacko-udruzenje-za-energiju-vetra-pristupilo-evropskom-udruzenju-windeurope\\\/#article\",\"isPartOf\":{\"@id\":\"https:\\\/\\\/balkangreenenergynews.com\\\/rs\\\/slovenacko-udruzenje-za-energiju-vetra-pristupilo-evropskom-udruzenju-windeurope\\\/\"},\"author\":{\"name\":\"Balkan Green Energy News\",\"@id\":\"https:\\\/\\\/balkangreenenergynews.com\\\/rs\\\/#\\\/schema\\\/person\\\/dee275e6036b1a0f7ceaf956d79d4eff\"},\"headline\":\"Slovena\u010dko udru\u017eenje za energiju vetra pristupilo evropskom udru\u017eenju WindEurope\",\"datePublished\":\"2017-07-18T14:03:42+00:00\",\"dateModified\":\"2018-12-07T15:19:03+00:00\",\"mainEntityOfPage\":{\"@id\":\"https:\\\/\\\/balkangreenenergynews.com\\\/rs\\\/slovenacko-udruzenje-za-energiju-vetra-pristupilo-evropskom-udruzenju-windeurope\\\/\"},\"wordCount\":370,\"commentCount\":0,\"image\":{\"@id\":\"https:\\\/\\\/balkangreenenergynews.com\\\/rs\\\/slovenacko-udruzenje-za-energiju-vetra-pristupilo-evropskom-udruzenju-windeurope\\\/#primaryimage\"},\"thumbnailUrl\":\"https:\\\/\\\/balkangreenenergynews.com\\\/rs\\\/wp-content\\\/uploads\\\/2017\\\/07\\\/wind-turbine-monutains.jpg?wsr\",\"keywords\":[\"energija vetra\",\"vetroelektrane\",\"WindEurope\"],\"articleSection\":[\"OIE\"],\"inLanguage\":\"sr-RS\",\"potentialAction\":[{\"@type\":\"CommentAction\",\"name\":\"Comment\",\"target\":[\"https:\\\/\\\/balkangreenenergynews.com\\\/rs\\\/slovenacko-udruzenje-za-energiju-vetra-pristupilo-evropskom-udruzenju-windeurope\\\/#respond\"]}]},{\"@type\":\"WebPage\",\"@id\":\"https:\\\/\\\/balkangreenenergynews.com\\\/rs\\\/slovenacko-udruzenje-za-energiju-vetra-pristupilo-evropskom-udruzenju-windeurope\\\/\",\"url\":\"https:\\\/\\\/balkangreenenergynews.com\\\/rs\\\/slovenacko-udruzenje-za-energiju-vetra-pristupilo-evropskom-udruzenju-windeurope\\\/\",\"name\":\"Slovena\u010dko udru\u017eenje za energiju vetra pristupilo evropskom udru\u017eenju WindEurope\",\"isPartOf\":{\"@id\":\"https:\\\/\\\/balkangreenenergynews.com\\\/rs\\\/#website\"},\"primaryImageOfPage\":{\"@id\":\"https:\\\/\\\/balkangreenenergynews.com\\\/rs\\\/slovenacko-udruzenje-za-energiju-vetra-pristupilo-evropskom-udruzenju-windeurope\\\/#primaryimage\"},\"image\":{\"@id\":\"https:\\\/\\\/balkangreenenergynews.com\\\/rs\\\/slovenacko-udruzenje-za-energiju-vetra-pristupilo-evropskom-udruzenju-windeurope\\\/#primaryimage\"},\"thumbnailUrl\":\"https:\\\/\\\/balkangreenenergynews.com\\\/rs\\\/wp-content\\\/uploads\\\/2017\\\/07\\\/wind-turbine-monutains.jpg?wsr\",\"datePublished\":\"2017-07-18T14:03:42+00:00\",\"dateModified\":\"2018-12-07T15:19:03+00:00\",\"author\":{\"@id\":\"https:\\\/\\\/balkangreenenergynews.com\\\/rs\\\/#\\\/schema\\\/person\\\/dee275e6036b1a0f7ceaf956d79d4eff\"},\"description\":\"Slovena\u010dko udru\u017eenje za energiju vetra, Giz Vetrne Energije, koje je osnovano u decembru 2016. godine, postalo je \u010dlan evropske asocijacije WindEurope.\",\"breadcrumb\":{\"@id\":\"https:\\\/\\\/balkangreenenergynews.com\\\/rs\\\/slovenacko-udruzenje-za-energiju-vetra-pristupilo-evropskom-udruzenju-windeurope\\\/#breadcrumb\"},\"inLanguage\":\"sr-RS\",\"potentialAction\":[{\"@type\":\"ReadAction\",\"target\":[\"https:\\\/\\\/balkangreenenergynews.com\\\/rs\\\/slovenacko-udruzenje-za-energiju-vetra-pristupilo-evropskom-udruzenju-windeurope\\\/\"]}]},{\"@type\":\"ImageObject\",\"inLanguage\":\"sr-RS\",\"@id\":\"https:\\\/\\\/balkangreenenergynews.com\\\/rs\\\/slovenacko-udruzenje-za-energiju-vetra-pristupilo-evropskom-udruzenju-windeurope\\\/#primaryimage\",\"url\":\"https:\\\/\\\/balkangreenenergynews.com\\\/rs\\\/wp-content\\\/uploads\\\/2017\\\/07\\\/wind-turbine-monutains.jpg?wsr\",\"contentUrl\":\"https:\\\/\\\/balkangreenenergynews.com\\\/rs\\\/wp-content\\\/uploads\\\/2017\\\/07\\\/wind-turbine-monutains.jpg?wsr\",\"width\":795,\"height\":407,\"caption\":\"Slovenacko udruzenje za energiju vetra pristupilo evropskom udruzenju WindEurope\"},{\"@type\":\"BreadcrumbList\",\"@id\":\"https:\\\/\\\/balkangreenenergynews.com\\\/rs\\\/slovenacko-udruzenje-za-energiju-vetra-pristupilo-evropskom-udruzenju-windeurope\\\/#breadcrumb\",\"itemListElement\":[{\"@type\":\"ListItem\",\"position\":1,\"name\":\"Po\u010detna\",\"item\":\"https:\\\/\\\/balkangreenenergynews.com\\\/rs\\\/\"},{\"@type\":\"ListItem\",\"position\":2,\"name\":\"Vesti\",\"item\":\"https:\\\/\\\/balkangreenenergynews.com\\\/rs\\\/kategorija\\\/vesti\\\/\"},{\"@type\":\"ListItem\",\"position\":3,\"name\":\"OIE\",\"item\":\"https:\\\/\\\/balkangreenenergynews.com\\\/rs\\\/kategorija\\\/vesti\\\/obnovljivi-izvori-energije\\\/\"},{\"@type\":\"ListItem\",\"position\":4,\"name\":\"Slovena\u010dko udru\u017eenje za energiju vetra pristupilo evropskom udru\u017eenju WindEurope\"}]},{\"@type\":\"WebSite\",\"@id\":\"https:\\\/\\\/balkangreenenergynews.com\\\/rs\\\/#website\",\"url\":\"https:\\\/\\\/balkangreenenergynews.com\\\/rs\\\/\",\"name\":\"Balkan Green Energy News\",\"description\":\"Naj\u0161iri izbor vesti sa Balkana o zelenoj energiji\",\"potentialAction\":[{\"@type\":\"SearchAction\",\"target\":{\"@type\":\"EntryPoint\",\"urlTemplate\":\"https:\\\/\\\/balkangreenenergynews.com\\\/rs\\\/?s={search_term_string}\"},\"query-input\":{\"@type\":\"PropertyValueSpecification\",\"valueRequired\":true,\"valueName\":\"search_term_string\"}}],\"inLanguage\":\"sr-RS\"},{\"@type\":\"Person\",\"@id\":\"https:\\\/\\\/balkangreenenergynews.com\\\/rs\\\/#\\\/schema\\\/person\\\/dee275e6036b1a0f7ceaf956d79d4eff\",\"name\":\"Balkan Green Energy News\",\"url\":\"https:\\\/\\\/balkangreenenergynews.com\\\/rs\\\/author\\\/balkangreenenergynews\\\/\"}]}<\/script>\n<!-- \/ Yoast SEO plugin. -->","yoast_head_json":{"title":"Slovena\u010dko udru\u017eenje za energiju vetra pristupilo evropskom udru\u017eenju WindEurope","description":"Slovena\u010dko udru\u017eenje za energiju vetra, Giz Vetrne Energije, koje je osnovano u decembru 2016. godine, postalo je \u010dlan evropske asocijacije WindEurope.","robots":{"index":"index","follow":"follow","max-snippet":"max-snippet:-1","max-image-preview":"max-image-preview:large","max-video-preview":"max-video-preview:-1"},"canonical":"https:\/\/balkangreenenergynews.com\/rs\/slovenacko-udruzenje-za-energiju-vetra-pristupilo-evropskom-udruzenju-windeurope\/","og_locale":"sr_RS","og_type":"article","og_title":"Slovena\u010dko udru\u017eenje za energiju vetra pristupilo evropskom udru\u017eenju WindEurope","og_description":"Slovena\u010dko udru\u017eenje za energiju vetra, Giz Vetrne Energije, koje je osnovano u decembru 2016. godine, postalo je \u010dlan evropske asocijacije WindEurope.","og_url":"https:\/\/balkangreenenergynews.com\/rs\/slovenacko-udruzenje-za-energiju-vetra-pristupilo-evropskom-udruzenju-windeurope\/","og_site_name":"Balkan Green Energy News","article_published_time":"2017-07-18T14:03:42+00:00","article_modified_time":"2018-12-07T15:19:03+00:00","og_image":[{"width":795,"height":407,"url":"https:\/\/balkangreenenergynews.com\/rs\/wp-content\/uploads\/2017\/07\/wind-turbine-monutains.jpg","type":"image\/jpeg"}],"author":"Balkan Green Energy News","twitter_card":"summary_large_image","twitter_misc":{"\u041d\u0430\u043f\u0438\u0441\u0430\u043d\u043e \u043e\u0434":"Balkan Green Energy News","\u041f\u0440\u043e\u0446\u0435\u045a\u0435\u043d\u043e \u0432\u0440\u0435\u043c\u0435 \u0447\u0438\u0442\u0430\u045a\u0430":"2 \u043c\u0438\u043d\u0443\u0442\u0430"},"schema":{"@context":"https:\/\/schema.org","@graph":[{"@type":"Article","@id":"https:\/\/balkangreenenergynews.com\/rs\/slovenacko-udruzenje-za-energiju-vetra-pristupilo-evropskom-udruzenju-windeurope\/#article","isPartOf":{"@id":"https:\/\/balkangreenenergynews.com\/rs\/slovenacko-udruzenje-za-energiju-vetra-pristupilo-evropskom-udruzenju-windeurope\/"},"author":{"name":"Balkan Green Energy News","@id":"https:\/\/balkangreenenergynews.com\/rs\/#\/schema\/person\/dee275e6036b1a0f7ceaf956d79d4eff"},"headline":"Slovena\u010dko udru\u017eenje za energiju vetra pristupilo evropskom udru\u017eenju WindEurope","datePublished":"2017-07-18T14:03:42+00:00","dateModified":"2018-12-07T15:19:03+00:00","mainEntityOfPage":{"@id":"https:\/\/balkangreenenergynews.com\/rs\/slovenacko-udruzenje-za-energiju-vetra-pristupilo-evropskom-udruzenju-windeurope\/"},"wordCount":370,"commentCount":0,"image":{"@id":"https:\/\/balkangreenenergynews.com\/rs\/slovenacko-udruzenje-za-energiju-vetra-pristupilo-evropskom-udruzenju-windeurope\/#primaryimage"},"thumbnailUrl":"https:\/\/balkangreenenergynews.com\/rs\/wp-content\/uploads\/2017\/07\/wind-turbine-monutains.jpg?wsr","keywords":["energija vetra","vetroelektrane","WindEurope"],"articleSection":["OIE"],"inLanguage":"sr-RS","potentialAction":[{"@type":"CommentAction","name":"Comment","target":["https:\/\/balkangreenenergynews.com\/rs\/slovenacko-udruzenje-za-energiju-vetra-pristupilo-evropskom-udruzenju-windeurope\/#respond"]}]},{"@type":"WebPage","@id":"https:\/\/balkangreenenergynews.com\/rs\/slovenacko-udruzenje-za-energiju-vetra-pristupilo-evropskom-udruzenju-windeurope\/","url":"https:\/\/balkangreenenergynews.com\/rs\/slovenacko-udruzenje-za-energiju-vetra-pristupilo-evropskom-udruzenju-windeurope\/","name":"Slovena\u010dko udru\u017eenje za energiju vetra pristupilo evropskom udru\u017eenju WindEurope","isPartOf":{"@id":"https:\/\/balkangreenenergynews.com\/rs\/#website"},"primaryImageOfPage":{"@id":"https:\/\/balkangreenenergynews.com\/rs\/slovenacko-udruzenje-za-energiju-vetra-pristupilo-evropskom-udruzenju-windeurope\/#primaryimage"},"image":{"@id":"https:\/\/balkangreenenergynews.com\/rs\/slovenacko-udruzenje-za-energiju-vetra-pristupilo-evropskom-udruzenju-windeurope\/#primaryimage"},"thumbnailUrl":"https:\/\/balkangreenenergynews.com\/rs\/wp-content\/uploads\/2017\/07\/wind-turbine-monutains.jpg?wsr","datePublished":"2017-07-18T14:03:42+00:00","dateModified":"2018-12-07T15:19:03+00:00","author":{"@id":"https:\/\/balkangreenenergynews.com\/rs\/#\/schema\/person\/dee275e6036b1a0f7ceaf956d79d4eff"},"description":"Slovena\u010dko udru\u017eenje za energiju vetra, Giz Vetrne Energije, koje je osnovano u decembru 2016. godine, postalo je \u010dlan evropske asocijacije WindEurope.","breadcrumb":{"@id":"https:\/\/balkangreenenergynews.com\/rs\/slovenacko-udruzenje-za-energiju-vetra-pristupilo-evropskom-udruzenju-windeurope\/#breadcrumb"},"inLanguage":"sr-RS","potentialAction":[{"@type":"ReadAction","target":["https:\/\/balkangreenenergynews.com\/rs\/slovenacko-udruzenje-za-energiju-vetra-pristupilo-evropskom-udruzenju-windeurope\/"]}]},{"@type":"ImageObject","inLanguage":"sr-RS","@id":"https:\/\/balkangreenenergynews.com\/rs\/slovenacko-udruzenje-za-energiju-vetra-pristupilo-evropskom-udruzenju-windeurope\/#primaryimage","url":"https:\/\/balkangreenenergynews.com\/rs\/wp-content\/uploads\/2017\/07\/wind-turbine-monutains.jpg?wsr","contentUrl":"https:\/\/balkangreenenergynews.com\/rs\/wp-content\/uploads\/2017\/07\/wind-turbine-monutains.jpg?wsr","width":795,"height":407,"caption":"Slovenacko udruzenje za energiju vetra pristupilo evropskom udruzenju WindEurope"},{"@type":"BreadcrumbList","@id":"https:\/\/balkangreenenergynews.com\/rs\/slovenacko-udruzenje-za-energiju-vetra-pristupilo-evropskom-udruzenju-windeurope\/#breadcrumb","itemListElement":[{"@type":"ListItem","position":1,"name":"Po\u010detna","item":"https:\/\/balkangreenenergynews.com\/rs\/"},{"@type":"ListItem","position":2,"name":"Vesti","item":"https:\/\/balkangreenenergynews.com\/rs\/kategorija\/vesti\/"},{"@type":"ListItem","position":3,"name":"OIE","item":"https:\/\/balkangreenenergynews.com\/rs\/kategorija\/vesti\/obnovljivi-izvori-energije\/"},{"@type":"ListItem","position":4,"name":"Slovena\u010dko udru\u017eenje za energiju vetra pristupilo evropskom udru\u017eenju WindEurope"}]},{"@type":"WebSite","@id":"https:\/\/balkangreenenergynews.com\/rs\/#website","url":"https:\/\/balkangreenenergynews.com\/rs\/","name":"Balkan Green Energy News","description":"Naj\u0161iri izbor vesti sa Balkana o zelenoj energiji","potentialAction":[{"@type":"SearchAction","target":{"@type":"EntryPoint","urlTemplate":"https:\/\/balkangreenenergynews.com\/rs\/?s={search_term_string}"},"query-input":{"@type":"PropertyValueSpecification","valueRequired":true,"valueName":"search_term_string"}}],"inLanguage":"sr-RS"},{"@type":"Person","@id":"https:\/\/balkangreenenergynews.com\/rs\/#\/schema\/person\/dee275e6036b1a0f7ceaf956d79d4eff","name":"Balkan Green Energy News","url":"https:\/\/balkangreenenergynews.com\/rs\/author\/balkangreenenergynews\/"}]}},"_links":{"self":[{"href":"https:\/\/balkangreenenergynews.com\/rs\/wp-json\/wp\/v2\/posts\/13307","targetHints":{"allow":["GET"]}}],"collection":[{"href":"https:\/\/balkangreenenergynews.com\/rs\/wp-json\/wp\/v2\/posts"}],"about":[{"href":"https:\/\/balkangreenenergynews.com\/rs\/wp-json\/wp\/v2\/types\/post"}],"author":[{"embeddable":true,"href":"https:\/\/balkangreenenergynews.com\/rs\/wp-json\/wp\/v2\/users\/25"}],"replies":[{"embeddable":true,"href":"https:\/\/balkangreenenergynews.com\/rs\/wp-json\/wp\/v2\/comments?post=13307"}],"version-history":[{"count":0,"href":"https:\/\/balkangreenenergynews.com\/rs\/wp-json\/wp\/v2\/posts\/13307\/revisions"}],"wp:featuredmedia":[{"embeddable":true,"href":"https:\/\/balkangreenenergynews.com\/rs\/wp-json\/wp\/v2\/media\/13309"}],"wp:attachment":[{"href":"https:\/\/balkangreenenergynews.com\/rs\/wp-json\/wp\/v2\/media?parent=13307"}],"wp:term":[{"taxonomy":"category","embeddable":true,"href":"https:\/\/balkangreenenergynews.com\/rs\/wp-json\/wp\/v2\/categories?post=13307"},{"taxonomy":"post_tag","embeddable":true,"href":"https:\/\/balkangreenenergynews.com\/rs\/wp-json\/wp\/v2\/tags?post=13307"}],"curies":[{"name":"wp","href":"https:\/\/api.w.org\/{rel}","templated":true}]}}