{"id":13185,"date":"2017-07-12T16:27:05","date_gmt":"2017-07-12T14:27:05","guid":{"rendered":"http:\/\/balkangreenenergynews.com\/rs\/?p=13185"},"modified":"2020-10-30T12:06:19","modified_gmt":"2020-10-30T11:06:19","slug":"podrska-giz-orf-ee-clanicama-energetske-zajednice-u-pripremi-prvih-godisnjih-izvjestaja-o-energetskoj-efikasnosti","status":"publish","type":"post","link":"https:\/\/balkangreenenergynews.com\/rs\/podrska-giz-orf-ee-clanicama-energetske-zajednice-u-pripremi-prvih-godisnjih-izvjestaja-o-energetskoj-efikasnosti\/","title":{"rendered":"Podr\u0161ka GIZ ORF-EE \u010dlanicama Energetske zajednice u pripremi Prvih godi\u0161njih izvje\u0161taja o energetskoj efikasnosti"},"content":{"rendered":"<h2>U okviru sastanka Koordinacijske grupe za energetsku efikasnost (EECG) pri Energetskoj zajednici, odr\u017eanog 28. juna u Be\u010du, razgovarano je o temi pra\u0107enja i izvje\u0161tavanja o izvr\u0161enju obaveza iz EU Direktive o energetskoj efikasnosti (2012\/27\/EU). Primjena ove Direktive postaje obavezna za sve ugovorne strane u Energetskoj zajednici (EnC) od oktobra 2017. godine.<\/h2>\n<p>U okviru sesije se govorilo o potrebama i neophodnim koracima za utvr\u0111ivanje i postavljanje ciljeva za pove\u0107anje energetske efikasnosti koje bi sve ugovorne strane u Energetskoj zajednici trebale posti\u0107i do 2020. godine. Moderatori radnog dijela sastanka su bili predstavnici GIZ ORF-EE projekta, koji su predstavili i obrazac za pra\u0107enje napretka i izvje\u0161tavanje.<\/p>\n<p>Razvijen od strane ORF-EE projekta obrazac je namjenjen \u010dlanicama EnC za pripremu svog Prvog godi\u0161njeg izvje\u0161taja na na\u010din propisan Direktivom o energetskoj efikasnosti (EED). Ovaj dio sastanka je stoga predstavljao i mini radionicu u okviru koje je Armin Teskered\u017ei\u0107, ekspert ispred ORF-EE projekta, ponudio savjete i preporuke za izbor kvalitetnih izvora i na\u010dina prikupljanja podataka koji \u0107e osigurati efektivnu izradu izvje\u0161taja, uz osvrt na osnovne zakonodavne i druge mjere bitne za ispunjenje ciljeva do 2020. godine.<\/p>\n<p>Obrazac je strukturisan tako da obuhvati podatke o stepenu ispunjenja obaveza po svakom relevantnom \u010dlanu Direktive o energetskoj efikasnosti. Pored toga sadr\u017ei i informacije o napretku implementacije u razli\u010ditim sektorima, uklju\u010duju\u0107i i iznose potro\u0161nje primarne i finalne energije.<\/p>\n<p>Obrazac povezuje obavezne elemente izvje\u0161taja sa ciljevima ove direktive i sa mapom puta za njenu implementaciju, kako bi olak\u0161ao prelazak sa ranijeg na\u010dina izvje\u0161tavanja zasnovanog na obavezama definisanim Direktivom o efikasnosti kona\u010dne potro\u0161nje energije i energetskih usluga, na novi na\u010din zasnovan na obavezama koje su definisane u predstoje\u0107oj Direktivi o energetskoj efikasnosti.<\/p>\n<p>Jasna Sekulovi\u0107, voditeljica GIZ ORF-EE projekta, je tom prilikom navela da \u0107e ugovorne strane u Energetskoj zajednici koristiti ovaj obrazac za izradu svih budu\u0107ih obaveznih izvje\u0161taja.<\/p>\n<p>Tokom sastanka Grupe za koordinaciju je zaklju\u010deno da \u0107e projekat ORF-EE u narednom periodu ugovornim stranama u jugoisto\u010dnoj Evropi pru\u017eati i mentorsku podr\u0161ku, sa naglaskom na pripremu ovog izvje\u0161taja i druge relevantne obaveze.<\/p>\n","protected":false},"excerpt":{"rendered":"<p>U okviru sastanka Koordinacijske grupe za energetsku efikasnost (EECG) pri Energetskoj zajednici, odr\u017eanog 28. juna&#8230;<\/p>\n","protected":false},"author":25,"featured_media":9549,"comment_status":"open","ping_status":"closed","sticky":false,"template":"","format":"standard","meta":{"_acf_changed":false,"_monsterinsights_skip_tracking":false,"_monsterinsights_sitenote_active":false,"_monsterinsights_sitenote_note":"","_monsterinsights_sitenote_category":0,"footnotes":""},"categories":[3],"tags":[983,646,648,226,276],"class_list":["post-13185","post","type-post","status-publish","format-standard","has-post-thumbnail","hentry","category-energetska-efikasnost","tag-direktiva-o-energetskoj-efikasnosti","tag-energetska-efikasnost","tag-energetska-zajednica","tag-giz-orf-ee","tag-jasna-sekulovic","country-regioneu"],"acf":[],"yoast_head":"<!-- This site is optimized with the Yoast SEO plugin v27.4 - https:\/\/yoast.com\/product\/yoast-seo-wordpress\/ -->\n<title>Podr\u0161ka GIZ ORF-EE \u010dlanicama Energetske zajednice u pripremi Prvih godi\u0161njih izvje\u0161taja o energetskoj efikasnosti<\/title>\n<meta name=\"description\" content=\"Na sastanku Koordinacijske grupe za EE pri Energetskoj zajednici u Be\u010du razgovarano je o pra\u0107enu i izvje\u0161tavanju o primeni obaveza iz EU Direktive o EE.\" \/>\n<meta name=\"robots\" content=\"index, follow, max-snippet:-1, max-image-preview:large, max-video-preview:-1\" \/>\n<link rel=\"canonical\" href=\"https:\/\/balkangreenenergynews.com\/rs\/podrska-giz-orf-ee-clanicama-energetske-zajednice-u-pripremi-prvih-godisnjih-izvjestaja-o-energetskoj-efikasnosti\/\" \/>\n<meta property=\"og:locale\" content=\"sr_RS\" \/>\n<meta property=\"og:type\" content=\"article\" \/>\n<meta property=\"og:title\" content=\"Podr\u0161ka GIZ ORF-EE \u010dlanicama Energetske zajednice u pripremi Prvih godi\u0161njih izvje\u0161taja o energetskoj efikasnosti\" \/>\n<meta property=\"og:description\" content=\"Na sastanku Koordinacijske grupe za EE pri Energetskoj zajednici u Be\u010du razgovarano je o pra\u0107enu i izvje\u0161tavanju o primeni obaveza iz EU Direktive o EE.\" \/>\n<meta property=\"og:url\" content=\"https:\/\/balkangreenenergynews.com\/rs\/podrska-giz-orf-ee-clanicama-energetske-zajednice-u-pripremi-prvih-godisnjih-izvjestaja-o-energetskoj-efikasnosti\/\" \/>\n<meta property=\"og:site_name\" content=\"Balkan Green Energy News\" \/>\n<meta property=\"article:published_time\" content=\"2017-07-12T14:27:05+00:00\" \/>\n<meta property=\"article:modified_time\" content=\"2020-10-30T11:06:19+00:00\" \/>\n<meta property=\"og:image\" content=\"https:\/\/balkangreenenergynews.com\/rs\/wp-content\/uploads\/2016\/10\/City_795x407.jpg\" \/>\n\t<meta property=\"og:image:width\" content=\"795\" \/>\n\t<meta property=\"og:image:height\" content=\"407\" \/>\n\t<meta property=\"og:image:type\" content=\"image\/jpeg\" \/>\n<meta name=\"author\" content=\"Balkan Green Energy News\" \/>\n<meta name=\"twitter:card\" content=\"summary_large_image\" \/>\n<meta name=\"twitter:label1\" content=\"\u041d\u0430\u043f\u0438\u0441\u0430\u043d\u043e \u043e\u0434\" \/>\n\t<meta name=\"twitter:data1\" content=\"Balkan Green Energy News\" \/>\n\t<meta name=\"twitter:label2\" content=\"\u041f\u0440\u043e\u0446\u0435\u045a\u0435\u043d\u043e \u0432\u0440\u0435\u043c\u0435 \u0447\u0438\u0442\u0430\u045a\u0430\" \/>\n\t<meta name=\"twitter:data2\" content=\"2 \u043c\u0438\u043d\u0443\u0442\u0430\" \/>\n<script type=\"application\/ld+json\" class=\"yoast-schema-graph\">{\"@context\":\"https:\\\/\\\/schema.org\",\"@graph\":[{\"@type\":\"Article\",\"@id\":\"https:\\\/\\\/balkangreenenergynews.com\\\/rs\\\/podrska-giz-orf-ee-clanicama-energetske-zajednice-u-pripremi-prvih-godisnjih-izvjestaja-o-energetskoj-efikasnosti\\\/#article\",\"isPartOf\":{\"@id\":\"https:\\\/\\\/balkangreenenergynews.com\\\/rs\\\/podrska-giz-orf-ee-clanicama-energetske-zajednice-u-pripremi-prvih-godisnjih-izvjestaja-o-energetskoj-efikasnosti\\\/\"},\"author\":{\"name\":\"Balkan Green Energy News\",\"@id\":\"https:\\\/\\\/balkangreenenergynews.com\\\/rs\\\/#\\\/schema\\\/person\\\/dee275e6036b1a0f7ceaf956d79d4eff\"},\"headline\":\"Podr\u0161ka GIZ ORF-EE \u010dlanicama Energetske zajednice u pripremi Prvih godi\u0161njih izvje\u0161taja o energetskoj efikasnosti\",\"datePublished\":\"2017-07-12T14:27:05+00:00\",\"dateModified\":\"2020-10-30T11:06:19+00:00\",\"mainEntityOfPage\":{\"@id\":\"https:\\\/\\\/balkangreenenergynews.com\\\/rs\\\/podrska-giz-orf-ee-clanicama-energetske-zajednice-u-pripremi-prvih-godisnjih-izvjestaja-o-energetskoj-efikasnosti\\\/\"},\"wordCount\":377,\"commentCount\":0,\"image\":{\"@id\":\"https:\\\/\\\/balkangreenenergynews.com\\\/rs\\\/podrska-giz-orf-ee-clanicama-energetske-zajednice-u-pripremi-prvih-godisnjih-izvjestaja-o-energetskoj-efikasnosti\\\/#primaryimage\"},\"thumbnailUrl\":\"https:\\\/\\\/balkangreenenergynews.com\\\/rs\\\/wp-content\\\/uploads\\\/2016\\\/10\\\/City_795x407.jpg?wsr\",\"keywords\":[\"Direktiva o energetskoj efikasnosti\",\"energetska efikasnost\",\"Energetska zajednica\",\"GIZ ORF-EE\",\"Jasna Sekulovi\u0107\"],\"articleSection\":[\"Energetska efikasnost\"],\"inLanguage\":\"sr-RS\",\"potentialAction\":[{\"@type\":\"CommentAction\",\"name\":\"Comment\",\"target\":[\"https:\\\/\\\/balkangreenenergynews.com\\\/rs\\\/podrska-giz-orf-ee-clanicama-energetske-zajednice-u-pripremi-prvih-godisnjih-izvjestaja-o-energetskoj-efikasnosti\\\/#respond\"]}]},{\"@type\":\"WebPage\",\"@id\":\"https:\\\/\\\/balkangreenenergynews.com\\\/rs\\\/podrska-giz-orf-ee-clanicama-energetske-zajednice-u-pripremi-prvih-godisnjih-izvjestaja-o-energetskoj-efikasnosti\\\/\",\"url\":\"https:\\\/\\\/balkangreenenergynews.com\\\/rs\\\/podrska-giz-orf-ee-clanicama-energetske-zajednice-u-pripremi-prvih-godisnjih-izvjestaja-o-energetskoj-efikasnosti\\\/\",\"name\":\"Podr\u0161ka GIZ ORF-EE \u010dlanicama Energetske zajednice u pripremi Prvih godi\u0161njih izvje\u0161taja o energetskoj efikasnosti\",\"isPartOf\":{\"@id\":\"https:\\\/\\\/balkangreenenergynews.com\\\/rs\\\/#website\"},\"primaryImageOfPage\":{\"@id\":\"https:\\\/\\\/balkangreenenergynews.com\\\/rs\\\/podrska-giz-orf-ee-clanicama-energetske-zajednice-u-pripremi-prvih-godisnjih-izvjestaja-o-energetskoj-efikasnosti\\\/#primaryimage\"},\"image\":{\"@id\":\"https:\\\/\\\/balkangreenenergynews.com\\\/rs\\\/podrska-giz-orf-ee-clanicama-energetske-zajednice-u-pripremi-prvih-godisnjih-izvjestaja-o-energetskoj-efikasnosti\\\/#primaryimage\"},\"thumbnailUrl\":\"https:\\\/\\\/balkangreenenergynews.com\\\/rs\\\/wp-content\\\/uploads\\\/2016\\\/10\\\/City_795x407.jpg?wsr\",\"datePublished\":\"2017-07-12T14:27:05+00:00\",\"dateModified\":\"2020-10-30T11:06:19+00:00\",\"author\":{\"@id\":\"https:\\\/\\\/balkangreenenergynews.com\\\/rs\\\/#\\\/schema\\\/person\\\/dee275e6036b1a0f7ceaf956d79d4eff\"},\"description\":\"Na sastanku Koordinacijske grupe za EE pri Energetskoj zajednici u Be\u010du razgovarano je o pra\u0107enu i izvje\u0161tavanju o primeni obaveza iz EU Direktive o EE.\",\"breadcrumb\":{\"@id\":\"https:\\\/\\\/balkangreenenergynews.com\\\/rs\\\/podrska-giz-orf-ee-clanicama-energetske-zajednice-u-pripremi-prvih-godisnjih-izvjestaja-o-energetskoj-efikasnosti\\\/#breadcrumb\"},\"inLanguage\":\"sr-RS\",\"potentialAction\":[{\"@type\":\"ReadAction\",\"target\":[\"https:\\\/\\\/balkangreenenergynews.com\\\/rs\\\/podrska-giz-orf-ee-clanicama-energetske-zajednice-u-pripremi-prvih-godisnjih-izvjestaja-o-energetskoj-efikasnosti\\\/\"]}]},{\"@type\":\"ImageObject\",\"inLanguage\":\"sr-RS\",\"@id\":\"https:\\\/\\\/balkangreenenergynews.com\\\/rs\\\/podrska-giz-orf-ee-clanicama-energetske-zajednice-u-pripremi-prvih-godisnjih-izvjestaja-o-energetskoj-efikasnosti\\\/#primaryimage\",\"url\":\"https:\\\/\\\/balkangreenenergynews.com\\\/rs\\\/wp-content\\\/uploads\\\/2016\\\/10\\\/City_795x407.jpg?wsr\",\"contentUrl\":\"https:\\\/\\\/balkangreenenergynews.com\\\/rs\\\/wp-content\\\/uploads\\\/2016\\\/10\\\/City_795x407.jpg?wsr\",\"width\":795,\"height\":407,\"caption\":\"Ministarstvo energetike GEF energetska efikasnost\"},{\"@type\":\"BreadcrumbList\",\"@id\":\"https:\\\/\\\/balkangreenenergynews.com\\\/rs\\\/podrska-giz-orf-ee-clanicama-energetske-zajednice-u-pripremi-prvih-godisnjih-izvjestaja-o-energetskoj-efikasnosti\\\/#breadcrumb\",\"itemListElement\":[{\"@type\":\"ListItem\",\"position\":1,\"name\":\"Po\u010detna\",\"item\":\"https:\\\/\\\/balkangreenenergynews.com\\\/rs\\\/\"},{\"@type\":\"ListItem\",\"position\":2,\"name\":\"GIZ ORF-EE\",\"item\":\"https:\\\/\\\/balkangreenenergynews.com\\\/rs\\\/kategorija\\\/giz-orf-ee\\\/\"},{\"@type\":\"ListItem\",\"position\":3,\"name\":\"Podr\u0161ka GIZ ORF-EE \u010dlanicama Energetske zajednice u pripremi Prvih godi\u0161njih izvje\u0161taja o energetskoj efikasnosti\"}]},{\"@type\":\"WebSite\",\"@id\":\"https:\\\/\\\/balkangreenenergynews.com\\\/rs\\\/#website\",\"url\":\"https:\\\/\\\/balkangreenenergynews.com\\\/rs\\\/\",\"name\":\"Balkan Green Energy News\",\"description\":\"Naj\u0161iri izbor vesti sa Balkana o zelenoj energiji\",\"potentialAction\":[{\"@type\":\"SearchAction\",\"target\":{\"@type\":\"EntryPoint\",\"urlTemplate\":\"https:\\\/\\\/balkangreenenergynews.com\\\/rs\\\/?s={search_term_string}\"},\"query-input\":{\"@type\":\"PropertyValueSpecification\",\"valueRequired\":true,\"valueName\":\"search_term_string\"}}],\"inLanguage\":\"sr-RS\"},{\"@type\":\"Person\",\"@id\":\"https:\\\/\\\/balkangreenenergynews.com\\\/rs\\\/#\\\/schema\\\/person\\\/dee275e6036b1a0f7ceaf956d79d4eff\",\"name\":\"Balkan Green Energy News\",\"url\":\"https:\\\/\\\/balkangreenenergynews.com\\\/rs\\\/author\\\/balkangreenenergynews\\\/\"}]}<\/script>\n<!-- \/ Yoast SEO plugin. -->","yoast_head_json":{"title":"Podr\u0161ka GIZ ORF-EE \u010dlanicama Energetske zajednice u pripremi Prvih godi\u0161njih izvje\u0161taja o energetskoj efikasnosti","description":"Na sastanku Koordinacijske grupe za EE pri Energetskoj zajednici u Be\u010du razgovarano je o pra\u0107enu i izvje\u0161tavanju o primeni obaveza iz EU Direktive o EE.","robots":{"index":"index","follow":"follow","max-snippet":"max-snippet:-1","max-image-preview":"max-image-preview:large","max-video-preview":"max-video-preview:-1"},"canonical":"https:\/\/balkangreenenergynews.com\/rs\/podrska-giz-orf-ee-clanicama-energetske-zajednice-u-pripremi-prvih-godisnjih-izvjestaja-o-energetskoj-efikasnosti\/","og_locale":"sr_RS","og_type":"article","og_title":"Podr\u0161ka GIZ ORF-EE \u010dlanicama Energetske zajednice u pripremi Prvih godi\u0161njih izvje\u0161taja o energetskoj efikasnosti","og_description":"Na sastanku Koordinacijske grupe za EE pri Energetskoj zajednici u Be\u010du razgovarano je o pra\u0107enu i izvje\u0161tavanju o primeni obaveza iz EU Direktive o EE.","og_url":"https:\/\/balkangreenenergynews.com\/rs\/podrska-giz-orf-ee-clanicama-energetske-zajednice-u-pripremi-prvih-godisnjih-izvjestaja-o-energetskoj-efikasnosti\/","og_site_name":"Balkan Green Energy News","article_published_time":"2017-07-12T14:27:05+00:00","article_modified_time":"2020-10-30T11:06:19+00:00","og_image":[{"width":795,"height":407,"url":"https:\/\/balkangreenenergynews.com\/rs\/wp-content\/uploads\/2016\/10\/City_795x407.jpg","type":"image\/jpeg"}],"author":"Balkan Green Energy News","twitter_card":"summary_large_image","twitter_misc":{"\u041d\u0430\u043f\u0438\u0441\u0430\u043d\u043e \u043e\u0434":"Balkan Green Energy News","\u041f\u0440\u043e\u0446\u0435\u045a\u0435\u043d\u043e \u0432\u0440\u0435\u043c\u0435 \u0447\u0438\u0442\u0430\u045a\u0430":"2 \u043c\u0438\u043d\u0443\u0442\u0430"},"schema":{"@context":"https:\/\/schema.org","@graph":[{"@type":"Article","@id":"https:\/\/balkangreenenergynews.com\/rs\/podrska-giz-orf-ee-clanicama-energetske-zajednice-u-pripremi-prvih-godisnjih-izvjestaja-o-energetskoj-efikasnosti\/#article","isPartOf":{"@id":"https:\/\/balkangreenenergynews.com\/rs\/podrska-giz-orf-ee-clanicama-energetske-zajednice-u-pripremi-prvih-godisnjih-izvjestaja-o-energetskoj-efikasnosti\/"},"author":{"name":"Balkan Green Energy News","@id":"https:\/\/balkangreenenergynews.com\/rs\/#\/schema\/person\/dee275e6036b1a0f7ceaf956d79d4eff"},"headline":"Podr\u0161ka GIZ ORF-EE \u010dlanicama Energetske zajednice u pripremi Prvih godi\u0161njih izvje\u0161taja o energetskoj efikasnosti","datePublished":"2017-07-12T14:27:05+00:00","dateModified":"2020-10-30T11:06:19+00:00","mainEntityOfPage":{"@id":"https:\/\/balkangreenenergynews.com\/rs\/podrska-giz-orf-ee-clanicama-energetske-zajednice-u-pripremi-prvih-godisnjih-izvjestaja-o-energetskoj-efikasnosti\/"},"wordCount":377,"commentCount":0,"image":{"@id":"https:\/\/balkangreenenergynews.com\/rs\/podrska-giz-orf-ee-clanicama-energetske-zajednice-u-pripremi-prvih-godisnjih-izvjestaja-o-energetskoj-efikasnosti\/#primaryimage"},"thumbnailUrl":"https:\/\/balkangreenenergynews.com\/rs\/wp-content\/uploads\/2016\/10\/City_795x407.jpg?wsr","keywords":["Direktiva o energetskoj efikasnosti","energetska efikasnost","Energetska zajednica","GIZ ORF-EE","Jasna Sekulovi\u0107"],"articleSection":["Energetska efikasnost"],"inLanguage":"sr-RS","potentialAction":[{"@type":"CommentAction","name":"Comment","target":["https:\/\/balkangreenenergynews.com\/rs\/podrska-giz-orf-ee-clanicama-energetske-zajednice-u-pripremi-prvih-godisnjih-izvjestaja-o-energetskoj-efikasnosti\/#respond"]}]},{"@type":"WebPage","@id":"https:\/\/balkangreenenergynews.com\/rs\/podrska-giz-orf-ee-clanicama-energetske-zajednice-u-pripremi-prvih-godisnjih-izvjestaja-o-energetskoj-efikasnosti\/","url":"https:\/\/balkangreenenergynews.com\/rs\/podrska-giz-orf-ee-clanicama-energetske-zajednice-u-pripremi-prvih-godisnjih-izvjestaja-o-energetskoj-efikasnosti\/","name":"Podr\u0161ka GIZ ORF-EE \u010dlanicama Energetske zajednice u pripremi Prvih godi\u0161njih izvje\u0161taja o energetskoj efikasnosti","isPartOf":{"@id":"https:\/\/balkangreenenergynews.com\/rs\/#website"},"primaryImageOfPage":{"@id":"https:\/\/balkangreenenergynews.com\/rs\/podrska-giz-orf-ee-clanicama-energetske-zajednice-u-pripremi-prvih-godisnjih-izvjestaja-o-energetskoj-efikasnosti\/#primaryimage"},"image":{"@id":"https:\/\/balkangreenenergynews.com\/rs\/podrska-giz-orf-ee-clanicama-energetske-zajednice-u-pripremi-prvih-godisnjih-izvjestaja-o-energetskoj-efikasnosti\/#primaryimage"},"thumbnailUrl":"https:\/\/balkangreenenergynews.com\/rs\/wp-content\/uploads\/2016\/10\/City_795x407.jpg?wsr","datePublished":"2017-07-12T14:27:05+00:00","dateModified":"2020-10-30T11:06:19+00:00","author":{"@id":"https:\/\/balkangreenenergynews.com\/rs\/#\/schema\/person\/dee275e6036b1a0f7ceaf956d79d4eff"},"description":"Na sastanku Koordinacijske grupe za EE pri Energetskoj zajednici u Be\u010du razgovarano je o pra\u0107enu i izvje\u0161tavanju o primeni obaveza iz EU Direktive o EE.","breadcrumb":{"@id":"https:\/\/balkangreenenergynews.com\/rs\/podrska-giz-orf-ee-clanicama-energetske-zajednice-u-pripremi-prvih-godisnjih-izvjestaja-o-energetskoj-efikasnosti\/#breadcrumb"},"inLanguage":"sr-RS","potentialAction":[{"@type":"ReadAction","target":["https:\/\/balkangreenenergynews.com\/rs\/podrska-giz-orf-ee-clanicama-energetske-zajednice-u-pripremi-prvih-godisnjih-izvjestaja-o-energetskoj-efikasnosti\/"]}]},{"@type":"ImageObject","inLanguage":"sr-RS","@id":"https:\/\/balkangreenenergynews.com\/rs\/podrska-giz-orf-ee-clanicama-energetske-zajednice-u-pripremi-prvih-godisnjih-izvjestaja-o-energetskoj-efikasnosti\/#primaryimage","url":"https:\/\/balkangreenenergynews.com\/rs\/wp-content\/uploads\/2016\/10\/City_795x407.jpg?wsr","contentUrl":"https:\/\/balkangreenenergynews.com\/rs\/wp-content\/uploads\/2016\/10\/City_795x407.jpg?wsr","width":795,"height":407,"caption":"Ministarstvo energetike GEF energetska efikasnost"},{"@type":"BreadcrumbList","@id":"https:\/\/balkangreenenergynews.com\/rs\/podrska-giz-orf-ee-clanicama-energetske-zajednice-u-pripremi-prvih-godisnjih-izvjestaja-o-energetskoj-efikasnosti\/#breadcrumb","itemListElement":[{"@type":"ListItem","position":1,"name":"Po\u010detna","item":"https:\/\/balkangreenenergynews.com\/rs\/"},{"@type":"ListItem","position":2,"name":"GIZ ORF-EE","item":"https:\/\/balkangreenenergynews.com\/rs\/kategorija\/giz-orf-ee\/"},{"@type":"ListItem","position":3,"name":"Podr\u0161ka GIZ ORF-EE \u010dlanicama Energetske zajednice u pripremi Prvih godi\u0161njih izvje\u0161taja o energetskoj efikasnosti"}]},{"@type":"WebSite","@id":"https:\/\/balkangreenenergynews.com\/rs\/#website","url":"https:\/\/balkangreenenergynews.com\/rs\/","name":"Balkan Green Energy News","description":"Naj\u0161iri izbor vesti sa Balkana o zelenoj energiji","potentialAction":[{"@type":"SearchAction","target":{"@type":"EntryPoint","urlTemplate":"https:\/\/balkangreenenergynews.com\/rs\/?s={search_term_string}"},"query-input":{"@type":"PropertyValueSpecification","valueRequired":true,"valueName":"search_term_string"}}],"inLanguage":"sr-RS"},{"@type":"Person","@id":"https:\/\/balkangreenenergynews.com\/rs\/#\/schema\/person\/dee275e6036b1a0f7ceaf956d79d4eff","name":"Balkan Green Energy News","url":"https:\/\/balkangreenenergynews.com\/rs\/author\/balkangreenenergynews\/"}]}},"_links":{"self":[{"href":"https:\/\/balkangreenenergynews.com\/rs\/wp-json\/wp\/v2\/posts\/13185","targetHints":{"allow":["GET"]}}],"collection":[{"href":"https:\/\/balkangreenenergynews.com\/rs\/wp-json\/wp\/v2\/posts"}],"about":[{"href":"https:\/\/balkangreenenergynews.com\/rs\/wp-json\/wp\/v2\/types\/post"}],"author":[{"embeddable":true,"href":"https:\/\/balkangreenenergynews.com\/rs\/wp-json\/wp\/v2\/users\/25"}],"replies":[{"embeddable":true,"href":"https:\/\/balkangreenenergynews.com\/rs\/wp-json\/wp\/v2\/comments?post=13185"}],"version-history":[{"count":0,"href":"https:\/\/balkangreenenergynews.com\/rs\/wp-json\/wp\/v2\/posts\/13185\/revisions"}],"wp:featuredmedia":[{"embeddable":true,"href":"https:\/\/balkangreenenergynews.com\/rs\/wp-json\/wp\/v2\/media\/9549"}],"wp:attachment":[{"href":"https:\/\/balkangreenenergynews.com\/rs\/wp-json\/wp\/v2\/media?parent=13185"}],"wp:term":[{"taxonomy":"category","embeddable":true,"href":"https:\/\/balkangreenenergynews.com\/rs\/wp-json\/wp\/v2\/categories?post=13185"},{"taxonomy":"post_tag","embeddable":true,"href":"https:\/\/balkangreenenergynews.com\/rs\/wp-json\/wp\/v2\/tags?post=13185"}],"curies":[{"name":"wp","href":"https:\/\/api.w.org\/{rel}","templated":true}]}}