{"id":12646,"date":"2017-06-15T10:15:43","date_gmt":"2017-06-15T08:15:43","guid":{"rendered":"http:\/\/balkangreenenergynews.com\/rs\/?p=12646"},"modified":"2018-12-07T15:58:10","modified_gmt":"2018-12-07T14:58:10","slug":"mk-fintel-wind-obelezio-pocetak-radova-na-izgradnji-vetroparka-kosava-kod-vrsca","status":"publish","type":"post","link":"https:\/\/balkangreenenergynews.com\/rs\/mk-fintel-wind-obelezio-pocetak-radova-na-izgradnji-vetroparka-kosava-kod-vrsca\/","title":{"rendered":"MK Fintel vind obele\u017eio po\u010detak radova na izgradnji vetroparka Ko\u0161ava kod Vr\u0161ca"},"content":{"rendered":"<h2>Kompanija MK Fintel vind po\u010dela je radove na izgradnji svog tre\u0107eg, i ujedno najve\u0107eg, vetroparka u Srbiji nedaleko od Vr\u0161ca. Prva faza izgradnje ovog vetroparka, pod nazivom Ko\u0161ava, \u0107e ko\u0161tati oko 124 milion evra a radovi treba da budu zavr\u0161eni do kraja 2018. godine.<\/h2>\n<p>MK Fintel vind, u kojoj vlasni\u010dki udeo ima MK Grupa Miodraga Kosti\u0107a, planira da izgradi 20 vetrenja\u010da ukupne instalisane snage 69 megavata koje \u0107e elektri\u010dnom energijom snabdevati oko 40.000 doma\u0107instava.<\/p>\n<p>Direktor MK Fintel vind i firme Fintel Energia spa Ticijano \u0110ovaneti je izjavio na sve\u010danosti povodom po\u010detka radova da je vetropark Ko\u0161ava najve\u0107a investicija te kompanije u obnovljive izvore energije u Srbiji. On je rekao da kompanija planira da nastavi da investira u Srbiji uz anga\u017eovanja doma\u010dih firmi i radnika.<\/p>\n<p>\u0110ovaneti je rekao da \u0107e druga faza izgradnje ko\u0161tati ne\u0161t vi\u0161e od 100 milion evra, dodaju\u0107i da se u toj fazi planira izgradnja jo\u0161 19 vetrenja\u010da.<\/p>\n<p>MK Fintel vind je pre nekoliko nedelja saop\u0161tila da je pokrenula postupak prodaje svojih akcija na Beogradskoj berzi i da \u0107e tako postati prvi snabdeva\u010d takozvanje zelene energije u Srbiji koji \u0107e se pojaviti na berzi. Prodaja akcija treba da po\u010dne do kraja godine a novac sakupljen prodajom treba da se investira u po\u010detnu fazu izgradnje vetroparka Ko\u0161ava .<\/p>\n<p>Inicijalna ponuda an Beogradskoj berzi \u0107e biti izme\u0111u 20% i 40% svih akcija u kompaniji MK Fintel vind.<\/p>\n<p>Sve\u010danosti je prisustvovao i ministar rudarstva i energetike Aleksandar Anti\u0107 koji je rekao da \u0107e ovaj projekat pomo\u0107i Srbiji da dostigne cilj od 27% energije iz obnovljivih izvora do 2020. godine kako je odre\u0111eno nacionalnim akcionim planom. On je rekao da Srbija sada proizvodi 23% ukupne energije iz obnovljivih izvora i da su u toku projekti izgradnje kapaciteta za proizvodnju zelene energije ukupne snage od 500 megavata.<\/p>\n<p>MK Fintel vind ima dva vetroparka u Vojvodini \u2013 postrojenje Kula nedaleko od Kule i <a href=\"https:\/\/balkangreenenergynews.com\/rs\/otvoren-vetropark-la-piccolina-kod-vrsca\/\">La Pikolina<\/a> kod Vr\u0161ca.<\/p>\n","protected":false},"excerpt":{"rendered":"<p>Kompanija MK Fintel vind po\u010dela je radove na izgradnji svog tre\u0107eg, i ujedno najve\u0107eg, vetroparka&#8230;<\/p>\n","protected":false},"author":22,"featured_media":12653,"comment_status":"open","ping_status":"closed","sticky":false,"template":"","format":"standard","meta":{"_acf_changed":false,"_monsterinsights_skip_tracking":false,"_monsterinsights_sitenote_active":false,"_monsterinsights_sitenote_note":"","_monsterinsights_sitenote_category":0,"footnotes":""},"categories":[1],"tags":[],"class_list":["post-12646","post","type-post","status-publish","format-standard","has-post-thumbnail","hentry","category-obnovljivi-izvori-energije","country-srbija"],"acf":[],"yoast_head":"<!-- This site is optimized with the Yoast SEO plugin v27.4 - https:\/\/yoast.com\/product\/yoast-seo-wordpress\/ -->\n<title>MK Fintel vind obele\u017eio po\u010detak radova na izgradnji vetroparka Ko\u0161ava kod Vr\u0161ca<\/title>\n<meta name=\"description\" content=\"Kompanija MK Fintel vind po\u010dela radova na prvoj fazi izgradnje vetroparka Ko\u0161ava kod Vr\u0161ca koja \u0107e ko\u0161tati oko 120 miliona evra.\" \/>\n<meta name=\"robots\" content=\"index, follow, max-snippet:-1, max-image-preview:large, max-video-preview:-1\" \/>\n<link rel=\"canonical\" href=\"https:\/\/balkangreenenergynews.com\/rs\/mk-fintel-wind-obelezio-pocetak-radova-na-izgradnji-vetroparka-kosava-kod-vrsca\/\" \/>\n<meta property=\"og:locale\" content=\"sr_RS\" \/>\n<meta property=\"og:type\" content=\"article\" \/>\n<meta property=\"og:title\" content=\"MK Fintel vind obele\u017eio po\u010detak radova na izgradnji vetroparka Ko\u0161ava kod Vr\u0161ca\" \/>\n<meta property=\"og:description\" content=\"Kompanija MK Fintel vind po\u010dela radova na prvoj fazi izgradnje vetroparka Ko\u0161ava kod Vr\u0161ca koja \u0107e ko\u0161tati oko 120 miliona evra.\" \/>\n<meta property=\"og:url\" content=\"https:\/\/balkangreenenergynews.com\/rs\/mk-fintel-wind-obelezio-pocetak-radova-na-izgradnji-vetroparka-kosava-kod-vrsca\/\" \/>\n<meta property=\"og:site_name\" content=\"Balkan Green Energy News\" \/>\n<meta property=\"article:published_time\" content=\"2017-06-15T08:15:43+00:00\" \/>\n<meta property=\"article:modified_time\" content=\"2018-12-07T14:58:10+00:00\" \/>\n<meta property=\"og:image\" content=\"https:\/\/balkangreenenergynews.com\/rs\/wp-content\/uploads\/2017\/06\/Vremenska-kapsula.jpg\" \/>\n\t<meta property=\"og:image:width\" content=\"1024\" \/>\n\t<meta property=\"og:image:height\" content=\"682\" \/>\n\t<meta property=\"og:image:type\" content=\"image\/jpeg\" \/>\n<meta name=\"author\" content=\"Branislava Jovi\u010di\u0107\" \/>\n<meta name=\"twitter:card\" content=\"summary_large_image\" \/>\n<meta name=\"twitter:label1\" content=\"\u041d\u0430\u043f\u0438\u0441\u0430\u043d\u043e \u043e\u0434\" \/>\n\t<meta name=\"twitter:data1\" content=\"Branislava Jovi\u010di\u0107\" \/>\n\t<meta name=\"twitter:label2\" content=\"\u041f\u0440\u043e\u0446\u0435\u045a\u0435\u043d\u043e \u0432\u0440\u0435\u043c\u0435 \u0447\u0438\u0442\u0430\u045a\u0430\" \/>\n\t<meta name=\"twitter:data2\" content=\"2 \u043c\u0438\u043d\u0443\u0442\u0430\" \/>\n<script type=\"application\/ld+json\" class=\"yoast-schema-graph\">{\"@context\":\"https:\\\/\\\/schema.org\",\"@graph\":[{\"@type\":\"Article\",\"@id\":\"https:\\\/\\\/balkangreenenergynews.com\\\/rs\\\/mk-fintel-wind-obelezio-pocetak-radova-na-izgradnji-vetroparka-kosava-kod-vrsca\\\/#article\",\"isPartOf\":{\"@id\":\"https:\\\/\\\/balkangreenenergynews.com\\\/rs\\\/mk-fintel-wind-obelezio-pocetak-radova-na-izgradnji-vetroparka-kosava-kod-vrsca\\\/\"},\"author\":{\"name\":\"Branislava Jovi\u010di\u0107\",\"@id\":\"https:\\\/\\\/balkangreenenergynews.com\\\/rs\\\/#\\\/schema\\\/person\\\/04e01a22da150af106ed3a7dc6d5996a\"},\"headline\":\"MK Fintel vind obele\u017eio po\u010detak radova na izgradnji vetroparka Ko\u0161ava kod Vr\u0161ca\",\"datePublished\":\"2017-06-15T08:15:43+00:00\",\"dateModified\":\"2018-12-07T14:58:10+00:00\",\"mainEntityOfPage\":{\"@id\":\"https:\\\/\\\/balkangreenenergynews.com\\\/rs\\\/mk-fintel-wind-obelezio-pocetak-radova-na-izgradnji-vetroparka-kosava-kod-vrsca\\\/\"},\"wordCount\":346,\"commentCount\":0,\"image\":{\"@id\":\"https:\\\/\\\/balkangreenenergynews.com\\\/rs\\\/mk-fintel-wind-obelezio-pocetak-radova-na-izgradnji-vetroparka-kosava-kod-vrsca\\\/#primaryimage\"},\"thumbnailUrl\":\"https:\\\/\\\/balkangreenenergynews.com\\\/rs\\\/wp-content\\\/uploads\\\/2017\\\/06\\\/Vremenska-kapsula.jpg?wsr\",\"articleSection\":[\"OIE\"],\"inLanguage\":\"sr-RS\",\"potentialAction\":[{\"@type\":\"CommentAction\",\"name\":\"Comment\",\"target\":[\"https:\\\/\\\/balkangreenenergynews.com\\\/rs\\\/mk-fintel-wind-obelezio-pocetak-radova-na-izgradnji-vetroparka-kosava-kod-vrsca\\\/#respond\"]}]},{\"@type\":\"WebPage\",\"@id\":\"https:\\\/\\\/balkangreenenergynews.com\\\/rs\\\/mk-fintel-wind-obelezio-pocetak-radova-na-izgradnji-vetroparka-kosava-kod-vrsca\\\/\",\"url\":\"https:\\\/\\\/balkangreenenergynews.com\\\/rs\\\/mk-fintel-wind-obelezio-pocetak-radova-na-izgradnji-vetroparka-kosava-kod-vrsca\\\/\",\"name\":\"MK Fintel vind obele\u017eio po\u010detak radova na izgradnji vetroparka Ko\u0161ava kod Vr\u0161ca\",\"isPartOf\":{\"@id\":\"https:\\\/\\\/balkangreenenergynews.com\\\/rs\\\/#website\"},\"primaryImageOfPage\":{\"@id\":\"https:\\\/\\\/balkangreenenergynews.com\\\/rs\\\/mk-fintel-wind-obelezio-pocetak-radova-na-izgradnji-vetroparka-kosava-kod-vrsca\\\/#primaryimage\"},\"image\":{\"@id\":\"https:\\\/\\\/balkangreenenergynews.com\\\/rs\\\/mk-fintel-wind-obelezio-pocetak-radova-na-izgradnji-vetroparka-kosava-kod-vrsca\\\/#primaryimage\"},\"thumbnailUrl\":\"https:\\\/\\\/balkangreenenergynews.com\\\/rs\\\/wp-content\\\/uploads\\\/2017\\\/06\\\/Vremenska-kapsula.jpg?wsr\",\"datePublished\":\"2017-06-15T08:15:43+00:00\",\"dateModified\":\"2018-12-07T14:58:10+00:00\",\"author\":{\"@id\":\"https:\\\/\\\/balkangreenenergynews.com\\\/rs\\\/#\\\/schema\\\/person\\\/04e01a22da150af106ed3a7dc6d5996a\"},\"description\":\"Kompanija MK Fintel vind po\u010dela radova na prvoj fazi izgradnje vetroparka Ko\u0161ava kod Vr\u0161ca koja \u0107e ko\u0161tati oko 120 miliona evra.\",\"breadcrumb\":{\"@id\":\"https:\\\/\\\/balkangreenenergynews.com\\\/rs\\\/mk-fintel-wind-obelezio-pocetak-radova-na-izgradnji-vetroparka-kosava-kod-vrsca\\\/#breadcrumb\"},\"inLanguage\":\"sr-RS\",\"potentialAction\":[{\"@type\":\"ReadAction\",\"target\":[\"https:\\\/\\\/balkangreenenergynews.com\\\/rs\\\/mk-fintel-wind-obelezio-pocetak-radova-na-izgradnji-vetroparka-kosava-kod-vrsca\\\/\"]}]},{\"@type\":\"ImageObject\",\"inLanguage\":\"sr-RS\",\"@id\":\"https:\\\/\\\/balkangreenenergynews.com\\\/rs\\\/mk-fintel-wind-obelezio-pocetak-radova-na-izgradnji-vetroparka-kosava-kod-vrsca\\\/#primaryimage\",\"url\":\"https:\\\/\\\/balkangreenenergynews.com\\\/rs\\\/wp-content\\\/uploads\\\/2017\\\/06\\\/Vremenska-kapsula.jpg?wsr\",\"contentUrl\":\"https:\\\/\\\/balkangreenenergynews.com\\\/rs\\\/wp-content\\\/uploads\\\/2017\\\/06\\\/Vremenska-kapsula.jpg?wsr\",\"width\":1024,\"height\":682},{\"@type\":\"BreadcrumbList\",\"@id\":\"https:\\\/\\\/balkangreenenergynews.com\\\/rs\\\/mk-fintel-wind-obelezio-pocetak-radova-na-izgradnji-vetroparka-kosava-kod-vrsca\\\/#breadcrumb\",\"itemListElement\":[{\"@type\":\"ListItem\",\"position\":1,\"name\":\"Po\u010detna\",\"item\":\"https:\\\/\\\/balkangreenenergynews.com\\\/rs\\\/\"},{\"@type\":\"ListItem\",\"position\":2,\"name\":\"Vesti\",\"item\":\"https:\\\/\\\/balkangreenenergynews.com\\\/rs\\\/kategorija\\\/vesti\\\/\"},{\"@type\":\"ListItem\",\"position\":3,\"name\":\"OIE\",\"item\":\"https:\\\/\\\/balkangreenenergynews.com\\\/rs\\\/kategorija\\\/vesti\\\/obnovljivi-izvori-energije\\\/\"},{\"@type\":\"ListItem\",\"position\":4,\"name\":\"MK Fintel vind obele\u017eio po\u010detak radova na izgradnji vetroparka Ko\u0161ava kod Vr\u0161ca\"}]},{\"@type\":\"WebSite\",\"@id\":\"https:\\\/\\\/balkangreenenergynews.com\\\/rs\\\/#website\",\"url\":\"https:\\\/\\\/balkangreenenergynews.com\\\/rs\\\/\",\"name\":\"Balkan Green Energy News\",\"description\":\"Naj\u0161iri izbor vesti sa Balkana o zelenoj energiji\",\"potentialAction\":[{\"@type\":\"SearchAction\",\"target\":{\"@type\":\"EntryPoint\",\"urlTemplate\":\"https:\\\/\\\/balkangreenenergynews.com\\\/rs\\\/?s={search_term_string}\"},\"query-input\":{\"@type\":\"PropertyValueSpecification\",\"valueRequired\":true,\"valueName\":\"search_term_string\"}}],\"inLanguage\":\"sr-RS\"},{\"@type\":\"Person\",\"@id\":\"https:\\\/\\\/balkangreenenergynews.com\\\/rs\\\/#\\\/schema\\\/person\\\/04e01a22da150af106ed3a7dc6d5996a\",\"name\":\"Branislava Jovi\u010di\u0107\",\"url\":\"https:\\\/\\\/balkangreenenergynews.com\\\/rs\\\/author\\\/bgenrs\\\/\"}]}<\/script>\n<!-- \/ Yoast SEO plugin. -->","yoast_head_json":{"title":"MK Fintel vind obele\u017eio po\u010detak radova na izgradnji vetroparka Ko\u0161ava kod Vr\u0161ca","description":"Kompanija MK Fintel vind po\u010dela radova na prvoj fazi izgradnje vetroparka Ko\u0161ava kod Vr\u0161ca koja \u0107e ko\u0161tati oko 120 miliona evra.","robots":{"index":"index","follow":"follow","max-snippet":"max-snippet:-1","max-image-preview":"max-image-preview:large","max-video-preview":"max-video-preview:-1"},"canonical":"https:\/\/balkangreenenergynews.com\/rs\/mk-fintel-wind-obelezio-pocetak-radova-na-izgradnji-vetroparka-kosava-kod-vrsca\/","og_locale":"sr_RS","og_type":"article","og_title":"MK Fintel vind obele\u017eio po\u010detak radova na izgradnji vetroparka Ko\u0161ava kod Vr\u0161ca","og_description":"Kompanija MK Fintel vind po\u010dela radova na prvoj fazi izgradnje vetroparka Ko\u0161ava kod Vr\u0161ca koja \u0107e ko\u0161tati oko 120 miliona evra.","og_url":"https:\/\/balkangreenenergynews.com\/rs\/mk-fintel-wind-obelezio-pocetak-radova-na-izgradnji-vetroparka-kosava-kod-vrsca\/","og_site_name":"Balkan Green Energy News","article_published_time":"2017-06-15T08:15:43+00:00","article_modified_time":"2018-12-07T14:58:10+00:00","og_image":[{"width":1024,"height":682,"url":"https:\/\/balkangreenenergynews.com\/rs\/wp-content\/uploads\/2017\/06\/Vremenska-kapsula.jpg","type":"image\/jpeg"}],"author":"Branislava Jovi\u010di\u0107","twitter_card":"summary_large_image","twitter_misc":{"\u041d\u0430\u043f\u0438\u0441\u0430\u043d\u043e \u043e\u0434":"Branislava Jovi\u010di\u0107","\u041f\u0440\u043e\u0446\u0435\u045a\u0435\u043d\u043e \u0432\u0440\u0435\u043c\u0435 \u0447\u0438\u0442\u0430\u045a\u0430":"2 \u043c\u0438\u043d\u0443\u0442\u0430"},"schema":{"@context":"https:\/\/schema.org","@graph":[{"@type":"Article","@id":"https:\/\/balkangreenenergynews.com\/rs\/mk-fintel-wind-obelezio-pocetak-radova-na-izgradnji-vetroparka-kosava-kod-vrsca\/#article","isPartOf":{"@id":"https:\/\/balkangreenenergynews.com\/rs\/mk-fintel-wind-obelezio-pocetak-radova-na-izgradnji-vetroparka-kosava-kod-vrsca\/"},"author":{"name":"Branislava Jovi\u010di\u0107","@id":"https:\/\/balkangreenenergynews.com\/rs\/#\/schema\/person\/04e01a22da150af106ed3a7dc6d5996a"},"headline":"MK Fintel vind obele\u017eio po\u010detak radova na izgradnji vetroparka Ko\u0161ava kod Vr\u0161ca","datePublished":"2017-06-15T08:15:43+00:00","dateModified":"2018-12-07T14:58:10+00:00","mainEntityOfPage":{"@id":"https:\/\/balkangreenenergynews.com\/rs\/mk-fintel-wind-obelezio-pocetak-radova-na-izgradnji-vetroparka-kosava-kod-vrsca\/"},"wordCount":346,"commentCount":0,"image":{"@id":"https:\/\/balkangreenenergynews.com\/rs\/mk-fintel-wind-obelezio-pocetak-radova-na-izgradnji-vetroparka-kosava-kod-vrsca\/#primaryimage"},"thumbnailUrl":"https:\/\/balkangreenenergynews.com\/rs\/wp-content\/uploads\/2017\/06\/Vremenska-kapsula.jpg?wsr","articleSection":["OIE"],"inLanguage":"sr-RS","potentialAction":[{"@type":"CommentAction","name":"Comment","target":["https:\/\/balkangreenenergynews.com\/rs\/mk-fintel-wind-obelezio-pocetak-radova-na-izgradnji-vetroparka-kosava-kod-vrsca\/#respond"]}]},{"@type":"WebPage","@id":"https:\/\/balkangreenenergynews.com\/rs\/mk-fintel-wind-obelezio-pocetak-radova-na-izgradnji-vetroparka-kosava-kod-vrsca\/","url":"https:\/\/balkangreenenergynews.com\/rs\/mk-fintel-wind-obelezio-pocetak-radova-na-izgradnji-vetroparka-kosava-kod-vrsca\/","name":"MK Fintel vind obele\u017eio po\u010detak radova na izgradnji vetroparka Ko\u0161ava kod Vr\u0161ca","isPartOf":{"@id":"https:\/\/balkangreenenergynews.com\/rs\/#website"},"primaryImageOfPage":{"@id":"https:\/\/balkangreenenergynews.com\/rs\/mk-fintel-wind-obelezio-pocetak-radova-na-izgradnji-vetroparka-kosava-kod-vrsca\/#primaryimage"},"image":{"@id":"https:\/\/balkangreenenergynews.com\/rs\/mk-fintel-wind-obelezio-pocetak-radova-na-izgradnji-vetroparka-kosava-kod-vrsca\/#primaryimage"},"thumbnailUrl":"https:\/\/balkangreenenergynews.com\/rs\/wp-content\/uploads\/2017\/06\/Vremenska-kapsula.jpg?wsr","datePublished":"2017-06-15T08:15:43+00:00","dateModified":"2018-12-07T14:58:10+00:00","author":{"@id":"https:\/\/balkangreenenergynews.com\/rs\/#\/schema\/person\/04e01a22da150af106ed3a7dc6d5996a"},"description":"Kompanija MK Fintel vind po\u010dela radova na prvoj fazi izgradnje vetroparka Ko\u0161ava kod Vr\u0161ca koja \u0107e ko\u0161tati oko 120 miliona evra.","breadcrumb":{"@id":"https:\/\/balkangreenenergynews.com\/rs\/mk-fintel-wind-obelezio-pocetak-radova-na-izgradnji-vetroparka-kosava-kod-vrsca\/#breadcrumb"},"inLanguage":"sr-RS","potentialAction":[{"@type":"ReadAction","target":["https:\/\/balkangreenenergynews.com\/rs\/mk-fintel-wind-obelezio-pocetak-radova-na-izgradnji-vetroparka-kosava-kod-vrsca\/"]}]},{"@type":"ImageObject","inLanguage":"sr-RS","@id":"https:\/\/balkangreenenergynews.com\/rs\/mk-fintel-wind-obelezio-pocetak-radova-na-izgradnji-vetroparka-kosava-kod-vrsca\/#primaryimage","url":"https:\/\/balkangreenenergynews.com\/rs\/wp-content\/uploads\/2017\/06\/Vremenska-kapsula.jpg?wsr","contentUrl":"https:\/\/balkangreenenergynews.com\/rs\/wp-content\/uploads\/2017\/06\/Vremenska-kapsula.jpg?wsr","width":1024,"height":682},{"@type":"BreadcrumbList","@id":"https:\/\/balkangreenenergynews.com\/rs\/mk-fintel-wind-obelezio-pocetak-radova-na-izgradnji-vetroparka-kosava-kod-vrsca\/#breadcrumb","itemListElement":[{"@type":"ListItem","position":1,"name":"Po\u010detna","item":"https:\/\/balkangreenenergynews.com\/rs\/"},{"@type":"ListItem","position":2,"name":"Vesti","item":"https:\/\/balkangreenenergynews.com\/rs\/kategorija\/vesti\/"},{"@type":"ListItem","position":3,"name":"OIE","item":"https:\/\/balkangreenenergynews.com\/rs\/kategorija\/vesti\/obnovljivi-izvori-energije\/"},{"@type":"ListItem","position":4,"name":"MK Fintel vind obele\u017eio po\u010detak radova na izgradnji vetroparka Ko\u0161ava kod Vr\u0161ca"}]},{"@type":"WebSite","@id":"https:\/\/balkangreenenergynews.com\/rs\/#website","url":"https:\/\/balkangreenenergynews.com\/rs\/","name":"Balkan Green Energy News","description":"Naj\u0161iri izbor vesti sa Balkana o zelenoj energiji","potentialAction":[{"@type":"SearchAction","target":{"@type":"EntryPoint","urlTemplate":"https:\/\/balkangreenenergynews.com\/rs\/?s={search_term_string}"},"query-input":{"@type":"PropertyValueSpecification","valueRequired":true,"valueName":"search_term_string"}}],"inLanguage":"sr-RS"},{"@type":"Person","@id":"https:\/\/balkangreenenergynews.com\/rs\/#\/schema\/person\/04e01a22da150af106ed3a7dc6d5996a","name":"Branislava Jovi\u010di\u0107","url":"https:\/\/balkangreenenergynews.com\/rs\/author\/bgenrs\/"}]}},"_links":{"self":[{"href":"https:\/\/balkangreenenergynews.com\/rs\/wp-json\/wp\/v2\/posts\/12646","targetHints":{"allow":["GET"]}}],"collection":[{"href":"https:\/\/balkangreenenergynews.com\/rs\/wp-json\/wp\/v2\/posts"}],"about":[{"href":"https:\/\/balkangreenenergynews.com\/rs\/wp-json\/wp\/v2\/types\/post"}],"author":[{"embeddable":true,"href":"https:\/\/balkangreenenergynews.com\/rs\/wp-json\/wp\/v2\/users\/22"}],"replies":[{"embeddable":true,"href":"https:\/\/balkangreenenergynews.com\/rs\/wp-json\/wp\/v2\/comments?post=12646"}],"version-history":[{"count":0,"href":"https:\/\/balkangreenenergynews.com\/rs\/wp-json\/wp\/v2\/posts\/12646\/revisions"}],"wp:featuredmedia":[{"embeddable":true,"href":"https:\/\/balkangreenenergynews.com\/rs\/wp-json\/wp\/v2\/media\/12653"}],"wp:attachment":[{"href":"https:\/\/balkangreenenergynews.com\/rs\/wp-json\/wp\/v2\/media?parent=12646"}],"wp:term":[{"taxonomy":"category","embeddable":true,"href":"https:\/\/balkangreenenergynews.com\/rs\/wp-json\/wp\/v2\/categories?post=12646"},{"taxonomy":"post_tag","embeddable":true,"href":"https:\/\/balkangreenenergynews.com\/rs\/wp-json\/wp\/v2\/tags?post=12646"}],"curies":[{"name":"wp","href":"https:\/\/api.w.org\/{rel}","templated":true}]}}