{"id":12539,"date":"2017-06-05T14:45:58","date_gmt":"2017-06-05T12:45:58","guid":{"rendered":"http:\/\/balkangreenenergynews.com\/rs\/?p=12539"},"modified":"2018-12-07T16:01:13","modified_gmt":"2018-12-07T15:01:13","slug":"forum-o-elektricnoj-energiji-mora-se-drzati-korak-sa-razvojem-politika-eu","status":"publish","type":"post","link":"https:\/\/balkangreenenergynews.com\/rs\/forum-o-elektricnoj-energiji-mora-se-drzati-korak-sa-razvojem-politika-eu\/","title":{"rendered":"Forum o elektri\u010dnoj energiji: Mora se dr\u017eati korak sa razvojem politika EU"},"content":{"rendered":"<h2>Energetska zajednica u jugoisto\u010dnoj Evropi (JIE) mora da ide u korak sa razvojem politika EU u oblasti energetike kako se ne bi produbio jaz izme\u0111u energetskih tr\u017ei\u0161ta zemalja JIE i tr\u017ei\u0161ta \u010dlanica EU, zaklju\u010deno je na 22. forumu o elektri\u010dnoj energiji.<\/h2>\n<p>Ova najve\u0107a godi\u0161nja konferencija Energetske zajednice o elektri\u010dnoj energiji odr\u017eana je u Atini 31. maja i 1. juna, a na njoj u\u010destvovalo vi\u0161e od 120 zainteresovanih strana.<\/p>\n<p><a href=\"https:\/\/www.energy-community.org\/portal\/page\/portal\/ENC_HOME\/DOCS\/4708397\/50F6568A48D06FD5E053C92FA8C06AF4.pdf\">Sa foruma<\/a> je upu\u0107en poziv zemljama potpisnicama Ugovora o Energetskoj zajednici da usvoje kodekse ili smernice za elektri\u010dne mre\u017ee i primene u etapama Uredbu EU o integritetu i transparentnosti veleprodajnog tr\u017ei\u0161ta struje (REMIT), saop\u0161tila je Energetska zajednica.<\/p>\n<p>Na skupu je ocenjeno da je potrebna bolja priprema zakonskog i regulatrnog okvira za nove vidove funkcionisanja tr\u017ei\u0161ta, poput integracije decentralizovane proizvodnje, samosnabedavanja i prilago\u0111avanja potra\u017enji.<\/p>\n<p>Forum je pozdravio napredak u razvijanju trgovine u jugoisto\u010dnoj Evropi i van granica <a href=\"https:\/\/www.energy-community.org\/portal\/page\/portal\/ENC_HOME\/MEMBERS\/PARTIES\">zemalja potpisnica Ugovora o Energetskoj zajednici<\/a>.<\/p>\n<p>&#8222;To \u0161to je ostvaren napredak u razvoju prvih pilot-projekata povezivanja \u2018dan unapred\u2019 tr\u017ei\u0161ta struje potpisnica Ugovora i \u010dlanica (EU) predstavlja ohrabruju\u0107i signal&#8220;, rekao je direktor sekretarijata Energetske zajednice Janez Kopa\u010d.<\/p>\n<p>Na forumu je upu\u0107en poziv Ukrajini i Moldaviji, s obzirom da nisu ostvarile napredak, da nastave da sprovode inicijativu Sekretarija Energetske integracije za integraciju tr\u017ei\u0161ta elektri\u010dne energije.<\/p>\n<p>Stav foruma je i da je reforma Ugovora o Energetskoj zajednici neophodan preudslov za unapre\u0111enje tr\u017ei\u0161ta struje zemalja potpisnica tog ugovora, kao i za uspe\u0161nu integraciju sa susednim tr\u017ei\u0161tima u EU.<\/p>\n<p>Sa forum je upu\u0107en poziv da se na sastanku Ministarskog saveta u oktobru 2017. \u00a0godine usvoji refroma Ugovora o Energetskoj zajednici koju je predlo\u017eio Sekretarijat te organizacije.<\/p>\n<p>U\u010desnici foruma su razmotrili i razvoj infrastrukture u regionu i istakli zna\u010daj izgradnje adekvatne infrastrukture za dostizanje cilja Energetske zajednice o odr\u017eivom, panevropskom tr\u017ei\u0161u struje i bezbednosti snabdevanja.<\/p>\n<p>Forum je kritikovao sve potpisnice Ugovora, osim Kosova, jer nisu prenele u zakone Uredbu 347\/2013 o transevropskoj energetskoj instrastrukturi i pozvao ih da u skladu s tim ispune svoje obaveze bez odlaganja.<\/p>\n","protected":false},"excerpt":{"rendered":"<p>Energetska zajednica u jugoisto\u010dnoj Evropi (JIE) mora da ide u korak sa razvojem politika EU&#8230;<\/p>\n","protected":false},"author":25,"featured_media":12543,"comment_status":"open","ping_status":"closed","sticky":false,"template":"","format":"standard","meta":{"_acf_changed":false,"_monsterinsights_skip_tracking":false,"_monsterinsights_sitenote_active":false,"_monsterinsights_sitenote_note":"","_monsterinsights_sitenote_category":0,"footnotes":""},"categories":[504],"tags":[669,274],"class_list":["post-12539","post","type-post","status-publish","format-standard","has-post-thumbnail","hentry","category-elektricna-energija","tag-elektricna-energija","tag-janez-kopac","country-regioneu"],"acf":[],"yoast_head":"<!-- This site is optimized with the Yoast SEO plugin v27.4 - https:\/\/yoast.com\/product\/yoast-seo-wordpress\/ -->\n<title>Forum o elektri\u010dnoj energiji: Mora se dr\u017eati korak sa razvojem politika EU<\/title>\n<meta name=\"description\" content=\"\u010clanice Energetske zajednice u jugoisto\u010dnoj Evropi moraju da prate razvoj politika EU u oblasti energetike, zaklju\u010deno je na forumu o elektri\u010dnoj energiji.\" \/>\n<meta name=\"robots\" content=\"index, follow, max-snippet:-1, max-image-preview:large, max-video-preview:-1\" \/>\n<link rel=\"canonical\" href=\"https:\/\/balkangreenenergynews.com\/rs\/forum-o-elektricnoj-energiji-mora-se-drzati-korak-sa-razvojem-politika-eu\/\" \/>\n<meta property=\"og:locale\" content=\"sr_RS\" \/>\n<meta property=\"og:type\" content=\"article\" \/>\n<meta property=\"og:title\" content=\"Forum o elektri\u010dnoj energiji: Mora se dr\u017eati korak sa razvojem politika EU\" \/>\n<meta property=\"og:description\" content=\"\u010clanice Energetske zajednice u jugoisto\u010dnoj Evropi moraju da prate razvoj politika EU u oblasti energetike, zaklju\u010deno je na forumu o elektri\u010dnoj energiji.\" \/>\n<meta property=\"og:url\" content=\"https:\/\/balkangreenenergynews.com\/rs\/forum-o-elektricnoj-energiji-mora-se-drzati-korak-sa-razvojem-politika-eu\/\" \/>\n<meta property=\"og:site_name\" content=\"Balkan Green Energy News\" \/>\n<meta property=\"article:published_time\" content=\"2017-06-05T12:45:58+00:00\" \/>\n<meta property=\"article:modified_time\" content=\"2018-12-07T15:01:13+00:00\" \/>\n<meta property=\"og:image\" content=\"https:\/\/balkangreenenergynews.com\/rs\/wp-content\/uploads\/2017\/06\/forum-ez-atina.jpeg\" \/>\n\t<meta property=\"og:image:width\" content=\"795\" \/>\n\t<meta property=\"og:image:height\" content=\"407\" \/>\n\t<meta property=\"og:image:type\" content=\"image\/jpeg\" \/>\n<meta name=\"author\" content=\"Balkan Green Energy News\" \/>\n<meta name=\"twitter:card\" content=\"summary_large_image\" \/>\n<meta name=\"twitter:label1\" content=\"\u041d\u0430\u043f\u0438\u0441\u0430\u043d\u043e \u043e\u0434\" \/>\n\t<meta name=\"twitter:data1\" content=\"Balkan Green Energy News\" \/>\n\t<meta name=\"twitter:label2\" content=\"\u041f\u0440\u043e\u0446\u0435\u045a\u0435\u043d\u043e \u0432\u0440\u0435\u043c\u0435 \u0447\u0438\u0442\u0430\u045a\u0430\" \/>\n\t<meta name=\"twitter:data2\" content=\"2 \u043c\u0438\u043d\u0443\u0442\u0430\" \/>\n<script type=\"application\/ld+json\" class=\"yoast-schema-graph\">{\"@context\":\"https:\\\/\\\/schema.org\",\"@graph\":[{\"@type\":\"Article\",\"@id\":\"https:\\\/\\\/balkangreenenergynews.com\\\/rs\\\/forum-o-elektricnoj-energiji-mora-se-drzati-korak-sa-razvojem-politika-eu\\\/#article\",\"isPartOf\":{\"@id\":\"https:\\\/\\\/balkangreenenergynews.com\\\/rs\\\/forum-o-elektricnoj-energiji-mora-se-drzati-korak-sa-razvojem-politika-eu\\\/\"},\"author\":{\"name\":\"Balkan Green Energy News\",\"@id\":\"https:\\\/\\\/balkangreenenergynews.com\\\/rs\\\/#\\\/schema\\\/person\\\/dee275e6036b1a0f7ceaf956d79d4eff\"},\"headline\":\"Forum o elektri\u010dnoj energiji: Mora se dr\u017eati korak sa razvojem politika EU\",\"datePublished\":\"2017-06-05T12:45:58+00:00\",\"dateModified\":\"2018-12-07T15:01:13+00:00\",\"mainEntityOfPage\":{\"@id\":\"https:\\\/\\\/balkangreenenergynews.com\\\/rs\\\/forum-o-elektricnoj-energiji-mora-se-drzati-korak-sa-razvojem-politika-eu\\\/\"},\"wordCount\":378,\"commentCount\":0,\"image\":{\"@id\":\"https:\\\/\\\/balkangreenenergynews.com\\\/rs\\\/forum-o-elektricnoj-energiji-mora-se-drzati-korak-sa-razvojem-politika-eu\\\/#primaryimage\"},\"thumbnailUrl\":\"https:\\\/\\\/balkangreenenergynews.com\\\/rs\\\/wp-content\\\/uploads\\\/2017\\\/06\\\/forum-ez-atina.jpeg?wsr\",\"keywords\":[\"elektri\u010dna energija\",\"Janez Kopa\u010d\"],\"articleSection\":[\"Elektri\u010dna energija\"],\"inLanguage\":\"sr-RS\",\"potentialAction\":[{\"@type\":\"CommentAction\",\"name\":\"Comment\",\"target\":[\"https:\\\/\\\/balkangreenenergynews.com\\\/rs\\\/forum-o-elektricnoj-energiji-mora-se-drzati-korak-sa-razvojem-politika-eu\\\/#respond\"]}]},{\"@type\":\"WebPage\",\"@id\":\"https:\\\/\\\/balkangreenenergynews.com\\\/rs\\\/forum-o-elektricnoj-energiji-mora-se-drzati-korak-sa-razvojem-politika-eu\\\/\",\"url\":\"https:\\\/\\\/balkangreenenergynews.com\\\/rs\\\/forum-o-elektricnoj-energiji-mora-se-drzati-korak-sa-razvojem-politika-eu\\\/\",\"name\":\"Forum o elektri\u010dnoj energiji: Mora se dr\u017eati korak sa razvojem politika EU\",\"isPartOf\":{\"@id\":\"https:\\\/\\\/balkangreenenergynews.com\\\/rs\\\/#website\"},\"primaryImageOfPage\":{\"@id\":\"https:\\\/\\\/balkangreenenergynews.com\\\/rs\\\/forum-o-elektricnoj-energiji-mora-se-drzati-korak-sa-razvojem-politika-eu\\\/#primaryimage\"},\"image\":{\"@id\":\"https:\\\/\\\/balkangreenenergynews.com\\\/rs\\\/forum-o-elektricnoj-energiji-mora-se-drzati-korak-sa-razvojem-politika-eu\\\/#primaryimage\"},\"thumbnailUrl\":\"https:\\\/\\\/balkangreenenergynews.com\\\/rs\\\/wp-content\\\/uploads\\\/2017\\\/06\\\/forum-ez-atina.jpeg?wsr\",\"datePublished\":\"2017-06-05T12:45:58+00:00\",\"dateModified\":\"2018-12-07T15:01:13+00:00\",\"author\":{\"@id\":\"https:\\\/\\\/balkangreenenergynews.com\\\/rs\\\/#\\\/schema\\\/person\\\/dee275e6036b1a0f7ceaf956d79d4eff\"},\"description\":\"\u010clanice Energetske zajednice u jugoisto\u010dnoj Evropi moraju da prate razvoj politika EU u oblasti energetike, zaklju\u010deno je na forumu o elektri\u010dnoj energiji.\",\"breadcrumb\":{\"@id\":\"https:\\\/\\\/balkangreenenergynews.com\\\/rs\\\/forum-o-elektricnoj-energiji-mora-se-drzati-korak-sa-razvojem-politika-eu\\\/#breadcrumb\"},\"inLanguage\":\"sr-RS\",\"potentialAction\":[{\"@type\":\"ReadAction\",\"target\":[\"https:\\\/\\\/balkangreenenergynews.com\\\/rs\\\/forum-o-elektricnoj-energiji-mora-se-drzati-korak-sa-razvojem-politika-eu\\\/\"]}]},{\"@type\":\"ImageObject\",\"inLanguage\":\"sr-RS\",\"@id\":\"https:\\\/\\\/balkangreenenergynews.com\\\/rs\\\/forum-o-elektricnoj-energiji-mora-se-drzati-korak-sa-razvojem-politika-eu\\\/#primaryimage\",\"url\":\"https:\\\/\\\/balkangreenenergynews.com\\\/rs\\\/wp-content\\\/uploads\\\/2017\\\/06\\\/forum-ez-atina.jpeg?wsr\",\"contentUrl\":\"https:\\\/\\\/balkangreenenergynews.com\\\/rs\\\/wp-content\\\/uploads\\\/2017\\\/06\\\/forum-ez-atina.jpeg?wsr\",\"width\":795,\"height\":407},{\"@type\":\"BreadcrumbList\",\"@id\":\"https:\\\/\\\/balkangreenenergynews.com\\\/rs\\\/forum-o-elektricnoj-energiji-mora-se-drzati-korak-sa-razvojem-politika-eu\\\/#breadcrumb\",\"itemListElement\":[{\"@type\":\"ListItem\",\"position\":1,\"name\":\"Po\u010detna\",\"item\":\"https:\\\/\\\/balkangreenenergynews.com\\\/rs\\\/\"},{\"@type\":\"ListItem\",\"position\":2,\"name\":\"Vesti\",\"item\":\"https:\\\/\\\/balkangreenenergynews.com\\\/rs\\\/kategorija\\\/vesti\\\/\"},{\"@type\":\"ListItem\",\"position\":3,\"name\":\"Elektri\u010dna energija\",\"item\":\"https:\\\/\\\/balkangreenenergynews.com\\\/rs\\\/kategorija\\\/vesti\\\/elektricna-energija\\\/\"},{\"@type\":\"ListItem\",\"position\":4,\"name\":\"Forum o elektri\u010dnoj energiji: Mora se dr\u017eati korak sa razvojem politika EU\"}]},{\"@type\":\"WebSite\",\"@id\":\"https:\\\/\\\/balkangreenenergynews.com\\\/rs\\\/#website\",\"url\":\"https:\\\/\\\/balkangreenenergynews.com\\\/rs\\\/\",\"name\":\"Balkan Green Energy News\",\"description\":\"Naj\u0161iri izbor vesti sa Balkana o zelenoj energiji\",\"potentialAction\":[{\"@type\":\"SearchAction\",\"target\":{\"@type\":\"EntryPoint\",\"urlTemplate\":\"https:\\\/\\\/balkangreenenergynews.com\\\/rs\\\/?s={search_term_string}\"},\"query-input\":{\"@type\":\"PropertyValueSpecification\",\"valueRequired\":true,\"valueName\":\"search_term_string\"}}],\"inLanguage\":\"sr-RS\"},{\"@type\":\"Person\",\"@id\":\"https:\\\/\\\/balkangreenenergynews.com\\\/rs\\\/#\\\/schema\\\/person\\\/dee275e6036b1a0f7ceaf956d79d4eff\",\"name\":\"Balkan Green Energy News\",\"url\":\"https:\\\/\\\/balkangreenenergynews.com\\\/rs\\\/author\\\/balkangreenenergynews\\\/\"}]}<\/script>\n<!-- \/ Yoast SEO plugin. -->","yoast_head_json":{"title":"Forum o elektri\u010dnoj energiji: Mora se dr\u017eati korak sa razvojem politika EU","description":"\u010clanice Energetske zajednice u jugoisto\u010dnoj Evropi moraju da prate razvoj politika EU u oblasti energetike, zaklju\u010deno je na forumu o elektri\u010dnoj energiji.","robots":{"index":"index","follow":"follow","max-snippet":"max-snippet:-1","max-image-preview":"max-image-preview:large","max-video-preview":"max-video-preview:-1"},"canonical":"https:\/\/balkangreenenergynews.com\/rs\/forum-o-elektricnoj-energiji-mora-se-drzati-korak-sa-razvojem-politika-eu\/","og_locale":"sr_RS","og_type":"article","og_title":"Forum o elektri\u010dnoj energiji: Mora se dr\u017eati korak sa razvojem politika EU","og_description":"\u010clanice Energetske zajednice u jugoisto\u010dnoj Evropi moraju da prate razvoj politika EU u oblasti energetike, zaklju\u010deno je na forumu o elektri\u010dnoj energiji.","og_url":"https:\/\/balkangreenenergynews.com\/rs\/forum-o-elektricnoj-energiji-mora-se-drzati-korak-sa-razvojem-politika-eu\/","og_site_name":"Balkan Green Energy News","article_published_time":"2017-06-05T12:45:58+00:00","article_modified_time":"2018-12-07T15:01:13+00:00","og_image":[{"width":795,"height":407,"url":"https:\/\/balkangreenenergynews.com\/rs\/wp-content\/uploads\/2017\/06\/forum-ez-atina.jpeg","type":"image\/jpeg"}],"author":"Balkan Green Energy News","twitter_card":"summary_large_image","twitter_misc":{"\u041d\u0430\u043f\u0438\u0441\u0430\u043d\u043e \u043e\u0434":"Balkan Green Energy News","\u041f\u0440\u043e\u0446\u0435\u045a\u0435\u043d\u043e \u0432\u0440\u0435\u043c\u0435 \u0447\u0438\u0442\u0430\u045a\u0430":"2 \u043c\u0438\u043d\u0443\u0442\u0430"},"schema":{"@context":"https:\/\/schema.org","@graph":[{"@type":"Article","@id":"https:\/\/balkangreenenergynews.com\/rs\/forum-o-elektricnoj-energiji-mora-se-drzati-korak-sa-razvojem-politika-eu\/#article","isPartOf":{"@id":"https:\/\/balkangreenenergynews.com\/rs\/forum-o-elektricnoj-energiji-mora-se-drzati-korak-sa-razvojem-politika-eu\/"},"author":{"name":"Balkan Green Energy News","@id":"https:\/\/balkangreenenergynews.com\/rs\/#\/schema\/person\/dee275e6036b1a0f7ceaf956d79d4eff"},"headline":"Forum o elektri\u010dnoj energiji: Mora se dr\u017eati korak sa razvojem politika EU","datePublished":"2017-06-05T12:45:58+00:00","dateModified":"2018-12-07T15:01:13+00:00","mainEntityOfPage":{"@id":"https:\/\/balkangreenenergynews.com\/rs\/forum-o-elektricnoj-energiji-mora-se-drzati-korak-sa-razvojem-politika-eu\/"},"wordCount":378,"commentCount":0,"image":{"@id":"https:\/\/balkangreenenergynews.com\/rs\/forum-o-elektricnoj-energiji-mora-se-drzati-korak-sa-razvojem-politika-eu\/#primaryimage"},"thumbnailUrl":"https:\/\/balkangreenenergynews.com\/rs\/wp-content\/uploads\/2017\/06\/forum-ez-atina.jpeg?wsr","keywords":["elektri\u010dna energija","Janez Kopa\u010d"],"articleSection":["Elektri\u010dna energija"],"inLanguage":"sr-RS","potentialAction":[{"@type":"CommentAction","name":"Comment","target":["https:\/\/balkangreenenergynews.com\/rs\/forum-o-elektricnoj-energiji-mora-se-drzati-korak-sa-razvojem-politika-eu\/#respond"]}]},{"@type":"WebPage","@id":"https:\/\/balkangreenenergynews.com\/rs\/forum-o-elektricnoj-energiji-mora-se-drzati-korak-sa-razvojem-politika-eu\/","url":"https:\/\/balkangreenenergynews.com\/rs\/forum-o-elektricnoj-energiji-mora-se-drzati-korak-sa-razvojem-politika-eu\/","name":"Forum o elektri\u010dnoj energiji: Mora se dr\u017eati korak sa razvojem politika EU","isPartOf":{"@id":"https:\/\/balkangreenenergynews.com\/rs\/#website"},"primaryImageOfPage":{"@id":"https:\/\/balkangreenenergynews.com\/rs\/forum-o-elektricnoj-energiji-mora-se-drzati-korak-sa-razvojem-politika-eu\/#primaryimage"},"image":{"@id":"https:\/\/balkangreenenergynews.com\/rs\/forum-o-elektricnoj-energiji-mora-se-drzati-korak-sa-razvojem-politika-eu\/#primaryimage"},"thumbnailUrl":"https:\/\/balkangreenenergynews.com\/rs\/wp-content\/uploads\/2017\/06\/forum-ez-atina.jpeg?wsr","datePublished":"2017-06-05T12:45:58+00:00","dateModified":"2018-12-07T15:01:13+00:00","author":{"@id":"https:\/\/balkangreenenergynews.com\/rs\/#\/schema\/person\/dee275e6036b1a0f7ceaf956d79d4eff"},"description":"\u010clanice Energetske zajednice u jugoisto\u010dnoj Evropi moraju da prate razvoj politika EU u oblasti energetike, zaklju\u010deno je na forumu o elektri\u010dnoj energiji.","breadcrumb":{"@id":"https:\/\/balkangreenenergynews.com\/rs\/forum-o-elektricnoj-energiji-mora-se-drzati-korak-sa-razvojem-politika-eu\/#breadcrumb"},"inLanguage":"sr-RS","potentialAction":[{"@type":"ReadAction","target":["https:\/\/balkangreenenergynews.com\/rs\/forum-o-elektricnoj-energiji-mora-se-drzati-korak-sa-razvojem-politika-eu\/"]}]},{"@type":"ImageObject","inLanguage":"sr-RS","@id":"https:\/\/balkangreenenergynews.com\/rs\/forum-o-elektricnoj-energiji-mora-se-drzati-korak-sa-razvojem-politika-eu\/#primaryimage","url":"https:\/\/balkangreenenergynews.com\/rs\/wp-content\/uploads\/2017\/06\/forum-ez-atina.jpeg?wsr","contentUrl":"https:\/\/balkangreenenergynews.com\/rs\/wp-content\/uploads\/2017\/06\/forum-ez-atina.jpeg?wsr","width":795,"height":407},{"@type":"BreadcrumbList","@id":"https:\/\/balkangreenenergynews.com\/rs\/forum-o-elektricnoj-energiji-mora-se-drzati-korak-sa-razvojem-politika-eu\/#breadcrumb","itemListElement":[{"@type":"ListItem","position":1,"name":"Po\u010detna","item":"https:\/\/balkangreenenergynews.com\/rs\/"},{"@type":"ListItem","position":2,"name":"Vesti","item":"https:\/\/balkangreenenergynews.com\/rs\/kategorija\/vesti\/"},{"@type":"ListItem","position":3,"name":"Elektri\u010dna energija","item":"https:\/\/balkangreenenergynews.com\/rs\/kategorija\/vesti\/elektricna-energija\/"},{"@type":"ListItem","position":4,"name":"Forum o elektri\u010dnoj energiji: Mora se dr\u017eati korak sa razvojem politika EU"}]},{"@type":"WebSite","@id":"https:\/\/balkangreenenergynews.com\/rs\/#website","url":"https:\/\/balkangreenenergynews.com\/rs\/","name":"Balkan Green Energy News","description":"Naj\u0161iri izbor vesti sa Balkana o zelenoj energiji","potentialAction":[{"@type":"SearchAction","target":{"@type":"EntryPoint","urlTemplate":"https:\/\/balkangreenenergynews.com\/rs\/?s={search_term_string}"},"query-input":{"@type":"PropertyValueSpecification","valueRequired":true,"valueName":"search_term_string"}}],"inLanguage":"sr-RS"},{"@type":"Person","@id":"https:\/\/balkangreenenergynews.com\/rs\/#\/schema\/person\/dee275e6036b1a0f7ceaf956d79d4eff","name":"Balkan Green Energy News","url":"https:\/\/balkangreenenergynews.com\/rs\/author\/balkangreenenergynews\/"}]}},"_links":{"self":[{"href":"https:\/\/balkangreenenergynews.com\/rs\/wp-json\/wp\/v2\/posts\/12539","targetHints":{"allow":["GET"]}}],"collection":[{"href":"https:\/\/balkangreenenergynews.com\/rs\/wp-json\/wp\/v2\/posts"}],"about":[{"href":"https:\/\/balkangreenenergynews.com\/rs\/wp-json\/wp\/v2\/types\/post"}],"author":[{"embeddable":true,"href":"https:\/\/balkangreenenergynews.com\/rs\/wp-json\/wp\/v2\/users\/25"}],"replies":[{"embeddable":true,"href":"https:\/\/balkangreenenergynews.com\/rs\/wp-json\/wp\/v2\/comments?post=12539"}],"version-history":[{"count":0,"href":"https:\/\/balkangreenenergynews.com\/rs\/wp-json\/wp\/v2\/posts\/12539\/revisions"}],"wp:featuredmedia":[{"embeddable":true,"href":"https:\/\/balkangreenenergynews.com\/rs\/wp-json\/wp\/v2\/media\/12543"}],"wp:attachment":[{"href":"https:\/\/balkangreenenergynews.com\/rs\/wp-json\/wp\/v2\/media?parent=12539"}],"wp:term":[{"taxonomy":"category","embeddable":true,"href":"https:\/\/balkangreenenergynews.com\/rs\/wp-json\/wp\/v2\/categories?post=12539"},{"taxonomy":"post_tag","embeddable":true,"href":"https:\/\/balkangreenenergynews.com\/rs\/wp-json\/wp\/v2\/tags?post=12539"}],"curies":[{"name":"wp","href":"https:\/\/api.w.org\/{rel}","templated":true}]}}