{"id":12180,"date":"2017-04-28T17:17:16","date_gmt":"2017-04-28T15:17:16","guid":{"rendered":"http:\/\/balkangreenenergynews.com\/rs\/?p=12180"},"modified":"2024-11-06T11:27:44","modified_gmt":"2024-11-06T10:27:44","slug":"elektricna-vozila-u-srbiji-slovenacki-model-odlican-hrvatski-zaobici","status":"publish","type":"post","link":"https:\/\/balkangreenenergynews.com\/rs\/elektricna-vozila-u-srbiji-slovenacki-model-odlican-hrvatski-zaobici\/","title":{"rendered":"Elektri\u010dna vozila u Srbiji &#8211; slovena\u010dki model odli\u010dan, hrvatski zaobi\u0107i"},"content":{"rendered":"<h2>U Srbiji ne postoje ni podsticaji ni infrastruktura za elektri\u010dna vozila. Inicijative privatnog sektora iz zemlje i inostranstva bi mogle to da promene.<\/h2>\n<h3>Sve vi\u0161e stanica za punjenje elekti\u010dnih vozila u jugoisto\u010dnoj Evropi<\/h3>\n<p>Ma\u0161inski fakultet u Beogradu pustio je u rad superbrzi punja\u010d za elektri\u010dne automobile 25. aprila. U pitanju je deo evropskog projekta \u201eZelena Balkanika\u201c koji bi trebalo da omogu\u0107i pokretljivost elektri\u010dnih vozila du\u017e 2.000 kilometara autoputa od Minhena preko Salcburga, Ljubljane, Zagreba, Beograda, Skoplja, Podgorice, Tirane do Dubrovnika, Splita i Zadra do Kopra.<\/p>\n<p>\u201cZelena Balkanika\u201d je projekat slovena\u010dke kompanije Hidria, a njen direktor Iztok Seljak je jo\u0161 krajem pro\u0161le godine u intervjuu za na\u0161 portal najavio plan da se cela deonica od Minhena do Istanbula opremi stanicama za punjenje.<\/p>\n<p>Marko Femc iz kompanije \u201ePlan-net\u201c je rekao da bi uz mre\u017eu stanica za brzo punjenje, putovanje od Ljubljane do Beograda moglo da ko\u0161ta samo 9,6 evra.<\/p>\n<p>Samo dan kasnije, 26. aprila stigla je najava kompanije Tesla da namerava da otvori superbrze punja\u010de u \u0161est zemalja jugoisto\u010dne Evrope: po tri stanice u Srbiji i Rumuniji, dok \u0107e po jednu stanicu dobiti Bugarska, Bosna i Hercegovina, Makedonija i Moldavija.<\/p>\n<p>Hrvatska \u0107e dobiti jo\u0161 \u010detiri pored postoje\u0107e dve, a u Sloveniji ve\u0107 rade tri stanice za punjenje elektromobila. Tesla ima 5.400 superbrzih stanica za punjenje \u0161irom sveta, a plan je da se taj broj udvostru\u010di.<\/p>\n<h3>Re\u010d struke: dr\u017eava da pomogne podsticajima i infrastrukturom<\/h3>\n<p>Jasno je da elektri\u010dni automobili tra\u017ee infrastrukturu, odnosno mesta na kojima mogu da napune baterije. Ukoliko dr\u017eava u to ne investira, elektri\u010dne automobile mogu koristiti samo vlasnici sa gara\u017eom koja ima priklju\u010dak na struju.<\/p>\n<p>Olivera \u0110or\u0111evi\u0107 iz Centra za motorna vozila AMSS-a podse\u0107a da ni same stanice ne mogu da prodaju elektri\u010dnu energiju ako tr\u017ei\u0161te nije liberalizovano, \u0161to je problem koji postoji i u drugim zemljama, a ne samo u Srbiji.<\/p>\n<p>Pored toga, \u0110or\u0111evi\u0107eva na konferenciji o elektri\u010dnim vozilima, koja se odr\u017eala u okviru Renexpo Water &amp; Energy Foruma 2017, rekla da je praksa u razvijenim zemljama pokazala da je najbolje kada dr\u017eava subvencioni\u0161e kupovinu elektri\u010dnih automobila i te subvencije se kre\u0107u od tri do \u010dak 15 hiljada evra.<\/p>\n<h3>Trenutno stanje u regionu i perspektive<\/h3>\n<p>Prema re\u010dima \u0110or\u0111evi\u0107eve treba paziti da se ne ponova gre\u0161ka koja je napravljena u susednoj Hrvatskoj, gde su uvoznici posle dobijanja subvencija pove\u0107ali cenu, \u010dime je poni\u0161ten efekat dr\u017eavnih podsticaja.<\/p>\n<p>Da bi se krenulo sa mrtve ta\u010dke, potrebno je da dr\u017eava svoje slu\u017ebe prebaci na kori\u0161\u0107enje elektri\u010dnih vozila, rekla je ona i dodala da bi to smanjilo tro\u0161kove za gorivo \u0161to bi omogu\u0107ilo izgradnju stanica za punjenje i stvaranje za\u010detaka neophodne infrastrukture.<\/p>\n<p>Kao dobar primer iz regiona, na\u0161a sagovornica je navela primer Slovenije, gde je dr\u017eava otvorila stanice na kojima je punjenje besplatno, ali je\u00a0\u00a0tako\u0111e <a href=\"https:\/\/balkangreenenergynews.com\/state-administration-of-slovenia-will-use-electric-vehicles-through-car-sharing-model\/\">pokrenula i car-sharing model za elektri\u010dna vozila koja koristi dr\u017eavna administracija<\/a>, projekat iza \u010dije realizacije stoji kompanija Avant Car i njen suosniva\u010d Matej \u010cer.\u00a0 U Hrvatskoj, <a href=\"https:\/\/balkangreenenergynews.com\/rs\/pusten-rad-prvi-elen-punjac-za-elektricna-vozila-rijeci\/\">Hrvatska elektroprivreda (HEP) je ve\u0107 pustila u rad 30 stanica za punjenje<\/a>.<\/p>\n<h3>Beograd planira pove\u0107anje broja eletri\u010dnih vozila u Beogradu<\/h3>\n<p>U Beogradu ve\u0107 postoji pet elektri\u010dnih autobusa koji od septembra 2017. saobra\u0107aju na liniji od Vukovog spomenika do naselja Belvil.<\/p>\n<p>Direktor GSP-a \u017deljko Milkovi\u0107 je za Balkan Green Energy News rekao da su se oni za sada dobro pokazali, ali da je rano za kona\u010dnu ocenu jer period eksploatacije nije dug.<\/p>\n<p>Ta vozila koriste kondenzatore visokog kapaciteta \u2013 sa punjenjem od 6 do 8 minuta ona mogu da pre\u0111u 22 kilometra, a tro\u0161kovi su sedam puta manji u odnosu na autobuse na dizel. U budu\u0107nosti, mo\u017ee se o\u010dekivati vi\u0161estruko vi\u0161e elektri\u010dnih autobusa na ulicama, a Milkovi\u0107 je podsetio da je gradona\u010delnik Beograda Sini\u0161a Mali prilikom posete Kini, najavio da \u0107e grad kupiti 80 takvih vozila.<\/p>\n<p>Postoje i drugi nagove\u0161taji da bi privatni sektor mogao da pomogne dr\u017eavi da zapo\u010dne proces podsticanja proizvodnje, uvoza, kupovine i kori\u0161\u0107enja elektri\u010dnih vozila.<\/p>\n<p>Kineska kompanija Jinlong (Yinlong) je izrazila spremnost da preuzme fabriku autobusa Ikarbus i ulo\u017ei 30 miliona evra. U perspektivi, Jinlong\u00a0namerava da otvori novu proizvodnu liniju za elektri\u010dne autobuse. Njihovi predstavnici su rekli da bi Beograd bio idealno mesto za uvo\u0111enje takvih autobusa u javni gradski prevoz jer za razliku od drugih gradova, ima trolejbusku mre\u017eu koja se mo\u017ee brzo prilagoditi njihovim potrebama.<\/p>\n<p>U Jinlongu ka\u017eu da imaju podr\u0161ku dr\u017eave za svoje planove, ali su pregovori o kupovini zemunske fabrike autobusa zastali zbog Ikarbusovih dugova bankama.<\/p>\n<p>&nbsp;<\/p>\n","protected":false},"excerpt":{"rendered":"<p>U Srbiji ne postoje ni podsticaji ni infrastruktura za elektri\u010dna vozila. Inicijative privatnog sektora iz&#8230;<\/p>\n","protected":false},"author":25,"featured_media":12181,"comment_status":"open","ping_status":"closed","sticky":false,"template":"","format":"standard","meta":{"_acf_changed":false,"_monsterinsights_skip_tracking":false,"_monsterinsights_sitenote_active":false,"_monsterinsights_sitenote_note":"","_monsterinsights_sitenote_category":0,"footnotes":""},"categories":[7],"tags":[242,1439,899],"class_list":["post-12180","post","type-post","status-publish","format-standard","has-post-thumbnail","hentry","category-mobilnost","tag-hep","tag-skoplje","tag-tesla","country-srbija"],"acf":[],"yoast_head":"<!-- This site is optimized with the Yoast SEO plugin v27.4 - https:\/\/yoast.com\/product\/yoast-seo-wordpress\/ -->\n<title>Elektri\u010dna vozila u Srbiji - slovena\u010dki model odli\u010dan, hrvatski zaobi\u0107i - Balkan Green Energy News<\/title>\n<meta name=\"robots\" content=\"index, follow, max-snippet:-1, max-image-preview:large, max-video-preview:-1\" \/>\n<link rel=\"canonical\" href=\"https:\/\/balkangreenenergynews.com\/rs\/elektricna-vozila-u-srbiji-slovenacki-model-odlican-hrvatski-zaobici\/\" \/>\n<meta property=\"og:locale\" content=\"sr_RS\" \/>\n<meta property=\"og:type\" content=\"article\" \/>\n<meta property=\"og:title\" content=\"Elektri\u010dna vozila u Srbiji - slovena\u010dki model odli\u010dan, hrvatski zaobi\u0107i - Balkan Green Energy News\" \/>\n<meta property=\"og:description\" content=\"U Srbiji ne postoje ni podsticaji ni infrastruktura za elektri\u010dna vozila. Inicijative privatnog sektora iz...\" \/>\n<meta property=\"og:url\" content=\"https:\/\/balkangreenenergynews.com\/rs\/elektricna-vozila-u-srbiji-slovenacki-model-odlican-hrvatski-zaobici\/\" \/>\n<meta property=\"og:site_name\" content=\"Balkan Green Energy News\" \/>\n<meta property=\"article:published_time\" content=\"2017-04-28T15:17:16+00:00\" \/>\n<meta property=\"article:modified_time\" content=\"2024-11-06T10:27:44+00:00\" \/>\n<meta property=\"og:image\" content=\"https:\/\/balkangreenenergynews.com\/rs\/wp-content\/uploads\/2017\/04\/supercharger-hero@2x.jpg\" \/>\n\t<meta property=\"og:image:width\" content=\"795\" \/>\n\t<meta property=\"og:image:height\" content=\"407\" \/>\n\t<meta property=\"og:image:type\" content=\"image\/jpeg\" \/>\n<meta name=\"author\" content=\"Balkan Green Energy News\" \/>\n<meta name=\"twitter:card\" content=\"summary_large_image\" \/>\n<meta name=\"twitter:label1\" content=\"\u041d\u0430\u043f\u0438\u0441\u0430\u043d\u043e \u043e\u0434\" \/>\n\t<meta name=\"twitter:data1\" content=\"Balkan Green Energy News\" \/>\n\t<meta name=\"twitter:label2\" content=\"\u041f\u0440\u043e\u0446\u0435\u045a\u0435\u043d\u043e \u0432\u0440\u0435\u043c\u0435 \u0447\u0438\u0442\u0430\u045a\u0430\" \/>\n\t<meta name=\"twitter:data2\" content=\"5 \u043c\u0438\u043d\u0443\u0442\u0430\" \/>\n<script type=\"application\/ld+json\" class=\"yoast-schema-graph\">{\"@context\":\"https:\\\/\\\/schema.org\",\"@graph\":[{\"@type\":\"Article\",\"@id\":\"https:\\\/\\\/balkangreenenergynews.com\\\/rs\\\/elektricna-vozila-u-srbiji-slovenacki-model-odlican-hrvatski-zaobici\\\/#article\",\"isPartOf\":{\"@id\":\"https:\\\/\\\/balkangreenenergynews.com\\\/rs\\\/elektricna-vozila-u-srbiji-slovenacki-model-odlican-hrvatski-zaobici\\\/\"},\"author\":{\"name\":\"Balkan Green Energy News\",\"@id\":\"https:\\\/\\\/balkangreenenergynews.com\\\/rs\\\/#\\\/schema\\\/person\\\/dee275e6036b1a0f7ceaf956d79d4eff\"},\"headline\":\"Elektri\u010dna vozila u Srbiji &#8211; slovena\u010dki model odli\u010dan, hrvatski zaobi\u0107i\",\"datePublished\":\"2017-04-28T15:17:16+00:00\",\"dateModified\":\"2024-11-06T10:27:44+00:00\",\"mainEntityOfPage\":{\"@id\":\"https:\\\/\\\/balkangreenenergynews.com\\\/rs\\\/elektricna-vozila-u-srbiji-slovenacki-model-odlican-hrvatski-zaobici\\\/\"},\"wordCount\":806,\"commentCount\":0,\"image\":{\"@id\":\"https:\\\/\\\/balkangreenenergynews.com\\\/rs\\\/elektricna-vozila-u-srbiji-slovenacki-model-odlican-hrvatski-zaobici\\\/#primaryimage\"},\"thumbnailUrl\":\"https:\\\/\\\/balkangreenenergynews.com\\\/rs\\\/wp-content\\\/uploads\\\/2017\\\/04\\\/supercharger-hero@2x.jpg?wsr\",\"keywords\":[\"HEP\",\"Skoplje\",\"Tesla\"],\"articleSection\":[\"Mobilnost\"],\"inLanguage\":\"sr-RS\",\"potentialAction\":[{\"@type\":\"CommentAction\",\"name\":\"Comment\",\"target\":[\"https:\\\/\\\/balkangreenenergynews.com\\\/rs\\\/elektricna-vozila-u-srbiji-slovenacki-model-odlican-hrvatski-zaobici\\\/#respond\"]}]},{\"@type\":\"WebPage\",\"@id\":\"https:\\\/\\\/balkangreenenergynews.com\\\/rs\\\/elektricna-vozila-u-srbiji-slovenacki-model-odlican-hrvatski-zaobici\\\/\",\"url\":\"https:\\\/\\\/balkangreenenergynews.com\\\/rs\\\/elektricna-vozila-u-srbiji-slovenacki-model-odlican-hrvatski-zaobici\\\/\",\"name\":\"Elektri\u010dna vozila u Srbiji - slovena\u010dki model odli\u010dan, hrvatski zaobi\u0107i - Balkan Green Energy News\",\"isPartOf\":{\"@id\":\"https:\\\/\\\/balkangreenenergynews.com\\\/rs\\\/#website\"},\"primaryImageOfPage\":{\"@id\":\"https:\\\/\\\/balkangreenenergynews.com\\\/rs\\\/elektricna-vozila-u-srbiji-slovenacki-model-odlican-hrvatski-zaobici\\\/#primaryimage\"},\"image\":{\"@id\":\"https:\\\/\\\/balkangreenenergynews.com\\\/rs\\\/elektricna-vozila-u-srbiji-slovenacki-model-odlican-hrvatski-zaobici\\\/#primaryimage\"},\"thumbnailUrl\":\"https:\\\/\\\/balkangreenenergynews.com\\\/rs\\\/wp-content\\\/uploads\\\/2017\\\/04\\\/supercharger-hero@2x.jpg?wsr\",\"datePublished\":\"2017-04-28T15:17:16+00:00\",\"dateModified\":\"2024-11-06T10:27:44+00:00\",\"author\":{\"@id\":\"https:\\\/\\\/balkangreenenergynews.com\\\/rs\\\/#\\\/schema\\\/person\\\/dee275e6036b1a0f7ceaf956d79d4eff\"},\"breadcrumb\":{\"@id\":\"https:\\\/\\\/balkangreenenergynews.com\\\/rs\\\/elektricna-vozila-u-srbiji-slovenacki-model-odlican-hrvatski-zaobici\\\/#breadcrumb\"},\"inLanguage\":\"sr-RS\",\"potentialAction\":[{\"@type\":\"ReadAction\",\"target\":[\"https:\\\/\\\/balkangreenenergynews.com\\\/rs\\\/elektricna-vozila-u-srbiji-slovenacki-model-odlican-hrvatski-zaobici\\\/\"]}]},{\"@type\":\"ImageObject\",\"inLanguage\":\"sr-RS\",\"@id\":\"https:\\\/\\\/balkangreenenergynews.com\\\/rs\\\/elektricna-vozila-u-srbiji-slovenacki-model-odlican-hrvatski-zaobici\\\/#primaryimage\",\"url\":\"https:\\\/\\\/balkangreenenergynews.com\\\/rs\\\/wp-content\\\/uploads\\\/2017\\\/04\\\/supercharger-hero@2x.jpg?wsr\",\"contentUrl\":\"https:\\\/\\\/balkangreenenergynews.com\\\/rs\\\/wp-content\\\/uploads\\\/2017\\\/04\\\/supercharger-hero@2x.jpg?wsr\",\"width\":795,\"height\":407},{\"@type\":\"BreadcrumbList\",\"@id\":\"https:\\\/\\\/balkangreenenergynews.com\\\/rs\\\/elektricna-vozila-u-srbiji-slovenacki-model-odlican-hrvatski-zaobici\\\/#breadcrumb\",\"itemListElement\":[{\"@type\":\"ListItem\",\"position\":1,\"name\":\"Po\u010detna\",\"item\":\"https:\\\/\\\/balkangreenenergynews.com\\\/rs\\\/\"},{\"@type\":\"ListItem\",\"position\":2,\"name\":\"Vesti\",\"item\":\"https:\\\/\\\/balkangreenenergynews.com\\\/rs\\\/kategorija\\\/vesti\\\/\"},{\"@type\":\"ListItem\",\"position\":3,\"name\":\"Mobilnost\",\"item\":\"https:\\\/\\\/balkangreenenergynews.com\\\/rs\\\/kategorija\\\/vesti\\\/mobilnost\\\/\"},{\"@type\":\"ListItem\",\"position\":4,\"name\":\"Elektri\u010dna vozila u Srbiji &#8211; slovena\u010dki model odli\u010dan, hrvatski zaobi\u0107i\"}]},{\"@type\":\"WebSite\",\"@id\":\"https:\\\/\\\/balkangreenenergynews.com\\\/rs\\\/#website\",\"url\":\"https:\\\/\\\/balkangreenenergynews.com\\\/rs\\\/\",\"name\":\"Balkan Green Energy News\",\"description\":\"Naj\u0161iri izbor vesti sa Balkana o zelenoj energiji\",\"potentialAction\":[{\"@type\":\"SearchAction\",\"target\":{\"@type\":\"EntryPoint\",\"urlTemplate\":\"https:\\\/\\\/balkangreenenergynews.com\\\/rs\\\/?s={search_term_string}\"},\"query-input\":{\"@type\":\"PropertyValueSpecification\",\"valueRequired\":true,\"valueName\":\"search_term_string\"}}],\"inLanguage\":\"sr-RS\"},{\"@type\":\"Person\",\"@id\":\"https:\\\/\\\/balkangreenenergynews.com\\\/rs\\\/#\\\/schema\\\/person\\\/dee275e6036b1a0f7ceaf956d79d4eff\",\"name\":\"Balkan Green Energy News\",\"url\":\"https:\\\/\\\/balkangreenenergynews.com\\\/rs\\\/author\\\/balkangreenenergynews\\\/\"}]}<\/script>\n<!-- \/ Yoast SEO plugin. -->","yoast_head_json":{"title":"Elektri\u010dna vozila u Srbiji - slovena\u010dki model odli\u010dan, hrvatski zaobi\u0107i - Balkan Green Energy News","robots":{"index":"index","follow":"follow","max-snippet":"max-snippet:-1","max-image-preview":"max-image-preview:large","max-video-preview":"max-video-preview:-1"},"canonical":"https:\/\/balkangreenenergynews.com\/rs\/elektricna-vozila-u-srbiji-slovenacki-model-odlican-hrvatski-zaobici\/","og_locale":"sr_RS","og_type":"article","og_title":"Elektri\u010dna vozila u Srbiji - slovena\u010dki model odli\u010dan, hrvatski zaobi\u0107i - Balkan Green Energy News","og_description":"U Srbiji ne postoje ni podsticaji ni infrastruktura za elektri\u010dna vozila. Inicijative privatnog sektora iz...","og_url":"https:\/\/balkangreenenergynews.com\/rs\/elektricna-vozila-u-srbiji-slovenacki-model-odlican-hrvatski-zaobici\/","og_site_name":"Balkan Green Energy News","article_published_time":"2017-04-28T15:17:16+00:00","article_modified_time":"2024-11-06T10:27:44+00:00","og_image":[{"width":795,"height":407,"url":"https:\/\/balkangreenenergynews.com\/rs\/wp-content\/uploads\/2017\/04\/supercharger-hero@2x.jpg","type":"image\/jpeg"}],"author":"Balkan Green Energy News","twitter_card":"summary_large_image","twitter_misc":{"\u041d\u0430\u043f\u0438\u0441\u0430\u043d\u043e \u043e\u0434":"Balkan Green Energy News","\u041f\u0440\u043e\u0446\u0435\u045a\u0435\u043d\u043e \u0432\u0440\u0435\u043c\u0435 \u0447\u0438\u0442\u0430\u045a\u0430":"5 \u043c\u0438\u043d\u0443\u0442\u0430"},"schema":{"@context":"https:\/\/schema.org","@graph":[{"@type":"Article","@id":"https:\/\/balkangreenenergynews.com\/rs\/elektricna-vozila-u-srbiji-slovenacki-model-odlican-hrvatski-zaobici\/#article","isPartOf":{"@id":"https:\/\/balkangreenenergynews.com\/rs\/elektricna-vozila-u-srbiji-slovenacki-model-odlican-hrvatski-zaobici\/"},"author":{"name":"Balkan Green Energy News","@id":"https:\/\/balkangreenenergynews.com\/rs\/#\/schema\/person\/dee275e6036b1a0f7ceaf956d79d4eff"},"headline":"Elektri\u010dna vozila u Srbiji &#8211; slovena\u010dki model odli\u010dan, hrvatski zaobi\u0107i","datePublished":"2017-04-28T15:17:16+00:00","dateModified":"2024-11-06T10:27:44+00:00","mainEntityOfPage":{"@id":"https:\/\/balkangreenenergynews.com\/rs\/elektricna-vozila-u-srbiji-slovenacki-model-odlican-hrvatski-zaobici\/"},"wordCount":806,"commentCount":0,"image":{"@id":"https:\/\/balkangreenenergynews.com\/rs\/elektricna-vozila-u-srbiji-slovenacki-model-odlican-hrvatski-zaobici\/#primaryimage"},"thumbnailUrl":"https:\/\/balkangreenenergynews.com\/rs\/wp-content\/uploads\/2017\/04\/supercharger-hero@2x.jpg?wsr","keywords":["HEP","Skoplje","Tesla"],"articleSection":["Mobilnost"],"inLanguage":"sr-RS","potentialAction":[{"@type":"CommentAction","name":"Comment","target":["https:\/\/balkangreenenergynews.com\/rs\/elektricna-vozila-u-srbiji-slovenacki-model-odlican-hrvatski-zaobici\/#respond"]}]},{"@type":"WebPage","@id":"https:\/\/balkangreenenergynews.com\/rs\/elektricna-vozila-u-srbiji-slovenacki-model-odlican-hrvatski-zaobici\/","url":"https:\/\/balkangreenenergynews.com\/rs\/elektricna-vozila-u-srbiji-slovenacki-model-odlican-hrvatski-zaobici\/","name":"Elektri\u010dna vozila u Srbiji - slovena\u010dki model odli\u010dan, hrvatski zaobi\u0107i - Balkan Green Energy News","isPartOf":{"@id":"https:\/\/balkangreenenergynews.com\/rs\/#website"},"primaryImageOfPage":{"@id":"https:\/\/balkangreenenergynews.com\/rs\/elektricna-vozila-u-srbiji-slovenacki-model-odlican-hrvatski-zaobici\/#primaryimage"},"image":{"@id":"https:\/\/balkangreenenergynews.com\/rs\/elektricna-vozila-u-srbiji-slovenacki-model-odlican-hrvatski-zaobici\/#primaryimage"},"thumbnailUrl":"https:\/\/balkangreenenergynews.com\/rs\/wp-content\/uploads\/2017\/04\/supercharger-hero@2x.jpg?wsr","datePublished":"2017-04-28T15:17:16+00:00","dateModified":"2024-11-06T10:27:44+00:00","author":{"@id":"https:\/\/balkangreenenergynews.com\/rs\/#\/schema\/person\/dee275e6036b1a0f7ceaf956d79d4eff"},"breadcrumb":{"@id":"https:\/\/balkangreenenergynews.com\/rs\/elektricna-vozila-u-srbiji-slovenacki-model-odlican-hrvatski-zaobici\/#breadcrumb"},"inLanguage":"sr-RS","potentialAction":[{"@type":"ReadAction","target":["https:\/\/balkangreenenergynews.com\/rs\/elektricna-vozila-u-srbiji-slovenacki-model-odlican-hrvatski-zaobici\/"]}]},{"@type":"ImageObject","inLanguage":"sr-RS","@id":"https:\/\/balkangreenenergynews.com\/rs\/elektricna-vozila-u-srbiji-slovenacki-model-odlican-hrvatski-zaobici\/#primaryimage","url":"https:\/\/balkangreenenergynews.com\/rs\/wp-content\/uploads\/2017\/04\/supercharger-hero@2x.jpg?wsr","contentUrl":"https:\/\/balkangreenenergynews.com\/rs\/wp-content\/uploads\/2017\/04\/supercharger-hero@2x.jpg?wsr","width":795,"height":407},{"@type":"BreadcrumbList","@id":"https:\/\/balkangreenenergynews.com\/rs\/elektricna-vozila-u-srbiji-slovenacki-model-odlican-hrvatski-zaobici\/#breadcrumb","itemListElement":[{"@type":"ListItem","position":1,"name":"Po\u010detna","item":"https:\/\/balkangreenenergynews.com\/rs\/"},{"@type":"ListItem","position":2,"name":"Vesti","item":"https:\/\/balkangreenenergynews.com\/rs\/kategorija\/vesti\/"},{"@type":"ListItem","position":3,"name":"Mobilnost","item":"https:\/\/balkangreenenergynews.com\/rs\/kategorija\/vesti\/mobilnost\/"},{"@type":"ListItem","position":4,"name":"Elektri\u010dna vozila u Srbiji &#8211; slovena\u010dki model odli\u010dan, hrvatski zaobi\u0107i"}]},{"@type":"WebSite","@id":"https:\/\/balkangreenenergynews.com\/rs\/#website","url":"https:\/\/balkangreenenergynews.com\/rs\/","name":"Balkan Green Energy News","description":"Naj\u0161iri izbor vesti sa Balkana o zelenoj energiji","potentialAction":[{"@type":"SearchAction","target":{"@type":"EntryPoint","urlTemplate":"https:\/\/balkangreenenergynews.com\/rs\/?s={search_term_string}"},"query-input":{"@type":"PropertyValueSpecification","valueRequired":true,"valueName":"search_term_string"}}],"inLanguage":"sr-RS"},{"@type":"Person","@id":"https:\/\/balkangreenenergynews.com\/rs\/#\/schema\/person\/dee275e6036b1a0f7ceaf956d79d4eff","name":"Balkan Green Energy News","url":"https:\/\/balkangreenenergynews.com\/rs\/author\/balkangreenenergynews\/"}]}},"_links":{"self":[{"href":"https:\/\/balkangreenenergynews.com\/rs\/wp-json\/wp\/v2\/posts\/12180","targetHints":{"allow":["GET"]}}],"collection":[{"href":"https:\/\/balkangreenenergynews.com\/rs\/wp-json\/wp\/v2\/posts"}],"about":[{"href":"https:\/\/balkangreenenergynews.com\/rs\/wp-json\/wp\/v2\/types\/post"}],"author":[{"embeddable":true,"href":"https:\/\/balkangreenenergynews.com\/rs\/wp-json\/wp\/v2\/users\/25"}],"replies":[{"embeddable":true,"href":"https:\/\/balkangreenenergynews.com\/rs\/wp-json\/wp\/v2\/comments?post=12180"}],"version-history":[{"count":0,"href":"https:\/\/balkangreenenergynews.com\/rs\/wp-json\/wp\/v2\/posts\/12180\/revisions"}],"wp:featuredmedia":[{"embeddable":true,"href":"https:\/\/balkangreenenergynews.com\/rs\/wp-json\/wp\/v2\/media\/12181"}],"wp:attachment":[{"href":"https:\/\/balkangreenenergynews.com\/rs\/wp-json\/wp\/v2\/media?parent=12180"}],"wp:term":[{"taxonomy":"category","embeddable":true,"href":"https:\/\/balkangreenenergynews.com\/rs\/wp-json\/wp\/v2\/categories?post=12180"},{"taxonomy":"post_tag","embeddable":true,"href":"https:\/\/balkangreenenergynews.com\/rs\/wp-json\/wp\/v2\/tags?post=12180"}],"curies":[{"name":"wp","href":"https:\/\/api.w.org\/{rel}","templated":true}]}}