{"id":12125,"date":"2017-04-21T12:54:39","date_gmt":"2017-04-21T10:54:39","guid":{"rendered":"http:\/\/balkangreenenergynews.com\/rs\/?p=12125"},"modified":"2020-10-30T12:18:36","modified_gmt":"2020-10-30T11:18:36","slug":"parlamentarci-iz-jugoistocne-evrope-zajedno-za-energetsku-efikasnost-zastitu-klime","status":"publish","type":"post","link":"https:\/\/balkangreenenergynews.com\/rs\/parlamentarci-iz-jugoistocne-evrope-zajedno-za-energetsku-efikasnost-zastitu-klime\/","title":{"rendered":"Parlamentarci iz jugoisto\u010dne Evrope zajedno za energetsku efikasnost i za\u0161titu klime"},"content":{"rendered":"<h2>GIZ-ov Otvoreni regionalni fond za jugoisto\u010dnu Evropu &#8211; Energetska efikasnost (ORF-EE), finansiran od strane Njema\u010dke vlade, u prolje\u0107e 2017. godine ulazi u novu fazu koja se bavi va\u017enim pitanjima u oblasti energetske efikasnosti u jugoisto\u010dnoj Evropi (JIE), uz poseban naglasak na za\u0161titu klime.<\/h2>\n<p>Prema rije\u010dima Jasne Sekulovi\u0107, voditeljice ORF-EE projekta, Inicijativa javnog dijaloga o odr\u017eivom kori\u0161tenju energije u jugoisto\u010dnoj Evropi (PDI), koja je pokrenuta 2010. godine u sklopu ORF-EE, u novoj fazi projekta ima za cilj spajanje parlamentaraca iz JIE radi razmjene informacija na regionalnom nivou, kao i udru\u017eivanja napora na razvoju energetske efikasnosti i za\u0161tite klime.<\/p>\n<p>Inicijativa je do sada uspje\u0161no podr\u017eala stvaranje povoljnog okru\u017eenja za u\u010de\u0161\u0107e razi\u010ditih aktera u izradi politika i stvaranju politi\u010dke volje u sektoru energetske efikasnosti. Pored toga, Energetska zajednica (EnC) je, razmatraju\u0107i prethodne uspjehe ove Inicijative, slu\u017ebeno zatra\u017eila ve\u0107e u\u010de\u0161\u0107e \u010dlanova parlamenata iz JIE u njenom radu kroz formiranje Parlamentarnog plenuma sastavljenog od ugovornih strana Energetske zajednice.<\/p>\n<p>U okviru novog plana realizacije projekta, Inicijativa namjerava intenzivirati napore ja\u010danja regionalne saradnje o va\u017enim pitanjima me\u0111u parlamentarcima iz regiona. Uz podr\u0161ku ORF-EE, putem Mre\u017ee \u0161kola politi\u010dkih nauka i uz provedbu, u bliskoj saradnji sa Parlamentarnim plenumom EnC, Inicijativa \u0107e nastaviti da radi na daljem ja\u010danju do sada ve\u0107 znatno oja\u010dane politi\u010dke volje za informisano i objektivno dono\u0161enje odluka u sektoru energetske efikasnosti i za\u0161tite klime u JIE.<\/p>\n<h3><span style=\"\">Fokus na uspostavljanju Mre\u017ee parlamentaraca JIE <\/span><\/h3>\n<p>Inicijativa \u0107e se usmjeriti na formiranje regionalne mre\u017ee parlamentaraca iz JIE s ciljem uspostavljanja platforme za razmjenu informacija i saradnju na pitanjima vezanim za klimatske promjene i energetsku efikasnost. Ovo uklju\u010duje sektorski relevantan dijalog, \u0161to je bitan faktor u procesu pribli\u017eavanja zemalja JIE Evropskoj Uniji.<\/p>\n<p>Inicijativu provodi sedam organizacija civilnog dru\u0161tva, \u010dlanova Mre\u017ee \u0161kola politi\u010dkih nauka u JIE, koje djeluju pod pokroviteljstvom Vije\u0107a Evrope. Provodi se u okviru GIZ ORF-EE projekta. Osnovni cilj Inicijative je stvaranje okru\u017eenja koje omogu\u0107uje uspje\u0161nu provedbu relevantnih politika, njegovanje politi\u010dke volje, te ja\u010danje me\u0111usektorske i regionalne saradnje. Inicijativa posve\u0107uje posebnu pa\u017enju izgradnji platformi za javni dijalog u zemljama JIE koje mogu uspje\u0161no podr\u017eati ove napore, kao \u0161to je organizacija parlamentarnih rasprava u parlamentarnim odborima zemalja regiona nadle\u017enim za energetiku.<\/p>\n<p>&nbsp;<\/p>\n<p>&nbsp;<\/p>\n","protected":false},"excerpt":{"rendered":"<p>GIZ-ov Otvoreni regionalni fond za jugoisto\u010dnu Evropu &#8211; Energetska efikasnost (ORF-EE), finansiran od strane Njema\u010dke&#8230;<\/p>\n","protected":false},"author":25,"featured_media":12127,"comment_status":"open","ping_status":"closed","sticky":false,"template":"","format":"standard","meta":{"_acf_changed":false,"_monsterinsights_skip_tracking":false,"_monsterinsights_sitenote_active":false,"_monsterinsights_sitenote_note":"","_monsterinsights_sitenote_category":0,"footnotes":""},"categories":[3],"tags":[648,226,276],"class_list":["post-12125","post","type-post","status-publish","format-standard","has-post-thumbnail","hentry","category-energetska-efikasnost","tag-energetska-zajednica","tag-giz-orf-ee","tag-jasna-sekulovic","country-regioneu"],"acf":[],"yoast_head":"<!-- This site is optimized with the Yoast SEO plugin v27.4 - https:\/\/yoast.com\/product\/yoast-seo-wordpress\/ -->\n<title>Parlamentarci iz jugoisto\u010dne Evrope zajedno za energetsku efikasnost i za\u0161titu klime<\/title>\n<meta name=\"description\" content=\"GIZ-ov Otvoreni regionalni fond za jugoisto\u010dnu Evropu - Energetska efikasnost (ORF-EE), finansiran od strane Njema\u010dke vlade, u prolje\u0107e 2017. godine ulazi\" \/>\n<meta name=\"robots\" content=\"index, follow, max-snippet:-1, max-image-preview:large, max-video-preview:-1\" \/>\n<link rel=\"canonical\" href=\"https:\/\/balkangreenenergynews.com\/rs\/parlamentarci-iz-jugoistocne-evrope-zajedno-za-energetsku-efikasnost-zastitu-klime\/\" \/>\n<meta property=\"og:locale\" content=\"sr_RS\" \/>\n<meta property=\"og:type\" content=\"article\" \/>\n<meta property=\"og:title\" content=\"Parlamentarci iz jugoisto\u010dne Evrope zajedno za energetsku efikasnost i za\u0161titu klime\" \/>\n<meta property=\"og:description\" content=\"GIZ-ov Otvoreni regionalni fond za jugoisto\u010dnu Evropu - Energetska efikasnost (ORF-EE), finansiran od strane Njema\u010dke vlade, u prolje\u0107e 2017. godine ulazi\" \/>\n<meta property=\"og:url\" content=\"https:\/\/balkangreenenergynews.com\/rs\/parlamentarci-iz-jugoistocne-evrope-zajedno-za-energetsku-efikasnost-zastitu-klime\/\" \/>\n<meta property=\"og:site_name\" content=\"Balkan Green Energy News\" \/>\n<meta property=\"article:published_time\" content=\"2017-04-21T10:54:39+00:00\" \/>\n<meta property=\"article:modified_time\" content=\"2020-10-30T11:18:36+00:00\" \/>\n<meta property=\"og:image\" content=\"https:\/\/balkangreenenergynews.com\/rs\/wp-content\/uploads\/2017\/04\/PDI_Vienna-meeting_regional-cooperation_GIZ-ORF-EE_feature.jpg\" \/>\n\t<meta property=\"og:image:width\" content=\"350\" \/>\n\t<meta property=\"og:image:height\" content=\"267\" \/>\n\t<meta property=\"og:image:type\" content=\"image\/jpeg\" \/>\n<meta name=\"author\" content=\"Balkan Green Energy News\" \/>\n<meta name=\"twitter:card\" content=\"summary_large_image\" \/>\n<meta name=\"twitter:label1\" content=\"\u041d\u0430\u043f\u0438\u0441\u0430\u043d\u043e \u043e\u0434\" \/>\n\t<meta name=\"twitter:data1\" content=\"Balkan Green Energy News\" \/>\n\t<meta name=\"twitter:label2\" content=\"\u041f\u0440\u043e\u0446\u0435\u045a\u0435\u043d\u043e \u0432\u0440\u0435\u043c\u0435 \u0447\u0438\u0442\u0430\u045a\u0430\" \/>\n\t<meta name=\"twitter:data2\" content=\"2 \u043c\u0438\u043d\u0443\u0442\u0430\" \/>\n<script type=\"application\/ld+json\" class=\"yoast-schema-graph\">{\"@context\":\"https:\\\/\\\/schema.org\",\"@graph\":[{\"@type\":\"Article\",\"@id\":\"https:\\\/\\\/balkangreenenergynews.com\\\/rs\\\/parlamentarci-iz-jugoistocne-evrope-zajedno-za-energetsku-efikasnost-zastitu-klime\\\/#article\",\"isPartOf\":{\"@id\":\"https:\\\/\\\/balkangreenenergynews.com\\\/rs\\\/parlamentarci-iz-jugoistocne-evrope-zajedno-za-energetsku-efikasnost-zastitu-klime\\\/\"},\"author\":{\"name\":\"Balkan Green Energy News\",\"@id\":\"https:\\\/\\\/balkangreenenergynews.com\\\/rs\\\/#\\\/schema\\\/person\\\/dee275e6036b1a0f7ceaf956d79d4eff\"},\"headline\":\"Parlamentarci iz jugoisto\u010dne Evrope zajedno za energetsku efikasnost i za\u0161titu klime\",\"datePublished\":\"2017-04-21T10:54:39+00:00\",\"dateModified\":\"2020-10-30T11:18:36+00:00\",\"mainEntityOfPage\":{\"@id\":\"https:\\\/\\\/balkangreenenergynews.com\\\/rs\\\/parlamentarci-iz-jugoistocne-evrope-zajedno-za-energetsku-efikasnost-zastitu-klime\\\/\"},\"wordCount\":419,\"commentCount\":0,\"image\":{\"@id\":\"https:\\\/\\\/balkangreenenergynews.com\\\/rs\\\/parlamentarci-iz-jugoistocne-evrope-zajedno-za-energetsku-efikasnost-zastitu-klime\\\/#primaryimage\"},\"thumbnailUrl\":\"https:\\\/\\\/balkangreenenergynews.com\\\/rs\\\/wp-content\\\/uploads\\\/2017\\\/04\\\/PDI_Vienna-meeting_regional-cooperation_GIZ-ORF-EE_feature.jpg?wsr\",\"keywords\":[\"Energetska zajednica\",\"GIZ ORF-EE\",\"Jasna Sekulovi\u0107\"],\"articleSection\":[\"Energetska efikasnost\"],\"inLanguage\":\"sr-RS\",\"potentialAction\":[{\"@type\":\"CommentAction\",\"name\":\"Comment\",\"target\":[\"https:\\\/\\\/balkangreenenergynews.com\\\/rs\\\/parlamentarci-iz-jugoistocne-evrope-zajedno-za-energetsku-efikasnost-zastitu-klime\\\/#respond\"]}]},{\"@type\":\"WebPage\",\"@id\":\"https:\\\/\\\/balkangreenenergynews.com\\\/rs\\\/parlamentarci-iz-jugoistocne-evrope-zajedno-za-energetsku-efikasnost-zastitu-klime\\\/\",\"url\":\"https:\\\/\\\/balkangreenenergynews.com\\\/rs\\\/parlamentarci-iz-jugoistocne-evrope-zajedno-za-energetsku-efikasnost-zastitu-klime\\\/\",\"name\":\"Parlamentarci iz jugoisto\u010dne Evrope zajedno za energetsku efikasnost i za\u0161titu klime\",\"isPartOf\":{\"@id\":\"https:\\\/\\\/balkangreenenergynews.com\\\/rs\\\/#website\"},\"primaryImageOfPage\":{\"@id\":\"https:\\\/\\\/balkangreenenergynews.com\\\/rs\\\/parlamentarci-iz-jugoistocne-evrope-zajedno-za-energetsku-efikasnost-zastitu-klime\\\/#primaryimage\"},\"image\":{\"@id\":\"https:\\\/\\\/balkangreenenergynews.com\\\/rs\\\/parlamentarci-iz-jugoistocne-evrope-zajedno-za-energetsku-efikasnost-zastitu-klime\\\/#primaryimage\"},\"thumbnailUrl\":\"https:\\\/\\\/balkangreenenergynews.com\\\/rs\\\/wp-content\\\/uploads\\\/2017\\\/04\\\/PDI_Vienna-meeting_regional-cooperation_GIZ-ORF-EE_feature.jpg?wsr\",\"datePublished\":\"2017-04-21T10:54:39+00:00\",\"dateModified\":\"2020-10-30T11:18:36+00:00\",\"author\":{\"@id\":\"https:\\\/\\\/balkangreenenergynews.com\\\/rs\\\/#\\\/schema\\\/person\\\/dee275e6036b1a0f7ceaf956d79d4eff\"},\"description\":\"GIZ-ov Otvoreni regionalni fond za jugoisto\u010dnu Evropu - Energetska efikasnost (ORF-EE), finansiran od strane Njema\u010dke vlade, u prolje\u0107e 2017. godine ulazi\",\"breadcrumb\":{\"@id\":\"https:\\\/\\\/balkangreenenergynews.com\\\/rs\\\/parlamentarci-iz-jugoistocne-evrope-zajedno-za-energetsku-efikasnost-zastitu-klime\\\/#breadcrumb\"},\"inLanguage\":\"sr-RS\",\"potentialAction\":[{\"@type\":\"ReadAction\",\"target\":[\"https:\\\/\\\/balkangreenenergynews.com\\\/rs\\\/parlamentarci-iz-jugoistocne-evrope-zajedno-za-energetsku-efikasnost-zastitu-klime\\\/\"]}]},{\"@type\":\"ImageObject\",\"inLanguage\":\"sr-RS\",\"@id\":\"https:\\\/\\\/balkangreenenergynews.com\\\/rs\\\/parlamentarci-iz-jugoistocne-evrope-zajedno-za-energetsku-efikasnost-zastitu-klime\\\/#primaryimage\",\"url\":\"https:\\\/\\\/balkangreenenergynews.com\\\/rs\\\/wp-content\\\/uploads\\\/2017\\\/04\\\/PDI_Vienna-meeting_regional-cooperation_GIZ-ORF-EE_feature.jpg?wsr\",\"contentUrl\":\"https:\\\/\\\/balkangreenenergynews.com\\\/rs\\\/wp-content\\\/uploads\\\/2017\\\/04\\\/PDI_Vienna-meeting_regional-cooperation_GIZ-ORF-EE_feature.jpg?wsr\",\"width\":350,\"height\":267},{\"@type\":\"BreadcrumbList\",\"@id\":\"https:\\\/\\\/balkangreenenergynews.com\\\/rs\\\/parlamentarci-iz-jugoistocne-evrope-zajedno-za-energetsku-efikasnost-zastitu-klime\\\/#breadcrumb\",\"itemListElement\":[{\"@type\":\"ListItem\",\"position\":1,\"name\":\"Po\u010detna\",\"item\":\"https:\\\/\\\/balkangreenenergynews.com\\\/rs\\\/\"},{\"@type\":\"ListItem\",\"position\":2,\"name\":\"GIZ ORF-EE\",\"item\":\"https:\\\/\\\/balkangreenenergynews.com\\\/rs\\\/kategorija\\\/giz-orf-ee\\\/\"},{\"@type\":\"ListItem\",\"position\":3,\"name\":\"Parlamentarci iz jugoisto\u010dne Evrope zajedno za energetsku efikasnost i za\u0161titu klime\"}]},{\"@type\":\"WebSite\",\"@id\":\"https:\\\/\\\/balkangreenenergynews.com\\\/rs\\\/#website\",\"url\":\"https:\\\/\\\/balkangreenenergynews.com\\\/rs\\\/\",\"name\":\"Balkan Green Energy News\",\"description\":\"Naj\u0161iri izbor vesti sa Balkana o zelenoj energiji\",\"potentialAction\":[{\"@type\":\"SearchAction\",\"target\":{\"@type\":\"EntryPoint\",\"urlTemplate\":\"https:\\\/\\\/balkangreenenergynews.com\\\/rs\\\/?s={search_term_string}\"},\"query-input\":{\"@type\":\"PropertyValueSpecification\",\"valueRequired\":true,\"valueName\":\"search_term_string\"}}],\"inLanguage\":\"sr-RS\"},{\"@type\":\"Person\",\"@id\":\"https:\\\/\\\/balkangreenenergynews.com\\\/rs\\\/#\\\/schema\\\/person\\\/dee275e6036b1a0f7ceaf956d79d4eff\",\"name\":\"Balkan Green Energy News\",\"url\":\"https:\\\/\\\/balkangreenenergynews.com\\\/rs\\\/author\\\/balkangreenenergynews\\\/\"}]}<\/script>\n<!-- \/ Yoast SEO plugin. -->","yoast_head_json":{"title":"Parlamentarci iz jugoisto\u010dne Evrope zajedno za energetsku efikasnost i za\u0161titu klime","description":"GIZ-ov Otvoreni regionalni fond za jugoisto\u010dnu Evropu - Energetska efikasnost (ORF-EE), finansiran od strane Njema\u010dke vlade, u prolje\u0107e 2017. godine ulazi","robots":{"index":"index","follow":"follow","max-snippet":"max-snippet:-1","max-image-preview":"max-image-preview:large","max-video-preview":"max-video-preview:-1"},"canonical":"https:\/\/balkangreenenergynews.com\/rs\/parlamentarci-iz-jugoistocne-evrope-zajedno-za-energetsku-efikasnost-zastitu-klime\/","og_locale":"sr_RS","og_type":"article","og_title":"Parlamentarci iz jugoisto\u010dne Evrope zajedno za energetsku efikasnost i za\u0161titu klime","og_description":"GIZ-ov Otvoreni regionalni fond za jugoisto\u010dnu Evropu - Energetska efikasnost (ORF-EE), finansiran od strane Njema\u010dke vlade, u prolje\u0107e 2017. godine ulazi","og_url":"https:\/\/balkangreenenergynews.com\/rs\/parlamentarci-iz-jugoistocne-evrope-zajedno-za-energetsku-efikasnost-zastitu-klime\/","og_site_name":"Balkan Green Energy News","article_published_time":"2017-04-21T10:54:39+00:00","article_modified_time":"2020-10-30T11:18:36+00:00","og_image":[{"width":350,"height":267,"url":"https:\/\/balkangreenenergynews.com\/rs\/wp-content\/uploads\/2017\/04\/PDI_Vienna-meeting_regional-cooperation_GIZ-ORF-EE_feature.jpg","type":"image\/jpeg"}],"author":"Balkan Green Energy News","twitter_card":"summary_large_image","twitter_misc":{"\u041d\u0430\u043f\u0438\u0441\u0430\u043d\u043e \u043e\u0434":"Balkan Green Energy News","\u041f\u0440\u043e\u0446\u0435\u045a\u0435\u043d\u043e \u0432\u0440\u0435\u043c\u0435 \u0447\u0438\u0442\u0430\u045a\u0430":"2 \u043c\u0438\u043d\u0443\u0442\u0430"},"schema":{"@context":"https:\/\/schema.org","@graph":[{"@type":"Article","@id":"https:\/\/balkangreenenergynews.com\/rs\/parlamentarci-iz-jugoistocne-evrope-zajedno-za-energetsku-efikasnost-zastitu-klime\/#article","isPartOf":{"@id":"https:\/\/balkangreenenergynews.com\/rs\/parlamentarci-iz-jugoistocne-evrope-zajedno-za-energetsku-efikasnost-zastitu-klime\/"},"author":{"name":"Balkan Green Energy News","@id":"https:\/\/balkangreenenergynews.com\/rs\/#\/schema\/person\/dee275e6036b1a0f7ceaf956d79d4eff"},"headline":"Parlamentarci iz jugoisto\u010dne Evrope zajedno za energetsku efikasnost i za\u0161titu klime","datePublished":"2017-04-21T10:54:39+00:00","dateModified":"2020-10-30T11:18:36+00:00","mainEntityOfPage":{"@id":"https:\/\/balkangreenenergynews.com\/rs\/parlamentarci-iz-jugoistocne-evrope-zajedno-za-energetsku-efikasnost-zastitu-klime\/"},"wordCount":419,"commentCount":0,"image":{"@id":"https:\/\/balkangreenenergynews.com\/rs\/parlamentarci-iz-jugoistocne-evrope-zajedno-za-energetsku-efikasnost-zastitu-klime\/#primaryimage"},"thumbnailUrl":"https:\/\/balkangreenenergynews.com\/rs\/wp-content\/uploads\/2017\/04\/PDI_Vienna-meeting_regional-cooperation_GIZ-ORF-EE_feature.jpg?wsr","keywords":["Energetska zajednica","GIZ ORF-EE","Jasna Sekulovi\u0107"],"articleSection":["Energetska efikasnost"],"inLanguage":"sr-RS","potentialAction":[{"@type":"CommentAction","name":"Comment","target":["https:\/\/balkangreenenergynews.com\/rs\/parlamentarci-iz-jugoistocne-evrope-zajedno-za-energetsku-efikasnost-zastitu-klime\/#respond"]}]},{"@type":"WebPage","@id":"https:\/\/balkangreenenergynews.com\/rs\/parlamentarci-iz-jugoistocne-evrope-zajedno-za-energetsku-efikasnost-zastitu-klime\/","url":"https:\/\/balkangreenenergynews.com\/rs\/parlamentarci-iz-jugoistocne-evrope-zajedno-za-energetsku-efikasnost-zastitu-klime\/","name":"Parlamentarci iz jugoisto\u010dne Evrope zajedno za energetsku efikasnost i za\u0161titu klime","isPartOf":{"@id":"https:\/\/balkangreenenergynews.com\/rs\/#website"},"primaryImageOfPage":{"@id":"https:\/\/balkangreenenergynews.com\/rs\/parlamentarci-iz-jugoistocne-evrope-zajedno-za-energetsku-efikasnost-zastitu-klime\/#primaryimage"},"image":{"@id":"https:\/\/balkangreenenergynews.com\/rs\/parlamentarci-iz-jugoistocne-evrope-zajedno-za-energetsku-efikasnost-zastitu-klime\/#primaryimage"},"thumbnailUrl":"https:\/\/balkangreenenergynews.com\/rs\/wp-content\/uploads\/2017\/04\/PDI_Vienna-meeting_regional-cooperation_GIZ-ORF-EE_feature.jpg?wsr","datePublished":"2017-04-21T10:54:39+00:00","dateModified":"2020-10-30T11:18:36+00:00","author":{"@id":"https:\/\/balkangreenenergynews.com\/rs\/#\/schema\/person\/dee275e6036b1a0f7ceaf956d79d4eff"},"description":"GIZ-ov Otvoreni regionalni fond za jugoisto\u010dnu Evropu - Energetska efikasnost (ORF-EE), finansiran od strane Njema\u010dke vlade, u prolje\u0107e 2017. godine ulazi","breadcrumb":{"@id":"https:\/\/balkangreenenergynews.com\/rs\/parlamentarci-iz-jugoistocne-evrope-zajedno-za-energetsku-efikasnost-zastitu-klime\/#breadcrumb"},"inLanguage":"sr-RS","potentialAction":[{"@type":"ReadAction","target":["https:\/\/balkangreenenergynews.com\/rs\/parlamentarci-iz-jugoistocne-evrope-zajedno-za-energetsku-efikasnost-zastitu-klime\/"]}]},{"@type":"ImageObject","inLanguage":"sr-RS","@id":"https:\/\/balkangreenenergynews.com\/rs\/parlamentarci-iz-jugoistocne-evrope-zajedno-za-energetsku-efikasnost-zastitu-klime\/#primaryimage","url":"https:\/\/balkangreenenergynews.com\/rs\/wp-content\/uploads\/2017\/04\/PDI_Vienna-meeting_regional-cooperation_GIZ-ORF-EE_feature.jpg?wsr","contentUrl":"https:\/\/balkangreenenergynews.com\/rs\/wp-content\/uploads\/2017\/04\/PDI_Vienna-meeting_regional-cooperation_GIZ-ORF-EE_feature.jpg?wsr","width":350,"height":267},{"@type":"BreadcrumbList","@id":"https:\/\/balkangreenenergynews.com\/rs\/parlamentarci-iz-jugoistocne-evrope-zajedno-za-energetsku-efikasnost-zastitu-klime\/#breadcrumb","itemListElement":[{"@type":"ListItem","position":1,"name":"Po\u010detna","item":"https:\/\/balkangreenenergynews.com\/rs\/"},{"@type":"ListItem","position":2,"name":"GIZ ORF-EE","item":"https:\/\/balkangreenenergynews.com\/rs\/kategorija\/giz-orf-ee\/"},{"@type":"ListItem","position":3,"name":"Parlamentarci iz jugoisto\u010dne Evrope zajedno za energetsku efikasnost i za\u0161titu klime"}]},{"@type":"WebSite","@id":"https:\/\/balkangreenenergynews.com\/rs\/#website","url":"https:\/\/balkangreenenergynews.com\/rs\/","name":"Balkan Green Energy News","description":"Naj\u0161iri izbor vesti sa Balkana o zelenoj energiji","potentialAction":[{"@type":"SearchAction","target":{"@type":"EntryPoint","urlTemplate":"https:\/\/balkangreenenergynews.com\/rs\/?s={search_term_string}"},"query-input":{"@type":"PropertyValueSpecification","valueRequired":true,"valueName":"search_term_string"}}],"inLanguage":"sr-RS"},{"@type":"Person","@id":"https:\/\/balkangreenenergynews.com\/rs\/#\/schema\/person\/dee275e6036b1a0f7ceaf956d79d4eff","name":"Balkan Green Energy News","url":"https:\/\/balkangreenenergynews.com\/rs\/author\/balkangreenenergynews\/"}]}},"_links":{"self":[{"href":"https:\/\/balkangreenenergynews.com\/rs\/wp-json\/wp\/v2\/posts\/12125","targetHints":{"allow":["GET"]}}],"collection":[{"href":"https:\/\/balkangreenenergynews.com\/rs\/wp-json\/wp\/v2\/posts"}],"about":[{"href":"https:\/\/balkangreenenergynews.com\/rs\/wp-json\/wp\/v2\/types\/post"}],"author":[{"embeddable":true,"href":"https:\/\/balkangreenenergynews.com\/rs\/wp-json\/wp\/v2\/users\/25"}],"replies":[{"embeddable":true,"href":"https:\/\/balkangreenenergynews.com\/rs\/wp-json\/wp\/v2\/comments?post=12125"}],"version-history":[{"count":0,"href":"https:\/\/balkangreenenergynews.com\/rs\/wp-json\/wp\/v2\/posts\/12125\/revisions"}],"wp:featuredmedia":[{"embeddable":true,"href":"https:\/\/balkangreenenergynews.com\/rs\/wp-json\/wp\/v2\/media\/12127"}],"wp:attachment":[{"href":"https:\/\/balkangreenenergynews.com\/rs\/wp-json\/wp\/v2\/media?parent=12125"}],"wp:term":[{"taxonomy":"category","embeddable":true,"href":"https:\/\/balkangreenenergynews.com\/rs\/wp-json\/wp\/v2\/categories?post=12125"},{"taxonomy":"post_tag","embeddable":true,"href":"https:\/\/balkangreenenergynews.com\/rs\/wp-json\/wp\/v2\/tags?post=12125"}],"curies":[{"name":"wp","href":"https:\/\/api.w.org\/{rel}","templated":true}]}}