{"id":12084,"date":"2017-04-13T23:01:32","date_gmt":"2017-04-13T21:01:32","guid":{"rendered":"http:\/\/balkangreenenergynews.com\/rs\/?p=12084"},"modified":"2020-05-03T01:15:51","modified_gmt":"2020-05-02T23:15:51","slug":"pocela-priprema-regionalni-centar-upravljanje-otpadom-kalenic","status":"publish","type":"post","link":"https:\/\/balkangreenenergynews.com\/rs\/pocela-priprema-regionalni-centar-upravljanje-otpadom-kalenic\/","title":{"rendered":"Po\u010dela priprema za regionalni centar za upravljanje otpadom Kaleni\u0107"},"content":{"rendered":"<h2>Danas je u Ubu potpisan Memorandum o razumevanju koji \u0107e omogu\u0107iti pripremu tehni\u010dke dokumentacije za izgradnju Regionalnog centra za upravljanje otpadom sa deponijom Kaleni\u0107, kao i uspostavljanje sistema za integralno upravljanje komunalnim otpadom za Kolubarski region.<\/h2>\n<p>Memorandum su potpisali predstavnici Ministarstva poljoprivrede i za\u0161tite \u017eivotne sredine, Ministarstva rudarstva i energetike, Kancelarije za Evropske integracije, Regionalnog preduze\u0107a \u201eEko-tamnava\u201c i 11 gradova i op\u0161tina u\u010desnika u zajedni\u010dkom projektu, navodi se u <a href=\"https:\/\/www.eko.minpolj.gov.rs\/pocela-priprema-dokumentacije-za-izgradnju-regionalnog-centra-za-upravljanje-otpadom-kalenic\/?lang=lat\">saop\u0161tenju<\/a>.<\/p>\n<p>Potpisivanjem Memoranduma \u0107e biti pripremljena neophodna dokumentacija, kojom se obezbe\u0111uje zavr\u0161etak aktivnosti na trenutno najve\u0107em regionalnom projektu u Srbiji iz oblasti za\u0161tite \u017eivotne sredine.<\/p>\n<p>&#8222;Regionalni centar Kaleni\u0107 obuhvata 11 gradova i op\u0161tina (Valjevo, Obrenovac, Lazarevac, Ub, Barajevo, Vladimirci, Lajkovac, Mionica, Koceljeva, Ose\u010dina i Ljig) sa oko 363.000 stanovnika. Javna komunalna preduze\u0107a na tom prostoru u proseku dnevno sakupe oko 330 tona \u010dvrstog neopasnog komunalnog otpada, zbog \u010dega je izgradnja regionalnog centra od velike va\u017enosti za uspostavljanje odr\u017eivog sistema upravljanja otpadom na ovom podru\u010dju\u201c, istakao je Zoran Petrovi\u0107, direktor Regionalnog centra za upravljanje otpadom Eko-Tamnava.<\/p>\n<p>Stana Bo\u017eovi\u0107, dr\u017eavna sekretarka Ministarstva poljoprivrede i za\u0161tite \u017eivotne sredine, navela je da \u0107e izgradnja Regionalnog centra \u201eKaleni\u0107\u201c doprineti unapre\u0111enju upravljanja otpadom i pove\u0107anju stope recikla\u017ee, i jo\u0161 jedan je u nizu koraka preduzetih za ure\u0111ivanje komunalne infrastrukture i integralni pristup za upravljanje otpadom u Srbiji.<\/p>\n<p>\u201eRepublika Srbija ima 9 regionalnih sanitarnih deponija. Prema va\u017ee\u0107oj nacionalnoj Strategiji, planira se uspostavljanje 27 regionalnih sistema za upravljanje otpadom. Trenutno proizvedemo 2,5 miliona tona otpada, od \u010dega tek 400 hiljada tona zavr\u0161i na sanitarnim deponijama, a ostatak na smetili\u0161tima. Tek 5% otpada se reciklira i ponovo iskoristi. U narednih 15 godina, Srbija \u0107e morati u potpunosti da preokrene situaciju. To je za celo dru\u0161tvo veliki izazov i zahteva uklju\u010denost i posve\u0107enost svih zainteresovanih strana, po\u010dev\u0161i od svakog od nas ponaosob, pa do institucija na lokalnom, nacionalnom, ali i me\u0111unarodnom nivou\u201c, rekla je Stana Bo\u017eovi\u0107, dr\u017eavna sekretarka Ministarstva poljoprivrede i za\u0161tite \u017eivotne sredine.<\/p>\n<p>Projekat izgradnje regionalnog sistema za upravljanje otpadom Kaleni\u0107 nalazi se na listi prioritetnih infrastrukturnih projekata, u okviru dokumenta Nacionalni prioriteti za me\u0111unarodnu pomo\u0107 za period 2014 &#8211; 2017. sa projekcijama do 2020. godine, koju je usvojila Vlada Republike Srbije.<\/p>\n","protected":false},"excerpt":{"rendered":"<p>Danas je u Ubu potpisan Memorandum o razumevanju koji \u0107e omogu\u0107iti pripremu tehni\u010dke dokumentacije za&#8230;<\/p>\n","protected":false},"author":25,"featured_media":29519,"comment_status":"open","ping_status":"closed","sticky":false,"template":"","format":"standard","meta":{"_acf_changed":false,"_monsterinsights_skip_tracking":false,"_monsterinsights_sitenote_active":false,"_monsterinsights_sitenote_note":"","_monsterinsights_sitenote_category":0,"footnotes":""},"categories":[5],"tags":[679],"class_list":["post-12084","post","type-post","status-publish","format-standard","has-post-thumbnail","hentry","category-otpad","tag-otpad","country-srbija"],"acf":[],"yoast_head":"<!-- This site is optimized with the Yoast SEO plugin v27.4 - https:\/\/yoast.com\/product\/yoast-seo-wordpress\/ -->\n<title>Po\u010dela priprema za regionalni centar za upravljanje otpadom Kaleni\u0107<\/title>\n<meta name=\"description\" content=\"Danas je u Ubu potpisan Memorandum o razumevanju koji \u0107e omogu\u0107iti pripremu tehni\u010dke dokumentacije za izgradnju Regionalnog centra za upravljanje\" \/>\n<meta name=\"robots\" content=\"index, follow, max-snippet:-1, max-image-preview:large, max-video-preview:-1\" \/>\n<link rel=\"canonical\" href=\"https:\/\/balkangreenenergynews.com\/rs\/pocela-priprema-regionalni-centar-upravljanje-otpadom-kalenic\/\" \/>\n<meta property=\"og:locale\" content=\"sr_RS\" \/>\n<meta property=\"og:type\" content=\"article\" \/>\n<meta property=\"og:title\" content=\"Po\u010dela priprema za regionalni centar za upravljanje otpadom Kaleni\u0107\" \/>\n<meta property=\"og:description\" content=\"Danas je u Ubu potpisan Memorandum o razumevanju koji \u0107e omogu\u0107iti pripremu tehni\u010dke dokumentacije za izgradnju Regionalnog centra za upravljanje\" \/>\n<meta property=\"og:url\" content=\"https:\/\/balkangreenenergynews.com\/rs\/pocela-priprema-regionalni-centar-upravljanje-otpadom-kalenic\/\" \/>\n<meta property=\"og:site_name\" content=\"Balkan Green Energy News\" \/>\n<meta property=\"article:published_time\" content=\"2017-04-13T21:01:32+00:00\" \/>\n<meta property=\"article:modified_time\" content=\"2020-05-02T23:15:51+00:00\" \/>\n<meta property=\"og:image\" content=\"https:\/\/balkangreenenergynews.com\/rs\/wp-content\/uploads\/2017\/04\/Potpisivanje-Memoranduma-za-Regionalni-centar-Kalenic.jpg\" \/>\n\t<meta property=\"og:image:width\" content=\"795\" \/>\n\t<meta property=\"og:image:height\" content=\"407\" \/>\n\t<meta property=\"og:image:type\" content=\"image\/jpeg\" \/>\n<meta name=\"author\" content=\"Balkan Green Energy News\" \/>\n<meta name=\"twitter:card\" content=\"summary_large_image\" \/>\n<meta name=\"twitter:label1\" content=\"\u041d\u0430\u043f\u0438\u0441\u0430\u043d\u043e \u043e\u0434\" \/>\n\t<meta name=\"twitter:data1\" content=\"Balkan Green Energy News\" \/>\n\t<meta name=\"twitter:label2\" content=\"\u041f\u0440\u043e\u0446\u0435\u045a\u0435\u043d\u043e \u0432\u0440\u0435\u043c\u0435 \u0447\u0438\u0442\u0430\u045a\u0430\" \/>\n\t<meta name=\"twitter:data2\" content=\"2 \u043c\u0438\u043d\u0443\u0442\u0430\" \/>\n<script type=\"application\/ld+json\" class=\"yoast-schema-graph\">{\"@context\":\"https:\\\/\\\/schema.org\",\"@graph\":[{\"@type\":\"Article\",\"@id\":\"https:\\\/\\\/balkangreenenergynews.com\\\/rs\\\/pocela-priprema-regionalni-centar-upravljanje-otpadom-kalenic\\\/#article\",\"isPartOf\":{\"@id\":\"https:\\\/\\\/balkangreenenergynews.com\\\/rs\\\/pocela-priprema-regionalni-centar-upravljanje-otpadom-kalenic\\\/\"},\"author\":{\"name\":\"Balkan Green Energy News\",\"@id\":\"https:\\\/\\\/balkangreenenergynews.com\\\/rs\\\/#\\\/schema\\\/person\\\/dee275e6036b1a0f7ceaf956d79d4eff\"},\"headline\":\"Po\u010dela priprema za regionalni centar za upravljanje otpadom Kaleni\u0107\",\"datePublished\":\"2017-04-13T21:01:32+00:00\",\"dateModified\":\"2020-05-02T23:15:51+00:00\",\"mainEntityOfPage\":{\"@id\":\"https:\\\/\\\/balkangreenenergynews.com\\\/rs\\\/pocela-priprema-regionalni-centar-upravljanje-otpadom-kalenic\\\/\"},\"wordCount\":388,\"commentCount\":0,\"image\":{\"@id\":\"https:\\\/\\\/balkangreenenergynews.com\\\/rs\\\/pocela-priprema-regionalni-centar-upravljanje-otpadom-kalenic\\\/#primaryimage\"},\"thumbnailUrl\":\"https:\\\/\\\/balkangreenenergynews.com\\\/rs\\\/wp-content\\\/uploads\\\/2017\\\/04\\\/Potpisivanje-Memoranduma-za-Regionalni-centar-Kalenic.jpg?wsr\",\"keywords\":[\"otpad\"],\"articleSection\":[\"Otpad\"],\"inLanguage\":\"sr-RS\",\"potentialAction\":[{\"@type\":\"CommentAction\",\"name\":\"Comment\",\"target\":[\"https:\\\/\\\/balkangreenenergynews.com\\\/rs\\\/pocela-priprema-regionalni-centar-upravljanje-otpadom-kalenic\\\/#respond\"]}]},{\"@type\":\"WebPage\",\"@id\":\"https:\\\/\\\/balkangreenenergynews.com\\\/rs\\\/pocela-priprema-regionalni-centar-upravljanje-otpadom-kalenic\\\/\",\"url\":\"https:\\\/\\\/balkangreenenergynews.com\\\/rs\\\/pocela-priprema-regionalni-centar-upravljanje-otpadom-kalenic\\\/\",\"name\":\"Po\u010dela priprema za regionalni centar za upravljanje otpadom Kaleni\u0107\",\"isPartOf\":{\"@id\":\"https:\\\/\\\/balkangreenenergynews.com\\\/rs\\\/#website\"},\"primaryImageOfPage\":{\"@id\":\"https:\\\/\\\/balkangreenenergynews.com\\\/rs\\\/pocela-priprema-regionalni-centar-upravljanje-otpadom-kalenic\\\/#primaryimage\"},\"image\":{\"@id\":\"https:\\\/\\\/balkangreenenergynews.com\\\/rs\\\/pocela-priprema-regionalni-centar-upravljanje-otpadom-kalenic\\\/#primaryimage\"},\"thumbnailUrl\":\"https:\\\/\\\/balkangreenenergynews.com\\\/rs\\\/wp-content\\\/uploads\\\/2017\\\/04\\\/Potpisivanje-Memoranduma-za-Regionalni-centar-Kalenic.jpg?wsr\",\"datePublished\":\"2017-04-13T21:01:32+00:00\",\"dateModified\":\"2020-05-02T23:15:51+00:00\",\"author\":{\"@id\":\"https:\\\/\\\/balkangreenenergynews.com\\\/rs\\\/#\\\/schema\\\/person\\\/dee275e6036b1a0f7ceaf956d79d4eff\"},\"description\":\"Danas je u Ubu potpisan Memorandum o razumevanju koji \u0107e omogu\u0107iti pripremu tehni\u010dke dokumentacije za izgradnju Regionalnog centra za upravljanje\",\"breadcrumb\":{\"@id\":\"https:\\\/\\\/balkangreenenergynews.com\\\/rs\\\/pocela-priprema-regionalni-centar-upravljanje-otpadom-kalenic\\\/#breadcrumb\"},\"inLanguage\":\"sr-RS\",\"potentialAction\":[{\"@type\":\"ReadAction\",\"target\":[\"https:\\\/\\\/balkangreenenergynews.com\\\/rs\\\/pocela-priprema-regionalni-centar-upravljanje-otpadom-kalenic\\\/\"]}]},{\"@type\":\"ImageObject\",\"inLanguage\":\"sr-RS\",\"@id\":\"https:\\\/\\\/balkangreenenergynews.com\\\/rs\\\/pocela-priprema-regionalni-centar-upravljanje-otpadom-kalenic\\\/#primaryimage\",\"url\":\"https:\\\/\\\/balkangreenenergynews.com\\\/rs\\\/wp-content\\\/uploads\\\/2017\\\/04\\\/Potpisivanje-Memoranduma-za-Regionalni-centar-Kalenic.jpg?wsr\",\"contentUrl\":\"https:\\\/\\\/balkangreenenergynews.com\\\/rs\\\/wp-content\\\/uploads\\\/2017\\\/04\\\/Potpisivanje-Memoranduma-za-Regionalni-centar-Kalenic.jpg?wsr\",\"width\":795,\"height\":407},{\"@type\":\"BreadcrumbList\",\"@id\":\"https:\\\/\\\/balkangreenenergynews.com\\\/rs\\\/pocela-priprema-regionalni-centar-upravljanje-otpadom-kalenic\\\/#breadcrumb\",\"itemListElement\":[{\"@type\":\"ListItem\",\"position\":1,\"name\":\"Po\u010detna\",\"item\":\"https:\\\/\\\/balkangreenenergynews.com\\\/rs\\\/\"},{\"@type\":\"ListItem\",\"position\":2,\"name\":\"Vesti\",\"item\":\"https:\\\/\\\/balkangreenenergynews.com\\\/rs\\\/kategorija\\\/vesti\\\/\"},{\"@type\":\"ListItem\",\"position\":3,\"name\":\"Otpad\",\"item\":\"https:\\\/\\\/balkangreenenergynews.com\\\/rs\\\/kategorija\\\/vesti\\\/otpad\\\/\"},{\"@type\":\"ListItem\",\"position\":4,\"name\":\"Po\u010dela priprema za regionalni centar za upravljanje otpadom Kaleni\u0107\"}]},{\"@type\":\"WebSite\",\"@id\":\"https:\\\/\\\/balkangreenenergynews.com\\\/rs\\\/#website\",\"url\":\"https:\\\/\\\/balkangreenenergynews.com\\\/rs\\\/\",\"name\":\"Balkan Green Energy News\",\"description\":\"Naj\u0161iri izbor vesti sa Balkana o zelenoj energiji\",\"potentialAction\":[{\"@type\":\"SearchAction\",\"target\":{\"@type\":\"EntryPoint\",\"urlTemplate\":\"https:\\\/\\\/balkangreenenergynews.com\\\/rs\\\/?s={search_term_string}\"},\"query-input\":{\"@type\":\"PropertyValueSpecification\",\"valueRequired\":true,\"valueName\":\"search_term_string\"}}],\"inLanguage\":\"sr-RS\"},{\"@type\":\"Person\",\"@id\":\"https:\\\/\\\/balkangreenenergynews.com\\\/rs\\\/#\\\/schema\\\/person\\\/dee275e6036b1a0f7ceaf956d79d4eff\",\"name\":\"Balkan Green Energy News\",\"url\":\"https:\\\/\\\/balkangreenenergynews.com\\\/rs\\\/author\\\/balkangreenenergynews\\\/\"}]}<\/script>\n<!-- \/ Yoast SEO plugin. -->","yoast_head_json":{"title":"Po\u010dela priprema za regionalni centar za upravljanje otpadom Kaleni\u0107","description":"Danas je u Ubu potpisan Memorandum o razumevanju koji \u0107e omogu\u0107iti pripremu tehni\u010dke dokumentacije za izgradnju Regionalnog centra za upravljanje","robots":{"index":"index","follow":"follow","max-snippet":"max-snippet:-1","max-image-preview":"max-image-preview:large","max-video-preview":"max-video-preview:-1"},"canonical":"https:\/\/balkangreenenergynews.com\/rs\/pocela-priprema-regionalni-centar-upravljanje-otpadom-kalenic\/","og_locale":"sr_RS","og_type":"article","og_title":"Po\u010dela priprema za regionalni centar za upravljanje otpadom Kaleni\u0107","og_description":"Danas je u Ubu potpisan Memorandum o razumevanju koji \u0107e omogu\u0107iti pripremu tehni\u010dke dokumentacije za izgradnju Regionalnog centra za upravljanje","og_url":"https:\/\/balkangreenenergynews.com\/rs\/pocela-priprema-regionalni-centar-upravljanje-otpadom-kalenic\/","og_site_name":"Balkan Green Energy News","article_published_time":"2017-04-13T21:01:32+00:00","article_modified_time":"2020-05-02T23:15:51+00:00","og_image":[{"width":795,"height":407,"url":"https:\/\/balkangreenenergynews.com\/rs\/wp-content\/uploads\/2017\/04\/Potpisivanje-Memoranduma-za-Regionalni-centar-Kalenic.jpg","type":"image\/jpeg"}],"author":"Balkan Green Energy News","twitter_card":"summary_large_image","twitter_misc":{"\u041d\u0430\u043f\u0438\u0441\u0430\u043d\u043e \u043e\u0434":"Balkan Green Energy News","\u041f\u0440\u043e\u0446\u0435\u045a\u0435\u043d\u043e \u0432\u0440\u0435\u043c\u0435 \u0447\u0438\u0442\u0430\u045a\u0430":"2 \u043c\u0438\u043d\u0443\u0442\u0430"},"schema":{"@context":"https:\/\/schema.org","@graph":[{"@type":"Article","@id":"https:\/\/balkangreenenergynews.com\/rs\/pocela-priprema-regionalni-centar-upravljanje-otpadom-kalenic\/#article","isPartOf":{"@id":"https:\/\/balkangreenenergynews.com\/rs\/pocela-priprema-regionalni-centar-upravljanje-otpadom-kalenic\/"},"author":{"name":"Balkan Green Energy News","@id":"https:\/\/balkangreenenergynews.com\/rs\/#\/schema\/person\/dee275e6036b1a0f7ceaf956d79d4eff"},"headline":"Po\u010dela priprema za regionalni centar za upravljanje otpadom Kaleni\u0107","datePublished":"2017-04-13T21:01:32+00:00","dateModified":"2020-05-02T23:15:51+00:00","mainEntityOfPage":{"@id":"https:\/\/balkangreenenergynews.com\/rs\/pocela-priprema-regionalni-centar-upravljanje-otpadom-kalenic\/"},"wordCount":388,"commentCount":0,"image":{"@id":"https:\/\/balkangreenenergynews.com\/rs\/pocela-priprema-regionalni-centar-upravljanje-otpadom-kalenic\/#primaryimage"},"thumbnailUrl":"https:\/\/balkangreenenergynews.com\/rs\/wp-content\/uploads\/2017\/04\/Potpisivanje-Memoranduma-za-Regionalni-centar-Kalenic.jpg?wsr","keywords":["otpad"],"articleSection":["Otpad"],"inLanguage":"sr-RS","potentialAction":[{"@type":"CommentAction","name":"Comment","target":["https:\/\/balkangreenenergynews.com\/rs\/pocela-priprema-regionalni-centar-upravljanje-otpadom-kalenic\/#respond"]}]},{"@type":"WebPage","@id":"https:\/\/balkangreenenergynews.com\/rs\/pocela-priprema-regionalni-centar-upravljanje-otpadom-kalenic\/","url":"https:\/\/balkangreenenergynews.com\/rs\/pocela-priprema-regionalni-centar-upravljanje-otpadom-kalenic\/","name":"Po\u010dela priprema za regionalni centar za upravljanje otpadom Kaleni\u0107","isPartOf":{"@id":"https:\/\/balkangreenenergynews.com\/rs\/#website"},"primaryImageOfPage":{"@id":"https:\/\/balkangreenenergynews.com\/rs\/pocela-priprema-regionalni-centar-upravljanje-otpadom-kalenic\/#primaryimage"},"image":{"@id":"https:\/\/balkangreenenergynews.com\/rs\/pocela-priprema-regionalni-centar-upravljanje-otpadom-kalenic\/#primaryimage"},"thumbnailUrl":"https:\/\/balkangreenenergynews.com\/rs\/wp-content\/uploads\/2017\/04\/Potpisivanje-Memoranduma-za-Regionalni-centar-Kalenic.jpg?wsr","datePublished":"2017-04-13T21:01:32+00:00","dateModified":"2020-05-02T23:15:51+00:00","author":{"@id":"https:\/\/balkangreenenergynews.com\/rs\/#\/schema\/person\/dee275e6036b1a0f7ceaf956d79d4eff"},"description":"Danas je u Ubu potpisan Memorandum o razumevanju koji \u0107e omogu\u0107iti pripremu tehni\u010dke dokumentacije za izgradnju Regionalnog centra za upravljanje","breadcrumb":{"@id":"https:\/\/balkangreenenergynews.com\/rs\/pocela-priprema-regionalni-centar-upravljanje-otpadom-kalenic\/#breadcrumb"},"inLanguage":"sr-RS","potentialAction":[{"@type":"ReadAction","target":["https:\/\/balkangreenenergynews.com\/rs\/pocela-priprema-regionalni-centar-upravljanje-otpadom-kalenic\/"]}]},{"@type":"ImageObject","inLanguage":"sr-RS","@id":"https:\/\/balkangreenenergynews.com\/rs\/pocela-priprema-regionalni-centar-upravljanje-otpadom-kalenic\/#primaryimage","url":"https:\/\/balkangreenenergynews.com\/rs\/wp-content\/uploads\/2017\/04\/Potpisivanje-Memoranduma-za-Regionalni-centar-Kalenic.jpg?wsr","contentUrl":"https:\/\/balkangreenenergynews.com\/rs\/wp-content\/uploads\/2017\/04\/Potpisivanje-Memoranduma-za-Regionalni-centar-Kalenic.jpg?wsr","width":795,"height":407},{"@type":"BreadcrumbList","@id":"https:\/\/balkangreenenergynews.com\/rs\/pocela-priprema-regionalni-centar-upravljanje-otpadom-kalenic\/#breadcrumb","itemListElement":[{"@type":"ListItem","position":1,"name":"Po\u010detna","item":"https:\/\/balkangreenenergynews.com\/rs\/"},{"@type":"ListItem","position":2,"name":"Vesti","item":"https:\/\/balkangreenenergynews.com\/rs\/kategorija\/vesti\/"},{"@type":"ListItem","position":3,"name":"Otpad","item":"https:\/\/balkangreenenergynews.com\/rs\/kategorija\/vesti\/otpad\/"},{"@type":"ListItem","position":4,"name":"Po\u010dela priprema za regionalni centar za upravljanje otpadom Kaleni\u0107"}]},{"@type":"WebSite","@id":"https:\/\/balkangreenenergynews.com\/rs\/#website","url":"https:\/\/balkangreenenergynews.com\/rs\/","name":"Balkan Green Energy News","description":"Naj\u0161iri izbor vesti sa Balkana o zelenoj energiji","potentialAction":[{"@type":"SearchAction","target":{"@type":"EntryPoint","urlTemplate":"https:\/\/balkangreenenergynews.com\/rs\/?s={search_term_string}"},"query-input":{"@type":"PropertyValueSpecification","valueRequired":true,"valueName":"search_term_string"}}],"inLanguage":"sr-RS"},{"@type":"Person","@id":"https:\/\/balkangreenenergynews.com\/rs\/#\/schema\/person\/dee275e6036b1a0f7ceaf956d79d4eff","name":"Balkan Green Energy News","url":"https:\/\/balkangreenenergynews.com\/rs\/author\/balkangreenenergynews\/"}]}},"_links":{"self":[{"href":"https:\/\/balkangreenenergynews.com\/rs\/wp-json\/wp\/v2\/posts\/12084","targetHints":{"allow":["GET"]}}],"collection":[{"href":"https:\/\/balkangreenenergynews.com\/rs\/wp-json\/wp\/v2\/posts"}],"about":[{"href":"https:\/\/balkangreenenergynews.com\/rs\/wp-json\/wp\/v2\/types\/post"}],"author":[{"embeddable":true,"href":"https:\/\/balkangreenenergynews.com\/rs\/wp-json\/wp\/v2\/users\/25"}],"replies":[{"embeddable":true,"href":"https:\/\/balkangreenenergynews.com\/rs\/wp-json\/wp\/v2\/comments?post=12084"}],"version-history":[{"count":0,"href":"https:\/\/balkangreenenergynews.com\/rs\/wp-json\/wp\/v2\/posts\/12084\/revisions"}],"wp:featuredmedia":[{"embeddable":true,"href":"https:\/\/balkangreenenergynews.com\/rs\/wp-json\/wp\/v2\/media\/29519"}],"wp:attachment":[{"href":"https:\/\/balkangreenenergynews.com\/rs\/wp-json\/wp\/v2\/media?parent=12084"}],"wp:term":[{"taxonomy":"category","embeddable":true,"href":"https:\/\/balkangreenenergynews.com\/rs\/wp-json\/wp\/v2\/categories?post=12084"},{"taxonomy":"post_tag","embeddable":true,"href":"https:\/\/balkangreenenergynews.com\/rs\/wp-json\/wp\/v2\/tags?post=12084"}],"curies":[{"name":"wp","href":"https:\/\/api.w.org\/{rel}","templated":true}]}}