{"id":12064,"date":"2017-04-12T18:06:18","date_gmt":"2017-04-12T16:06:18","guid":{"rendered":"http:\/\/balkangreenenergynews.com\/rs\/?p=12064"},"modified":"2018-12-07T15:36:49","modified_gmt":"2018-12-07T14:36:49","slug":"sekopak-otvorio-prvu-branu-za-odbranu-od-ambalaznog-otpada-u-srbiji","status":"publish","type":"post","link":"https:\/\/balkangreenenergynews.com\/rs\/sekopak-otvorio-prvu-branu-za-odbranu-od-ambalaznog-otpada-u-srbiji\/","title":{"rendered":"Sekopak otvorio prvu branu za odbranu od ambala\u017enog otpada u Srbiji"},"content":{"rendered":"<h2>Kompanija Sekopak otvorila je prvu branu u Srbiji za odbranu od ambala\u017enog otpada u mestu Batnjik na reci Ra\u0161ka. Novootvorena mre\u017ena brana slu\u017ei za prikupljanje otpadne ambala\u017ee iz re\u010dnih tokova, \u010dime se spre\u010dava zaga\u0111enje reka.<\/h2>\n<p>Na ovaj na\u010din ambala\u017eni otpad ne samo da ne\u0107e te\u0107i niz reku, ve\u0107 \u0107e biti ponovo iskori\u0161\u0107en zahvaljuju\u0107i recikla\u017enoj industriji. Brana po dizajnu i materijalima ne naru\u0161ava re\u010dni ekosistem, a sastoji se iz elemenata izra\u0111enih od visokokvalitetnog ner\u0111aju\u0107eg \u010delika.<\/p>\n<p>Projekat vredan 100.000 evra finansirao je Sekopak, uz podr\u0161ku partnera iz Apatinske pivare, kompanija Tetra Pak, Knjaz Milo\u0161, Ball, CRH i\u00a0 op\u0161tine Ra\u0161ka.<\/p>\n<p>\u201eZajedni\u010dki rad i dugogodi\u0161nja saradnja Op\u0161tine Ra\u0161ka i kompanije Sekopak dovela je do ideje jo\u0161 vi\u0161e doprinesemo za\u0161titi \u017eivotne sredine, a posebno na\u0161ih reka. Ovo je projekat koji \u0107e postaviti nove standarde u o\u010duvanju reka u Srbiji, a efekti i rezultati ovog pilot projekta bi\u0107e polazna osnova za postavljanje novih brana\u201c, izjavila je Violeta Belanovi\u0107 Kokir, direktorka Sekopaka.<\/p>\n<p><img loading=\"lazy\" decoding=\"async\" class=\"alignnone size-full wp-image-12071\" src=\"https:\/\/balkangreenenergynews.com\/rs\/wp-content\/uploads\/2017\/04\/Sekopak_packacing-waste-dam_730.jpg\" alt=\"\" width=\"730\" height=\"374\" srcset=\"https:\/\/balkangreenenergynews.com\/rs\/wp-content\/uploads\/2017\/04\/Sekopak_packacing-waste-dam_730.jpg 730w, https:\/\/balkangreenenergynews.com\/rs\/wp-content\/uploads\/2017\/04\/Sekopak_packacing-waste-dam_730-500x256.jpg 500w, https:\/\/balkangreenenergynews.com\/rs\/wp-content\/uploads\/2017\/04\/Sekopak_packacing-waste-dam_730-300x154.jpg 300w\" sizes=\"auto, (max-width: 730px) 100vw, 730px\" \/><\/p>\n<p>Sve\u010danom otvaranju brane prisustvovali su Branislav Nedimovi\u0107, ministar poljoprivrede i za\u0161tite \u017eivotne sredine u Vladi Republike Srbije, Kajl Rendolf Skat, ambasador SAD, Filip Pinington, ambasador Kanade, Ignjat Rakiti\u0107, predsednik Op\u0161tine Ra\u0161ka kao i predstavnici Sekopaka i Apatinske pivare.<\/p>\n<p>\u201eSekopak sa svojim osniva\u010dima treba da bude uzor svim ostalim kompanijima kada je u pitanju za\u0161tita \u017eivotne sredine. Ovo je pilot projekat ciju je va\u017enost dr\u017eava prepoznala i ukoliko se potvrde dobri rezultati, a verujemo da ho\u0107e, u planu je da podr\u017eimo otvaranje ovakvih brana i na drugim rekama \u0161irom Srbije\u201d, rekao je ministar poljoprivrede i za\u0161tite \u017eivotne sredine Branislav Nedimovi\u0107.<\/p>\n<p>Sekopak je u proteklih sedam godina zahvaljuju\u0107i partnerima i sakuplja\u010dkoj mre\u017ei prikupio i predao na recikla\u017eu vi\u0161e od 240.000 tona ambala\u017enog otpada.<\/p>\n<p>&nbsp;<\/p>\n<p>&nbsp;<\/p>\n","protected":false},"excerpt":{"rendered":"<p>Kompanija Sekopak otvorila je prvu branu u Srbiji za odbranu od ambala\u017enog otpada u mestu&#8230;<\/p>\n","protected":false},"author":25,"featured_media":12066,"comment_status":"open","ping_status":"closed","sticky":false,"template":"","format":"standard","meta":{"_acf_changed":false,"_monsterinsights_skip_tracking":false,"_monsterinsights_sitenote_active":false,"_monsterinsights_sitenote_note":"","_monsterinsights_sitenote_category":0,"footnotes":""},"categories":[5],"tags":[825,1946],"class_list":["post-12064","post","type-post","status-publish","format-standard","has-post-thumbnail","hentry","category-otpad","tag-reciklaza","tag-sekopak","country-srbija"],"acf":[],"yoast_head":"<!-- This site is optimized with the Yoast SEO plugin v27.4 - https:\/\/yoast.com\/product\/yoast-seo-wordpress\/ -->\n<title>Sekopak otvorio prvu branu za odbranu od ambala\u017enog otpada u Srbiji<\/title>\n<meta name=\"description\" content=\"Kompanija Sekopak otvorila je danas prvu branu u Srbiji za odbranu od ambala\u017enog otpada u mestu Batnjik na reci Ra\u0161ka. Novootvorena mre\u017ena brana slu\u017ei za\" \/>\n<meta name=\"robots\" content=\"index, follow, max-snippet:-1, max-image-preview:large, max-video-preview:-1\" \/>\n<link rel=\"canonical\" href=\"https:\/\/balkangreenenergynews.com\/rs\/sekopak-otvorio-prvu-branu-za-odbranu-od-ambalaznog-otpada-u-srbiji\/\" \/>\n<meta property=\"og:locale\" content=\"sr_RS\" \/>\n<meta property=\"og:type\" content=\"article\" \/>\n<meta property=\"og:title\" content=\"Sekopak otvorio prvu branu za odbranu od ambala\u017enog otpada u Srbiji\" \/>\n<meta property=\"og:description\" content=\"Kompanija Sekopak otvorila je danas prvu branu u Srbiji za odbranu od ambala\u017enog otpada u mestu Batnjik na reci Ra\u0161ka. Novootvorena mre\u017ena brana slu\u017ei za\" \/>\n<meta property=\"og:url\" content=\"https:\/\/balkangreenenergynews.com\/rs\/sekopak-otvorio-prvu-branu-za-odbranu-od-ambalaznog-otpada-u-srbiji\/\" \/>\n<meta property=\"og:site_name\" content=\"Balkan Green Energy News\" \/>\n<meta property=\"article:published_time\" content=\"2017-04-12T16:06:18+00:00\" \/>\n<meta property=\"article:modified_time\" content=\"2018-12-07T14:36:49+00:00\" \/>\n<meta property=\"og:image\" content=\"https:\/\/balkangreenenergynews.com\/rs\/wp-content\/uploads\/2017\/04\/Ministar-Nedimovic_Sekopak_brana-za-ambalazu_Raska.jpg\" \/>\n\t<meta property=\"og:image:width\" content=\"795\" \/>\n\t<meta property=\"og:image:height\" content=\"407\" \/>\n\t<meta property=\"og:image:type\" content=\"image\/jpeg\" \/>\n<meta name=\"author\" content=\"Balkan Green Energy News\" \/>\n<meta name=\"twitter:card\" content=\"summary_large_image\" \/>\n<meta name=\"twitter:label1\" content=\"\u041d\u0430\u043f\u0438\u0441\u0430\u043d\u043e \u043e\u0434\" \/>\n\t<meta name=\"twitter:data1\" content=\"Balkan Green Energy News\" \/>\n\t<meta name=\"twitter:label2\" content=\"\u041f\u0440\u043e\u0446\u0435\u045a\u0435\u043d\u043e \u0432\u0440\u0435\u043c\u0435 \u0447\u0438\u0442\u0430\u045a\u0430\" \/>\n\t<meta name=\"twitter:data2\" content=\"2 \u043c\u0438\u043d\u0443\u0442\u0430\" \/>\n<script type=\"application\/ld+json\" class=\"yoast-schema-graph\">{\"@context\":\"https:\\\/\\\/schema.org\",\"@graph\":[{\"@type\":\"Article\",\"@id\":\"https:\\\/\\\/balkangreenenergynews.com\\\/rs\\\/sekopak-otvorio-prvu-branu-za-odbranu-od-ambalaznog-otpada-u-srbiji\\\/#article\",\"isPartOf\":{\"@id\":\"https:\\\/\\\/balkangreenenergynews.com\\\/rs\\\/sekopak-otvorio-prvu-branu-za-odbranu-od-ambalaznog-otpada-u-srbiji\\\/\"},\"author\":{\"name\":\"Balkan Green Energy News\",\"@id\":\"https:\\\/\\\/balkangreenenergynews.com\\\/rs\\\/#\\\/schema\\\/person\\\/dee275e6036b1a0f7ceaf956d79d4eff\"},\"headline\":\"Sekopak otvorio prvu branu za odbranu od ambala\u017enog otpada u Srbiji\",\"datePublished\":\"2017-04-12T16:06:18+00:00\",\"dateModified\":\"2018-12-07T14:36:49+00:00\",\"mainEntityOfPage\":{\"@id\":\"https:\\\/\\\/balkangreenenergynews.com\\\/rs\\\/sekopak-otvorio-prvu-branu-za-odbranu-od-ambalaznog-otpada-u-srbiji\\\/\"},\"wordCount\":337,\"commentCount\":0,\"image\":{\"@id\":\"https:\\\/\\\/balkangreenenergynews.com\\\/rs\\\/sekopak-otvorio-prvu-branu-za-odbranu-od-ambalaznog-otpada-u-srbiji\\\/#primaryimage\"},\"thumbnailUrl\":\"https:\\\/\\\/balkangreenenergynews.com\\\/rs\\\/wp-content\\\/uploads\\\/2017\\\/04\\\/Ministar-Nedimovic_Sekopak_brana-za-ambalazu_Raska.jpg?wsr\",\"keywords\":[\"recikla\u017ea\",\"Sekopak\"],\"articleSection\":[\"Otpad\"],\"inLanguage\":\"sr-RS\",\"potentialAction\":[{\"@type\":\"CommentAction\",\"name\":\"Comment\",\"target\":[\"https:\\\/\\\/balkangreenenergynews.com\\\/rs\\\/sekopak-otvorio-prvu-branu-za-odbranu-od-ambalaznog-otpada-u-srbiji\\\/#respond\"]}]},{\"@type\":\"WebPage\",\"@id\":\"https:\\\/\\\/balkangreenenergynews.com\\\/rs\\\/sekopak-otvorio-prvu-branu-za-odbranu-od-ambalaznog-otpada-u-srbiji\\\/\",\"url\":\"https:\\\/\\\/balkangreenenergynews.com\\\/rs\\\/sekopak-otvorio-prvu-branu-za-odbranu-od-ambalaznog-otpada-u-srbiji\\\/\",\"name\":\"Sekopak otvorio prvu branu za odbranu od ambala\u017enog otpada u Srbiji\",\"isPartOf\":{\"@id\":\"https:\\\/\\\/balkangreenenergynews.com\\\/rs\\\/#website\"},\"primaryImageOfPage\":{\"@id\":\"https:\\\/\\\/balkangreenenergynews.com\\\/rs\\\/sekopak-otvorio-prvu-branu-za-odbranu-od-ambalaznog-otpada-u-srbiji\\\/#primaryimage\"},\"image\":{\"@id\":\"https:\\\/\\\/balkangreenenergynews.com\\\/rs\\\/sekopak-otvorio-prvu-branu-za-odbranu-od-ambalaznog-otpada-u-srbiji\\\/#primaryimage\"},\"thumbnailUrl\":\"https:\\\/\\\/balkangreenenergynews.com\\\/rs\\\/wp-content\\\/uploads\\\/2017\\\/04\\\/Ministar-Nedimovic_Sekopak_brana-za-ambalazu_Raska.jpg?wsr\",\"datePublished\":\"2017-04-12T16:06:18+00:00\",\"dateModified\":\"2018-12-07T14:36:49+00:00\",\"author\":{\"@id\":\"https:\\\/\\\/balkangreenenergynews.com\\\/rs\\\/#\\\/schema\\\/person\\\/dee275e6036b1a0f7ceaf956d79d4eff\"},\"description\":\"Kompanija Sekopak otvorila je danas prvu branu u Srbiji za odbranu od ambala\u017enog otpada u mestu Batnjik na reci Ra\u0161ka. Novootvorena mre\u017ena brana slu\u017ei za\",\"breadcrumb\":{\"@id\":\"https:\\\/\\\/balkangreenenergynews.com\\\/rs\\\/sekopak-otvorio-prvu-branu-za-odbranu-od-ambalaznog-otpada-u-srbiji\\\/#breadcrumb\"},\"inLanguage\":\"sr-RS\",\"potentialAction\":[{\"@type\":\"ReadAction\",\"target\":[\"https:\\\/\\\/balkangreenenergynews.com\\\/rs\\\/sekopak-otvorio-prvu-branu-za-odbranu-od-ambalaznog-otpada-u-srbiji\\\/\"]}]},{\"@type\":\"ImageObject\",\"inLanguage\":\"sr-RS\",\"@id\":\"https:\\\/\\\/balkangreenenergynews.com\\\/rs\\\/sekopak-otvorio-prvu-branu-za-odbranu-od-ambalaznog-otpada-u-srbiji\\\/#primaryimage\",\"url\":\"https:\\\/\\\/balkangreenenergynews.com\\\/rs\\\/wp-content\\\/uploads\\\/2017\\\/04\\\/Ministar-Nedimovic_Sekopak_brana-za-ambalazu_Raska.jpg?wsr\",\"contentUrl\":\"https:\\\/\\\/balkangreenenergynews.com\\\/rs\\\/wp-content\\\/uploads\\\/2017\\\/04\\\/Ministar-Nedimovic_Sekopak_brana-za-ambalazu_Raska.jpg?wsr\",\"width\":795,\"height\":407},{\"@type\":\"BreadcrumbList\",\"@id\":\"https:\\\/\\\/balkangreenenergynews.com\\\/rs\\\/sekopak-otvorio-prvu-branu-za-odbranu-od-ambalaznog-otpada-u-srbiji\\\/#breadcrumb\",\"itemListElement\":[{\"@type\":\"ListItem\",\"position\":1,\"name\":\"Po\u010detna\",\"item\":\"https:\\\/\\\/balkangreenenergynews.com\\\/rs\\\/\"},{\"@type\":\"ListItem\",\"position\":2,\"name\":\"Vesti\",\"item\":\"https:\\\/\\\/balkangreenenergynews.com\\\/rs\\\/kategorija\\\/vesti\\\/\"},{\"@type\":\"ListItem\",\"position\":3,\"name\":\"Otpad\",\"item\":\"https:\\\/\\\/balkangreenenergynews.com\\\/rs\\\/kategorija\\\/vesti\\\/otpad\\\/\"},{\"@type\":\"ListItem\",\"position\":4,\"name\":\"Sekopak otvorio prvu branu za odbranu od ambala\u017enog otpada u Srbiji\"}]},{\"@type\":\"WebSite\",\"@id\":\"https:\\\/\\\/balkangreenenergynews.com\\\/rs\\\/#website\",\"url\":\"https:\\\/\\\/balkangreenenergynews.com\\\/rs\\\/\",\"name\":\"Balkan Green Energy News\",\"description\":\"Naj\u0161iri izbor vesti sa Balkana o zelenoj energiji\",\"potentialAction\":[{\"@type\":\"SearchAction\",\"target\":{\"@type\":\"EntryPoint\",\"urlTemplate\":\"https:\\\/\\\/balkangreenenergynews.com\\\/rs\\\/?s={search_term_string}\"},\"query-input\":{\"@type\":\"PropertyValueSpecification\",\"valueRequired\":true,\"valueName\":\"search_term_string\"}}],\"inLanguage\":\"sr-RS\"},{\"@type\":\"Person\",\"@id\":\"https:\\\/\\\/balkangreenenergynews.com\\\/rs\\\/#\\\/schema\\\/person\\\/dee275e6036b1a0f7ceaf956d79d4eff\",\"name\":\"Balkan Green Energy News\",\"url\":\"https:\\\/\\\/balkangreenenergynews.com\\\/rs\\\/author\\\/balkangreenenergynews\\\/\"}]}<\/script>\n<!-- \/ Yoast SEO plugin. -->","yoast_head_json":{"title":"Sekopak otvorio prvu branu za odbranu od ambala\u017enog otpada u Srbiji","description":"Kompanija Sekopak otvorila je danas prvu branu u Srbiji za odbranu od ambala\u017enog otpada u mestu Batnjik na reci Ra\u0161ka. Novootvorena mre\u017ena brana slu\u017ei za","robots":{"index":"index","follow":"follow","max-snippet":"max-snippet:-1","max-image-preview":"max-image-preview:large","max-video-preview":"max-video-preview:-1"},"canonical":"https:\/\/balkangreenenergynews.com\/rs\/sekopak-otvorio-prvu-branu-za-odbranu-od-ambalaznog-otpada-u-srbiji\/","og_locale":"sr_RS","og_type":"article","og_title":"Sekopak otvorio prvu branu za odbranu od ambala\u017enog otpada u Srbiji","og_description":"Kompanija Sekopak otvorila je danas prvu branu u Srbiji za odbranu od ambala\u017enog otpada u mestu Batnjik na reci Ra\u0161ka. Novootvorena mre\u017ena brana slu\u017ei za","og_url":"https:\/\/balkangreenenergynews.com\/rs\/sekopak-otvorio-prvu-branu-za-odbranu-od-ambalaznog-otpada-u-srbiji\/","og_site_name":"Balkan Green Energy News","article_published_time":"2017-04-12T16:06:18+00:00","article_modified_time":"2018-12-07T14:36:49+00:00","og_image":[{"width":795,"height":407,"url":"https:\/\/balkangreenenergynews.com\/rs\/wp-content\/uploads\/2017\/04\/Ministar-Nedimovic_Sekopak_brana-za-ambalazu_Raska.jpg","type":"image\/jpeg"}],"author":"Balkan Green Energy News","twitter_card":"summary_large_image","twitter_misc":{"\u041d\u0430\u043f\u0438\u0441\u0430\u043d\u043e \u043e\u0434":"Balkan Green Energy News","\u041f\u0440\u043e\u0446\u0435\u045a\u0435\u043d\u043e \u0432\u0440\u0435\u043c\u0435 \u0447\u0438\u0442\u0430\u045a\u0430":"2 \u043c\u0438\u043d\u0443\u0442\u0430"},"schema":{"@context":"https:\/\/schema.org","@graph":[{"@type":"Article","@id":"https:\/\/balkangreenenergynews.com\/rs\/sekopak-otvorio-prvu-branu-za-odbranu-od-ambalaznog-otpada-u-srbiji\/#article","isPartOf":{"@id":"https:\/\/balkangreenenergynews.com\/rs\/sekopak-otvorio-prvu-branu-za-odbranu-od-ambalaznog-otpada-u-srbiji\/"},"author":{"name":"Balkan Green Energy News","@id":"https:\/\/balkangreenenergynews.com\/rs\/#\/schema\/person\/dee275e6036b1a0f7ceaf956d79d4eff"},"headline":"Sekopak otvorio prvu branu za odbranu od ambala\u017enog otpada u Srbiji","datePublished":"2017-04-12T16:06:18+00:00","dateModified":"2018-12-07T14:36:49+00:00","mainEntityOfPage":{"@id":"https:\/\/balkangreenenergynews.com\/rs\/sekopak-otvorio-prvu-branu-za-odbranu-od-ambalaznog-otpada-u-srbiji\/"},"wordCount":337,"commentCount":0,"image":{"@id":"https:\/\/balkangreenenergynews.com\/rs\/sekopak-otvorio-prvu-branu-za-odbranu-od-ambalaznog-otpada-u-srbiji\/#primaryimage"},"thumbnailUrl":"https:\/\/balkangreenenergynews.com\/rs\/wp-content\/uploads\/2017\/04\/Ministar-Nedimovic_Sekopak_brana-za-ambalazu_Raska.jpg?wsr","keywords":["recikla\u017ea","Sekopak"],"articleSection":["Otpad"],"inLanguage":"sr-RS","potentialAction":[{"@type":"CommentAction","name":"Comment","target":["https:\/\/balkangreenenergynews.com\/rs\/sekopak-otvorio-prvu-branu-za-odbranu-od-ambalaznog-otpada-u-srbiji\/#respond"]}]},{"@type":"WebPage","@id":"https:\/\/balkangreenenergynews.com\/rs\/sekopak-otvorio-prvu-branu-za-odbranu-od-ambalaznog-otpada-u-srbiji\/","url":"https:\/\/balkangreenenergynews.com\/rs\/sekopak-otvorio-prvu-branu-za-odbranu-od-ambalaznog-otpada-u-srbiji\/","name":"Sekopak otvorio prvu branu za odbranu od ambala\u017enog otpada u Srbiji","isPartOf":{"@id":"https:\/\/balkangreenenergynews.com\/rs\/#website"},"primaryImageOfPage":{"@id":"https:\/\/balkangreenenergynews.com\/rs\/sekopak-otvorio-prvu-branu-za-odbranu-od-ambalaznog-otpada-u-srbiji\/#primaryimage"},"image":{"@id":"https:\/\/balkangreenenergynews.com\/rs\/sekopak-otvorio-prvu-branu-za-odbranu-od-ambalaznog-otpada-u-srbiji\/#primaryimage"},"thumbnailUrl":"https:\/\/balkangreenenergynews.com\/rs\/wp-content\/uploads\/2017\/04\/Ministar-Nedimovic_Sekopak_brana-za-ambalazu_Raska.jpg?wsr","datePublished":"2017-04-12T16:06:18+00:00","dateModified":"2018-12-07T14:36:49+00:00","author":{"@id":"https:\/\/balkangreenenergynews.com\/rs\/#\/schema\/person\/dee275e6036b1a0f7ceaf956d79d4eff"},"description":"Kompanija Sekopak otvorila je danas prvu branu u Srbiji za odbranu od ambala\u017enog otpada u mestu Batnjik na reci Ra\u0161ka. Novootvorena mre\u017ena brana slu\u017ei za","breadcrumb":{"@id":"https:\/\/balkangreenenergynews.com\/rs\/sekopak-otvorio-prvu-branu-za-odbranu-od-ambalaznog-otpada-u-srbiji\/#breadcrumb"},"inLanguage":"sr-RS","potentialAction":[{"@type":"ReadAction","target":["https:\/\/balkangreenenergynews.com\/rs\/sekopak-otvorio-prvu-branu-za-odbranu-od-ambalaznog-otpada-u-srbiji\/"]}]},{"@type":"ImageObject","inLanguage":"sr-RS","@id":"https:\/\/balkangreenenergynews.com\/rs\/sekopak-otvorio-prvu-branu-za-odbranu-od-ambalaznog-otpada-u-srbiji\/#primaryimage","url":"https:\/\/balkangreenenergynews.com\/rs\/wp-content\/uploads\/2017\/04\/Ministar-Nedimovic_Sekopak_brana-za-ambalazu_Raska.jpg?wsr","contentUrl":"https:\/\/balkangreenenergynews.com\/rs\/wp-content\/uploads\/2017\/04\/Ministar-Nedimovic_Sekopak_brana-za-ambalazu_Raska.jpg?wsr","width":795,"height":407},{"@type":"BreadcrumbList","@id":"https:\/\/balkangreenenergynews.com\/rs\/sekopak-otvorio-prvu-branu-za-odbranu-od-ambalaznog-otpada-u-srbiji\/#breadcrumb","itemListElement":[{"@type":"ListItem","position":1,"name":"Po\u010detna","item":"https:\/\/balkangreenenergynews.com\/rs\/"},{"@type":"ListItem","position":2,"name":"Vesti","item":"https:\/\/balkangreenenergynews.com\/rs\/kategorija\/vesti\/"},{"@type":"ListItem","position":3,"name":"Otpad","item":"https:\/\/balkangreenenergynews.com\/rs\/kategorija\/vesti\/otpad\/"},{"@type":"ListItem","position":4,"name":"Sekopak otvorio prvu branu za odbranu od ambala\u017enog otpada u Srbiji"}]},{"@type":"WebSite","@id":"https:\/\/balkangreenenergynews.com\/rs\/#website","url":"https:\/\/balkangreenenergynews.com\/rs\/","name":"Balkan Green Energy News","description":"Naj\u0161iri izbor vesti sa Balkana o zelenoj energiji","potentialAction":[{"@type":"SearchAction","target":{"@type":"EntryPoint","urlTemplate":"https:\/\/balkangreenenergynews.com\/rs\/?s={search_term_string}"},"query-input":{"@type":"PropertyValueSpecification","valueRequired":true,"valueName":"search_term_string"}}],"inLanguage":"sr-RS"},{"@type":"Person","@id":"https:\/\/balkangreenenergynews.com\/rs\/#\/schema\/person\/dee275e6036b1a0f7ceaf956d79d4eff","name":"Balkan Green Energy News","url":"https:\/\/balkangreenenergynews.com\/rs\/author\/balkangreenenergynews\/"}]}},"_links":{"self":[{"href":"https:\/\/balkangreenenergynews.com\/rs\/wp-json\/wp\/v2\/posts\/12064","targetHints":{"allow":["GET"]}}],"collection":[{"href":"https:\/\/balkangreenenergynews.com\/rs\/wp-json\/wp\/v2\/posts"}],"about":[{"href":"https:\/\/balkangreenenergynews.com\/rs\/wp-json\/wp\/v2\/types\/post"}],"author":[{"embeddable":true,"href":"https:\/\/balkangreenenergynews.com\/rs\/wp-json\/wp\/v2\/users\/25"}],"replies":[{"embeddable":true,"href":"https:\/\/balkangreenenergynews.com\/rs\/wp-json\/wp\/v2\/comments?post=12064"}],"version-history":[{"count":0,"href":"https:\/\/balkangreenenergynews.com\/rs\/wp-json\/wp\/v2\/posts\/12064\/revisions"}],"wp:featuredmedia":[{"embeddable":true,"href":"https:\/\/balkangreenenergynews.com\/rs\/wp-json\/wp\/v2\/media\/12066"}],"wp:attachment":[{"href":"https:\/\/balkangreenenergynews.com\/rs\/wp-json\/wp\/v2\/media?parent=12064"}],"wp:term":[{"taxonomy":"category","embeddable":true,"href":"https:\/\/balkangreenenergynews.com\/rs\/wp-json\/wp\/v2\/categories?post=12064"},{"taxonomy":"post_tag","embeddable":true,"href":"https:\/\/balkangreenenergynews.com\/rs\/wp-json\/wp\/v2\/tags?post=12064"}],"curies":[{"name":"wp","href":"https:\/\/api.w.org\/{rel}","templated":true}]}}