{"id":12059,"date":"2017-04-12T20:27:43","date_gmt":"2017-04-12T18:27:43","guid":{"rendered":"http:\/\/balkangreenenergynews.com\/rs\/?p=12059"},"modified":"2024-11-06T15:27:30","modified_gmt":"2024-11-06T14:27:30","slug":"slovenija-zainteresovana-za-podmorski-kabl-hidroelektrane-crnoj-gori","status":"publish","type":"post","link":"https:\/\/balkangreenenergynews.com\/rs\/slovenija-zainteresovana-za-podmorski-kabl-hidroelektrane-crnoj-gori\/","title":{"rendered":"Slovenija zainteresovana za podmorski kabl, hidroelektrane u Crnoj Gori"},"content":{"rendered":"<h2>Prvog dana Zajedni\u010dke komisije za implementaciju Sporazuma o ekonomskoj saradnji izme\u0111u Crne Gore i Slovenije, ova alpska zemlja je izrazila spremnost da pro\u0161iri saradnju u sektoru energetike sa Crnom Gorom tako \u0161to \u0107e koristiti kapacitet podmorskog visokonaponskog kabla izme\u0111u Crne Gore i Italije, kao i u\u010de\u0161\u0107em u eksploataciji energetskog potencijala reka Mora\u010de i Komarnice, objavljeno je na zvani\u010dnoj internet stranici crnogorske vlade.<\/h2>\n<p>Zamenik premijera crnogorske vlade Milutin Simovi\u0107 susreo se sa slovena\u010dkim ministrom za infrastrukturu Peterom Ga\u0161per\u0161i\u010dem, sa kojim je razmotrio bilateralne odnose dveju zemalja, a ujedno je i iskoristio priliku da predstavi teku\u0107e projekte u Crnoj Gori koji imaju potencijal da ovu balkansku zemlju transformi\u0161u u regionalno energetsko \u010dvori\u0161te.<\/p>\n<p>Projekat podvodnog viokonaponskog kabla do Italije, \u010dija vrednost je procenjena na 800 miliona evra, deo je Trans-balkanskog elektri\u010dnog koridora koji treba da pove\u017ee Srbiju, Bosnu i Hercegovinu i Crnu Goru sa elektri\u010dnom mre\u017eom Evropske unije.<\/p>\n<p>Italijanski operater za prenos elektri\u010dne energije Terna polo\u017eio je kabl ispod Jadranskog mora u februaru pro\u0161le godine, a \u010ditav projekat trebalo bi da bude zavr\u0161en do kraja 2017.<\/p>\n<p>Prema re\u010dima menad\u017ementa\u00a0Terne, ovaj projekat je deo strategije kompanije da izgradi mediteranski energetski \u010dvor koji bi u\u010dvrstio veze izme\u0111u Slovenije, Francuske i \u0160vajcarske. Izvr\u0161ni menad\u017eer Terne Mateo del Fante naglasio je va\u017enost Crne Gore kao mosta preko kojeg \u0107e Italija da u\u0111e na balkansko tr\u017ei\u0161te energije. Terna \u0107e da obezbedi <a href=\"https:\/\/balkangreenenergynews.com\/terna-gets-building-permit-for-undersea-cable\/\">80% investicija<\/a>, dok \u0107e Elektroprivreda Crne Gore investirati 100 miliona evra, \u0161to je dovoljno da se izgradi podstanica u Lastvi i kopnena linija prema Pljevljima.<\/p>\n<h3>740 miliona evra investicija u\u00a0nove hidroelektrane<\/h3>\n<p>Vlada Crne Gore predstavila je slovena\u010dkoj delegaciji planove za dalji razvoj hidroenergetskog sektora u zemlji. U skladu sa onim \u0161to je Vlada ranije najavila u planu je izgradnja \u010detiri hidrocentrale na reci Mora\u010di, \u010diji bi kombinovani kapacitet bio 238 MW a predvi\u0111ena godi\u0161nja proizvodnja 694 GWh. Vrednost projekta procenjena je na 540 miliona evra, a sva \u010detiri objekta trebalo bi da budu zavr\u0161eni u roku od \u0161est godina.<\/p>\n<p>Elektroprivreda Crne Gore (EPCG) pro\u0161le godine je nalavila je \u00a0investiciju od 240 miliona evra za izgradnju hidrocentrale od 170 MW na <a href=\"https:\/\/balkangreenenergynews.com\/rs\/epcg-eps-razgovarali-o-nastavku-projekta-komarnica\/\">reci Komarnici<\/a>. Razgovore o ovom projektu, EPCG je vodio i sa kompanijom EPS. Tada je dogovoreno formiranje radne grupe i da se ove tokom 2017. godine usklade odredbe aneksa originalnog ugovora o implementaciji za Komarnicu kao i da se pripremi dokumentacija.<\/p>\n<p>&nbsp;<\/p>\n<p>&nbsp;<\/p>\n","protected":false},"excerpt":{"rendered":"<p>Prvog dana Zajedni\u010dke komisije za implementaciju Sporazuma o ekonomskoj saradnji izme\u0111u Crne Gore i Slovenije,&#8230;<\/p>\n","protected":false},"author":25,"featured_media":12075,"comment_status":"open","ping_status":"closed","sticky":false,"template":"","format":"standard","meta":{"_acf_changed":false,"_monsterinsights_skip_tracking":false,"_monsterinsights_sitenote_active":false,"_monsterinsights_sitenote_note":"","_monsterinsights_sitenote_category":0,"footnotes":""},"categories":[504,1],"tags":[189,190,285],"class_list":["post-12059","post","type-post","status-publish","format-standard","has-post-thumbnail","hentry","category-elektricna-energija","category-obnovljivi-izvori-energije","tag-epcg","tag-eps","tag-komarnica","country-crna-gora"],"acf":[],"yoast_head":"<!-- This site is optimized with the Yoast SEO plugin v27.4 - https:\/\/yoast.com\/product\/yoast-seo-wordpress\/ -->\n<title>Slovenija zainteresovana za podmorski kabl, hidroelektrane u Crnoj Gori<\/title>\n<meta name=\"description\" content=\"Vlada Slovenije zainteresovana je da pro\u0161iri saradnju u sektoru energetike sa Crnom Gorom tako \u0161to \u0107e koristiti kapacitet podmorskog visokonaponskog kabla\" \/>\n<meta name=\"robots\" content=\"index, follow, max-snippet:-1, max-image-preview:large, max-video-preview:-1\" \/>\n<link rel=\"canonical\" href=\"https:\/\/balkangreenenergynews.com\/rs\/slovenija-zainteresovana-za-podmorski-kabl-hidroelektrane-crnoj-gori\/\" \/>\n<meta property=\"og:locale\" content=\"sr_RS\" \/>\n<meta property=\"og:type\" content=\"article\" \/>\n<meta property=\"og:title\" content=\"Slovenija zainteresovana za podmorski kabl, hidroelektrane u Crnoj Gori\" \/>\n<meta property=\"og:description\" content=\"Vlada Slovenije zainteresovana je da pro\u0161iri saradnju u sektoru energetike sa Crnom Gorom tako \u0161to \u0107e koristiti kapacitet podmorskog visokonaponskog kabla\" \/>\n<meta property=\"og:url\" content=\"https:\/\/balkangreenenergynews.com\/rs\/slovenija-zainteresovana-za-podmorski-kabl-hidroelektrane-crnoj-gori\/\" \/>\n<meta property=\"og:site_name\" content=\"Balkan Green Energy News\" \/>\n<meta property=\"article:published_time\" content=\"2017-04-12T18:27:43+00:00\" \/>\n<meta property=\"article:modified_time\" content=\"2024-11-06T14:27:30+00:00\" \/>\n<meta property=\"og:image\" content=\"https:\/\/balkangreenenergynews.com\/rs\/wp-content\/uploads\/2017\/04\/Crna-Gora-Slovenija_saradnja-u-energetici_web.jpg\" \/>\n\t<meta property=\"og:image:width\" content=\"795\" \/>\n\t<meta property=\"og:image:height\" content=\"407\" \/>\n\t<meta property=\"og:image:type\" content=\"image\/jpeg\" \/>\n<meta name=\"author\" content=\"Balkan Green Energy News\" \/>\n<meta name=\"twitter:card\" content=\"summary_large_image\" \/>\n<meta name=\"twitter:label1\" content=\"\u041d\u0430\u043f\u0438\u0441\u0430\u043d\u043e \u043e\u0434\" \/>\n\t<meta name=\"twitter:data1\" content=\"Balkan Green Energy News\" \/>\n\t<meta name=\"twitter:label2\" content=\"\u041f\u0440\u043e\u0446\u0435\u045a\u0435\u043d\u043e \u0432\u0440\u0435\u043c\u0435 \u0447\u0438\u0442\u0430\u045a\u0430\" \/>\n\t<meta name=\"twitter:data2\" content=\"3 \u043c\u0438\u043d\u0443\u0442\u0430\" \/>\n<script type=\"application\/ld+json\" class=\"yoast-schema-graph\">{\"@context\":\"https:\\\/\\\/schema.org\",\"@graph\":[{\"@type\":\"Article\",\"@id\":\"https:\\\/\\\/balkangreenenergynews.com\\\/rs\\\/slovenija-zainteresovana-za-podmorski-kabl-hidroelektrane-crnoj-gori\\\/#article\",\"isPartOf\":{\"@id\":\"https:\\\/\\\/balkangreenenergynews.com\\\/rs\\\/slovenija-zainteresovana-za-podmorski-kabl-hidroelektrane-crnoj-gori\\\/\"},\"author\":{\"name\":\"Balkan Green Energy News\",\"@id\":\"https:\\\/\\\/balkangreenenergynews.com\\\/rs\\\/#\\\/schema\\\/person\\\/dee275e6036b1a0f7ceaf956d79d4eff\"},\"headline\":\"Slovenija zainteresovana za podmorski kabl, hidroelektrane u Crnoj Gori\",\"datePublished\":\"2017-04-12T18:27:43+00:00\",\"dateModified\":\"2024-11-06T14:27:30+00:00\",\"mainEntityOfPage\":{\"@id\":\"https:\\\/\\\/balkangreenenergynews.com\\\/rs\\\/slovenija-zainteresovana-za-podmorski-kabl-hidroelektrane-crnoj-gori\\\/\"},\"wordCount\":425,\"commentCount\":0,\"image\":{\"@id\":\"https:\\\/\\\/balkangreenenergynews.com\\\/rs\\\/slovenija-zainteresovana-za-podmorski-kabl-hidroelektrane-crnoj-gori\\\/#primaryimage\"},\"thumbnailUrl\":\"https:\\\/\\\/balkangreenenergynews.com\\\/rs\\\/wp-content\\\/uploads\\\/2017\\\/04\\\/Crna-Gora-Slovenija_saradnja-u-energetici_web.jpg?wsr\",\"keywords\":[\"EPCG\",\"EPS\",\"Komarnica\"],\"articleSection\":[\"Elektri\u010dna energija\",\"OIE\"],\"inLanguage\":\"sr-RS\",\"potentialAction\":[{\"@type\":\"CommentAction\",\"name\":\"Comment\",\"target\":[\"https:\\\/\\\/balkangreenenergynews.com\\\/rs\\\/slovenija-zainteresovana-za-podmorski-kabl-hidroelektrane-crnoj-gori\\\/#respond\"]}]},{\"@type\":\"WebPage\",\"@id\":\"https:\\\/\\\/balkangreenenergynews.com\\\/rs\\\/slovenija-zainteresovana-za-podmorski-kabl-hidroelektrane-crnoj-gori\\\/\",\"url\":\"https:\\\/\\\/balkangreenenergynews.com\\\/rs\\\/slovenija-zainteresovana-za-podmorski-kabl-hidroelektrane-crnoj-gori\\\/\",\"name\":\"Slovenija zainteresovana za podmorski kabl, hidroelektrane u Crnoj Gori\",\"isPartOf\":{\"@id\":\"https:\\\/\\\/balkangreenenergynews.com\\\/rs\\\/#website\"},\"primaryImageOfPage\":{\"@id\":\"https:\\\/\\\/balkangreenenergynews.com\\\/rs\\\/slovenija-zainteresovana-za-podmorski-kabl-hidroelektrane-crnoj-gori\\\/#primaryimage\"},\"image\":{\"@id\":\"https:\\\/\\\/balkangreenenergynews.com\\\/rs\\\/slovenija-zainteresovana-za-podmorski-kabl-hidroelektrane-crnoj-gori\\\/#primaryimage\"},\"thumbnailUrl\":\"https:\\\/\\\/balkangreenenergynews.com\\\/rs\\\/wp-content\\\/uploads\\\/2017\\\/04\\\/Crna-Gora-Slovenija_saradnja-u-energetici_web.jpg?wsr\",\"datePublished\":\"2017-04-12T18:27:43+00:00\",\"dateModified\":\"2024-11-06T14:27:30+00:00\",\"author\":{\"@id\":\"https:\\\/\\\/balkangreenenergynews.com\\\/rs\\\/#\\\/schema\\\/person\\\/dee275e6036b1a0f7ceaf956d79d4eff\"},\"description\":\"Vlada Slovenije zainteresovana je da pro\u0161iri saradnju u sektoru energetike sa Crnom Gorom tako \u0161to \u0107e koristiti kapacitet podmorskog visokonaponskog kabla\",\"breadcrumb\":{\"@id\":\"https:\\\/\\\/balkangreenenergynews.com\\\/rs\\\/slovenija-zainteresovana-za-podmorski-kabl-hidroelektrane-crnoj-gori\\\/#breadcrumb\"},\"inLanguage\":\"sr-RS\",\"potentialAction\":[{\"@type\":\"ReadAction\",\"target\":[\"https:\\\/\\\/balkangreenenergynews.com\\\/rs\\\/slovenija-zainteresovana-za-podmorski-kabl-hidroelektrane-crnoj-gori\\\/\"]}]},{\"@type\":\"ImageObject\",\"inLanguage\":\"sr-RS\",\"@id\":\"https:\\\/\\\/balkangreenenergynews.com\\\/rs\\\/slovenija-zainteresovana-za-podmorski-kabl-hidroelektrane-crnoj-gori\\\/#primaryimage\",\"url\":\"https:\\\/\\\/balkangreenenergynews.com\\\/rs\\\/wp-content\\\/uploads\\\/2017\\\/04\\\/Crna-Gora-Slovenija_saradnja-u-energetici_web.jpg?wsr\",\"contentUrl\":\"https:\\\/\\\/balkangreenenergynews.com\\\/rs\\\/wp-content\\\/uploads\\\/2017\\\/04\\\/Crna-Gora-Slovenija_saradnja-u-energetici_web.jpg?wsr\",\"width\":795,\"height\":407},{\"@type\":\"BreadcrumbList\",\"@id\":\"https:\\\/\\\/balkangreenenergynews.com\\\/rs\\\/slovenija-zainteresovana-za-podmorski-kabl-hidroelektrane-crnoj-gori\\\/#breadcrumb\",\"itemListElement\":[{\"@type\":\"ListItem\",\"position\":1,\"name\":\"Po\u010detna\",\"item\":\"https:\\\/\\\/balkangreenenergynews.com\\\/rs\\\/\"},{\"@type\":\"ListItem\",\"position\":2,\"name\":\"Vesti\",\"item\":\"https:\\\/\\\/balkangreenenergynews.com\\\/rs\\\/kategorija\\\/vesti\\\/\"},{\"@type\":\"ListItem\",\"position\":3,\"name\":\"Elektri\u010dna energija\",\"item\":\"https:\\\/\\\/balkangreenenergynews.com\\\/rs\\\/kategorija\\\/vesti\\\/elektricna-energija\\\/\"},{\"@type\":\"ListItem\",\"position\":4,\"name\":\"Slovenija zainteresovana za podmorski kabl, hidroelektrane u Crnoj Gori\"}]},{\"@type\":\"WebSite\",\"@id\":\"https:\\\/\\\/balkangreenenergynews.com\\\/rs\\\/#website\",\"url\":\"https:\\\/\\\/balkangreenenergynews.com\\\/rs\\\/\",\"name\":\"Balkan Green Energy News\",\"description\":\"Naj\u0161iri izbor vesti sa Balkana o zelenoj energiji\",\"potentialAction\":[{\"@type\":\"SearchAction\",\"target\":{\"@type\":\"EntryPoint\",\"urlTemplate\":\"https:\\\/\\\/balkangreenenergynews.com\\\/rs\\\/?s={search_term_string}\"},\"query-input\":{\"@type\":\"PropertyValueSpecification\",\"valueRequired\":true,\"valueName\":\"search_term_string\"}}],\"inLanguage\":\"sr-RS\"},{\"@type\":\"Person\",\"@id\":\"https:\\\/\\\/balkangreenenergynews.com\\\/rs\\\/#\\\/schema\\\/person\\\/dee275e6036b1a0f7ceaf956d79d4eff\",\"name\":\"Balkan Green Energy News\",\"url\":\"https:\\\/\\\/balkangreenenergynews.com\\\/rs\\\/author\\\/balkangreenenergynews\\\/\"}]}<\/script>\n<!-- \/ Yoast SEO plugin. -->","yoast_head_json":{"title":"Slovenija zainteresovana za podmorski kabl, hidroelektrane u Crnoj Gori","description":"Vlada Slovenije zainteresovana je da pro\u0161iri saradnju u sektoru energetike sa Crnom Gorom tako \u0161to \u0107e koristiti kapacitet podmorskog visokonaponskog kabla","robots":{"index":"index","follow":"follow","max-snippet":"max-snippet:-1","max-image-preview":"max-image-preview:large","max-video-preview":"max-video-preview:-1"},"canonical":"https:\/\/balkangreenenergynews.com\/rs\/slovenija-zainteresovana-za-podmorski-kabl-hidroelektrane-crnoj-gori\/","og_locale":"sr_RS","og_type":"article","og_title":"Slovenija zainteresovana za podmorski kabl, hidroelektrane u Crnoj Gori","og_description":"Vlada Slovenije zainteresovana je da pro\u0161iri saradnju u sektoru energetike sa Crnom Gorom tako \u0161to \u0107e koristiti kapacitet podmorskog visokonaponskog kabla","og_url":"https:\/\/balkangreenenergynews.com\/rs\/slovenija-zainteresovana-za-podmorski-kabl-hidroelektrane-crnoj-gori\/","og_site_name":"Balkan Green Energy News","article_published_time":"2017-04-12T18:27:43+00:00","article_modified_time":"2024-11-06T14:27:30+00:00","og_image":[{"width":795,"height":407,"url":"https:\/\/balkangreenenergynews.com\/rs\/wp-content\/uploads\/2017\/04\/Crna-Gora-Slovenija_saradnja-u-energetici_web.jpg","type":"image\/jpeg"}],"author":"Balkan Green Energy News","twitter_card":"summary_large_image","twitter_misc":{"\u041d\u0430\u043f\u0438\u0441\u0430\u043d\u043e \u043e\u0434":"Balkan Green Energy News","\u041f\u0440\u043e\u0446\u0435\u045a\u0435\u043d\u043e \u0432\u0440\u0435\u043c\u0435 \u0447\u0438\u0442\u0430\u045a\u0430":"3 \u043c\u0438\u043d\u0443\u0442\u0430"},"schema":{"@context":"https:\/\/schema.org","@graph":[{"@type":"Article","@id":"https:\/\/balkangreenenergynews.com\/rs\/slovenija-zainteresovana-za-podmorski-kabl-hidroelektrane-crnoj-gori\/#article","isPartOf":{"@id":"https:\/\/balkangreenenergynews.com\/rs\/slovenija-zainteresovana-za-podmorski-kabl-hidroelektrane-crnoj-gori\/"},"author":{"name":"Balkan Green Energy News","@id":"https:\/\/balkangreenenergynews.com\/rs\/#\/schema\/person\/dee275e6036b1a0f7ceaf956d79d4eff"},"headline":"Slovenija zainteresovana za podmorski kabl, hidroelektrane u Crnoj Gori","datePublished":"2017-04-12T18:27:43+00:00","dateModified":"2024-11-06T14:27:30+00:00","mainEntityOfPage":{"@id":"https:\/\/balkangreenenergynews.com\/rs\/slovenija-zainteresovana-za-podmorski-kabl-hidroelektrane-crnoj-gori\/"},"wordCount":425,"commentCount":0,"image":{"@id":"https:\/\/balkangreenenergynews.com\/rs\/slovenija-zainteresovana-za-podmorski-kabl-hidroelektrane-crnoj-gori\/#primaryimage"},"thumbnailUrl":"https:\/\/balkangreenenergynews.com\/rs\/wp-content\/uploads\/2017\/04\/Crna-Gora-Slovenija_saradnja-u-energetici_web.jpg?wsr","keywords":["EPCG","EPS","Komarnica"],"articleSection":["Elektri\u010dna energija","OIE"],"inLanguage":"sr-RS","potentialAction":[{"@type":"CommentAction","name":"Comment","target":["https:\/\/balkangreenenergynews.com\/rs\/slovenija-zainteresovana-za-podmorski-kabl-hidroelektrane-crnoj-gori\/#respond"]}]},{"@type":"WebPage","@id":"https:\/\/balkangreenenergynews.com\/rs\/slovenija-zainteresovana-za-podmorski-kabl-hidroelektrane-crnoj-gori\/","url":"https:\/\/balkangreenenergynews.com\/rs\/slovenija-zainteresovana-za-podmorski-kabl-hidroelektrane-crnoj-gori\/","name":"Slovenija zainteresovana za podmorski kabl, hidroelektrane u Crnoj Gori","isPartOf":{"@id":"https:\/\/balkangreenenergynews.com\/rs\/#website"},"primaryImageOfPage":{"@id":"https:\/\/balkangreenenergynews.com\/rs\/slovenija-zainteresovana-za-podmorski-kabl-hidroelektrane-crnoj-gori\/#primaryimage"},"image":{"@id":"https:\/\/balkangreenenergynews.com\/rs\/slovenija-zainteresovana-za-podmorski-kabl-hidroelektrane-crnoj-gori\/#primaryimage"},"thumbnailUrl":"https:\/\/balkangreenenergynews.com\/rs\/wp-content\/uploads\/2017\/04\/Crna-Gora-Slovenija_saradnja-u-energetici_web.jpg?wsr","datePublished":"2017-04-12T18:27:43+00:00","dateModified":"2024-11-06T14:27:30+00:00","author":{"@id":"https:\/\/balkangreenenergynews.com\/rs\/#\/schema\/person\/dee275e6036b1a0f7ceaf956d79d4eff"},"description":"Vlada Slovenije zainteresovana je da pro\u0161iri saradnju u sektoru energetike sa Crnom Gorom tako \u0161to \u0107e koristiti kapacitet podmorskog visokonaponskog kabla","breadcrumb":{"@id":"https:\/\/balkangreenenergynews.com\/rs\/slovenija-zainteresovana-za-podmorski-kabl-hidroelektrane-crnoj-gori\/#breadcrumb"},"inLanguage":"sr-RS","potentialAction":[{"@type":"ReadAction","target":["https:\/\/balkangreenenergynews.com\/rs\/slovenija-zainteresovana-za-podmorski-kabl-hidroelektrane-crnoj-gori\/"]}]},{"@type":"ImageObject","inLanguage":"sr-RS","@id":"https:\/\/balkangreenenergynews.com\/rs\/slovenija-zainteresovana-za-podmorski-kabl-hidroelektrane-crnoj-gori\/#primaryimage","url":"https:\/\/balkangreenenergynews.com\/rs\/wp-content\/uploads\/2017\/04\/Crna-Gora-Slovenija_saradnja-u-energetici_web.jpg?wsr","contentUrl":"https:\/\/balkangreenenergynews.com\/rs\/wp-content\/uploads\/2017\/04\/Crna-Gora-Slovenija_saradnja-u-energetici_web.jpg?wsr","width":795,"height":407},{"@type":"BreadcrumbList","@id":"https:\/\/balkangreenenergynews.com\/rs\/slovenija-zainteresovana-za-podmorski-kabl-hidroelektrane-crnoj-gori\/#breadcrumb","itemListElement":[{"@type":"ListItem","position":1,"name":"Po\u010detna","item":"https:\/\/balkangreenenergynews.com\/rs\/"},{"@type":"ListItem","position":2,"name":"Vesti","item":"https:\/\/balkangreenenergynews.com\/rs\/kategorija\/vesti\/"},{"@type":"ListItem","position":3,"name":"Elektri\u010dna energija","item":"https:\/\/balkangreenenergynews.com\/rs\/kategorija\/vesti\/elektricna-energija\/"},{"@type":"ListItem","position":4,"name":"Slovenija zainteresovana za podmorski kabl, hidroelektrane u Crnoj Gori"}]},{"@type":"WebSite","@id":"https:\/\/balkangreenenergynews.com\/rs\/#website","url":"https:\/\/balkangreenenergynews.com\/rs\/","name":"Balkan Green Energy News","description":"Naj\u0161iri izbor vesti sa Balkana o zelenoj energiji","potentialAction":[{"@type":"SearchAction","target":{"@type":"EntryPoint","urlTemplate":"https:\/\/balkangreenenergynews.com\/rs\/?s={search_term_string}"},"query-input":{"@type":"PropertyValueSpecification","valueRequired":true,"valueName":"search_term_string"}}],"inLanguage":"sr-RS"},{"@type":"Person","@id":"https:\/\/balkangreenenergynews.com\/rs\/#\/schema\/person\/dee275e6036b1a0f7ceaf956d79d4eff","name":"Balkan Green Energy News","url":"https:\/\/balkangreenenergynews.com\/rs\/author\/balkangreenenergynews\/"}]}},"_links":{"self":[{"href":"https:\/\/balkangreenenergynews.com\/rs\/wp-json\/wp\/v2\/posts\/12059","targetHints":{"allow":["GET"]}}],"collection":[{"href":"https:\/\/balkangreenenergynews.com\/rs\/wp-json\/wp\/v2\/posts"}],"about":[{"href":"https:\/\/balkangreenenergynews.com\/rs\/wp-json\/wp\/v2\/types\/post"}],"author":[{"embeddable":true,"href":"https:\/\/balkangreenenergynews.com\/rs\/wp-json\/wp\/v2\/users\/25"}],"replies":[{"embeddable":true,"href":"https:\/\/balkangreenenergynews.com\/rs\/wp-json\/wp\/v2\/comments?post=12059"}],"version-history":[{"count":0,"href":"https:\/\/balkangreenenergynews.com\/rs\/wp-json\/wp\/v2\/posts\/12059\/revisions"}],"wp:featuredmedia":[{"embeddable":true,"href":"https:\/\/balkangreenenergynews.com\/rs\/wp-json\/wp\/v2\/media\/12075"}],"wp:attachment":[{"href":"https:\/\/balkangreenenergynews.com\/rs\/wp-json\/wp\/v2\/media?parent=12059"}],"wp:term":[{"taxonomy":"category","embeddable":true,"href":"https:\/\/balkangreenenergynews.com\/rs\/wp-json\/wp\/v2\/categories?post=12059"},{"taxonomy":"post_tag","embeddable":true,"href":"https:\/\/balkangreenenergynews.com\/rs\/wp-json\/wp\/v2\/tags?post=12059"}],"curies":[{"name":"wp","href":"https:\/\/api.w.org\/{rel}","templated":true}]}}