{"id":11583,"date":"2017-02-28T15:45:11","date_gmt":"2017-02-28T14:45:11","guid":{"rendered":"http:\/\/balkangreenenergynews.com\/rs\/?p=11583"},"modified":"2017-03-01T21:14:23","modified_gmt":"2017-03-01T20:14:23","slug":"video-perspective-ggf-posvecen-finansiranju-zelenog-energetskog-portfolia-na-balkanu-keri-volcak","status":"publish","type":"post","link":"https:\/\/balkangreenenergynews.com\/rs\/video-perspective-ggf-posvecen-finansiranju-zelenog-energetskog-portfolia-na-balkanu-keri-volcak\/","title":{"rendered":"VIDEO &#8211; Perspective: GGF posve\u0107en finansiranju zelenog energetskog portfolia na Balkanu"},"content":{"rendered":"<h2>Razvoj programa za obnovljive izvore energije u regionu sporiji je nego \u0161to se o\u010dekivalo i vlade treba da preduzmu odre\u0111ene korake, prvenstveno u vezi sa definisanjem regulatornog okvira, sa ciljem da se podstakne razvoj ovog sektora. Fond za zeleni razvoj (GGF) mo\u017ee da pru\u017ei podr\u0161ku dobrim projektima da prevazi\u0111u prepreke u finansiranju i realizaciji, ka\u017ee Keri Vol\u010dak (Carrie Walczak), \u0161efica projektnog finansiranja tog fonda.<\/h2>\n<p>Prema njenim re\u010dima, prvo i najva\u017enije je da vlade odlu\u010de \u0161ta \u017eele da rade u okviru programa obnovljivih izvora energije, \u0161ta je ono \u0161to tra\u017ei Sekretarijat Energetske zajednice, \u0161ta im je dostupno i kako \u0107e to platiti. Uz to, vlade treba da uspostave odgovarajuc\u0301e temelje u zakonodavnom okviru za projektno finansiranje i za velike projekte u oblasti obnovljivih izvora energije, kroz uspostavljanje zakona i podzakonskih akata koji su potrebni da bi se ovo realizovalo.<\/p>\n<p>Budu\u0107i da GGF ima veoma visoke ekolo\u0161ke i socijalne kriterijume, va\u017eno je da projekti budu u skladu sa njima, ali i da sponzori brinu o tim temama i rade na tome. Svi projekti zahtevaju detaljne studije, od procene uticaja projekta na \u017eivotnu sredinu i zajednicu do specifi\u010dnih analiza koje je potrebano uraditi za pojedine tehnologije, isti\u010de Vol\u010dak.<\/p>\n<p>GGF je do sada u 19 \u00a0zemalja u kojima posluje pozajmio vi\u0161e od 450 miliona evra za razvoj projekata u oblasti obnovljivih izvora energije i energetske efikasnosti. Rezultat realizacije tih projekata je u\u0161teda u emisiji ugljendioksida od preko 400.000 tona na godi\u0161njem nivou.<\/p>\n<p>Za vi\u0161e informacija o ovoj temi pogledajte video.<\/p>\n","protected":false},"excerpt":{"rendered":"<p>Razvoj programa za obnovljive izvore energije u regionu sporiji je nego \u0161to se o\u010dekivalo i&#8230;<\/p>\n","protected":false},"author":2,"featured_media":11590,"comment_status":"open","ping_status":"closed","sticky":false,"template":"","format":"standard","meta":{"_acf_changed":false,"_monsterinsights_skip_tracking":false,"_monsterinsights_sitenote_active":false,"_monsterinsights_sitenote_note":"","_monsterinsights_sitenote_category":0,"footnotes":""},"categories":[482,574],"tags":[646,222,647],"class_list":["post-11583","post","type-post","status-publish","format-standard","has-post-thumbnail","hentry","category-intervju","category-video","tag-energetska-efikasnost","tag-ggf","tag-obnovljivi-izvori-energije","country-regioneu"],"acf":[],"yoast_head":"<!-- This site is optimized with the Yoast SEO plugin v27.4 - https:\/\/yoast.com\/product\/yoast-seo-wordpress\/ -->\n<title>VIDEO - Perspective: GGF posve\u0107en finansiranju zelenog energetskog portfolia na Balkanu, Keri Vol\u010dak<\/title>\n<meta name=\"description\" content=\"GGF mo\u017ee da pru\u017ei podr\u0161ku dobrim projektima da prevazi\u0111u prepreke u finansiranju i realizaciji, ka\u017ee Keri Valczak, \u0161efica projektnog finansiranja tog fonda.\" \/>\n<meta name=\"robots\" content=\"index, follow, max-snippet:-1, max-image-preview:large, max-video-preview:-1\" \/>\n<link rel=\"canonical\" href=\"https:\/\/balkangreenenergynews.com\/rs\/video-perspective-ggf-posvecen-finansiranju-zelenog-energetskog-portfolia-na-balkanu-keri-volcak\/\" \/>\n<meta property=\"og:locale\" content=\"sr_RS\" \/>\n<meta property=\"og:type\" content=\"article\" \/>\n<meta property=\"og:title\" content=\"VIDEO - Perspective: GGF posve\u0107en finansiranju zelenog energetskog portfolia na Balkanu, Keri Vol\u010dak\" \/>\n<meta property=\"og:description\" content=\"GGF mo\u017ee da pru\u017ei podr\u0161ku dobrim projektima da prevazi\u0111u prepreke u finansiranju i realizaciji, ka\u017ee Keri Valczak, \u0161efica projektnog finansiranja tog fonda.\" \/>\n<meta property=\"og:url\" content=\"https:\/\/balkangreenenergynews.com\/rs\/video-perspective-ggf-posvecen-finansiranju-zelenog-energetskog-portfolia-na-balkanu-keri-volcak\/\" \/>\n<meta property=\"og:site_name\" content=\"Balkan Green Energy News\" \/>\n<meta property=\"article:published_time\" content=\"2017-02-28T14:45:11+00:00\" \/>\n<meta property=\"article:modified_time\" content=\"2017-03-01T20:14:23+00:00\" \/>\n<meta property=\"og:image\" content=\"https:\/\/balkangreenenergynews.com\/rs\/wp-content\/uploads\/2017\/02\/Carrie-W..jpg\" \/>\n\t<meta property=\"og:image:width\" content=\"1000\" \/>\n\t<meta property=\"og:image:height\" content=\"563\" \/>\n\t<meta property=\"og:image:type\" content=\"image\/jpeg\" \/>\n<meta name=\"author\" content=\"Branislava Jovi\u010di\u0107\" \/>\n<meta name=\"twitter:card\" content=\"summary_large_image\" \/>\n<meta name=\"twitter:creator\" content=\"@https:\/\/twitter.com\/BranaJovicic\" \/>\n<meta name=\"twitter:label1\" content=\"\u041d\u0430\u043f\u0438\u0441\u0430\u043d\u043e \u043e\u0434\" \/>\n\t<meta name=\"twitter:data1\" content=\"Branislava Jovi\u010di\u0107\" \/>\n\t<meta name=\"twitter:label2\" content=\"\u041f\u0440\u043e\u0446\u0435\u045a\u0435\u043d\u043e \u0432\u0440\u0435\u043c\u0435 \u0447\u0438\u0442\u0430\u045a\u0430\" \/>\n\t<meta name=\"twitter:data2\" content=\"1 \u043c\u0438\u043d\u0443\u0442\" \/>\n<script type=\"application\/ld+json\" class=\"yoast-schema-graph\">{\"@context\":\"https:\\\/\\\/schema.org\",\"@graph\":[{\"@type\":\"Article\",\"@id\":\"https:\\\/\\\/balkangreenenergynews.com\\\/rs\\\/video-perspective-ggf-posvecen-finansiranju-zelenog-energetskog-portfolia-na-balkanu-keri-volcak\\\/#article\",\"isPartOf\":{\"@id\":\"https:\\\/\\\/balkangreenenergynews.com\\\/rs\\\/video-perspective-ggf-posvecen-finansiranju-zelenog-energetskog-portfolia-na-balkanu-keri-volcak\\\/\"},\"author\":{\"name\":\"Branislava Jovi\u010di\u0107\",\"@id\":\"https:\\\/\\\/balkangreenenergynews.com\\\/rs\\\/#\\\/schema\\\/person\\\/ff4e9f9457769ba580672215875f5b38\"},\"headline\":\"VIDEO &#8211; Perspective: GGF posve\u0107en finansiranju zelenog energetskog portfolia na Balkanu\",\"datePublished\":\"2017-02-28T14:45:11+00:00\",\"dateModified\":\"2017-03-01T20:14:23+00:00\",\"mainEntityOfPage\":{\"@id\":\"https:\\\/\\\/balkangreenenergynews.com\\\/rs\\\/video-perspective-ggf-posvecen-finansiranju-zelenog-energetskog-portfolia-na-balkanu-keri-volcak\\\/\"},\"wordCount\":278,\"commentCount\":0,\"image\":{\"@id\":\"https:\\\/\\\/balkangreenenergynews.com\\\/rs\\\/video-perspective-ggf-posvecen-finansiranju-zelenog-energetskog-portfolia-na-balkanu-keri-volcak\\\/#primaryimage\"},\"thumbnailUrl\":\"https:\\\/\\\/balkangreenenergynews.com\\\/rs\\\/wp-content\\\/uploads\\\/2017\\\/02\\\/Carrie-W..jpg?wsr\",\"keywords\":[\"energetska efikasnost\",\"GGF\",\"obnovljivi izvori energije\"],\"articleSection\":[\"Intervju\",\"VIDEO\"],\"inLanguage\":\"sr-RS\",\"potentialAction\":[{\"@type\":\"CommentAction\",\"name\":\"Comment\",\"target\":[\"https:\\\/\\\/balkangreenenergynews.com\\\/rs\\\/video-perspective-ggf-posvecen-finansiranju-zelenog-energetskog-portfolia-na-balkanu-keri-volcak\\\/#respond\"]}]},{\"@type\":\"WebPage\",\"@id\":\"https:\\\/\\\/balkangreenenergynews.com\\\/rs\\\/video-perspective-ggf-posvecen-finansiranju-zelenog-energetskog-portfolia-na-balkanu-keri-volcak\\\/\",\"url\":\"https:\\\/\\\/balkangreenenergynews.com\\\/rs\\\/video-perspective-ggf-posvecen-finansiranju-zelenog-energetskog-portfolia-na-balkanu-keri-volcak\\\/\",\"name\":\"VIDEO - Perspective: GGF posve\u0107en finansiranju zelenog energetskog portfolia na Balkanu, Keri Vol\u010dak\",\"isPartOf\":{\"@id\":\"https:\\\/\\\/balkangreenenergynews.com\\\/rs\\\/#website\"},\"primaryImageOfPage\":{\"@id\":\"https:\\\/\\\/balkangreenenergynews.com\\\/rs\\\/video-perspective-ggf-posvecen-finansiranju-zelenog-energetskog-portfolia-na-balkanu-keri-volcak\\\/#primaryimage\"},\"image\":{\"@id\":\"https:\\\/\\\/balkangreenenergynews.com\\\/rs\\\/video-perspective-ggf-posvecen-finansiranju-zelenog-energetskog-portfolia-na-balkanu-keri-volcak\\\/#primaryimage\"},\"thumbnailUrl\":\"https:\\\/\\\/balkangreenenergynews.com\\\/rs\\\/wp-content\\\/uploads\\\/2017\\\/02\\\/Carrie-W..jpg?wsr\",\"datePublished\":\"2017-02-28T14:45:11+00:00\",\"dateModified\":\"2017-03-01T20:14:23+00:00\",\"author\":{\"@id\":\"https:\\\/\\\/balkangreenenergynews.com\\\/rs\\\/#\\\/schema\\\/person\\\/ff4e9f9457769ba580672215875f5b38\"},\"description\":\"GGF mo\u017ee da pru\u017ei podr\u0161ku dobrim projektima da prevazi\u0111u prepreke u finansiranju i realizaciji, ka\u017ee Keri Valczak, \u0161efica projektnog finansiranja tog fonda.\",\"breadcrumb\":{\"@id\":\"https:\\\/\\\/balkangreenenergynews.com\\\/rs\\\/video-perspective-ggf-posvecen-finansiranju-zelenog-energetskog-portfolia-na-balkanu-keri-volcak\\\/#breadcrumb\"},\"inLanguage\":\"sr-RS\",\"potentialAction\":[{\"@type\":\"ReadAction\",\"target\":[\"https:\\\/\\\/balkangreenenergynews.com\\\/rs\\\/video-perspective-ggf-posvecen-finansiranju-zelenog-energetskog-portfolia-na-balkanu-keri-volcak\\\/\"]}]},{\"@type\":\"ImageObject\",\"inLanguage\":\"sr-RS\",\"@id\":\"https:\\\/\\\/balkangreenenergynews.com\\\/rs\\\/video-perspective-ggf-posvecen-finansiranju-zelenog-energetskog-portfolia-na-balkanu-keri-volcak\\\/#primaryimage\",\"url\":\"https:\\\/\\\/balkangreenenergynews.com\\\/rs\\\/wp-content\\\/uploads\\\/2017\\\/02\\\/Carrie-W..jpg?wsr\",\"contentUrl\":\"https:\\\/\\\/balkangreenenergynews.com\\\/rs\\\/wp-content\\\/uploads\\\/2017\\\/02\\\/Carrie-W..jpg?wsr\",\"width\":1000,\"height\":563},{\"@type\":\"BreadcrumbList\",\"@id\":\"https:\\\/\\\/balkangreenenergynews.com\\\/rs\\\/video-perspective-ggf-posvecen-finansiranju-zelenog-energetskog-portfolia-na-balkanu-keri-volcak\\\/#breadcrumb\",\"itemListElement\":[{\"@type\":\"ListItem\",\"position\":1,\"name\":\"Po\u010detna\",\"item\":\"https:\\\/\\\/balkangreenenergynews.com\\\/rs\\\/\"},{\"@type\":\"ListItem\",\"position\":2,\"name\":\"VIDEO\",\"item\":\"https:\\\/\\\/balkangreenenergynews.com\\\/rs\\\/kategorija\\\/video\\\/\"},{\"@type\":\"ListItem\",\"position\":3,\"name\":\"VIDEO &#8211; Perspective: GGF posve\u0107en finansiranju zelenog energetskog portfolia na Balkanu\"}]},{\"@type\":\"WebSite\",\"@id\":\"https:\\\/\\\/balkangreenenergynews.com\\\/rs\\\/#website\",\"url\":\"https:\\\/\\\/balkangreenenergynews.com\\\/rs\\\/\",\"name\":\"Balkan Green Energy News\",\"description\":\"Naj\u0161iri izbor vesti sa Balkana o zelenoj energiji\",\"potentialAction\":[{\"@type\":\"SearchAction\",\"target\":{\"@type\":\"EntryPoint\",\"urlTemplate\":\"https:\\\/\\\/balkangreenenergynews.com\\\/rs\\\/?s={search_term_string}\"},\"query-input\":{\"@type\":\"PropertyValueSpecification\",\"valueRequired\":true,\"valueName\":\"search_term_string\"}}],\"inLanguage\":\"sr-RS\"},{\"@type\":\"Person\",\"@id\":\"https:\\\/\\\/balkangreenenergynews.com\\\/rs\\\/#\\\/schema\\\/person\\\/ff4e9f9457769ba580672215875f5b38\",\"name\":\"Branislava Jovi\u010di\u0107\",\"description\":\"\u017divimo u vremenu koje je pred na\u0161u generaciju postavilo veoma va\u017ean zadatak. Nije na nama sva krivica za stanje u kojem se nalazi planeta, ali odgovornot svakako jeste. Zato usmerimo svoja znanja, ve\u0161tine i pamet ka pronala\u017eenju odr\u017eivih, pametnih i zelenih re\u0161enja.\",\"sameAs\":[\"https:\\\/\\\/www.linkedin.com\\\/in\\\/branislava-jovicic-043080a\\\/\",\"https:\\\/\\\/x.com\\\/https:\\\/\\\/twitter.com\\\/BranaJovicic\"],\"url\":\"https:\\\/\\\/balkangreenenergynews.com\\\/rs\\\/author\\\/bgen\\\/\"}]}<\/script>\n<!-- \/ Yoast SEO plugin. -->","yoast_head_json":{"title":"VIDEO - Perspective: GGF posve\u0107en finansiranju zelenog energetskog portfolia na Balkanu, Keri Vol\u010dak","description":"GGF mo\u017ee da pru\u017ei podr\u0161ku dobrim projektima da prevazi\u0111u prepreke u finansiranju i realizaciji, ka\u017ee Keri Valczak, \u0161efica projektnog finansiranja tog fonda.","robots":{"index":"index","follow":"follow","max-snippet":"max-snippet:-1","max-image-preview":"max-image-preview:large","max-video-preview":"max-video-preview:-1"},"canonical":"https:\/\/balkangreenenergynews.com\/rs\/video-perspective-ggf-posvecen-finansiranju-zelenog-energetskog-portfolia-na-balkanu-keri-volcak\/","og_locale":"sr_RS","og_type":"article","og_title":"VIDEO - Perspective: GGF posve\u0107en finansiranju zelenog energetskog portfolia na Balkanu, Keri Vol\u010dak","og_description":"GGF mo\u017ee da pru\u017ei podr\u0161ku dobrim projektima da prevazi\u0111u prepreke u finansiranju i realizaciji, ka\u017ee Keri Valczak, \u0161efica projektnog finansiranja tog fonda.","og_url":"https:\/\/balkangreenenergynews.com\/rs\/video-perspective-ggf-posvecen-finansiranju-zelenog-energetskog-portfolia-na-balkanu-keri-volcak\/","og_site_name":"Balkan Green Energy News","article_published_time":"2017-02-28T14:45:11+00:00","article_modified_time":"2017-03-01T20:14:23+00:00","og_image":[{"width":1000,"height":563,"url":"https:\/\/balkangreenenergynews.com\/rs\/wp-content\/uploads\/2017\/02\/Carrie-W..jpg","type":"image\/jpeg"}],"author":"Branislava Jovi\u010di\u0107","twitter_card":"summary_large_image","twitter_creator":"@https:\/\/twitter.com\/BranaJovicic","twitter_misc":{"\u041d\u0430\u043f\u0438\u0441\u0430\u043d\u043e \u043e\u0434":"Branislava Jovi\u010di\u0107","\u041f\u0440\u043e\u0446\u0435\u045a\u0435\u043d\u043e \u0432\u0440\u0435\u043c\u0435 \u0447\u0438\u0442\u0430\u045a\u0430":"1 \u043c\u0438\u043d\u0443\u0442"},"schema":{"@context":"https:\/\/schema.org","@graph":[{"@type":"Article","@id":"https:\/\/balkangreenenergynews.com\/rs\/video-perspective-ggf-posvecen-finansiranju-zelenog-energetskog-portfolia-na-balkanu-keri-volcak\/#article","isPartOf":{"@id":"https:\/\/balkangreenenergynews.com\/rs\/video-perspective-ggf-posvecen-finansiranju-zelenog-energetskog-portfolia-na-balkanu-keri-volcak\/"},"author":{"name":"Branislava Jovi\u010di\u0107","@id":"https:\/\/balkangreenenergynews.com\/rs\/#\/schema\/person\/ff4e9f9457769ba580672215875f5b38"},"headline":"VIDEO &#8211; Perspective: GGF posve\u0107en finansiranju zelenog energetskog portfolia na Balkanu","datePublished":"2017-02-28T14:45:11+00:00","dateModified":"2017-03-01T20:14:23+00:00","mainEntityOfPage":{"@id":"https:\/\/balkangreenenergynews.com\/rs\/video-perspective-ggf-posvecen-finansiranju-zelenog-energetskog-portfolia-na-balkanu-keri-volcak\/"},"wordCount":278,"commentCount":0,"image":{"@id":"https:\/\/balkangreenenergynews.com\/rs\/video-perspective-ggf-posvecen-finansiranju-zelenog-energetskog-portfolia-na-balkanu-keri-volcak\/#primaryimage"},"thumbnailUrl":"https:\/\/balkangreenenergynews.com\/rs\/wp-content\/uploads\/2017\/02\/Carrie-W..jpg?wsr","keywords":["energetska efikasnost","GGF","obnovljivi izvori energije"],"articleSection":["Intervju","VIDEO"],"inLanguage":"sr-RS","potentialAction":[{"@type":"CommentAction","name":"Comment","target":["https:\/\/balkangreenenergynews.com\/rs\/video-perspective-ggf-posvecen-finansiranju-zelenog-energetskog-portfolia-na-balkanu-keri-volcak\/#respond"]}]},{"@type":"WebPage","@id":"https:\/\/balkangreenenergynews.com\/rs\/video-perspective-ggf-posvecen-finansiranju-zelenog-energetskog-portfolia-na-balkanu-keri-volcak\/","url":"https:\/\/balkangreenenergynews.com\/rs\/video-perspective-ggf-posvecen-finansiranju-zelenog-energetskog-portfolia-na-balkanu-keri-volcak\/","name":"VIDEO - Perspective: GGF posve\u0107en finansiranju zelenog energetskog portfolia na Balkanu, Keri Vol\u010dak","isPartOf":{"@id":"https:\/\/balkangreenenergynews.com\/rs\/#website"},"primaryImageOfPage":{"@id":"https:\/\/balkangreenenergynews.com\/rs\/video-perspective-ggf-posvecen-finansiranju-zelenog-energetskog-portfolia-na-balkanu-keri-volcak\/#primaryimage"},"image":{"@id":"https:\/\/balkangreenenergynews.com\/rs\/video-perspective-ggf-posvecen-finansiranju-zelenog-energetskog-portfolia-na-balkanu-keri-volcak\/#primaryimage"},"thumbnailUrl":"https:\/\/balkangreenenergynews.com\/rs\/wp-content\/uploads\/2017\/02\/Carrie-W..jpg?wsr","datePublished":"2017-02-28T14:45:11+00:00","dateModified":"2017-03-01T20:14:23+00:00","author":{"@id":"https:\/\/balkangreenenergynews.com\/rs\/#\/schema\/person\/ff4e9f9457769ba580672215875f5b38"},"description":"GGF mo\u017ee da pru\u017ei podr\u0161ku dobrim projektima da prevazi\u0111u prepreke u finansiranju i realizaciji, ka\u017ee Keri Valczak, \u0161efica projektnog finansiranja tog fonda.","breadcrumb":{"@id":"https:\/\/balkangreenenergynews.com\/rs\/video-perspective-ggf-posvecen-finansiranju-zelenog-energetskog-portfolia-na-balkanu-keri-volcak\/#breadcrumb"},"inLanguage":"sr-RS","potentialAction":[{"@type":"ReadAction","target":["https:\/\/balkangreenenergynews.com\/rs\/video-perspective-ggf-posvecen-finansiranju-zelenog-energetskog-portfolia-na-balkanu-keri-volcak\/"]}]},{"@type":"ImageObject","inLanguage":"sr-RS","@id":"https:\/\/balkangreenenergynews.com\/rs\/video-perspective-ggf-posvecen-finansiranju-zelenog-energetskog-portfolia-na-balkanu-keri-volcak\/#primaryimage","url":"https:\/\/balkangreenenergynews.com\/rs\/wp-content\/uploads\/2017\/02\/Carrie-W..jpg?wsr","contentUrl":"https:\/\/balkangreenenergynews.com\/rs\/wp-content\/uploads\/2017\/02\/Carrie-W..jpg?wsr","width":1000,"height":563},{"@type":"BreadcrumbList","@id":"https:\/\/balkangreenenergynews.com\/rs\/video-perspective-ggf-posvecen-finansiranju-zelenog-energetskog-portfolia-na-balkanu-keri-volcak\/#breadcrumb","itemListElement":[{"@type":"ListItem","position":1,"name":"Po\u010detna","item":"https:\/\/balkangreenenergynews.com\/rs\/"},{"@type":"ListItem","position":2,"name":"VIDEO","item":"https:\/\/balkangreenenergynews.com\/rs\/kategorija\/video\/"},{"@type":"ListItem","position":3,"name":"VIDEO &#8211; Perspective: GGF posve\u0107en finansiranju zelenog energetskog portfolia na Balkanu"}]},{"@type":"WebSite","@id":"https:\/\/balkangreenenergynews.com\/rs\/#website","url":"https:\/\/balkangreenenergynews.com\/rs\/","name":"Balkan Green Energy News","description":"Naj\u0161iri izbor vesti sa Balkana o zelenoj energiji","potentialAction":[{"@type":"SearchAction","target":{"@type":"EntryPoint","urlTemplate":"https:\/\/balkangreenenergynews.com\/rs\/?s={search_term_string}"},"query-input":{"@type":"PropertyValueSpecification","valueRequired":true,"valueName":"search_term_string"}}],"inLanguage":"sr-RS"},{"@type":"Person","@id":"https:\/\/balkangreenenergynews.com\/rs\/#\/schema\/person\/ff4e9f9457769ba580672215875f5b38","name":"Branislava Jovi\u010di\u0107","description":"\u017divimo u vremenu koje je pred na\u0161u generaciju postavilo veoma va\u017ean zadatak. Nije na nama sva krivica za stanje u kojem se nalazi planeta, ali odgovornot svakako jeste. Zato usmerimo svoja znanja, ve\u0161tine i pamet ka pronala\u017eenju odr\u017eivih, pametnih i zelenih re\u0161enja.","sameAs":["https:\/\/www.linkedin.com\/in\/branislava-jovicic-043080a\/","https:\/\/x.com\/https:\/\/twitter.com\/BranaJovicic"],"url":"https:\/\/balkangreenenergynews.com\/rs\/author\/bgen\/"}]}},"_links":{"self":[{"href":"https:\/\/balkangreenenergynews.com\/rs\/wp-json\/wp\/v2\/posts\/11583","targetHints":{"allow":["GET"]}}],"collection":[{"href":"https:\/\/balkangreenenergynews.com\/rs\/wp-json\/wp\/v2\/posts"}],"about":[{"href":"https:\/\/balkangreenenergynews.com\/rs\/wp-json\/wp\/v2\/types\/post"}],"author":[{"embeddable":true,"href":"https:\/\/balkangreenenergynews.com\/rs\/wp-json\/wp\/v2\/users\/2"}],"replies":[{"embeddable":true,"href":"https:\/\/balkangreenenergynews.com\/rs\/wp-json\/wp\/v2\/comments?post=11583"}],"version-history":[{"count":0,"href":"https:\/\/balkangreenenergynews.com\/rs\/wp-json\/wp\/v2\/posts\/11583\/revisions"}],"wp:featuredmedia":[{"embeddable":true,"href":"https:\/\/balkangreenenergynews.com\/rs\/wp-json\/wp\/v2\/media\/11590"}],"wp:attachment":[{"href":"https:\/\/balkangreenenergynews.com\/rs\/wp-json\/wp\/v2\/media?parent=11583"}],"wp:term":[{"taxonomy":"category","embeddable":true,"href":"https:\/\/balkangreenenergynews.com\/rs\/wp-json\/wp\/v2\/categories?post=11583"},{"taxonomy":"post_tag","embeddable":true,"href":"https:\/\/balkangreenenergynews.com\/rs\/wp-json\/wp\/v2\/tags?post=11583"}],"curies":[{"name":"wp","href":"https:\/\/api.w.org\/{rel}","templated":true}]}}