{"id":11511,"date":"2017-02-23T12:06:17","date_gmt":"2017-02-23T11:06:17","guid":{"rendered":"http:\/\/balkangreenenergynews.com\/rs\/?p=11511"},"modified":"2018-12-07T15:21:54","modified_gmt":"2018-12-07T14:21:54","slug":"poceo-sa-radom-regionalni-projekat-za-upravljanje-otpadom-na-severu-grcke","status":"publish","type":"post","link":"https:\/\/balkangreenenergynews.com\/rs\/poceo-sa-radom-regionalni-projekat-za-upravljanje-otpadom-na-severu-grcke\/","title":{"rendered":"Po\u010deo sa radom regionalni projekat za upravljanje otpadom na severu Gr\u010dke"},"content":{"rendered":"<h2 style=\"background: white;\">Projekat integrisanog upravljanja otpadom u\u00a0mestu Kozani na severu Gr\u010dke, vredan 48 miliona evra, po\u010delo je sa probnim radom. Projekat se finansira kroz javno-privatno partnerstvo i okuplja 12 op\u0161tina.<\/h2>\n<p style=\"background: white;\">Maksimalni kapacitet pogona u Kozaniju je oko 120.000 tona godi\u0161nje. Postoji sanitarno odlagali\u0161te za post-obradu ostataka, postrojenje za eksploataciju biogasa proizvedenog na postoje\u0107oj deponiji, regionalni centar za recikla\u017eu u kom \u0107e se sortirati i pakovati reciklanti i pogon za sortiranje i se\u010du kabastog \u010dvrstog otpada.<\/p>\n<p style=\"background: white;\">Projektom je predvi\u0111eno i\u00a0postrojenje za obradu aktivnog mulja, kao i drugi pogoni za obradu \u010dvrstog i te\u010dnog otpada sa deponije, iz centra za recikla\u017eu i drugih izvora.<\/p>\n<p style=\"background: white;\">Postrojenje je posetio zamenik ministra ekonomije Gr\u010dke Stergios Piciorlas, koji je tom prilikom izjavio da se mnogi projekti u toj zemlji sprovode po modelu javno-privatnog partnerstva.<\/p>\n<p style=\"background: white;\">\u201cJPP model je mo\u017eda bilo osporavan u pro\u0161losti, ali iskustvo je pokazalo da je korisna alatka u rukama dr\u017eave\u201d, rekao je on, <a href=\"https:\/\/www.ekathimerini.com\/216198\/article\/ekathimerini\/news\/waste-management-ppp-project-launched-in-kozani\">prenosi portal Ekatrimeni<\/a>.<\/p>\n<p style=\"background: white;\">Zamenik ministra je rekao da je dr\u017eava delimi\u010dno popustila pred zahtevima lokalne samouprave za subvencije kojima \u0107e se pokriti poskupljenje usluge upravljanja otpadom. O\u010dekuje se da \u0107e cena porasti sa 37 evra po toni, koliko stanovnici tog dela Gr\u010dke pla\u0107aju odno\u0161enje otpada, na 132 evra.<\/p>\n<p style=\"background: white;\">Probni period traja\u0107e do 17. maja 2017. godine, a postrojenje \u0107e po\u010deti sa komercijalnim radom 10. juna.\u00a0Predvi\u0111eno je da projekat traje 25 godina.<\/p>\n","protected":false},"excerpt":{"rendered":"<p>Projekat integrisanog upravljanja otpadom u\u00a0mestu Kozani na severu Gr\u010dke, vredan 48 miliona evra, po\u010delo je&#8230;<\/p>\n","protected":false},"author":25,"featured_media":11513,"comment_status":"open","ping_status":"closed","sticky":false,"template":"","format":"standard","meta":{"_acf_changed":false,"_monsterinsights_skip_tracking":false,"_monsterinsights_sitenote_active":false,"_monsterinsights_sitenote_note":"","_monsterinsights_sitenote_category":0,"footnotes":""},"categories":[5],"tags":[93,847,752,679,825,680],"class_list":["post-11511","post","type-post","status-publish","format-standard","has-post-thumbnail","hentry","category-otpad","tag-biogas","tag-deponija","tag-jpp","tag-otpad","tag-reciklaza","tag-upravljanje-otpadom","country-grcka"],"acf":[],"yoast_head":"<!-- This site is optimized with the Yoast SEO plugin v27.4 - https:\/\/yoast.com\/product\/yoast-seo-wordpress\/ -->\n<title>Po\u010deo sa radom regionalni projekat za upravljanje otpadom na severu Gr\u010dke<\/title>\n<meta name=\"description\" content=\"Projekat integrisanog upravljanja otpadom u mestu Kozani na severu Gr\u010dke, vredan 48 miliona evra, po\u010delo je sa probnim radom.\" \/>\n<meta name=\"robots\" content=\"index, follow, max-snippet:-1, max-image-preview:large, max-video-preview:-1\" \/>\n<link rel=\"canonical\" href=\"https:\/\/balkangreenenergynews.com\/rs\/poceo-sa-radom-regionalni-projekat-za-upravljanje-otpadom-na-severu-grcke\/\" \/>\n<meta property=\"og:locale\" content=\"sr_RS\" \/>\n<meta property=\"og:type\" content=\"article\" \/>\n<meta property=\"og:title\" content=\"Po\u010deo sa radom regionalni projekat za upravljanje otpadom na severu Gr\u010dke\" \/>\n<meta property=\"og:description\" content=\"Projekat integrisanog upravljanja otpadom u mestu Kozani na severu Gr\u010dke, vredan 48 miliona evra, po\u010delo je sa probnim radom.\" \/>\n<meta property=\"og:url\" content=\"https:\/\/balkangreenenergynews.com\/rs\/poceo-sa-radom-regionalni-projekat-za-upravljanje-otpadom-na-severu-grcke\/\" \/>\n<meta property=\"og:site_name\" content=\"Balkan Green Energy News\" \/>\n<meta property=\"article:published_time\" content=\"2017-02-23T11:06:17+00:00\" \/>\n<meta property=\"article:modified_time\" content=\"2018-12-07T14:21:54+00:00\" \/>\n<meta property=\"og:image\" content=\"https:\/\/balkangreenenergynews.com\/rs\/wp-content\/uploads\/2017\/02\/wasteotpad.jpg\" \/>\n\t<meta property=\"og:image:width\" content=\"795\" \/>\n\t<meta property=\"og:image:height\" content=\"407\" \/>\n\t<meta property=\"og:image:type\" content=\"image\/jpeg\" \/>\n<meta name=\"author\" content=\"Balkan Green Energy News\" \/>\n<meta name=\"twitter:card\" content=\"summary_large_image\" \/>\n<meta name=\"twitter:label1\" content=\"\u041d\u0430\u043f\u0438\u0441\u0430\u043d\u043e \u043e\u0434\" \/>\n\t<meta name=\"twitter:data1\" content=\"Balkan Green Energy News\" \/>\n\t<meta name=\"twitter:label2\" content=\"\u041f\u0440\u043e\u0446\u0435\u045a\u0435\u043d\u043e \u0432\u0440\u0435\u043c\u0435 \u0447\u0438\u0442\u0430\u045a\u0430\" \/>\n\t<meta name=\"twitter:data2\" content=\"1 \u043c\u0438\u043d\u0443\u0442\" \/>\n<script type=\"application\/ld+json\" class=\"yoast-schema-graph\">{\"@context\":\"https:\\\/\\\/schema.org\",\"@graph\":[{\"@type\":\"Article\",\"@id\":\"https:\\\/\\\/balkangreenenergynews.com\\\/rs\\\/poceo-sa-radom-regionalni-projekat-za-upravljanje-otpadom-na-severu-grcke\\\/#article\",\"isPartOf\":{\"@id\":\"https:\\\/\\\/balkangreenenergynews.com\\\/rs\\\/poceo-sa-radom-regionalni-projekat-za-upravljanje-otpadom-na-severu-grcke\\\/\"},\"author\":{\"name\":\"Balkan Green Energy News\",\"@id\":\"https:\\\/\\\/balkangreenenergynews.com\\\/rs\\\/#\\\/schema\\\/person\\\/dee275e6036b1a0f7ceaf956d79d4eff\"},\"headline\":\"Po\u010deo sa radom regionalni projekat za upravljanje otpadom na severu Gr\u010dke\",\"datePublished\":\"2017-02-23T11:06:17+00:00\",\"dateModified\":\"2018-12-07T14:21:54+00:00\",\"mainEntityOfPage\":{\"@id\":\"https:\\\/\\\/balkangreenenergynews.com\\\/rs\\\/poceo-sa-radom-regionalni-projekat-za-upravljanje-otpadom-na-severu-grcke\\\/\"},\"wordCount\":250,\"commentCount\":0,\"image\":{\"@id\":\"https:\\\/\\\/balkangreenenergynews.com\\\/rs\\\/poceo-sa-radom-regionalni-projekat-za-upravljanje-otpadom-na-severu-grcke\\\/#primaryimage\"},\"thumbnailUrl\":\"https:\\\/\\\/balkangreenenergynews.com\\\/rs\\\/wp-content\\\/uploads\\\/2017\\\/02\\\/wasteotpad.jpg?wsr\",\"keywords\":[\"biogas\",\"deponija\",\"JPP\",\"otpad\",\"recikla\u017ea\",\"upravljanje otpadom\"],\"articleSection\":[\"Otpad\"],\"inLanguage\":\"sr-RS\",\"potentialAction\":[{\"@type\":\"CommentAction\",\"name\":\"Comment\",\"target\":[\"https:\\\/\\\/balkangreenenergynews.com\\\/rs\\\/poceo-sa-radom-regionalni-projekat-za-upravljanje-otpadom-na-severu-grcke\\\/#respond\"]}]},{\"@type\":\"WebPage\",\"@id\":\"https:\\\/\\\/balkangreenenergynews.com\\\/rs\\\/poceo-sa-radom-regionalni-projekat-za-upravljanje-otpadom-na-severu-grcke\\\/\",\"url\":\"https:\\\/\\\/balkangreenenergynews.com\\\/rs\\\/poceo-sa-radom-regionalni-projekat-za-upravljanje-otpadom-na-severu-grcke\\\/\",\"name\":\"Po\u010deo sa radom regionalni projekat za upravljanje otpadom na severu Gr\u010dke\",\"isPartOf\":{\"@id\":\"https:\\\/\\\/balkangreenenergynews.com\\\/rs\\\/#website\"},\"primaryImageOfPage\":{\"@id\":\"https:\\\/\\\/balkangreenenergynews.com\\\/rs\\\/poceo-sa-radom-regionalni-projekat-za-upravljanje-otpadom-na-severu-grcke\\\/#primaryimage\"},\"image\":{\"@id\":\"https:\\\/\\\/balkangreenenergynews.com\\\/rs\\\/poceo-sa-radom-regionalni-projekat-za-upravljanje-otpadom-na-severu-grcke\\\/#primaryimage\"},\"thumbnailUrl\":\"https:\\\/\\\/balkangreenenergynews.com\\\/rs\\\/wp-content\\\/uploads\\\/2017\\\/02\\\/wasteotpad.jpg?wsr\",\"datePublished\":\"2017-02-23T11:06:17+00:00\",\"dateModified\":\"2018-12-07T14:21:54+00:00\",\"author\":{\"@id\":\"https:\\\/\\\/balkangreenenergynews.com\\\/rs\\\/#\\\/schema\\\/person\\\/dee275e6036b1a0f7ceaf956d79d4eff\"},\"description\":\"Projekat integrisanog upravljanja otpadom u mestu Kozani na severu Gr\u010dke, vredan 48 miliona evra, po\u010delo je sa probnim radom.\",\"breadcrumb\":{\"@id\":\"https:\\\/\\\/balkangreenenergynews.com\\\/rs\\\/poceo-sa-radom-regionalni-projekat-za-upravljanje-otpadom-na-severu-grcke\\\/#breadcrumb\"},\"inLanguage\":\"sr-RS\",\"potentialAction\":[{\"@type\":\"ReadAction\",\"target\":[\"https:\\\/\\\/balkangreenenergynews.com\\\/rs\\\/poceo-sa-radom-regionalni-projekat-za-upravljanje-otpadom-na-severu-grcke\\\/\"]}]},{\"@type\":\"ImageObject\",\"inLanguage\":\"sr-RS\",\"@id\":\"https:\\\/\\\/balkangreenenergynews.com\\\/rs\\\/poceo-sa-radom-regionalni-projekat-za-upravljanje-otpadom-na-severu-grcke\\\/#primaryimage\",\"url\":\"https:\\\/\\\/balkangreenenergynews.com\\\/rs\\\/wp-content\\\/uploads\\\/2017\\\/02\\\/wasteotpad.jpg?wsr\",\"contentUrl\":\"https:\\\/\\\/balkangreenenergynews.com\\\/rs\\\/wp-content\\\/uploads\\\/2017\\\/02\\\/wasteotpad.jpg?wsr\",\"width\":795,\"height\":407},{\"@type\":\"BreadcrumbList\",\"@id\":\"https:\\\/\\\/balkangreenenergynews.com\\\/rs\\\/poceo-sa-radom-regionalni-projekat-za-upravljanje-otpadom-na-severu-grcke\\\/#breadcrumb\",\"itemListElement\":[{\"@type\":\"ListItem\",\"position\":1,\"name\":\"Po\u010detna\",\"item\":\"https:\\\/\\\/balkangreenenergynews.com\\\/rs\\\/\"},{\"@type\":\"ListItem\",\"position\":2,\"name\":\"Vesti\",\"item\":\"https:\\\/\\\/balkangreenenergynews.com\\\/rs\\\/kategorija\\\/vesti\\\/\"},{\"@type\":\"ListItem\",\"position\":3,\"name\":\"Otpad\",\"item\":\"https:\\\/\\\/balkangreenenergynews.com\\\/rs\\\/kategorija\\\/vesti\\\/otpad\\\/\"},{\"@type\":\"ListItem\",\"position\":4,\"name\":\"Po\u010deo sa radom regionalni projekat za upravljanje otpadom na severu Gr\u010dke\"}]},{\"@type\":\"WebSite\",\"@id\":\"https:\\\/\\\/balkangreenenergynews.com\\\/rs\\\/#website\",\"url\":\"https:\\\/\\\/balkangreenenergynews.com\\\/rs\\\/\",\"name\":\"Balkan Green Energy News\",\"description\":\"Naj\u0161iri izbor vesti sa Balkana o zelenoj energiji\",\"potentialAction\":[{\"@type\":\"SearchAction\",\"target\":{\"@type\":\"EntryPoint\",\"urlTemplate\":\"https:\\\/\\\/balkangreenenergynews.com\\\/rs\\\/?s={search_term_string}\"},\"query-input\":{\"@type\":\"PropertyValueSpecification\",\"valueRequired\":true,\"valueName\":\"search_term_string\"}}],\"inLanguage\":\"sr-RS\"},{\"@type\":\"Person\",\"@id\":\"https:\\\/\\\/balkangreenenergynews.com\\\/rs\\\/#\\\/schema\\\/person\\\/dee275e6036b1a0f7ceaf956d79d4eff\",\"name\":\"Balkan Green Energy News\",\"url\":\"https:\\\/\\\/balkangreenenergynews.com\\\/rs\\\/author\\\/balkangreenenergynews\\\/\"}]}<\/script>\n<!-- \/ Yoast SEO plugin. -->","yoast_head_json":{"title":"Po\u010deo sa radom regionalni projekat za upravljanje otpadom na severu Gr\u010dke","description":"Projekat integrisanog upravljanja otpadom u mestu Kozani na severu Gr\u010dke, vredan 48 miliona evra, po\u010delo je sa probnim radom.","robots":{"index":"index","follow":"follow","max-snippet":"max-snippet:-1","max-image-preview":"max-image-preview:large","max-video-preview":"max-video-preview:-1"},"canonical":"https:\/\/balkangreenenergynews.com\/rs\/poceo-sa-radom-regionalni-projekat-za-upravljanje-otpadom-na-severu-grcke\/","og_locale":"sr_RS","og_type":"article","og_title":"Po\u010deo sa radom regionalni projekat za upravljanje otpadom na severu Gr\u010dke","og_description":"Projekat integrisanog upravljanja otpadom u mestu Kozani na severu Gr\u010dke, vredan 48 miliona evra, po\u010delo je sa probnim radom.","og_url":"https:\/\/balkangreenenergynews.com\/rs\/poceo-sa-radom-regionalni-projekat-za-upravljanje-otpadom-na-severu-grcke\/","og_site_name":"Balkan Green Energy News","article_published_time":"2017-02-23T11:06:17+00:00","article_modified_time":"2018-12-07T14:21:54+00:00","og_image":[{"width":795,"height":407,"url":"https:\/\/balkangreenenergynews.com\/rs\/wp-content\/uploads\/2017\/02\/wasteotpad.jpg","type":"image\/jpeg"}],"author":"Balkan Green Energy News","twitter_card":"summary_large_image","twitter_misc":{"\u041d\u0430\u043f\u0438\u0441\u0430\u043d\u043e \u043e\u0434":"Balkan Green Energy News","\u041f\u0440\u043e\u0446\u0435\u045a\u0435\u043d\u043e \u0432\u0440\u0435\u043c\u0435 \u0447\u0438\u0442\u0430\u045a\u0430":"1 \u043c\u0438\u043d\u0443\u0442"},"schema":{"@context":"https:\/\/schema.org","@graph":[{"@type":"Article","@id":"https:\/\/balkangreenenergynews.com\/rs\/poceo-sa-radom-regionalni-projekat-za-upravljanje-otpadom-na-severu-grcke\/#article","isPartOf":{"@id":"https:\/\/balkangreenenergynews.com\/rs\/poceo-sa-radom-regionalni-projekat-za-upravljanje-otpadom-na-severu-grcke\/"},"author":{"name":"Balkan Green Energy News","@id":"https:\/\/balkangreenenergynews.com\/rs\/#\/schema\/person\/dee275e6036b1a0f7ceaf956d79d4eff"},"headline":"Po\u010deo sa radom regionalni projekat za upravljanje otpadom na severu Gr\u010dke","datePublished":"2017-02-23T11:06:17+00:00","dateModified":"2018-12-07T14:21:54+00:00","mainEntityOfPage":{"@id":"https:\/\/balkangreenenergynews.com\/rs\/poceo-sa-radom-regionalni-projekat-za-upravljanje-otpadom-na-severu-grcke\/"},"wordCount":250,"commentCount":0,"image":{"@id":"https:\/\/balkangreenenergynews.com\/rs\/poceo-sa-radom-regionalni-projekat-za-upravljanje-otpadom-na-severu-grcke\/#primaryimage"},"thumbnailUrl":"https:\/\/balkangreenenergynews.com\/rs\/wp-content\/uploads\/2017\/02\/wasteotpad.jpg?wsr","keywords":["biogas","deponija","JPP","otpad","recikla\u017ea","upravljanje otpadom"],"articleSection":["Otpad"],"inLanguage":"sr-RS","potentialAction":[{"@type":"CommentAction","name":"Comment","target":["https:\/\/balkangreenenergynews.com\/rs\/poceo-sa-radom-regionalni-projekat-za-upravljanje-otpadom-na-severu-grcke\/#respond"]}]},{"@type":"WebPage","@id":"https:\/\/balkangreenenergynews.com\/rs\/poceo-sa-radom-regionalni-projekat-za-upravljanje-otpadom-na-severu-grcke\/","url":"https:\/\/balkangreenenergynews.com\/rs\/poceo-sa-radom-regionalni-projekat-za-upravljanje-otpadom-na-severu-grcke\/","name":"Po\u010deo sa radom regionalni projekat za upravljanje otpadom na severu Gr\u010dke","isPartOf":{"@id":"https:\/\/balkangreenenergynews.com\/rs\/#website"},"primaryImageOfPage":{"@id":"https:\/\/balkangreenenergynews.com\/rs\/poceo-sa-radom-regionalni-projekat-za-upravljanje-otpadom-na-severu-grcke\/#primaryimage"},"image":{"@id":"https:\/\/balkangreenenergynews.com\/rs\/poceo-sa-radom-regionalni-projekat-za-upravljanje-otpadom-na-severu-grcke\/#primaryimage"},"thumbnailUrl":"https:\/\/balkangreenenergynews.com\/rs\/wp-content\/uploads\/2017\/02\/wasteotpad.jpg?wsr","datePublished":"2017-02-23T11:06:17+00:00","dateModified":"2018-12-07T14:21:54+00:00","author":{"@id":"https:\/\/balkangreenenergynews.com\/rs\/#\/schema\/person\/dee275e6036b1a0f7ceaf956d79d4eff"},"description":"Projekat integrisanog upravljanja otpadom u mestu Kozani na severu Gr\u010dke, vredan 48 miliona evra, po\u010delo je sa probnim radom.","breadcrumb":{"@id":"https:\/\/balkangreenenergynews.com\/rs\/poceo-sa-radom-regionalni-projekat-za-upravljanje-otpadom-na-severu-grcke\/#breadcrumb"},"inLanguage":"sr-RS","potentialAction":[{"@type":"ReadAction","target":["https:\/\/balkangreenenergynews.com\/rs\/poceo-sa-radom-regionalni-projekat-za-upravljanje-otpadom-na-severu-grcke\/"]}]},{"@type":"ImageObject","inLanguage":"sr-RS","@id":"https:\/\/balkangreenenergynews.com\/rs\/poceo-sa-radom-regionalni-projekat-za-upravljanje-otpadom-na-severu-grcke\/#primaryimage","url":"https:\/\/balkangreenenergynews.com\/rs\/wp-content\/uploads\/2017\/02\/wasteotpad.jpg?wsr","contentUrl":"https:\/\/balkangreenenergynews.com\/rs\/wp-content\/uploads\/2017\/02\/wasteotpad.jpg?wsr","width":795,"height":407},{"@type":"BreadcrumbList","@id":"https:\/\/balkangreenenergynews.com\/rs\/poceo-sa-radom-regionalni-projekat-za-upravljanje-otpadom-na-severu-grcke\/#breadcrumb","itemListElement":[{"@type":"ListItem","position":1,"name":"Po\u010detna","item":"https:\/\/balkangreenenergynews.com\/rs\/"},{"@type":"ListItem","position":2,"name":"Vesti","item":"https:\/\/balkangreenenergynews.com\/rs\/kategorija\/vesti\/"},{"@type":"ListItem","position":3,"name":"Otpad","item":"https:\/\/balkangreenenergynews.com\/rs\/kategorija\/vesti\/otpad\/"},{"@type":"ListItem","position":4,"name":"Po\u010deo sa radom regionalni projekat za upravljanje otpadom na severu Gr\u010dke"}]},{"@type":"WebSite","@id":"https:\/\/balkangreenenergynews.com\/rs\/#website","url":"https:\/\/balkangreenenergynews.com\/rs\/","name":"Balkan Green Energy News","description":"Naj\u0161iri izbor vesti sa Balkana o zelenoj energiji","potentialAction":[{"@type":"SearchAction","target":{"@type":"EntryPoint","urlTemplate":"https:\/\/balkangreenenergynews.com\/rs\/?s={search_term_string}"},"query-input":{"@type":"PropertyValueSpecification","valueRequired":true,"valueName":"search_term_string"}}],"inLanguage":"sr-RS"},{"@type":"Person","@id":"https:\/\/balkangreenenergynews.com\/rs\/#\/schema\/person\/dee275e6036b1a0f7ceaf956d79d4eff","name":"Balkan Green Energy News","url":"https:\/\/balkangreenenergynews.com\/rs\/author\/balkangreenenergynews\/"}]}},"_links":{"self":[{"href":"https:\/\/balkangreenenergynews.com\/rs\/wp-json\/wp\/v2\/posts\/11511","targetHints":{"allow":["GET"]}}],"collection":[{"href":"https:\/\/balkangreenenergynews.com\/rs\/wp-json\/wp\/v2\/posts"}],"about":[{"href":"https:\/\/balkangreenenergynews.com\/rs\/wp-json\/wp\/v2\/types\/post"}],"author":[{"embeddable":true,"href":"https:\/\/balkangreenenergynews.com\/rs\/wp-json\/wp\/v2\/users\/25"}],"replies":[{"embeddable":true,"href":"https:\/\/balkangreenenergynews.com\/rs\/wp-json\/wp\/v2\/comments?post=11511"}],"version-history":[{"count":0,"href":"https:\/\/balkangreenenergynews.com\/rs\/wp-json\/wp\/v2\/posts\/11511\/revisions"}],"wp:featuredmedia":[{"embeddable":true,"href":"https:\/\/balkangreenenergynews.com\/rs\/wp-json\/wp\/v2\/media\/11513"}],"wp:attachment":[{"href":"https:\/\/balkangreenenergynews.com\/rs\/wp-json\/wp\/v2\/media?parent=11511"}],"wp:term":[{"taxonomy":"category","embeddable":true,"href":"https:\/\/balkangreenenergynews.com\/rs\/wp-json\/wp\/v2\/categories?post=11511"},{"taxonomy":"post_tag","embeddable":true,"href":"https:\/\/balkangreenenergynews.com\/rs\/wp-json\/wp\/v2\/tags?post=11511"}],"curies":[{"name":"wp","href":"https:\/\/api.w.org\/{rel}","templated":true}]}}