{"id":11329,"date":"2017-02-14T08:40:37","date_gmt":"2017-02-14T07:40:37","guid":{"rendered":"http:\/\/balkangreenenergynews.com\/rs\/?p=11329"},"modified":"2020-05-03T00:51:49","modified_gmt":"2020-05-02T22:51:49","slug":"svedska-odlucila-od-2045-nulta-emisija-stetnih-gasova","status":"publish","type":"post","link":"https:\/\/balkangreenenergynews.com\/rs\/svedska-odlucila-od-2045-nulta-emisija-stetnih-gasova\/","title":{"rendered":"\u0160vedska odlu\u010dila: od 2045 nulta emisija \u0161tetnih gasova"},"content":{"rendered":"<h2>\u0160vedska Vlada je re\u0161ena da do 2045. godine prestane da emituje gasove sa efektom staklene ba\u0161te. Ova dr\u017eava pozvala je sve zemlje uklju\u010dujuc\u0301i i SAD da se pokrenu i ispune Pariski sporazum.<\/h2>\n<p>Prema re\u010dima ministarke zadu\u017eene za klimatske promene Izabele Lovin, cilj je da \u0160vedska bude dr\u017eava blagostanja koja ne koristi fosilna goriva, prenose svetski mediji.<\/p>\n<p>&#8222;Mi vidimo da su prednosti takvog &#8222;pametnog&#8220; dru\u0161tva velike kada je u pitanju zdravlje, otvaranje novih radnih mesta i sigurnost. Zavisnost od fosilnih goriva i gasa iz Rusije nije ono \u0161to nam je sada potrebno,&#8220; izjavila je Lovin.<\/p>\n<p>Sve stranke, uklju\u010duju\u0107i i desni\u010darsku \u0160vedsku demokratsku stranku, saglasne su da se u martu ove godine donese zakon koji c\u0301e obavezati vladu da postavlja stro\u017ee ciljeve kada je u pitanju smanjenje emisije fosilnih goriva na svake \u010detiri godine, do 2045. godine.<\/p>\n<p>Planovi predvi\u0111aju smanjenje emisije \u0161tetnih gasova u sektoru transporta za 70 odsto do 2030. godine. Emisija \u0161tetnih gasova u zemlji trebalo bi da bude smanjena za najmanje 85 odsto, a dok bi ostatak bio eliminisan sadnjom drvec\u0301a ili odr\u017eivim investicijama u inostranstvu.<\/p>\n<p>Zakon o smanjenju emisije gasova sa efektom staklene ba\u0161te trebalo bi da stupi na snagu vec\u0301 2018. godine. U me\u0111uvremenu, \u0161vedski premijer \u0160tefan Lofven kritikovao je klimatske skeptike u administraciji predsednika SAD Donalda Trampa i upozorio sve zemlje moraju da rade na ispunjenju Pariskog sporazuma. Tramp je ranije nazvao klimatske promene prevarom Kineza, a postoje indicije i da c\u0301e se povuc\u0301i iz Pariskog sporazuma.<\/p>\n<p>Pro\u0161le godine u Parizu predstavnici skoro 200 zemalja slo\u017eili su se da rast temperature treba ograni\u010diti na 2 stepena Celzijusa iznad industrijskog nivoa 1990-ih i te\u017eiti ka cilju od 1,5 stepen Celzijusa.<\/p>\n<h3><span style=\"\">\u0160vedska prva, Luksemburg poslednji po u\u010de\u0161\u0107u OIE<\/span><\/h3>\n<p>Evropska unija (EU) postavila je cilj da se emisije gasova sa efektom staklene ba\u0161te smanje za 80 do 95 odsto do 2050. godine.<\/p>\n<p>Od 2013. do 2014. godine 51,1 odsto elektri\u010dne energije u \u0160vedskoj dobijeno je iz obnovljivih izvora energije (OIE), \u0161to je zna\u010dajno vec\u0301i udeo nego u mnogim drugim evropskim zemljama.<\/p>\n<p>Letonija je druga po udelu OIE sa 37 odsto, slede je Finska sa 36,8 odsto i Austrija sa 32,9 odsto. Najni\u017eu stopu udela OIE sa 3,8 odsto ima Luksemburg, a zatim Malta i Holandija. Velika Britanija je imala \u010detvrtu najni\u017eu stopu udela OIE aa 5,7 procenata, a sledi je Irska sa 8,2 odsto.<\/p>\n<p>Velika Britanija se obavezala da smanji emisiju \u0161tetnih gasova za 57 odsto do 2032, ali do sada Vlada nije ni blizu da ispuni taj cilj, kako javljaju britanski mediji.<\/p>\n<p>Vetroelektrane u Danskoj su u 2015. godini isporu\u010dile 140 odsto potreba za energijom \u0161to je pozdravljeno kao &#8222;klju\u010d za zaustavljanje globalnog zagrevanja&#8220;.<\/p>\n<p>U maju pro\u0161le godine Nema\u010dka je po prvi put uspela da iz OIE proizvede potrebne koli\u010dine elektri\u010dne energije. U istom periodu Portugalija je uspela da obezbedi dovoljne koli\u010dine elektri\u010dne energije za \u010detiri dana bez upotrebe fosilnih goriva. Prema EU direktivi iz 2009. godine u\u010de\u0161\u0107e OIE u energetskom miksu Portugalije do 2020. godine treba da bude 31 odsto.<\/p>\n<p>O\u010dekuje se da jedino \u0160vedska, Austrija, Letonija i Finska do 2020. godine imaju vec\u0301e u\u010de\u0161c\u0301e OIE, dok Velika Britanija treba da dostigne 15 odsto udela OIE.<\/p>\n","protected":false},"excerpt":{"rendered":"<p>\u0160vedska Vlada je re\u0161ena da do 2045. godine prestane da emituje gasove sa efektom staklene&#8230;<\/p>\n","protected":false},"author":25,"featured_media":29513,"comment_status":"open","ping_status":"closed","sticky":false,"template":"","format":"standard","meta":{"_acf_changed":false,"_monsterinsights_skip_tracking":false,"_monsterinsights_sitenote_active":false,"_monsterinsights_sitenote_note":"","_monsterinsights_sitenote_category":0,"footnotes":""},"categories":[1],"tags":[509,195,766,647,1019],"class_list":["post-11329","post","type-post","status-publish","format-standard","has-post-thumbnail","hentry","category-obnovljivi-izvori-energije","tag-co2","tag-eu","tag-klimatske-promene","tag-obnovljivi-izvori-energije","tag-pariski-sporazum","country-regioneu"],"acf":[],"yoast_head":"<!-- This site is optimized with the Yoast SEO plugin v27.4 - https:\/\/yoast.com\/product\/yoast-seo-wordpress\/ -->\n<title>\u0160vedska odlu\u010dila: od 2045 nulta emisija \u0161tetnih gasova<\/title>\n<meta name=\"description\" content=\"\u0160vedska Vlada je re\u0161ena da do 2045. godine prestane da emituje gasove sa efektom staklene ba\u0161te. Ova dr\u017eava pozvala je sve zemlje uklju\u010dujuc\u0301i i SAD da se\" \/>\n<meta name=\"robots\" content=\"index, follow, max-snippet:-1, max-image-preview:large, max-video-preview:-1\" \/>\n<link rel=\"canonical\" href=\"https:\/\/balkangreenenergynews.com\/rs\/svedska-odlucila-od-2045-nulta-emisija-stetnih-gasova\/\" \/>\n<meta property=\"og:locale\" content=\"sr_RS\" \/>\n<meta property=\"og:type\" content=\"article\" \/>\n<meta property=\"og:title\" content=\"\u0160vedska odlu\u010dila: od 2045 nulta emisija \u0161tetnih gasova\" \/>\n<meta property=\"og:description\" content=\"\u0160vedska Vlada je re\u0161ena da do 2045. godine prestane da emituje gasove sa efektom staklene ba\u0161te. Ova dr\u017eava pozvala je sve zemlje uklju\u010dujuc\u0301i i SAD da se\" \/>\n<meta property=\"og:url\" content=\"https:\/\/balkangreenenergynews.com\/rs\/svedska-odlucila-od-2045-nulta-emisija-stetnih-gasova\/\" \/>\n<meta property=\"og:site_name\" content=\"Balkan Green Energy News\" \/>\n<meta property=\"article:published_time\" content=\"2017-02-14T07:40:37+00:00\" \/>\n<meta property=\"article:modified_time\" content=\"2020-05-02T22:51:49+00:00\" \/>\n<meta property=\"og:image\" content=\"https:\/\/balkangreenenergynews.com\/rs\/wp-content\/uploads\/2017\/02\/Svedska-odlucila-od-2045-bez-emisije-stetnih-gasova.jpg\" \/>\n\t<meta property=\"og:image:width\" content=\"795\" \/>\n\t<meta property=\"og:image:height\" content=\"407\" \/>\n\t<meta property=\"og:image:type\" content=\"image\/jpeg\" \/>\n<meta name=\"author\" content=\"Balkan Green Energy News\" \/>\n<meta name=\"twitter:card\" content=\"summary_large_image\" \/>\n<meta name=\"twitter:label1\" content=\"\u041d\u0430\u043f\u0438\u0441\u0430\u043d\u043e \u043e\u0434\" \/>\n\t<meta name=\"twitter:data1\" content=\"Balkan Green Energy News\" \/>\n\t<meta name=\"twitter:label2\" content=\"\u041f\u0440\u043e\u0446\u0435\u045a\u0435\u043d\u043e \u0432\u0440\u0435\u043c\u0435 \u0447\u0438\u0442\u0430\u045a\u0430\" \/>\n\t<meta name=\"twitter:data2\" content=\"3 \u043c\u0438\u043d\u0443\u0442\u0430\" \/>\n<script type=\"application\/ld+json\" class=\"yoast-schema-graph\">{\"@context\":\"https:\\\/\\\/schema.org\",\"@graph\":[{\"@type\":\"Article\",\"@id\":\"https:\\\/\\\/balkangreenenergynews.com\\\/rs\\\/svedska-odlucila-od-2045-nulta-emisija-stetnih-gasova\\\/#article\",\"isPartOf\":{\"@id\":\"https:\\\/\\\/balkangreenenergynews.com\\\/rs\\\/svedska-odlucila-od-2045-nulta-emisija-stetnih-gasova\\\/\"},\"author\":{\"name\":\"Balkan Green Energy News\",\"@id\":\"https:\\\/\\\/balkangreenenergynews.com\\\/rs\\\/#\\\/schema\\\/person\\\/dee275e6036b1a0f7ceaf956d79d4eff\"},\"headline\":\"\u0160vedska odlu\u010dila: od 2045 nulta emisija \u0161tetnih gasova\",\"datePublished\":\"2017-02-14T07:40:37+00:00\",\"dateModified\":\"2020-05-02T22:51:49+00:00\",\"mainEntityOfPage\":{\"@id\":\"https:\\\/\\\/balkangreenenergynews.com\\\/rs\\\/svedska-odlucila-od-2045-nulta-emisija-stetnih-gasova\\\/\"},\"wordCount\":544,\"commentCount\":0,\"image\":{\"@id\":\"https:\\\/\\\/balkangreenenergynews.com\\\/rs\\\/svedska-odlucila-od-2045-nulta-emisija-stetnih-gasova\\\/#primaryimage\"},\"thumbnailUrl\":\"https:\\\/\\\/balkangreenenergynews.com\\\/rs\\\/wp-content\\\/uploads\\\/2017\\\/02\\\/Svedska-odlucila-od-2045-bez-emisije-stetnih-gasova.jpg?wsr\",\"keywords\":[\"CO2\",\"EU\",\"klimatske promene\",\"obnovljivi izvori energije\",\"Pariski sporazum\"],\"articleSection\":[\"OIE\"],\"inLanguage\":\"sr-RS\",\"potentialAction\":[{\"@type\":\"CommentAction\",\"name\":\"Comment\",\"target\":[\"https:\\\/\\\/balkangreenenergynews.com\\\/rs\\\/svedska-odlucila-od-2045-nulta-emisija-stetnih-gasova\\\/#respond\"]}]},{\"@type\":\"WebPage\",\"@id\":\"https:\\\/\\\/balkangreenenergynews.com\\\/rs\\\/svedska-odlucila-od-2045-nulta-emisija-stetnih-gasova\\\/\",\"url\":\"https:\\\/\\\/balkangreenenergynews.com\\\/rs\\\/svedska-odlucila-od-2045-nulta-emisija-stetnih-gasova\\\/\",\"name\":\"\u0160vedska odlu\u010dila: od 2045 nulta emisija \u0161tetnih gasova\",\"isPartOf\":{\"@id\":\"https:\\\/\\\/balkangreenenergynews.com\\\/rs\\\/#website\"},\"primaryImageOfPage\":{\"@id\":\"https:\\\/\\\/balkangreenenergynews.com\\\/rs\\\/svedska-odlucila-od-2045-nulta-emisija-stetnih-gasova\\\/#primaryimage\"},\"image\":{\"@id\":\"https:\\\/\\\/balkangreenenergynews.com\\\/rs\\\/svedska-odlucila-od-2045-nulta-emisija-stetnih-gasova\\\/#primaryimage\"},\"thumbnailUrl\":\"https:\\\/\\\/balkangreenenergynews.com\\\/rs\\\/wp-content\\\/uploads\\\/2017\\\/02\\\/Svedska-odlucila-od-2045-bez-emisije-stetnih-gasova.jpg?wsr\",\"datePublished\":\"2017-02-14T07:40:37+00:00\",\"dateModified\":\"2020-05-02T22:51:49+00:00\",\"author\":{\"@id\":\"https:\\\/\\\/balkangreenenergynews.com\\\/rs\\\/#\\\/schema\\\/person\\\/dee275e6036b1a0f7ceaf956d79d4eff\"},\"description\":\"\u0160vedska Vlada je re\u0161ena da do 2045. godine prestane da emituje gasove sa efektom staklene ba\u0161te. Ova dr\u017eava pozvala je sve zemlje uklju\u010dujuc\u0301i i SAD da se\",\"breadcrumb\":{\"@id\":\"https:\\\/\\\/balkangreenenergynews.com\\\/rs\\\/svedska-odlucila-od-2045-nulta-emisija-stetnih-gasova\\\/#breadcrumb\"},\"inLanguage\":\"sr-RS\",\"potentialAction\":[{\"@type\":\"ReadAction\",\"target\":[\"https:\\\/\\\/balkangreenenergynews.com\\\/rs\\\/svedska-odlucila-od-2045-nulta-emisija-stetnih-gasova\\\/\"]}]},{\"@type\":\"ImageObject\",\"inLanguage\":\"sr-RS\",\"@id\":\"https:\\\/\\\/balkangreenenergynews.com\\\/rs\\\/svedska-odlucila-od-2045-nulta-emisija-stetnih-gasova\\\/#primaryimage\",\"url\":\"https:\\\/\\\/balkangreenenergynews.com\\\/rs\\\/wp-content\\\/uploads\\\/2017\\\/02\\\/Svedska-odlucila-od-2045-bez-emisije-stetnih-gasova.jpg?wsr\",\"contentUrl\":\"https:\\\/\\\/balkangreenenergynews.com\\\/rs\\\/wp-content\\\/uploads\\\/2017\\\/02\\\/Svedska-odlucila-od-2045-bez-emisije-stetnih-gasova.jpg?wsr\",\"width\":795,\"height\":407},{\"@type\":\"BreadcrumbList\",\"@id\":\"https:\\\/\\\/balkangreenenergynews.com\\\/rs\\\/svedska-odlucila-od-2045-nulta-emisija-stetnih-gasova\\\/#breadcrumb\",\"itemListElement\":[{\"@type\":\"ListItem\",\"position\":1,\"name\":\"Po\u010detna\",\"item\":\"https:\\\/\\\/balkangreenenergynews.com\\\/rs\\\/\"},{\"@type\":\"ListItem\",\"position\":2,\"name\":\"Vesti\",\"item\":\"https:\\\/\\\/balkangreenenergynews.com\\\/rs\\\/kategorija\\\/vesti\\\/\"},{\"@type\":\"ListItem\",\"position\":3,\"name\":\"OIE\",\"item\":\"https:\\\/\\\/balkangreenenergynews.com\\\/rs\\\/kategorija\\\/vesti\\\/obnovljivi-izvori-energije\\\/\"},{\"@type\":\"ListItem\",\"position\":4,\"name\":\"\u0160vedska odlu\u010dila: od 2045 nulta emisija \u0161tetnih gasova\"}]},{\"@type\":\"WebSite\",\"@id\":\"https:\\\/\\\/balkangreenenergynews.com\\\/rs\\\/#website\",\"url\":\"https:\\\/\\\/balkangreenenergynews.com\\\/rs\\\/\",\"name\":\"Balkan Green Energy News\",\"description\":\"Naj\u0161iri izbor vesti sa Balkana o zelenoj energiji\",\"potentialAction\":[{\"@type\":\"SearchAction\",\"target\":{\"@type\":\"EntryPoint\",\"urlTemplate\":\"https:\\\/\\\/balkangreenenergynews.com\\\/rs\\\/?s={search_term_string}\"},\"query-input\":{\"@type\":\"PropertyValueSpecification\",\"valueRequired\":true,\"valueName\":\"search_term_string\"}}],\"inLanguage\":\"sr-RS\"},{\"@type\":\"Person\",\"@id\":\"https:\\\/\\\/balkangreenenergynews.com\\\/rs\\\/#\\\/schema\\\/person\\\/dee275e6036b1a0f7ceaf956d79d4eff\",\"name\":\"Balkan Green Energy News\",\"url\":\"https:\\\/\\\/balkangreenenergynews.com\\\/rs\\\/author\\\/balkangreenenergynews\\\/\"}]}<\/script>\n<!-- \/ Yoast SEO plugin. -->","yoast_head_json":{"title":"\u0160vedska odlu\u010dila: od 2045 nulta emisija \u0161tetnih gasova","description":"\u0160vedska Vlada je re\u0161ena da do 2045. godine prestane da emituje gasove sa efektom staklene ba\u0161te. Ova dr\u017eava pozvala je sve zemlje uklju\u010dujuc\u0301i i SAD da se","robots":{"index":"index","follow":"follow","max-snippet":"max-snippet:-1","max-image-preview":"max-image-preview:large","max-video-preview":"max-video-preview:-1"},"canonical":"https:\/\/balkangreenenergynews.com\/rs\/svedska-odlucila-od-2045-nulta-emisija-stetnih-gasova\/","og_locale":"sr_RS","og_type":"article","og_title":"\u0160vedska odlu\u010dila: od 2045 nulta emisija \u0161tetnih gasova","og_description":"\u0160vedska Vlada je re\u0161ena da do 2045. godine prestane da emituje gasove sa efektom staklene ba\u0161te. Ova dr\u017eava pozvala je sve zemlje uklju\u010dujuc\u0301i i SAD da se","og_url":"https:\/\/balkangreenenergynews.com\/rs\/svedska-odlucila-od-2045-nulta-emisija-stetnih-gasova\/","og_site_name":"Balkan Green Energy News","article_published_time":"2017-02-14T07:40:37+00:00","article_modified_time":"2020-05-02T22:51:49+00:00","og_image":[{"width":795,"height":407,"url":"https:\/\/balkangreenenergynews.com\/rs\/wp-content\/uploads\/2017\/02\/Svedska-odlucila-od-2045-bez-emisije-stetnih-gasova.jpg","type":"image\/jpeg"}],"author":"Balkan Green Energy News","twitter_card":"summary_large_image","twitter_misc":{"\u041d\u0430\u043f\u0438\u0441\u0430\u043d\u043e \u043e\u0434":"Balkan Green Energy News","\u041f\u0440\u043e\u0446\u0435\u045a\u0435\u043d\u043e \u0432\u0440\u0435\u043c\u0435 \u0447\u0438\u0442\u0430\u045a\u0430":"3 \u043c\u0438\u043d\u0443\u0442\u0430"},"schema":{"@context":"https:\/\/schema.org","@graph":[{"@type":"Article","@id":"https:\/\/balkangreenenergynews.com\/rs\/svedska-odlucila-od-2045-nulta-emisija-stetnih-gasova\/#article","isPartOf":{"@id":"https:\/\/balkangreenenergynews.com\/rs\/svedska-odlucila-od-2045-nulta-emisija-stetnih-gasova\/"},"author":{"name":"Balkan Green Energy News","@id":"https:\/\/balkangreenenergynews.com\/rs\/#\/schema\/person\/dee275e6036b1a0f7ceaf956d79d4eff"},"headline":"\u0160vedska odlu\u010dila: od 2045 nulta emisija \u0161tetnih gasova","datePublished":"2017-02-14T07:40:37+00:00","dateModified":"2020-05-02T22:51:49+00:00","mainEntityOfPage":{"@id":"https:\/\/balkangreenenergynews.com\/rs\/svedska-odlucila-od-2045-nulta-emisija-stetnih-gasova\/"},"wordCount":544,"commentCount":0,"image":{"@id":"https:\/\/balkangreenenergynews.com\/rs\/svedska-odlucila-od-2045-nulta-emisija-stetnih-gasova\/#primaryimage"},"thumbnailUrl":"https:\/\/balkangreenenergynews.com\/rs\/wp-content\/uploads\/2017\/02\/Svedska-odlucila-od-2045-bez-emisije-stetnih-gasova.jpg?wsr","keywords":["CO2","EU","klimatske promene","obnovljivi izvori energije","Pariski sporazum"],"articleSection":["OIE"],"inLanguage":"sr-RS","potentialAction":[{"@type":"CommentAction","name":"Comment","target":["https:\/\/balkangreenenergynews.com\/rs\/svedska-odlucila-od-2045-nulta-emisija-stetnih-gasova\/#respond"]}]},{"@type":"WebPage","@id":"https:\/\/balkangreenenergynews.com\/rs\/svedska-odlucila-od-2045-nulta-emisija-stetnih-gasova\/","url":"https:\/\/balkangreenenergynews.com\/rs\/svedska-odlucila-od-2045-nulta-emisija-stetnih-gasova\/","name":"\u0160vedska odlu\u010dila: od 2045 nulta emisija \u0161tetnih gasova","isPartOf":{"@id":"https:\/\/balkangreenenergynews.com\/rs\/#website"},"primaryImageOfPage":{"@id":"https:\/\/balkangreenenergynews.com\/rs\/svedska-odlucila-od-2045-nulta-emisija-stetnih-gasova\/#primaryimage"},"image":{"@id":"https:\/\/balkangreenenergynews.com\/rs\/svedska-odlucila-od-2045-nulta-emisija-stetnih-gasova\/#primaryimage"},"thumbnailUrl":"https:\/\/balkangreenenergynews.com\/rs\/wp-content\/uploads\/2017\/02\/Svedska-odlucila-od-2045-bez-emisije-stetnih-gasova.jpg?wsr","datePublished":"2017-02-14T07:40:37+00:00","dateModified":"2020-05-02T22:51:49+00:00","author":{"@id":"https:\/\/balkangreenenergynews.com\/rs\/#\/schema\/person\/dee275e6036b1a0f7ceaf956d79d4eff"},"description":"\u0160vedska Vlada je re\u0161ena da do 2045. godine prestane da emituje gasove sa efektom staklene ba\u0161te. Ova dr\u017eava pozvala je sve zemlje uklju\u010dujuc\u0301i i SAD da se","breadcrumb":{"@id":"https:\/\/balkangreenenergynews.com\/rs\/svedska-odlucila-od-2045-nulta-emisija-stetnih-gasova\/#breadcrumb"},"inLanguage":"sr-RS","potentialAction":[{"@type":"ReadAction","target":["https:\/\/balkangreenenergynews.com\/rs\/svedska-odlucila-od-2045-nulta-emisija-stetnih-gasova\/"]}]},{"@type":"ImageObject","inLanguage":"sr-RS","@id":"https:\/\/balkangreenenergynews.com\/rs\/svedska-odlucila-od-2045-nulta-emisija-stetnih-gasova\/#primaryimage","url":"https:\/\/balkangreenenergynews.com\/rs\/wp-content\/uploads\/2017\/02\/Svedska-odlucila-od-2045-bez-emisije-stetnih-gasova.jpg?wsr","contentUrl":"https:\/\/balkangreenenergynews.com\/rs\/wp-content\/uploads\/2017\/02\/Svedska-odlucila-od-2045-bez-emisije-stetnih-gasova.jpg?wsr","width":795,"height":407},{"@type":"BreadcrumbList","@id":"https:\/\/balkangreenenergynews.com\/rs\/svedska-odlucila-od-2045-nulta-emisija-stetnih-gasova\/#breadcrumb","itemListElement":[{"@type":"ListItem","position":1,"name":"Po\u010detna","item":"https:\/\/balkangreenenergynews.com\/rs\/"},{"@type":"ListItem","position":2,"name":"Vesti","item":"https:\/\/balkangreenenergynews.com\/rs\/kategorija\/vesti\/"},{"@type":"ListItem","position":3,"name":"OIE","item":"https:\/\/balkangreenenergynews.com\/rs\/kategorija\/vesti\/obnovljivi-izvori-energije\/"},{"@type":"ListItem","position":4,"name":"\u0160vedska odlu\u010dila: od 2045 nulta emisija \u0161tetnih gasova"}]},{"@type":"WebSite","@id":"https:\/\/balkangreenenergynews.com\/rs\/#website","url":"https:\/\/balkangreenenergynews.com\/rs\/","name":"Balkan Green Energy News","description":"Naj\u0161iri izbor vesti sa Balkana o zelenoj energiji","potentialAction":[{"@type":"SearchAction","target":{"@type":"EntryPoint","urlTemplate":"https:\/\/balkangreenenergynews.com\/rs\/?s={search_term_string}"},"query-input":{"@type":"PropertyValueSpecification","valueRequired":true,"valueName":"search_term_string"}}],"inLanguage":"sr-RS"},{"@type":"Person","@id":"https:\/\/balkangreenenergynews.com\/rs\/#\/schema\/person\/dee275e6036b1a0f7ceaf956d79d4eff","name":"Balkan Green Energy News","url":"https:\/\/balkangreenenergynews.com\/rs\/author\/balkangreenenergynews\/"}]}},"_links":{"self":[{"href":"https:\/\/balkangreenenergynews.com\/rs\/wp-json\/wp\/v2\/posts\/11329","targetHints":{"allow":["GET"]}}],"collection":[{"href":"https:\/\/balkangreenenergynews.com\/rs\/wp-json\/wp\/v2\/posts"}],"about":[{"href":"https:\/\/balkangreenenergynews.com\/rs\/wp-json\/wp\/v2\/types\/post"}],"author":[{"embeddable":true,"href":"https:\/\/balkangreenenergynews.com\/rs\/wp-json\/wp\/v2\/users\/25"}],"replies":[{"embeddable":true,"href":"https:\/\/balkangreenenergynews.com\/rs\/wp-json\/wp\/v2\/comments?post=11329"}],"version-history":[{"count":0,"href":"https:\/\/balkangreenenergynews.com\/rs\/wp-json\/wp\/v2\/posts\/11329\/revisions"}],"wp:featuredmedia":[{"embeddable":true,"href":"https:\/\/balkangreenenergynews.com\/rs\/wp-json\/wp\/v2\/media\/29513"}],"wp:attachment":[{"href":"https:\/\/balkangreenenergynews.com\/rs\/wp-json\/wp\/v2\/media?parent=11329"}],"wp:term":[{"taxonomy":"category","embeddable":true,"href":"https:\/\/balkangreenenergynews.com\/rs\/wp-json\/wp\/v2\/categories?post=11329"},{"taxonomy":"post_tag","embeddable":true,"href":"https:\/\/balkangreenenergynews.com\/rs\/wp-json\/wp\/v2\/tags?post=11329"}],"curies":[{"name":"wp","href":"https:\/\/api.w.org\/{rel}","templated":true}]}}