{"id":11277,"date":"2017-02-09T16:47:26","date_gmt":"2017-02-09T15:47:26","guid":{"rendered":"http:\/\/balkangreenenergynews.com\/rs\/?p=11277"},"modified":"2020-05-03T01:00:35","modified_gmt":"2020-05-02T23:00:35","slug":"na-ulicama-beca-vise-bicikala-manje-automobila","status":"publish","type":"post","link":"https:\/\/balkangreenenergynews.com\/rs\/na-ulicama-beca-vise-bicikala-manje-automobila\/","title":{"rendered":"Na ulicama Be\u010da vi\u0161e bicikala, manje automobila"},"content":{"rendered":"<h2>Najnoviji podaci be\u010dkog prevoznika Viener Linien pokazuju da se na ulicama glavnog grada Austrije smanjuje broj automobila, dok broj bicikala raste.<\/h2>\n<p>Analiza podataka dobijenih brojanjem saobrac\u0301aja pokazuje da je broj automobila koji u\u010destvuju u saobra\u0107aju u gradu smanjen za 6,3 odsto u periodu od 2010. do 2015. godine. Do smanjenja je do\u0161lo naro\u010dito u urbanim sredinama gde je broj automobila na ulicama smanjen za 11,2 odsto, prenosi portal Elitis.<\/p>\n<p>U istom periodu do\u0161lo je do porasta broja bicikala na ulicama, pa je tako u centru grada radnim danima broj bicikala pove\u0107an za 26 odsto, dok je u pojedinim ulicama taj broj pove\u0107an i za gotovo 70 odsto.<\/p>\n<p>&#8222;Gra\u0111ani Be\u010da su uvek okrenuti ka za\u0161titi \u017eivotne sredine, iako je vozila na ulicama \u0161irom Austrije sve vi\u0161e. U Be\u010du je uvek lak\u0161e prelaziti svakodnevne rute koriste\u0107i javni prevoz, pe\u0161ke ili biciklom,&#8220; izjavila je Marija Vasilaku, zamenica gradona\u010delnika Be\u010da zadu\u017eena izme\u0111u ostalog za urbanisti\u010dko planiranje, saobra\u0107aj, klimatske promene i energetiku.<\/p>\n<p>Be\u010d ima razgranatu mre\u017eu biciklisti\u010dkih staza dugu 1.300 kilometara, dok se bicikli mogu iznajmiti na 121 stanici. Bicikle je mogu\u0107e uneti u metro i tramvaje, osim u vreme \u0161pica.<\/p>\n<p>Podaci pokazuju i da je Be\u010d postavio rekord u broju putnika koji koriste javni prevoz trec\u0301u godinu zaredom. Sa 939 miliona ljudi koji su koristili sredstva javnog prevoza u 2015. godini, ovaj broj je pro\u0161le godine porastao na 954 miliona putnika.<\/p>\n<p>&#8222;Kontinuirano \u0161irenje javnog prevoza se isplac\u0301uje,&#8220; izjavila je Uli Sima, gradska ve\u0107nica zadu\u017eena za za\u0161titu \u017eivotne sredine i komunalne usluge.<\/p>\n<p>Prema podacima objavljenim na sajtu be\u010dkog prevoznika, oko 2,5 miliona putnika dnevno koristi sredstva javnog prevoza koja pokrivaju razdaljinu od 208.000 kilometara. Zahvaljujuc\u0301i pro\u0161irenju linija javnog prevoza 2013. godine, be\u010dki metro se sada prostire na oko 78,5 kilometara. Jo\u0161 jedna linija je trenutno u izgradnji i trebalo bi da po\u010dne sa radom na jesen 2017. godine.<\/p>\n<p>Jedan od pokazatelja posve\u0107enosti za\u0161titi \u017eivotne sredine je i to \u0161to se na sajtu kompanije Viener Linien, uz instrukcije o\u00a0sredstvima prevoza koje putnik treba da koristi kako bi pre\u0161ao odre\u0111enu razdaljinu, mogu videti i podaci o ostvarenom smanjenju emisije ugljen-dioksida (CO2) ukoliko se umesto automobila koristi javni prevoz.<\/p>\n","protected":false},"excerpt":{"rendered":"<p>Najnoviji podaci be\u010dkog prevoznika Viener Linien pokazuju da se na ulicama glavnog grada Austrije smanjuje&#8230;<\/p>\n","protected":false},"author":25,"featured_media":29515,"comment_status":"open","ping_status":"closed","sticky":false,"template":"","format":"standard","meta":{"_acf_changed":false,"_monsterinsights_skip_tracking":false,"_monsterinsights_sitenote_active":false,"_monsterinsights_sitenote_note":"","_monsterinsights_sitenote_category":0,"footnotes":""},"categories":[4],"tags":[509,756],"class_list":["post-11277","post","type-post","status-publish","format-standard","has-post-thumbnail","hentry","category-zivotna-sredina","tag-co2","tag-zastita-zivotne-sredine","country-regioneu"],"acf":[],"yoast_head":"<!-- This site is optimized with the Yoast SEO plugin v27.4 - https:\/\/yoast.com\/product\/yoast-seo-wordpress\/ -->\n<title>Na ulicama Be\u010da vi\u0161e bicikala, manje automobila<\/title>\n<meta name=\"description\" content=\"Najnoviji podaci be\u010dkog prevoznika Viener Linien pokazuju da se na ulicama glavnog grada Austrije smanjuje broj automobila, dok broj bicikala raste.\" \/>\n<meta name=\"robots\" content=\"index, follow, max-snippet:-1, max-image-preview:large, max-video-preview:-1\" \/>\n<link rel=\"canonical\" href=\"https:\/\/balkangreenenergynews.com\/rs\/na-ulicama-beca-vise-bicikala-manje-automobila\/\" \/>\n<meta property=\"og:locale\" content=\"sr_RS\" \/>\n<meta property=\"og:type\" content=\"article\" \/>\n<meta property=\"og:title\" content=\"Na ulicama Be\u010da vi\u0161e bicikala, manje automobila\" \/>\n<meta property=\"og:description\" content=\"Najnoviji podaci be\u010dkog prevoznika Viener Linien pokazuju da se na ulicama glavnog grada Austrije smanjuje broj automobila, dok broj bicikala raste.\" \/>\n<meta property=\"og:url\" content=\"https:\/\/balkangreenenergynews.com\/rs\/na-ulicama-beca-vise-bicikala-manje-automobila\/\" \/>\n<meta property=\"og:site_name\" content=\"Balkan Green Energy News\" \/>\n<meta property=\"article:published_time\" content=\"2017-02-09T15:47:26+00:00\" \/>\n<meta property=\"article:modified_time\" content=\"2020-05-02T23:00:35+00:00\" \/>\n<meta property=\"og:image\" content=\"https:\/\/balkangreenenergynews.com\/rs\/wp-content\/uploads\/2017\/02\/biciklizam.jpg\" \/>\n\t<meta property=\"og:image:width\" content=\"795\" \/>\n\t<meta property=\"og:image:height\" content=\"407\" \/>\n\t<meta property=\"og:image:type\" content=\"image\/jpeg\" \/>\n<meta name=\"author\" content=\"Balkan Green Energy News\" \/>\n<meta name=\"twitter:card\" content=\"summary_large_image\" \/>\n<meta name=\"twitter:label1\" content=\"\u041d\u0430\u043f\u0438\u0441\u0430\u043d\u043e \u043e\u0434\" \/>\n\t<meta name=\"twitter:data1\" content=\"Balkan Green Energy News\" \/>\n\t<meta name=\"twitter:label2\" content=\"\u041f\u0440\u043e\u0446\u0435\u045a\u0435\u043d\u043e \u0432\u0440\u0435\u043c\u0435 \u0447\u0438\u0442\u0430\u045a\u0430\" \/>\n\t<meta name=\"twitter:data2\" content=\"2 \u043c\u0438\u043d\u0443\u0442\u0430\" \/>\n<script type=\"application\/ld+json\" class=\"yoast-schema-graph\">{\"@context\":\"https:\\\/\\\/schema.org\",\"@graph\":[{\"@type\":\"Article\",\"@id\":\"https:\\\/\\\/balkangreenenergynews.com\\\/rs\\\/na-ulicama-beca-vise-bicikala-manje-automobila\\\/#article\",\"isPartOf\":{\"@id\":\"https:\\\/\\\/balkangreenenergynews.com\\\/rs\\\/na-ulicama-beca-vise-bicikala-manje-automobila\\\/\"},\"author\":{\"name\":\"Balkan Green Energy News\",\"@id\":\"https:\\\/\\\/balkangreenenergynews.com\\\/rs\\\/#\\\/schema\\\/person\\\/dee275e6036b1a0f7ceaf956d79d4eff\"},\"headline\":\"Na ulicama Be\u010da vi\u0161e bicikala, manje automobila\",\"datePublished\":\"2017-02-09T15:47:26+00:00\",\"dateModified\":\"2020-05-02T23:00:35+00:00\",\"mainEntityOfPage\":{\"@id\":\"https:\\\/\\\/balkangreenenergynews.com\\\/rs\\\/na-ulicama-beca-vise-bicikala-manje-automobila\\\/\"},\"wordCount\":386,\"commentCount\":0,\"image\":{\"@id\":\"https:\\\/\\\/balkangreenenergynews.com\\\/rs\\\/na-ulicama-beca-vise-bicikala-manje-automobila\\\/#primaryimage\"},\"thumbnailUrl\":\"https:\\\/\\\/balkangreenenergynews.com\\\/rs\\\/wp-content\\\/uploads\\\/2017\\\/02\\\/biciklizam.jpg?wsr\",\"keywords\":[\"CO2\",\"za\u0161tita \u017eivotne sredine\"],\"articleSection\":[\"\u017divotna sredina\"],\"inLanguage\":\"sr-RS\",\"potentialAction\":[{\"@type\":\"CommentAction\",\"name\":\"Comment\",\"target\":[\"https:\\\/\\\/balkangreenenergynews.com\\\/rs\\\/na-ulicama-beca-vise-bicikala-manje-automobila\\\/#respond\"]}]},{\"@type\":\"WebPage\",\"@id\":\"https:\\\/\\\/balkangreenenergynews.com\\\/rs\\\/na-ulicama-beca-vise-bicikala-manje-automobila\\\/\",\"url\":\"https:\\\/\\\/balkangreenenergynews.com\\\/rs\\\/na-ulicama-beca-vise-bicikala-manje-automobila\\\/\",\"name\":\"Na ulicama Be\u010da vi\u0161e bicikala, manje automobila\",\"isPartOf\":{\"@id\":\"https:\\\/\\\/balkangreenenergynews.com\\\/rs\\\/#website\"},\"primaryImageOfPage\":{\"@id\":\"https:\\\/\\\/balkangreenenergynews.com\\\/rs\\\/na-ulicama-beca-vise-bicikala-manje-automobila\\\/#primaryimage\"},\"image\":{\"@id\":\"https:\\\/\\\/balkangreenenergynews.com\\\/rs\\\/na-ulicama-beca-vise-bicikala-manje-automobila\\\/#primaryimage\"},\"thumbnailUrl\":\"https:\\\/\\\/balkangreenenergynews.com\\\/rs\\\/wp-content\\\/uploads\\\/2017\\\/02\\\/biciklizam.jpg?wsr\",\"datePublished\":\"2017-02-09T15:47:26+00:00\",\"dateModified\":\"2020-05-02T23:00:35+00:00\",\"author\":{\"@id\":\"https:\\\/\\\/balkangreenenergynews.com\\\/rs\\\/#\\\/schema\\\/person\\\/dee275e6036b1a0f7ceaf956d79d4eff\"},\"description\":\"Najnoviji podaci be\u010dkog prevoznika Viener Linien pokazuju da se na ulicama glavnog grada Austrije smanjuje broj automobila, dok broj bicikala raste.\",\"breadcrumb\":{\"@id\":\"https:\\\/\\\/balkangreenenergynews.com\\\/rs\\\/na-ulicama-beca-vise-bicikala-manje-automobila\\\/#breadcrumb\"},\"inLanguage\":\"sr-RS\",\"potentialAction\":[{\"@type\":\"ReadAction\",\"target\":[\"https:\\\/\\\/balkangreenenergynews.com\\\/rs\\\/na-ulicama-beca-vise-bicikala-manje-automobila\\\/\"]}]},{\"@type\":\"ImageObject\",\"inLanguage\":\"sr-RS\",\"@id\":\"https:\\\/\\\/balkangreenenergynews.com\\\/rs\\\/na-ulicama-beca-vise-bicikala-manje-automobila\\\/#primaryimage\",\"url\":\"https:\\\/\\\/balkangreenenergynews.com\\\/rs\\\/wp-content\\\/uploads\\\/2017\\\/02\\\/biciklizam.jpg?wsr\",\"contentUrl\":\"https:\\\/\\\/balkangreenenergynews.com\\\/rs\\\/wp-content\\\/uploads\\\/2017\\\/02\\\/biciklizam.jpg?wsr\",\"width\":795,\"height\":407},{\"@type\":\"BreadcrumbList\",\"@id\":\"https:\\\/\\\/balkangreenenergynews.com\\\/rs\\\/na-ulicama-beca-vise-bicikala-manje-automobila\\\/#breadcrumb\",\"itemListElement\":[{\"@type\":\"ListItem\",\"position\":1,\"name\":\"Po\u010detna\",\"item\":\"https:\\\/\\\/balkangreenenergynews.com\\\/rs\\\/\"},{\"@type\":\"ListItem\",\"position\":2,\"name\":\"Vesti\",\"item\":\"https:\\\/\\\/balkangreenenergynews.com\\\/rs\\\/kategorija\\\/vesti\\\/\"},{\"@type\":\"ListItem\",\"position\":3,\"name\":\"\u017divotna sredina\",\"item\":\"https:\\\/\\\/balkangreenenergynews.com\\\/rs\\\/kategorija\\\/vesti\\\/zivotna-sredina\\\/\"},{\"@type\":\"ListItem\",\"position\":4,\"name\":\"Na ulicama Be\u010da vi\u0161e bicikala, manje automobila\"}]},{\"@type\":\"WebSite\",\"@id\":\"https:\\\/\\\/balkangreenenergynews.com\\\/rs\\\/#website\",\"url\":\"https:\\\/\\\/balkangreenenergynews.com\\\/rs\\\/\",\"name\":\"Balkan Green Energy News\",\"description\":\"Naj\u0161iri izbor vesti sa Balkana o zelenoj energiji\",\"potentialAction\":[{\"@type\":\"SearchAction\",\"target\":{\"@type\":\"EntryPoint\",\"urlTemplate\":\"https:\\\/\\\/balkangreenenergynews.com\\\/rs\\\/?s={search_term_string}\"},\"query-input\":{\"@type\":\"PropertyValueSpecification\",\"valueRequired\":true,\"valueName\":\"search_term_string\"}}],\"inLanguage\":\"sr-RS\"},{\"@type\":\"Person\",\"@id\":\"https:\\\/\\\/balkangreenenergynews.com\\\/rs\\\/#\\\/schema\\\/person\\\/dee275e6036b1a0f7ceaf956d79d4eff\",\"name\":\"Balkan Green Energy News\",\"url\":\"https:\\\/\\\/balkangreenenergynews.com\\\/rs\\\/author\\\/balkangreenenergynews\\\/\"}]}<\/script>\n<!-- \/ Yoast SEO plugin. -->","yoast_head_json":{"title":"Na ulicama Be\u010da vi\u0161e bicikala, manje automobila","description":"Najnoviji podaci be\u010dkog prevoznika Viener Linien pokazuju da se na ulicama glavnog grada Austrije smanjuje broj automobila, dok broj bicikala raste.","robots":{"index":"index","follow":"follow","max-snippet":"max-snippet:-1","max-image-preview":"max-image-preview:large","max-video-preview":"max-video-preview:-1"},"canonical":"https:\/\/balkangreenenergynews.com\/rs\/na-ulicama-beca-vise-bicikala-manje-automobila\/","og_locale":"sr_RS","og_type":"article","og_title":"Na ulicama Be\u010da vi\u0161e bicikala, manje automobila","og_description":"Najnoviji podaci be\u010dkog prevoznika Viener Linien pokazuju da se na ulicama glavnog grada Austrije smanjuje broj automobila, dok broj bicikala raste.","og_url":"https:\/\/balkangreenenergynews.com\/rs\/na-ulicama-beca-vise-bicikala-manje-automobila\/","og_site_name":"Balkan Green Energy News","article_published_time":"2017-02-09T15:47:26+00:00","article_modified_time":"2020-05-02T23:00:35+00:00","og_image":[{"width":795,"height":407,"url":"https:\/\/balkangreenenergynews.com\/rs\/wp-content\/uploads\/2017\/02\/biciklizam.jpg","type":"image\/jpeg"}],"author":"Balkan Green Energy News","twitter_card":"summary_large_image","twitter_misc":{"\u041d\u0430\u043f\u0438\u0441\u0430\u043d\u043e \u043e\u0434":"Balkan Green Energy News","\u041f\u0440\u043e\u0446\u0435\u045a\u0435\u043d\u043e \u0432\u0440\u0435\u043c\u0435 \u0447\u0438\u0442\u0430\u045a\u0430":"2 \u043c\u0438\u043d\u0443\u0442\u0430"},"schema":{"@context":"https:\/\/schema.org","@graph":[{"@type":"Article","@id":"https:\/\/balkangreenenergynews.com\/rs\/na-ulicama-beca-vise-bicikala-manje-automobila\/#article","isPartOf":{"@id":"https:\/\/balkangreenenergynews.com\/rs\/na-ulicama-beca-vise-bicikala-manje-automobila\/"},"author":{"name":"Balkan Green Energy News","@id":"https:\/\/balkangreenenergynews.com\/rs\/#\/schema\/person\/dee275e6036b1a0f7ceaf956d79d4eff"},"headline":"Na ulicama Be\u010da vi\u0161e bicikala, manje automobila","datePublished":"2017-02-09T15:47:26+00:00","dateModified":"2020-05-02T23:00:35+00:00","mainEntityOfPage":{"@id":"https:\/\/balkangreenenergynews.com\/rs\/na-ulicama-beca-vise-bicikala-manje-automobila\/"},"wordCount":386,"commentCount":0,"image":{"@id":"https:\/\/balkangreenenergynews.com\/rs\/na-ulicama-beca-vise-bicikala-manje-automobila\/#primaryimage"},"thumbnailUrl":"https:\/\/balkangreenenergynews.com\/rs\/wp-content\/uploads\/2017\/02\/biciklizam.jpg?wsr","keywords":["CO2","za\u0161tita \u017eivotne sredine"],"articleSection":["\u017divotna sredina"],"inLanguage":"sr-RS","potentialAction":[{"@type":"CommentAction","name":"Comment","target":["https:\/\/balkangreenenergynews.com\/rs\/na-ulicama-beca-vise-bicikala-manje-automobila\/#respond"]}]},{"@type":"WebPage","@id":"https:\/\/balkangreenenergynews.com\/rs\/na-ulicama-beca-vise-bicikala-manje-automobila\/","url":"https:\/\/balkangreenenergynews.com\/rs\/na-ulicama-beca-vise-bicikala-manje-automobila\/","name":"Na ulicama Be\u010da vi\u0161e bicikala, manje automobila","isPartOf":{"@id":"https:\/\/balkangreenenergynews.com\/rs\/#website"},"primaryImageOfPage":{"@id":"https:\/\/balkangreenenergynews.com\/rs\/na-ulicama-beca-vise-bicikala-manje-automobila\/#primaryimage"},"image":{"@id":"https:\/\/balkangreenenergynews.com\/rs\/na-ulicama-beca-vise-bicikala-manje-automobila\/#primaryimage"},"thumbnailUrl":"https:\/\/balkangreenenergynews.com\/rs\/wp-content\/uploads\/2017\/02\/biciklizam.jpg?wsr","datePublished":"2017-02-09T15:47:26+00:00","dateModified":"2020-05-02T23:00:35+00:00","author":{"@id":"https:\/\/balkangreenenergynews.com\/rs\/#\/schema\/person\/dee275e6036b1a0f7ceaf956d79d4eff"},"description":"Najnoviji podaci be\u010dkog prevoznika Viener Linien pokazuju da se na ulicama glavnog grada Austrije smanjuje broj automobila, dok broj bicikala raste.","breadcrumb":{"@id":"https:\/\/balkangreenenergynews.com\/rs\/na-ulicama-beca-vise-bicikala-manje-automobila\/#breadcrumb"},"inLanguage":"sr-RS","potentialAction":[{"@type":"ReadAction","target":["https:\/\/balkangreenenergynews.com\/rs\/na-ulicama-beca-vise-bicikala-manje-automobila\/"]}]},{"@type":"ImageObject","inLanguage":"sr-RS","@id":"https:\/\/balkangreenenergynews.com\/rs\/na-ulicama-beca-vise-bicikala-manje-automobila\/#primaryimage","url":"https:\/\/balkangreenenergynews.com\/rs\/wp-content\/uploads\/2017\/02\/biciklizam.jpg?wsr","contentUrl":"https:\/\/balkangreenenergynews.com\/rs\/wp-content\/uploads\/2017\/02\/biciklizam.jpg?wsr","width":795,"height":407},{"@type":"BreadcrumbList","@id":"https:\/\/balkangreenenergynews.com\/rs\/na-ulicama-beca-vise-bicikala-manje-automobila\/#breadcrumb","itemListElement":[{"@type":"ListItem","position":1,"name":"Po\u010detna","item":"https:\/\/balkangreenenergynews.com\/rs\/"},{"@type":"ListItem","position":2,"name":"Vesti","item":"https:\/\/balkangreenenergynews.com\/rs\/kategorija\/vesti\/"},{"@type":"ListItem","position":3,"name":"\u017divotna sredina","item":"https:\/\/balkangreenenergynews.com\/rs\/kategorija\/vesti\/zivotna-sredina\/"},{"@type":"ListItem","position":4,"name":"Na ulicama Be\u010da vi\u0161e bicikala, manje automobila"}]},{"@type":"WebSite","@id":"https:\/\/balkangreenenergynews.com\/rs\/#website","url":"https:\/\/balkangreenenergynews.com\/rs\/","name":"Balkan Green Energy News","description":"Naj\u0161iri izbor vesti sa Balkana o zelenoj energiji","potentialAction":[{"@type":"SearchAction","target":{"@type":"EntryPoint","urlTemplate":"https:\/\/balkangreenenergynews.com\/rs\/?s={search_term_string}"},"query-input":{"@type":"PropertyValueSpecification","valueRequired":true,"valueName":"search_term_string"}}],"inLanguage":"sr-RS"},{"@type":"Person","@id":"https:\/\/balkangreenenergynews.com\/rs\/#\/schema\/person\/dee275e6036b1a0f7ceaf956d79d4eff","name":"Balkan Green Energy News","url":"https:\/\/balkangreenenergynews.com\/rs\/author\/balkangreenenergynews\/"}]}},"_links":{"self":[{"href":"https:\/\/balkangreenenergynews.com\/rs\/wp-json\/wp\/v2\/posts\/11277","targetHints":{"allow":["GET"]}}],"collection":[{"href":"https:\/\/balkangreenenergynews.com\/rs\/wp-json\/wp\/v2\/posts"}],"about":[{"href":"https:\/\/balkangreenenergynews.com\/rs\/wp-json\/wp\/v2\/types\/post"}],"author":[{"embeddable":true,"href":"https:\/\/balkangreenenergynews.com\/rs\/wp-json\/wp\/v2\/users\/25"}],"replies":[{"embeddable":true,"href":"https:\/\/balkangreenenergynews.com\/rs\/wp-json\/wp\/v2\/comments?post=11277"}],"version-history":[{"count":0,"href":"https:\/\/balkangreenenergynews.com\/rs\/wp-json\/wp\/v2\/posts\/11277\/revisions"}],"wp:featuredmedia":[{"embeddable":true,"href":"https:\/\/balkangreenenergynews.com\/rs\/wp-json\/wp\/v2\/media\/29515"}],"wp:attachment":[{"href":"https:\/\/balkangreenenergynews.com\/rs\/wp-json\/wp\/v2\/media?parent=11277"}],"wp:term":[{"taxonomy":"category","embeddable":true,"href":"https:\/\/balkangreenenergynews.com\/rs\/wp-json\/wp\/v2\/categories?post=11277"},{"taxonomy":"post_tag","embeddable":true,"href":"https:\/\/balkangreenenergynews.com\/rs\/wp-json\/wp\/v2\/tags?post=11277"}],"curies":[{"name":"wp","href":"https:\/\/api.w.org\/{rel}","templated":true}]}}