{"id":11163,"date":"2017-02-03T00:36:35","date_gmt":"2017-02-02T23:36:35","guid":{"rendered":"http:\/\/balkangreenenergynews.com\/rs\/?p=11163"},"modified":"2018-12-07T14:53:34","modified_gmt":"2018-12-07T13:53:34","slug":"enel-energetska-kriza-u-rumuniji-zahvatice-sektor-obnovljivih-izvora","status":"publish","type":"post","link":"https:\/\/balkangreenenergynews.com\/rs\/enel-energetska-kriza-u-rumuniji-zahvatice-sektor-obnovljivih-izvora\/","title":{"rendered":"Enel: Energetska kriza u Rumuniji zahvati\u0107e sektor obnovljivih izvora"},"content":{"rendered":"<h2>Energetska kriza u Rumuniji uskoro \u0107e zahvatiti sektor obnovljivih izvora, izjavio je Georgios Stasis, generalni direktor kompanije Enel Rumunija. On je upozorio da se novo\u00a0tr\u017ei\u0161te elektri\u010dne energije u Rumuniji suo\u010dava sa prvim velikim izazovom.<\/h2>\n<p>\u201cCene su na najvi\u0161em nivou u poslednjih nekoliko decenija, sistem je na granici funkcionisanja, a neki dobavlja\u010di jednostrano raskidaju ugovore da bi profitirali od rekordnih cena, ostavljaju\u0107i klijente bez energije uprkos potpisanim ugovorima\u201d, rekao je Stasis za portal <a href=\"https:\/\/www.news.ro\/economic\/enel-romania-sistemul-energetic-romanesc-este-aproape-de-limita-de-functionare-un-nou-moment-de-criza-in-sectorul-regenerabilelor-este-iminent-1922404130002017011616600516\">News.ro<\/a>.<\/p>\n<p>Prema njegovim re\u010dima, dugoro\u010dno planiranje na energetskom tr\u017ei\u0161tu treba da se isplati, a ne \u0161pekulativno pona\u0161anje i neodgovornost. Konkurentno tr\u017ei\u0161te mo\u017ee da pru\u017ei najbolje rezultate samo ako se po\u0161tuju ugovorene obaveze.<\/p>\n<p>Stasis je rekao da se vetar pokazao kao pouzdan izvor energije, koji je pomogao da se pokriju skokovi u potro\u0161nji energije i ostvario povoljan uticaj na cene na tr\u017ei\u0161tu. Ali proizvo\u0111a\u010di vetroenergije na\u0161li su se u veoma te\u0161koj situaciji zbog <a href=\"https:\/\/balkangreenenergynews.com\/rs\/kvota-za-zelene-sertifikate-u-rumuniji\/\">promena u sistemu podr\u0161ke<\/a> za obnovljive izvore energije.<\/p>\n<p>Cena elektri\u010dne energije na rumunskoj berzi \u00a0dostigla je pro\u0161le sedmice 650 novih leja, ili 144 evra, po MWh. Ovo je skoro tri puta vi\u0161e u odnosu na isti period prethodne godine.<\/p>\n<p>Rumunija se suo\u010dava sa energetskom krizom od po\u010detka 2017, nakon \u0161to je doma\u0107a potro\u0161nja dostigla rekordne visine zbog izuzetno hladnog vremena. Istovremeno, nizak vodostaj Dunava smanjio je proizvodnju iz dve najve\u0107e rumunske hidroelektrane.<\/p>\n","protected":false},"excerpt":{"rendered":"<p>Energetska kriza u Rumuniji uskoro \u0107e zahvatiti sektor obnovljivih izvora, izjavio je Georgios Stasis, generalni&#8230;<\/p>\n","protected":false},"author":25,"featured_media":11164,"comment_status":"open","ping_status":"closed","sticky":false,"template":"","format":"standard","meta":{"_acf_changed":false,"_monsterinsights_skip_tracking":false,"_monsterinsights_sitenote_active":false,"_monsterinsights_sitenote_note":"","_monsterinsights_sitenote_category":0,"footnotes":""},"categories":[1],"tags":[168,647,754,813],"class_list":["post-11163","post","type-post","status-publish","format-standard","has-post-thumbnail","hentry","category-obnovljivi-izvori-energije","tag-enel","tag-obnovljivi-izvori-energije","tag-oie","tag-vetar","country-rumunija"],"acf":[],"yoast_head":"<!-- This site is optimized with the Yoast SEO plugin v27.4 - https:\/\/yoast.com\/product\/yoast-seo-wordpress\/ -->\n<title>Enel: Energetska kriza u Rumuniji zahvati\u0107e sektor obnovljivih izvora<\/title>\n<meta name=\"description\" content=\"Energetska kriza u Rumuniji uskoro \u0107e zahvatiti sektor obnovljivih izvora, izjavio je Georgios Stasis, generalni direktor kompanije Enel Rumunija.\" \/>\n<meta name=\"robots\" content=\"index, follow, max-snippet:-1, max-image-preview:large, max-video-preview:-1\" \/>\n<link rel=\"canonical\" href=\"https:\/\/balkangreenenergynews.com\/rs\/enel-energetska-kriza-u-rumuniji-zahvatice-sektor-obnovljivih-izvora\/\" \/>\n<meta property=\"og:locale\" content=\"sr_RS\" \/>\n<meta property=\"og:type\" content=\"article\" \/>\n<meta property=\"og:title\" content=\"Enel: Energetska kriza u Rumuniji zahvati\u0107e sektor obnovljivih izvora\" \/>\n<meta property=\"og:description\" content=\"Energetska kriza u Rumuniji uskoro \u0107e zahvatiti sektor obnovljivih izvora, izjavio je Georgios Stasis, generalni direktor kompanije Enel Rumunija.\" \/>\n<meta property=\"og:url\" content=\"https:\/\/balkangreenenergynews.com\/rs\/enel-energetska-kriza-u-rumuniji-zahvatice-sektor-obnovljivih-izvora\/\" \/>\n<meta property=\"og:site_name\" content=\"Balkan Green Energy News\" \/>\n<meta property=\"article:published_time\" content=\"2017-02-02T23:36:35+00:00\" \/>\n<meta property=\"article:modified_time\" content=\"2018-12-07T13:53:34+00:00\" \/>\n<meta property=\"og:image\" content=\"https:\/\/balkangreenenergynews.com\/rs\/wp-content\/uploads\/2017\/02\/windpic.jpg\" \/>\n\t<meta property=\"og:image:width\" content=\"795\" \/>\n\t<meta property=\"og:image:height\" content=\"407\" \/>\n\t<meta property=\"og:image:type\" content=\"image\/jpeg\" \/>\n<meta name=\"author\" content=\"Balkan Green Energy News\" \/>\n<meta name=\"twitter:card\" content=\"summary_large_image\" \/>\n<meta name=\"twitter:label1\" content=\"\u041d\u0430\u043f\u0438\u0441\u0430\u043d\u043e \u043e\u0434\" \/>\n\t<meta name=\"twitter:data1\" content=\"Balkan Green Energy News\" \/>\n\t<meta name=\"twitter:label2\" content=\"\u041f\u0440\u043e\u0446\u0435\u045a\u0435\u043d\u043e \u0432\u0440\u0435\u043c\u0435 \u0447\u0438\u0442\u0430\u045a\u0430\" \/>\n\t<meta name=\"twitter:data2\" content=\"1 \u043c\u0438\u043d\u0443\u0442\" \/>\n<script type=\"application\/ld+json\" class=\"yoast-schema-graph\">{\"@context\":\"https:\\\/\\\/schema.org\",\"@graph\":[{\"@type\":\"Article\",\"@id\":\"https:\\\/\\\/balkangreenenergynews.com\\\/rs\\\/enel-energetska-kriza-u-rumuniji-zahvatice-sektor-obnovljivih-izvora\\\/#article\",\"isPartOf\":{\"@id\":\"https:\\\/\\\/balkangreenenergynews.com\\\/rs\\\/enel-energetska-kriza-u-rumuniji-zahvatice-sektor-obnovljivih-izvora\\\/\"},\"author\":{\"name\":\"Balkan Green Energy News\",\"@id\":\"https:\\\/\\\/balkangreenenergynews.com\\\/rs\\\/#\\\/schema\\\/person\\\/dee275e6036b1a0f7ceaf956d79d4eff\"},\"headline\":\"Enel: Energetska kriza u Rumuniji zahvati\u0107e sektor obnovljivih izvora\",\"datePublished\":\"2017-02-02T23:36:35+00:00\",\"dateModified\":\"2018-12-07T13:53:34+00:00\",\"mainEntityOfPage\":{\"@id\":\"https:\\\/\\\/balkangreenenergynews.com\\\/rs\\\/enel-energetska-kriza-u-rumuniji-zahvatice-sektor-obnovljivih-izvora\\\/\"},\"wordCount\":258,\"commentCount\":0,\"image\":{\"@id\":\"https:\\\/\\\/balkangreenenergynews.com\\\/rs\\\/enel-energetska-kriza-u-rumuniji-zahvatice-sektor-obnovljivih-izvora\\\/#primaryimage\"},\"thumbnailUrl\":\"https:\\\/\\\/balkangreenenergynews.com\\\/rs\\\/wp-content\\\/uploads\\\/2017\\\/02\\\/windpic.jpg?wsr\",\"keywords\":[\"Enel\",\"obnovljivi izvori energije\",\"OIE\",\"vetar\"],\"articleSection\":[\"OIE\"],\"inLanguage\":\"sr-RS\",\"potentialAction\":[{\"@type\":\"CommentAction\",\"name\":\"Comment\",\"target\":[\"https:\\\/\\\/balkangreenenergynews.com\\\/rs\\\/enel-energetska-kriza-u-rumuniji-zahvatice-sektor-obnovljivih-izvora\\\/#respond\"]}]},{\"@type\":\"WebPage\",\"@id\":\"https:\\\/\\\/balkangreenenergynews.com\\\/rs\\\/enel-energetska-kriza-u-rumuniji-zahvatice-sektor-obnovljivih-izvora\\\/\",\"url\":\"https:\\\/\\\/balkangreenenergynews.com\\\/rs\\\/enel-energetska-kriza-u-rumuniji-zahvatice-sektor-obnovljivih-izvora\\\/\",\"name\":\"Enel: Energetska kriza u Rumuniji zahvati\u0107e sektor obnovljivih izvora\",\"isPartOf\":{\"@id\":\"https:\\\/\\\/balkangreenenergynews.com\\\/rs\\\/#website\"},\"primaryImageOfPage\":{\"@id\":\"https:\\\/\\\/balkangreenenergynews.com\\\/rs\\\/enel-energetska-kriza-u-rumuniji-zahvatice-sektor-obnovljivih-izvora\\\/#primaryimage\"},\"image\":{\"@id\":\"https:\\\/\\\/balkangreenenergynews.com\\\/rs\\\/enel-energetska-kriza-u-rumuniji-zahvatice-sektor-obnovljivih-izvora\\\/#primaryimage\"},\"thumbnailUrl\":\"https:\\\/\\\/balkangreenenergynews.com\\\/rs\\\/wp-content\\\/uploads\\\/2017\\\/02\\\/windpic.jpg?wsr\",\"datePublished\":\"2017-02-02T23:36:35+00:00\",\"dateModified\":\"2018-12-07T13:53:34+00:00\",\"author\":{\"@id\":\"https:\\\/\\\/balkangreenenergynews.com\\\/rs\\\/#\\\/schema\\\/person\\\/dee275e6036b1a0f7ceaf956d79d4eff\"},\"description\":\"Energetska kriza u Rumuniji uskoro \u0107e zahvatiti sektor obnovljivih izvora, izjavio je Georgios Stasis, generalni direktor kompanije Enel Rumunija.\",\"breadcrumb\":{\"@id\":\"https:\\\/\\\/balkangreenenergynews.com\\\/rs\\\/enel-energetska-kriza-u-rumuniji-zahvatice-sektor-obnovljivih-izvora\\\/#breadcrumb\"},\"inLanguage\":\"sr-RS\",\"potentialAction\":[{\"@type\":\"ReadAction\",\"target\":[\"https:\\\/\\\/balkangreenenergynews.com\\\/rs\\\/enel-energetska-kriza-u-rumuniji-zahvatice-sektor-obnovljivih-izvora\\\/\"]}]},{\"@type\":\"ImageObject\",\"inLanguage\":\"sr-RS\",\"@id\":\"https:\\\/\\\/balkangreenenergynews.com\\\/rs\\\/enel-energetska-kriza-u-rumuniji-zahvatice-sektor-obnovljivih-izvora\\\/#primaryimage\",\"url\":\"https:\\\/\\\/balkangreenenergynews.com\\\/rs\\\/wp-content\\\/uploads\\\/2017\\\/02\\\/windpic.jpg?wsr\",\"contentUrl\":\"https:\\\/\\\/balkangreenenergynews.com\\\/rs\\\/wp-content\\\/uploads\\\/2017\\\/02\\\/windpic.jpg?wsr\",\"width\":795,\"height\":407},{\"@type\":\"BreadcrumbList\",\"@id\":\"https:\\\/\\\/balkangreenenergynews.com\\\/rs\\\/enel-energetska-kriza-u-rumuniji-zahvatice-sektor-obnovljivih-izvora\\\/#breadcrumb\",\"itemListElement\":[{\"@type\":\"ListItem\",\"position\":1,\"name\":\"Po\u010detna\",\"item\":\"https:\\\/\\\/balkangreenenergynews.com\\\/rs\\\/\"},{\"@type\":\"ListItem\",\"position\":2,\"name\":\"Vesti\",\"item\":\"https:\\\/\\\/balkangreenenergynews.com\\\/rs\\\/kategorija\\\/vesti\\\/\"},{\"@type\":\"ListItem\",\"position\":3,\"name\":\"OIE\",\"item\":\"https:\\\/\\\/balkangreenenergynews.com\\\/rs\\\/kategorija\\\/vesti\\\/obnovljivi-izvori-energije\\\/\"},{\"@type\":\"ListItem\",\"position\":4,\"name\":\"Enel: Energetska kriza u Rumuniji zahvati\u0107e sektor obnovljivih izvora\"}]},{\"@type\":\"WebSite\",\"@id\":\"https:\\\/\\\/balkangreenenergynews.com\\\/rs\\\/#website\",\"url\":\"https:\\\/\\\/balkangreenenergynews.com\\\/rs\\\/\",\"name\":\"Balkan Green Energy News\",\"description\":\"Naj\u0161iri izbor vesti sa Balkana o zelenoj energiji\",\"potentialAction\":[{\"@type\":\"SearchAction\",\"target\":{\"@type\":\"EntryPoint\",\"urlTemplate\":\"https:\\\/\\\/balkangreenenergynews.com\\\/rs\\\/?s={search_term_string}\"},\"query-input\":{\"@type\":\"PropertyValueSpecification\",\"valueRequired\":true,\"valueName\":\"search_term_string\"}}],\"inLanguage\":\"sr-RS\"},{\"@type\":\"Person\",\"@id\":\"https:\\\/\\\/balkangreenenergynews.com\\\/rs\\\/#\\\/schema\\\/person\\\/dee275e6036b1a0f7ceaf956d79d4eff\",\"name\":\"Balkan Green Energy News\",\"url\":\"https:\\\/\\\/balkangreenenergynews.com\\\/rs\\\/author\\\/balkangreenenergynews\\\/\"}]}<\/script>\n<!-- \/ Yoast SEO plugin. -->","yoast_head_json":{"title":"Enel: Energetska kriza u Rumuniji zahvati\u0107e sektor obnovljivih izvora","description":"Energetska kriza u Rumuniji uskoro \u0107e zahvatiti sektor obnovljivih izvora, izjavio je Georgios Stasis, generalni direktor kompanije Enel Rumunija.","robots":{"index":"index","follow":"follow","max-snippet":"max-snippet:-1","max-image-preview":"max-image-preview:large","max-video-preview":"max-video-preview:-1"},"canonical":"https:\/\/balkangreenenergynews.com\/rs\/enel-energetska-kriza-u-rumuniji-zahvatice-sektor-obnovljivih-izvora\/","og_locale":"sr_RS","og_type":"article","og_title":"Enel: Energetska kriza u Rumuniji zahvati\u0107e sektor obnovljivih izvora","og_description":"Energetska kriza u Rumuniji uskoro \u0107e zahvatiti sektor obnovljivih izvora, izjavio je Georgios Stasis, generalni direktor kompanije Enel Rumunija.","og_url":"https:\/\/balkangreenenergynews.com\/rs\/enel-energetska-kriza-u-rumuniji-zahvatice-sektor-obnovljivih-izvora\/","og_site_name":"Balkan Green Energy News","article_published_time":"2017-02-02T23:36:35+00:00","article_modified_time":"2018-12-07T13:53:34+00:00","og_image":[{"width":795,"height":407,"url":"https:\/\/balkangreenenergynews.com\/rs\/wp-content\/uploads\/2017\/02\/windpic.jpg","type":"image\/jpeg"}],"author":"Balkan Green Energy News","twitter_card":"summary_large_image","twitter_misc":{"\u041d\u0430\u043f\u0438\u0441\u0430\u043d\u043e \u043e\u0434":"Balkan Green Energy News","\u041f\u0440\u043e\u0446\u0435\u045a\u0435\u043d\u043e \u0432\u0440\u0435\u043c\u0435 \u0447\u0438\u0442\u0430\u045a\u0430":"1 \u043c\u0438\u043d\u0443\u0442"},"schema":{"@context":"https:\/\/schema.org","@graph":[{"@type":"Article","@id":"https:\/\/balkangreenenergynews.com\/rs\/enel-energetska-kriza-u-rumuniji-zahvatice-sektor-obnovljivih-izvora\/#article","isPartOf":{"@id":"https:\/\/balkangreenenergynews.com\/rs\/enel-energetska-kriza-u-rumuniji-zahvatice-sektor-obnovljivih-izvora\/"},"author":{"name":"Balkan Green Energy News","@id":"https:\/\/balkangreenenergynews.com\/rs\/#\/schema\/person\/dee275e6036b1a0f7ceaf956d79d4eff"},"headline":"Enel: Energetska kriza u Rumuniji zahvati\u0107e sektor obnovljivih izvora","datePublished":"2017-02-02T23:36:35+00:00","dateModified":"2018-12-07T13:53:34+00:00","mainEntityOfPage":{"@id":"https:\/\/balkangreenenergynews.com\/rs\/enel-energetska-kriza-u-rumuniji-zahvatice-sektor-obnovljivih-izvora\/"},"wordCount":258,"commentCount":0,"image":{"@id":"https:\/\/balkangreenenergynews.com\/rs\/enel-energetska-kriza-u-rumuniji-zahvatice-sektor-obnovljivih-izvora\/#primaryimage"},"thumbnailUrl":"https:\/\/balkangreenenergynews.com\/rs\/wp-content\/uploads\/2017\/02\/windpic.jpg?wsr","keywords":["Enel","obnovljivi izvori energije","OIE","vetar"],"articleSection":["OIE"],"inLanguage":"sr-RS","potentialAction":[{"@type":"CommentAction","name":"Comment","target":["https:\/\/balkangreenenergynews.com\/rs\/enel-energetska-kriza-u-rumuniji-zahvatice-sektor-obnovljivih-izvora\/#respond"]}]},{"@type":"WebPage","@id":"https:\/\/balkangreenenergynews.com\/rs\/enel-energetska-kriza-u-rumuniji-zahvatice-sektor-obnovljivih-izvora\/","url":"https:\/\/balkangreenenergynews.com\/rs\/enel-energetska-kriza-u-rumuniji-zahvatice-sektor-obnovljivih-izvora\/","name":"Enel: Energetska kriza u Rumuniji zahvati\u0107e sektor obnovljivih izvora","isPartOf":{"@id":"https:\/\/balkangreenenergynews.com\/rs\/#website"},"primaryImageOfPage":{"@id":"https:\/\/balkangreenenergynews.com\/rs\/enel-energetska-kriza-u-rumuniji-zahvatice-sektor-obnovljivih-izvora\/#primaryimage"},"image":{"@id":"https:\/\/balkangreenenergynews.com\/rs\/enel-energetska-kriza-u-rumuniji-zahvatice-sektor-obnovljivih-izvora\/#primaryimage"},"thumbnailUrl":"https:\/\/balkangreenenergynews.com\/rs\/wp-content\/uploads\/2017\/02\/windpic.jpg?wsr","datePublished":"2017-02-02T23:36:35+00:00","dateModified":"2018-12-07T13:53:34+00:00","author":{"@id":"https:\/\/balkangreenenergynews.com\/rs\/#\/schema\/person\/dee275e6036b1a0f7ceaf956d79d4eff"},"description":"Energetska kriza u Rumuniji uskoro \u0107e zahvatiti sektor obnovljivih izvora, izjavio je Georgios Stasis, generalni direktor kompanije Enel Rumunija.","breadcrumb":{"@id":"https:\/\/balkangreenenergynews.com\/rs\/enel-energetska-kriza-u-rumuniji-zahvatice-sektor-obnovljivih-izvora\/#breadcrumb"},"inLanguage":"sr-RS","potentialAction":[{"@type":"ReadAction","target":["https:\/\/balkangreenenergynews.com\/rs\/enel-energetska-kriza-u-rumuniji-zahvatice-sektor-obnovljivih-izvora\/"]}]},{"@type":"ImageObject","inLanguage":"sr-RS","@id":"https:\/\/balkangreenenergynews.com\/rs\/enel-energetska-kriza-u-rumuniji-zahvatice-sektor-obnovljivih-izvora\/#primaryimage","url":"https:\/\/balkangreenenergynews.com\/rs\/wp-content\/uploads\/2017\/02\/windpic.jpg?wsr","contentUrl":"https:\/\/balkangreenenergynews.com\/rs\/wp-content\/uploads\/2017\/02\/windpic.jpg?wsr","width":795,"height":407},{"@type":"BreadcrumbList","@id":"https:\/\/balkangreenenergynews.com\/rs\/enel-energetska-kriza-u-rumuniji-zahvatice-sektor-obnovljivih-izvora\/#breadcrumb","itemListElement":[{"@type":"ListItem","position":1,"name":"Po\u010detna","item":"https:\/\/balkangreenenergynews.com\/rs\/"},{"@type":"ListItem","position":2,"name":"Vesti","item":"https:\/\/balkangreenenergynews.com\/rs\/kategorija\/vesti\/"},{"@type":"ListItem","position":3,"name":"OIE","item":"https:\/\/balkangreenenergynews.com\/rs\/kategorija\/vesti\/obnovljivi-izvori-energije\/"},{"@type":"ListItem","position":4,"name":"Enel: Energetska kriza u Rumuniji zahvati\u0107e sektor obnovljivih izvora"}]},{"@type":"WebSite","@id":"https:\/\/balkangreenenergynews.com\/rs\/#website","url":"https:\/\/balkangreenenergynews.com\/rs\/","name":"Balkan Green Energy News","description":"Naj\u0161iri izbor vesti sa Balkana o zelenoj energiji","potentialAction":[{"@type":"SearchAction","target":{"@type":"EntryPoint","urlTemplate":"https:\/\/balkangreenenergynews.com\/rs\/?s={search_term_string}"},"query-input":{"@type":"PropertyValueSpecification","valueRequired":true,"valueName":"search_term_string"}}],"inLanguage":"sr-RS"},{"@type":"Person","@id":"https:\/\/balkangreenenergynews.com\/rs\/#\/schema\/person\/dee275e6036b1a0f7ceaf956d79d4eff","name":"Balkan Green Energy News","url":"https:\/\/balkangreenenergynews.com\/rs\/author\/balkangreenenergynews\/"}]}},"_links":{"self":[{"href":"https:\/\/balkangreenenergynews.com\/rs\/wp-json\/wp\/v2\/posts\/11163","targetHints":{"allow":["GET"]}}],"collection":[{"href":"https:\/\/balkangreenenergynews.com\/rs\/wp-json\/wp\/v2\/posts"}],"about":[{"href":"https:\/\/balkangreenenergynews.com\/rs\/wp-json\/wp\/v2\/types\/post"}],"author":[{"embeddable":true,"href":"https:\/\/balkangreenenergynews.com\/rs\/wp-json\/wp\/v2\/users\/25"}],"replies":[{"embeddable":true,"href":"https:\/\/balkangreenenergynews.com\/rs\/wp-json\/wp\/v2\/comments?post=11163"}],"version-history":[{"count":0,"href":"https:\/\/balkangreenenergynews.com\/rs\/wp-json\/wp\/v2\/posts\/11163\/revisions"}],"wp:featuredmedia":[{"embeddable":true,"href":"https:\/\/balkangreenenergynews.com\/rs\/wp-json\/wp\/v2\/media\/11164"}],"wp:attachment":[{"href":"https:\/\/balkangreenenergynews.com\/rs\/wp-json\/wp\/v2\/media?parent=11163"}],"wp:term":[{"taxonomy":"category","embeddable":true,"href":"https:\/\/balkangreenenergynews.com\/rs\/wp-json\/wp\/v2\/categories?post=11163"},{"taxonomy":"post_tag","embeddable":true,"href":"https:\/\/balkangreenenergynews.com\/rs\/wp-json\/wp\/v2\/tags?post=11163"}],"curies":[{"name":"wp","href":"https:\/\/api.w.org\/{rel}","templated":true}]}}