{"id":11149,"date":"2017-02-03T09:57:00","date_gmt":"2017-02-03T08:57:00","guid":{"rendered":"http:\/\/balkangreenenergynews.com\/rs\/?p=11149"},"modified":"2024-11-06T15:09:51","modified_gmt":"2024-11-06T14:09:51","slug":"o-klimtskim-promenama-pametnoj-zgradi-societe-generale-banke-novom-beogradu","status":"publish","type":"post","link":"https:\/\/balkangreenenergynews.com\/rs\/o-klimtskim-promenama-pametnoj-zgradi-societe-generale-banke-novom-beogradu\/","title":{"rendered":"O klimatskim promenama u pametnoj zgradi Societe Generale banke na Novom Beogradu"},"content":{"rendered":"<h2>Sedmi po redu Klimaton, \u00a0edukativni doga\u0111aj posve\u0107en klimatskim promenama, odr\u017ean je u Beogradu u organizaciji NVO Jedan stepen Srbija. Predava\u010di na skupu govorili su o\u00a0globalnom zagrevanju, Pariskom klimatskom sporazumu, a predstavljeno je i studentsko istra\u017eivanje o potencijalima obnovljivih izvora energije u Srbiji, kao i jedan od 100 najboljih klimatskih projekata na svetu.<\/h2>\n<p>Profesor Vladimir \u0110ur\u0111evi\u0107 sa Instituta za meteorologiju u Beogradu \u00a0upozorio je da je porast temperature za jedan stepen celzijusa, koji se dogodio u poslednjih 150 godina, imao zna\u010dajne\u00a0posledice. To je promena na koju ste ranije morali da \u010dekate nekoliko hiljada godina, a nama se desila za jedan vek, rekao je on.<\/p>\n<p>Vreme potrebno da na\u0161a planeta pre\u0111e iz ledenog doba u interglacijalni period, poput dana\u0161nje ere, je oko desetak hiljada godina, a razlika u globalnoj temperaturi izme\u0111u ta dva perioda je svega \u010detiri stepena celzijusa.<\/p>\n<p>\u201cJedan stepen je \u010detvrtina od toga, \u0161to zna\u010di da je ozbiljna promena. I dalje nismo u promeni koja je ekstremna i koja zna\u010di potpuno druga\u010diju planetu, ali kada pogledamo trend vidimo da uporno idemo ka tome\u201d, rekao je \u0110ur\u0111evi\u0107.<\/p>\n<p>Vir\u017ein Manfroni iz Ambasade Francuske izrazila je o\u010dekivanje da \u0107e Srbija u prvom tromese\u010dju ove godine ratifikovati Pariski sporazum, \u010diji je cilj da ograni\u010di globalni porast temperature na dva stepena. Srpske vlasti prethodno su najavile da \u0107e ratifikovati Pariski sporazum do sredine 2017, a na njegovo neodlo\u017eno usvajanje <a href=\"https:\/\/balkangreenenergynews.com\/rs\/koalicija-predstavila-izvestaj-poglavlje-27-u-srbiji-jos-uvek-u-pripremi\/\">poziva i civilni sektor<\/a>.<\/p>\n<p><span style=\"font-family: 'Georgia','serif'; color: #333333;\">Na Klimatonu je predstavljeno dvogodi\u0161nje istra\u017eivanje grupe studenata o mogu\u0107nosti potpunog prelaska Srbije na obnovljive izvore energije, pod nazivom \u201cSrbija bez fosilnih goriva: alternativni INDC\u201d. Predstavljen je i projekat Ecoclassroom, koji je na konkursu francuske vlade izabran za jedan od 100 najboljih na svetu u oblasti klimatskih promena.<\/span><\/p>\n<p><span style=\"font-family: 'Georgia','serif'; color: #333333;\">Ecoclassroom je energetski odr\u017eiva u\u010dionica koja treba da bude izgra\u0111ena kod Bajine Ba\u0161te, u kojoj bi deca u\u010dila o klimi i \u017eivotnoj sredini. Projekat je u izradi, a uskoro bi trebalo da budu zavr\u0161eni pregovori sa op\u0161tinom Bajina Ba\u0161ta, koja treba da obezbedi zemlji\u0161te.<\/span><\/p>\n<h3><span style=\"color: #99cc00;\">Bankari sagradili pametnu zgradu\u00a0<\/span><\/h3>\n<p>Klimaton je organizovan u novoj, pametnoj zgradi banke Societe Generale\u00a0na Novom Beogradu. Kako je rekao \u0110or\u0111e Samard\u017eija iz NVO Jedan stepen,\u00a0radi se o jednoj od prvih zelenih zgrada u Beogradu, projektovanoj i sagra\u0111enoj u skladu sa principima odr\u017eive gradnje. &#8222;Krovovi su pokriveni solarnim panelima, zgrada ima sistem za rekuperaciju ki\u0161nice, koja se koristi za tehni\u010dku vodu, a na parkingu smo postavili dva punja\u010da za elektri\u010dna vozila,&#8220;\u00a0<span style=\"font-family: 'Georgia','serif'; color: #333333;\">rekao je Sre\u0107ko \u0160ekelji\u0107 iz Societe Generale\u00a0banke.<\/span><\/p>\n","protected":false},"excerpt":{"rendered":"<p>Sedmi po redu Klimaton, \u00a0edukativni doga\u0111aj posve\u0107en klimatskim promenama, odr\u017ean je u Beogradu u organizaciji&#8230;<\/p>\n","protected":false},"author":23,"featured_media":11183,"comment_status":"open","ping_status":"closed","sticky":false,"template":"","format":"standard","meta":{"_acf_changed":false,"_monsterinsights_skip_tracking":false,"_monsterinsights_sitenote_active":false,"_monsterinsights_sitenote_note":"","_monsterinsights_sitenote_category":0,"footnotes":""},"categories":[4],"tags":[846,883,766,647,754,1019,1331],"class_list":["post-11149","post","type-post","status-publish","format-standard","has-post-thumbnail","hentry","category-zivotna-sredina","tag-ekologija","tag-globalno-zagrevanje","tag-klimatske-promene","tag-obnovljivi-izvori-energije","tag-oie","tag-pariski-sporazum","tag-vladimir-durdevic","country-srbija"],"acf":[],"yoast_head":"<!-- This site is optimized with the Yoast SEO plugin v27.4 - https:\/\/yoast.com\/product\/yoast-seo-wordpress\/ -->\n<title>O klimatskim promenama u pametnoj zgradi Societe Generale banke na Novom Beogradu<\/title>\n<meta name=\"description\" content=\"Sedmi po redu Klimaton, edukativni doga\u0111aj posve\u0107en klimatskim promenama, odr\u017ean je u Beogradu u organizaciji NVO Jedan stepen Srbija.\" \/>\n<meta name=\"robots\" content=\"index, follow, max-snippet:-1, max-image-preview:large, max-video-preview:-1\" \/>\n<link rel=\"canonical\" href=\"https:\/\/balkangreenenergynews.com\/rs\/o-klimtskim-promenama-pametnoj-zgradi-societe-generale-banke-novom-beogradu\/\" \/>\n<meta property=\"og:locale\" content=\"sr_RS\" \/>\n<meta property=\"og:type\" content=\"article\" \/>\n<meta property=\"og:title\" content=\"O klimatskim promenama u pametnoj zgradi Societe Generale banke na Novom Beogradu\" \/>\n<meta property=\"og:description\" content=\"Sedmi po redu Klimaton, edukativni doga\u0111aj posve\u0107en klimatskim promenama, odr\u017ean je u Beogradu u organizaciji NVO Jedan stepen Srbija.\" \/>\n<meta property=\"og:url\" content=\"https:\/\/balkangreenenergynews.com\/rs\/o-klimtskim-promenama-pametnoj-zgradi-societe-generale-banke-novom-beogradu\/\" \/>\n<meta property=\"og:site_name\" content=\"Balkan Green Energy News\" \/>\n<meta property=\"article:published_time\" content=\"2017-02-03T08:57:00+00:00\" \/>\n<meta property=\"article:modified_time\" content=\"2024-11-06T14:09:51+00:00\" \/>\n<meta property=\"og:image\" content=\"https:\/\/balkangreenenergynews.com\/rs\/wp-content\/uploads\/2017\/02\/klimatondjurdjevic.jpg\" \/>\n\t<meta property=\"og:image:width\" content=\"795\" \/>\n\t<meta property=\"og:image:height\" content=\"407\" \/>\n\t<meta property=\"og:image:type\" content=\"image\/jpeg\" \/>\n<meta name=\"author\" content=\"Vladimir Spasi\u0107\" \/>\n<meta name=\"twitter:card\" content=\"summary_large_image\" \/>\n<meta name=\"twitter:label1\" content=\"\u041d\u0430\u043f\u0438\u0441\u0430\u043d\u043e \u043e\u0434\" \/>\n\t<meta name=\"twitter:data1\" content=\"Vladimir Spasi\u0107\" \/>\n\t<meta name=\"twitter:label2\" content=\"\u041f\u0440\u043e\u0446\u0435\u045a\u0435\u043d\u043e \u0432\u0440\u0435\u043c\u0435 \u0447\u0438\u0442\u0430\u045a\u0430\" \/>\n\t<meta name=\"twitter:data2\" content=\"3 \u043c\u0438\u043d\u0443\u0442\u0430\" \/>\n<script type=\"application\/ld+json\" class=\"yoast-schema-graph\">{\"@context\":\"https:\\\/\\\/schema.org\",\"@graph\":[{\"@type\":\"Article\",\"@id\":\"https:\\\/\\\/balkangreenenergynews.com\\\/rs\\\/o-klimtskim-promenama-pametnoj-zgradi-societe-generale-banke-novom-beogradu\\\/#article\",\"isPartOf\":{\"@id\":\"https:\\\/\\\/balkangreenenergynews.com\\\/rs\\\/o-klimtskim-promenama-pametnoj-zgradi-societe-generale-banke-novom-beogradu\\\/\"},\"author\":{\"name\":\"Vladimir Spasi\u0107\",\"@id\":\"https:\\\/\\\/balkangreenenergynews.com\\\/rs\\\/#\\\/schema\\\/person\\\/99dc721c46113fea22caffad06ef7317\"},\"headline\":\"O klimatskim promenama u pametnoj zgradi Societe Generale banke na Novom Beogradu\",\"datePublished\":\"2017-02-03T08:57:00+00:00\",\"dateModified\":\"2024-11-06T14:09:51+00:00\",\"mainEntityOfPage\":{\"@id\":\"https:\\\/\\\/balkangreenenergynews.com\\\/rs\\\/o-klimtskim-promenama-pametnoj-zgradi-societe-generale-banke-novom-beogradu\\\/\"},\"wordCount\":451,\"commentCount\":0,\"image\":{\"@id\":\"https:\\\/\\\/balkangreenenergynews.com\\\/rs\\\/o-klimtskim-promenama-pametnoj-zgradi-societe-generale-banke-novom-beogradu\\\/#primaryimage\"},\"thumbnailUrl\":\"https:\\\/\\\/balkangreenenergynews.com\\\/rs\\\/wp-content\\\/uploads\\\/2017\\\/02\\\/klimatondjurdjevic.jpg?wsr\",\"keywords\":[\"ekologija\",\"globalno zagrevanje\",\"klimatske promene\",\"obnovljivi izvori energije\",\"OIE\",\"Pariski sporazum\",\"Vladimir \u0110ur\u0111evi\u0107\"],\"articleSection\":[\"\u017divotna sredina\"],\"inLanguage\":\"sr-RS\",\"potentialAction\":[{\"@type\":\"CommentAction\",\"name\":\"Comment\",\"target\":[\"https:\\\/\\\/balkangreenenergynews.com\\\/rs\\\/o-klimtskim-promenama-pametnoj-zgradi-societe-generale-banke-novom-beogradu\\\/#respond\"]}]},{\"@type\":\"WebPage\",\"@id\":\"https:\\\/\\\/balkangreenenergynews.com\\\/rs\\\/o-klimtskim-promenama-pametnoj-zgradi-societe-generale-banke-novom-beogradu\\\/\",\"url\":\"https:\\\/\\\/balkangreenenergynews.com\\\/rs\\\/o-klimtskim-promenama-pametnoj-zgradi-societe-generale-banke-novom-beogradu\\\/\",\"name\":\"O klimatskim promenama u pametnoj zgradi Societe Generale banke na Novom Beogradu\",\"isPartOf\":{\"@id\":\"https:\\\/\\\/balkangreenenergynews.com\\\/rs\\\/#website\"},\"primaryImageOfPage\":{\"@id\":\"https:\\\/\\\/balkangreenenergynews.com\\\/rs\\\/o-klimtskim-promenama-pametnoj-zgradi-societe-generale-banke-novom-beogradu\\\/#primaryimage\"},\"image\":{\"@id\":\"https:\\\/\\\/balkangreenenergynews.com\\\/rs\\\/o-klimtskim-promenama-pametnoj-zgradi-societe-generale-banke-novom-beogradu\\\/#primaryimage\"},\"thumbnailUrl\":\"https:\\\/\\\/balkangreenenergynews.com\\\/rs\\\/wp-content\\\/uploads\\\/2017\\\/02\\\/klimatondjurdjevic.jpg?wsr\",\"datePublished\":\"2017-02-03T08:57:00+00:00\",\"dateModified\":\"2024-11-06T14:09:51+00:00\",\"author\":{\"@id\":\"https:\\\/\\\/balkangreenenergynews.com\\\/rs\\\/#\\\/schema\\\/person\\\/99dc721c46113fea22caffad06ef7317\"},\"description\":\"Sedmi po redu Klimaton, edukativni doga\u0111aj posve\u0107en klimatskim promenama, odr\u017ean je u Beogradu u organizaciji NVO Jedan stepen Srbija.\",\"breadcrumb\":{\"@id\":\"https:\\\/\\\/balkangreenenergynews.com\\\/rs\\\/o-klimtskim-promenama-pametnoj-zgradi-societe-generale-banke-novom-beogradu\\\/#breadcrumb\"},\"inLanguage\":\"sr-RS\",\"potentialAction\":[{\"@type\":\"ReadAction\",\"target\":[\"https:\\\/\\\/balkangreenenergynews.com\\\/rs\\\/o-klimtskim-promenama-pametnoj-zgradi-societe-generale-banke-novom-beogradu\\\/\"]}]},{\"@type\":\"ImageObject\",\"inLanguage\":\"sr-RS\",\"@id\":\"https:\\\/\\\/balkangreenenergynews.com\\\/rs\\\/o-klimtskim-promenama-pametnoj-zgradi-societe-generale-banke-novom-beogradu\\\/#primaryimage\",\"url\":\"https:\\\/\\\/balkangreenenergynews.com\\\/rs\\\/wp-content\\\/uploads\\\/2017\\\/02\\\/klimatondjurdjevic.jpg?wsr\",\"contentUrl\":\"https:\\\/\\\/balkangreenenergynews.com\\\/rs\\\/wp-content\\\/uploads\\\/2017\\\/02\\\/klimatondjurdjevic.jpg?wsr\",\"width\":795,\"height\":407},{\"@type\":\"BreadcrumbList\",\"@id\":\"https:\\\/\\\/balkangreenenergynews.com\\\/rs\\\/o-klimtskim-promenama-pametnoj-zgradi-societe-generale-banke-novom-beogradu\\\/#breadcrumb\",\"itemListElement\":[{\"@type\":\"ListItem\",\"position\":1,\"name\":\"Po\u010detna\",\"item\":\"https:\\\/\\\/balkangreenenergynews.com\\\/rs\\\/\"},{\"@type\":\"ListItem\",\"position\":2,\"name\":\"Vesti\",\"item\":\"https:\\\/\\\/balkangreenenergynews.com\\\/rs\\\/kategorija\\\/vesti\\\/\"},{\"@type\":\"ListItem\",\"position\":3,\"name\":\"\u017divotna sredina\",\"item\":\"https:\\\/\\\/balkangreenenergynews.com\\\/rs\\\/kategorija\\\/vesti\\\/zivotna-sredina\\\/\"},{\"@type\":\"ListItem\",\"position\":4,\"name\":\"O klimatskim promenama u pametnoj zgradi Societe Generale banke na Novom Beogradu\"}]},{\"@type\":\"WebSite\",\"@id\":\"https:\\\/\\\/balkangreenenergynews.com\\\/rs\\\/#website\",\"url\":\"https:\\\/\\\/balkangreenenergynews.com\\\/rs\\\/\",\"name\":\"Balkan Green Energy News\",\"description\":\"Naj\u0161iri izbor vesti sa Balkana o zelenoj energiji\",\"potentialAction\":[{\"@type\":\"SearchAction\",\"target\":{\"@type\":\"EntryPoint\",\"urlTemplate\":\"https:\\\/\\\/balkangreenenergynews.com\\\/rs\\\/?s={search_term_string}\"},\"query-input\":{\"@type\":\"PropertyValueSpecification\",\"valueRequired\":true,\"valueName\":\"search_term_string\"}}],\"inLanguage\":\"sr-RS\"},{\"@type\":\"Person\",\"@id\":\"https:\\\/\\\/balkangreenenergynews.com\\\/rs\\\/#\\\/schema\\\/person\\\/99dc721c46113fea22caffad06ef7317\",\"name\":\"Vladimir Spasi\u0107\",\"url\":\"https:\\\/\\\/balkangreenenergynews.com\\\/rs\\\/author\\\/vladimir-spasic\\\/\"}]}<\/script>\n<!-- \/ Yoast SEO plugin. -->","yoast_head_json":{"title":"O klimatskim promenama u pametnoj zgradi Societe Generale banke na Novom Beogradu","description":"Sedmi po redu Klimaton, edukativni doga\u0111aj posve\u0107en klimatskim promenama, odr\u017ean je u Beogradu u organizaciji NVO Jedan stepen Srbija.","robots":{"index":"index","follow":"follow","max-snippet":"max-snippet:-1","max-image-preview":"max-image-preview:large","max-video-preview":"max-video-preview:-1"},"canonical":"https:\/\/balkangreenenergynews.com\/rs\/o-klimtskim-promenama-pametnoj-zgradi-societe-generale-banke-novom-beogradu\/","og_locale":"sr_RS","og_type":"article","og_title":"O klimatskim promenama u pametnoj zgradi Societe Generale banke na Novom Beogradu","og_description":"Sedmi po redu Klimaton, edukativni doga\u0111aj posve\u0107en klimatskim promenama, odr\u017ean je u Beogradu u organizaciji NVO Jedan stepen Srbija.","og_url":"https:\/\/balkangreenenergynews.com\/rs\/o-klimtskim-promenama-pametnoj-zgradi-societe-generale-banke-novom-beogradu\/","og_site_name":"Balkan Green Energy News","article_published_time":"2017-02-03T08:57:00+00:00","article_modified_time":"2024-11-06T14:09:51+00:00","og_image":[{"width":795,"height":407,"url":"https:\/\/balkangreenenergynews.com\/rs\/wp-content\/uploads\/2017\/02\/klimatondjurdjevic.jpg","type":"image\/jpeg"}],"author":"Vladimir Spasi\u0107","twitter_card":"summary_large_image","twitter_misc":{"\u041d\u0430\u043f\u0438\u0441\u0430\u043d\u043e \u043e\u0434":"Vladimir Spasi\u0107","\u041f\u0440\u043e\u0446\u0435\u045a\u0435\u043d\u043e \u0432\u0440\u0435\u043c\u0435 \u0447\u0438\u0442\u0430\u045a\u0430":"3 \u043c\u0438\u043d\u0443\u0442\u0430"},"schema":{"@context":"https:\/\/schema.org","@graph":[{"@type":"Article","@id":"https:\/\/balkangreenenergynews.com\/rs\/o-klimtskim-promenama-pametnoj-zgradi-societe-generale-banke-novom-beogradu\/#article","isPartOf":{"@id":"https:\/\/balkangreenenergynews.com\/rs\/o-klimtskim-promenama-pametnoj-zgradi-societe-generale-banke-novom-beogradu\/"},"author":{"name":"Vladimir Spasi\u0107","@id":"https:\/\/balkangreenenergynews.com\/rs\/#\/schema\/person\/99dc721c46113fea22caffad06ef7317"},"headline":"O klimatskim promenama u pametnoj zgradi Societe Generale banke na Novom Beogradu","datePublished":"2017-02-03T08:57:00+00:00","dateModified":"2024-11-06T14:09:51+00:00","mainEntityOfPage":{"@id":"https:\/\/balkangreenenergynews.com\/rs\/o-klimtskim-promenama-pametnoj-zgradi-societe-generale-banke-novom-beogradu\/"},"wordCount":451,"commentCount":0,"image":{"@id":"https:\/\/balkangreenenergynews.com\/rs\/o-klimtskim-promenama-pametnoj-zgradi-societe-generale-banke-novom-beogradu\/#primaryimage"},"thumbnailUrl":"https:\/\/balkangreenenergynews.com\/rs\/wp-content\/uploads\/2017\/02\/klimatondjurdjevic.jpg?wsr","keywords":["ekologija","globalno zagrevanje","klimatske promene","obnovljivi izvori energije","OIE","Pariski sporazum","Vladimir \u0110ur\u0111evi\u0107"],"articleSection":["\u017divotna sredina"],"inLanguage":"sr-RS","potentialAction":[{"@type":"CommentAction","name":"Comment","target":["https:\/\/balkangreenenergynews.com\/rs\/o-klimtskim-promenama-pametnoj-zgradi-societe-generale-banke-novom-beogradu\/#respond"]}]},{"@type":"WebPage","@id":"https:\/\/balkangreenenergynews.com\/rs\/o-klimtskim-promenama-pametnoj-zgradi-societe-generale-banke-novom-beogradu\/","url":"https:\/\/balkangreenenergynews.com\/rs\/o-klimtskim-promenama-pametnoj-zgradi-societe-generale-banke-novom-beogradu\/","name":"O klimatskim promenama u pametnoj zgradi Societe Generale banke na Novom Beogradu","isPartOf":{"@id":"https:\/\/balkangreenenergynews.com\/rs\/#website"},"primaryImageOfPage":{"@id":"https:\/\/balkangreenenergynews.com\/rs\/o-klimtskim-promenama-pametnoj-zgradi-societe-generale-banke-novom-beogradu\/#primaryimage"},"image":{"@id":"https:\/\/balkangreenenergynews.com\/rs\/o-klimtskim-promenama-pametnoj-zgradi-societe-generale-banke-novom-beogradu\/#primaryimage"},"thumbnailUrl":"https:\/\/balkangreenenergynews.com\/rs\/wp-content\/uploads\/2017\/02\/klimatondjurdjevic.jpg?wsr","datePublished":"2017-02-03T08:57:00+00:00","dateModified":"2024-11-06T14:09:51+00:00","author":{"@id":"https:\/\/balkangreenenergynews.com\/rs\/#\/schema\/person\/99dc721c46113fea22caffad06ef7317"},"description":"Sedmi po redu Klimaton, edukativni doga\u0111aj posve\u0107en klimatskim promenama, odr\u017ean je u Beogradu u organizaciji NVO Jedan stepen Srbija.","breadcrumb":{"@id":"https:\/\/balkangreenenergynews.com\/rs\/o-klimtskim-promenama-pametnoj-zgradi-societe-generale-banke-novom-beogradu\/#breadcrumb"},"inLanguage":"sr-RS","potentialAction":[{"@type":"ReadAction","target":["https:\/\/balkangreenenergynews.com\/rs\/o-klimtskim-promenama-pametnoj-zgradi-societe-generale-banke-novom-beogradu\/"]}]},{"@type":"ImageObject","inLanguage":"sr-RS","@id":"https:\/\/balkangreenenergynews.com\/rs\/o-klimtskim-promenama-pametnoj-zgradi-societe-generale-banke-novom-beogradu\/#primaryimage","url":"https:\/\/balkangreenenergynews.com\/rs\/wp-content\/uploads\/2017\/02\/klimatondjurdjevic.jpg?wsr","contentUrl":"https:\/\/balkangreenenergynews.com\/rs\/wp-content\/uploads\/2017\/02\/klimatondjurdjevic.jpg?wsr","width":795,"height":407},{"@type":"BreadcrumbList","@id":"https:\/\/balkangreenenergynews.com\/rs\/o-klimtskim-promenama-pametnoj-zgradi-societe-generale-banke-novom-beogradu\/#breadcrumb","itemListElement":[{"@type":"ListItem","position":1,"name":"Po\u010detna","item":"https:\/\/balkangreenenergynews.com\/rs\/"},{"@type":"ListItem","position":2,"name":"Vesti","item":"https:\/\/balkangreenenergynews.com\/rs\/kategorija\/vesti\/"},{"@type":"ListItem","position":3,"name":"\u017divotna sredina","item":"https:\/\/balkangreenenergynews.com\/rs\/kategorija\/vesti\/zivotna-sredina\/"},{"@type":"ListItem","position":4,"name":"O klimatskim promenama u pametnoj zgradi Societe Generale banke na Novom Beogradu"}]},{"@type":"WebSite","@id":"https:\/\/balkangreenenergynews.com\/rs\/#website","url":"https:\/\/balkangreenenergynews.com\/rs\/","name":"Balkan Green Energy News","description":"Naj\u0161iri izbor vesti sa Balkana o zelenoj energiji","potentialAction":[{"@type":"SearchAction","target":{"@type":"EntryPoint","urlTemplate":"https:\/\/balkangreenenergynews.com\/rs\/?s={search_term_string}"},"query-input":{"@type":"PropertyValueSpecification","valueRequired":true,"valueName":"search_term_string"}}],"inLanguage":"sr-RS"},{"@type":"Person","@id":"https:\/\/balkangreenenergynews.com\/rs\/#\/schema\/person\/99dc721c46113fea22caffad06ef7317","name":"Vladimir Spasi\u0107","url":"https:\/\/balkangreenenergynews.com\/rs\/author\/vladimir-spasic\/"}]}},"_links":{"self":[{"href":"https:\/\/balkangreenenergynews.com\/rs\/wp-json\/wp\/v2\/posts\/11149","targetHints":{"allow":["GET"]}}],"collection":[{"href":"https:\/\/balkangreenenergynews.com\/rs\/wp-json\/wp\/v2\/posts"}],"about":[{"href":"https:\/\/balkangreenenergynews.com\/rs\/wp-json\/wp\/v2\/types\/post"}],"author":[{"embeddable":true,"href":"https:\/\/balkangreenenergynews.com\/rs\/wp-json\/wp\/v2\/users\/23"}],"replies":[{"embeddable":true,"href":"https:\/\/balkangreenenergynews.com\/rs\/wp-json\/wp\/v2\/comments?post=11149"}],"version-history":[{"count":0,"href":"https:\/\/balkangreenenergynews.com\/rs\/wp-json\/wp\/v2\/posts\/11149\/revisions"}],"wp:featuredmedia":[{"embeddable":true,"href":"https:\/\/balkangreenenergynews.com\/rs\/wp-json\/wp\/v2\/media\/11183"}],"wp:attachment":[{"href":"https:\/\/balkangreenenergynews.com\/rs\/wp-json\/wp\/v2\/media?parent=11149"}],"wp:term":[{"taxonomy":"category","embeddable":true,"href":"https:\/\/balkangreenenergynews.com\/rs\/wp-json\/wp\/v2\/categories?post=11149"},{"taxonomy":"post_tag","embeddable":true,"href":"https:\/\/balkangreenenergynews.com\/rs\/wp-json\/wp\/v2\/tags?post=11149"}],"curies":[{"name":"wp","href":"https:\/\/api.w.org\/{rel}","templated":true}]}}