{"id":10669,"date":"2017-01-04T23:05:16","date_gmt":"2017-01-04T22:05:16","guid":{"rendered":"http:\/\/balkangreenenergynews.com\/rs\/?p=10669"},"modified":"2018-12-07T14:26:19","modified_gmt":"2018-12-07T13:26:19","slug":"tender-za-pametna-brojila-obnovu-mreze-u-crnoj-gori","status":"publish","type":"post","link":"https:\/\/balkangreenenergynews.com\/rs\/tender-za-pametna-brojila-obnovu-mreze-u-crnoj-gori\/","title":{"rendered":"Tender za pametna brojila i obnovu mre\u017ee u Crnoj Gori"},"content":{"rendered":"<h2>Crnogorski elektrodistributivni sistem (CEDIS) raspisao je <a href=\"https:\/\/www.ebrd.com\/work-with-us\/procurement\/p-pn-170103a.html\">tender za podno\u0161enje ponuda<\/a> za ugradnju 45.000 pametnih brojila za doma\u0107instva i rehabilitaciju mre\u017ee.<\/h2>\n<p>Radovi uklju\u010duju obnovu 600 do 800 kilometara niskonaponskih vodova i zamenu 20.000 elektri\u010dnih stubova, a obavlja\u0107e se u periodu 2017-2019. godine. Rok za podno\u0161enje prijava je 6. mart 2017. u 13 \u010dasova.<\/p>\n<p>Ponu\u0111a\u010d mo\u017ee biti iz bilo koje dr\u017eave, a uslov je da u poslednjih pet godina ima prose\u010dan godi\u0161nji obrt od najmanje 22 miliona evra, nov\u010dani tok od 4 miliona evra, i da u poslednje tri godine nije do\u0161lo do neizvr\u0161avanja ugovora sa njegove strane.<\/p>\n<p>Tra\u017ei se da je firma-ponu\u0111a\u010d bila aktivna u poslednjih pet godina, i to najmanje devet meseci svake godine, da je ugradila 60.000 brojila i izmestila 30.000 mernih mesta uz rekonstrukciju NN mre\u017ee. Potrebno je iskustvo u najmanje dva sli\u010dna projekta u poslednjih pet godina, od kojih je svaki bio vredan najmanje 13 miliona evra.<\/p>\n<p>Tenderska dokumentacija otkupljuje se uplatom 250 evra na ra\u010dun CEDIS-a u Prvoj banci Crne Gore, ili preko posredni\u010dke Rajfajzen banke u Be\u010du, a sve ponude mora pratiti tenderska garancija od 900.000 evra.<\/p>\n<p>Projekat se finansira iz kredita Evropske banke za obnovu i razvoj (EBRD).<\/p>\n","protected":false},"excerpt":{"rendered":"<p>Crnogorski elektrodistributivni sistem (CEDIS) raspisao je tender za podno\u0161enje ponuda za ugradnju 45.000 pametnih brojila&#8230;<\/p>\n","protected":false},"author":25,"featured_media":10670,"comment_status":"open","ping_status":"closed","sticky":false,"template":"","format":"standard","meta":{"_acf_changed":false,"_monsterinsights_skip_tracking":false,"_monsterinsights_sitenote_active":false,"_monsterinsights_sitenote_note":"","_monsterinsights_sitenote_category":0,"footnotes":""},"categories":[504],"tags":[1380,146,1135,412],"class_list":["post-10669","post","type-post","status-publish","format-standard","has-post-thumbnail","hentry","category-elektricna-energija","tag-cedis","tag-ebrd","tag-pametna-brojila","tag-tender","country-crna-gora"],"acf":[],"yoast_head":"<!-- This site is optimized with the Yoast SEO plugin v27.4 - https:\/\/yoast.com\/product\/yoast-seo-wordpress\/ -->\n<title>Tender za pametna brojila i obnovu mre\u017ee u Crnoj Gori<\/title>\n<meta name=\"description\" content=\"Crnogorski elektrodistributivni sistem (CEDIS) raspisao je tender za podno\u0161enje ponuda za ugradnju 45.000 pametnih brojila za doma\u0107instva i rehabilitaciju\" \/>\n<meta name=\"robots\" content=\"index, follow, max-snippet:-1, max-image-preview:large, max-video-preview:-1\" \/>\n<link rel=\"canonical\" href=\"https:\/\/balkangreenenergynews.com\/rs\/tender-za-pametna-brojila-obnovu-mreze-u-crnoj-gori\/\" \/>\n<meta property=\"og:locale\" content=\"sr_RS\" \/>\n<meta property=\"og:type\" content=\"article\" \/>\n<meta property=\"og:title\" content=\"Tender za pametna brojila i obnovu mre\u017ee u Crnoj Gori\" \/>\n<meta property=\"og:description\" content=\"Crnogorski elektrodistributivni sistem (CEDIS) raspisao je tender za podno\u0161enje ponuda za ugradnju 45.000 pametnih brojila za doma\u0107instva i rehabilitaciju\" \/>\n<meta property=\"og:url\" content=\"https:\/\/balkangreenenergynews.com\/rs\/tender-za-pametna-brojila-obnovu-mreze-u-crnoj-gori\/\" \/>\n<meta property=\"og:site_name\" content=\"Balkan Green Energy News\" \/>\n<meta property=\"article:published_time\" content=\"2017-01-04T22:05:16+00:00\" \/>\n<meta property=\"article:modified_time\" content=\"2018-12-07T13:26:19+00:00\" \/>\n<meta property=\"og:image\" content=\"https:\/\/balkangreenenergynews.com\/rs\/wp-content\/uploads\/2017\/01\/lights_1000.jpg\" \/>\n\t<meta property=\"og:image:width\" content=\"795\" \/>\n\t<meta property=\"og:image:height\" content=\"407\" \/>\n\t<meta property=\"og:image:type\" content=\"image\/jpeg\" \/>\n<meta name=\"author\" content=\"Balkan Green Energy News\" \/>\n<meta name=\"twitter:card\" content=\"summary_large_image\" \/>\n<meta name=\"twitter:label1\" content=\"\u041d\u0430\u043f\u0438\u0441\u0430\u043d\u043e \u043e\u0434\" \/>\n\t<meta name=\"twitter:data1\" content=\"Balkan Green Energy News\" \/>\n\t<meta name=\"twitter:label2\" content=\"\u041f\u0440\u043e\u0446\u0435\u045a\u0435\u043d\u043e \u0432\u0440\u0435\u043c\u0435 \u0447\u0438\u0442\u0430\u045a\u0430\" \/>\n\t<meta name=\"twitter:data2\" content=\"1 \u043c\u0438\u043d\u0443\u0442\" \/>\n<script type=\"application\/ld+json\" class=\"yoast-schema-graph\">{\"@context\":\"https:\\\/\\\/schema.org\",\"@graph\":[{\"@type\":\"Article\",\"@id\":\"https:\\\/\\\/balkangreenenergynews.com\\\/rs\\\/tender-za-pametna-brojila-obnovu-mreze-u-crnoj-gori\\\/#article\",\"isPartOf\":{\"@id\":\"https:\\\/\\\/balkangreenenergynews.com\\\/rs\\\/tender-za-pametna-brojila-obnovu-mreze-u-crnoj-gori\\\/\"},\"author\":{\"name\":\"Balkan Green Energy News\",\"@id\":\"https:\\\/\\\/balkangreenenergynews.com\\\/rs\\\/#\\\/schema\\\/person\\\/dee275e6036b1a0f7ceaf956d79d4eff\"},\"headline\":\"Tender za pametna brojila i obnovu mre\u017ee u Crnoj Gori\",\"datePublished\":\"2017-01-04T22:05:16+00:00\",\"dateModified\":\"2018-12-07T13:26:19+00:00\",\"mainEntityOfPage\":{\"@id\":\"https:\\\/\\\/balkangreenenergynews.com\\\/rs\\\/tender-za-pametna-brojila-obnovu-mreze-u-crnoj-gori\\\/\"},\"wordCount\":213,\"commentCount\":0,\"image\":{\"@id\":\"https:\\\/\\\/balkangreenenergynews.com\\\/rs\\\/tender-za-pametna-brojila-obnovu-mreze-u-crnoj-gori\\\/#primaryimage\"},\"thumbnailUrl\":\"https:\\\/\\\/balkangreenenergynews.com\\\/rs\\\/wp-content\\\/uploads\\\/2017\\\/01\\\/lights_1000.jpg?wsr\",\"keywords\":[\"CEDIS\",\"EBRD\",\"pametna brojila\",\"tender\"],\"articleSection\":[\"Elektri\u010dna energija\"],\"inLanguage\":\"sr-RS\",\"potentialAction\":[{\"@type\":\"CommentAction\",\"name\":\"Comment\",\"target\":[\"https:\\\/\\\/balkangreenenergynews.com\\\/rs\\\/tender-za-pametna-brojila-obnovu-mreze-u-crnoj-gori\\\/#respond\"]}]},{\"@type\":\"WebPage\",\"@id\":\"https:\\\/\\\/balkangreenenergynews.com\\\/rs\\\/tender-za-pametna-brojila-obnovu-mreze-u-crnoj-gori\\\/\",\"url\":\"https:\\\/\\\/balkangreenenergynews.com\\\/rs\\\/tender-za-pametna-brojila-obnovu-mreze-u-crnoj-gori\\\/\",\"name\":\"Tender za pametna brojila i obnovu mre\u017ee u Crnoj Gori\",\"isPartOf\":{\"@id\":\"https:\\\/\\\/balkangreenenergynews.com\\\/rs\\\/#website\"},\"primaryImageOfPage\":{\"@id\":\"https:\\\/\\\/balkangreenenergynews.com\\\/rs\\\/tender-za-pametna-brojila-obnovu-mreze-u-crnoj-gori\\\/#primaryimage\"},\"image\":{\"@id\":\"https:\\\/\\\/balkangreenenergynews.com\\\/rs\\\/tender-za-pametna-brojila-obnovu-mreze-u-crnoj-gori\\\/#primaryimage\"},\"thumbnailUrl\":\"https:\\\/\\\/balkangreenenergynews.com\\\/rs\\\/wp-content\\\/uploads\\\/2017\\\/01\\\/lights_1000.jpg?wsr\",\"datePublished\":\"2017-01-04T22:05:16+00:00\",\"dateModified\":\"2018-12-07T13:26:19+00:00\",\"author\":{\"@id\":\"https:\\\/\\\/balkangreenenergynews.com\\\/rs\\\/#\\\/schema\\\/person\\\/dee275e6036b1a0f7ceaf956d79d4eff\"},\"description\":\"Crnogorski elektrodistributivni sistem (CEDIS) raspisao je tender za podno\u0161enje ponuda za ugradnju 45.000 pametnih brojila za doma\u0107instva i rehabilitaciju\",\"breadcrumb\":{\"@id\":\"https:\\\/\\\/balkangreenenergynews.com\\\/rs\\\/tender-za-pametna-brojila-obnovu-mreze-u-crnoj-gori\\\/#breadcrumb\"},\"inLanguage\":\"sr-RS\",\"potentialAction\":[{\"@type\":\"ReadAction\",\"target\":[\"https:\\\/\\\/balkangreenenergynews.com\\\/rs\\\/tender-za-pametna-brojila-obnovu-mreze-u-crnoj-gori\\\/\"]}]},{\"@type\":\"ImageObject\",\"inLanguage\":\"sr-RS\",\"@id\":\"https:\\\/\\\/balkangreenenergynews.com\\\/rs\\\/tender-za-pametna-brojila-obnovu-mreze-u-crnoj-gori\\\/#primaryimage\",\"url\":\"https:\\\/\\\/balkangreenenergynews.com\\\/rs\\\/wp-content\\\/uploads\\\/2017\\\/01\\\/lights_1000.jpg?wsr\",\"contentUrl\":\"https:\\\/\\\/balkangreenenergynews.com\\\/rs\\\/wp-content\\\/uploads\\\/2017\\\/01\\\/lights_1000.jpg?wsr\",\"width\":795,\"height\":407},{\"@type\":\"BreadcrumbList\",\"@id\":\"https:\\\/\\\/balkangreenenergynews.com\\\/rs\\\/tender-za-pametna-brojila-obnovu-mreze-u-crnoj-gori\\\/#breadcrumb\",\"itemListElement\":[{\"@type\":\"ListItem\",\"position\":1,\"name\":\"Po\u010detna\",\"item\":\"https:\\\/\\\/balkangreenenergynews.com\\\/rs\\\/\"},{\"@type\":\"ListItem\",\"position\":2,\"name\":\"Vesti\",\"item\":\"https:\\\/\\\/balkangreenenergynews.com\\\/rs\\\/kategorija\\\/vesti\\\/\"},{\"@type\":\"ListItem\",\"position\":3,\"name\":\"Elektri\u010dna energija\",\"item\":\"https:\\\/\\\/balkangreenenergynews.com\\\/rs\\\/kategorija\\\/vesti\\\/elektricna-energija\\\/\"},{\"@type\":\"ListItem\",\"position\":4,\"name\":\"Tender za pametna brojila i obnovu mre\u017ee u Crnoj Gori\"}]},{\"@type\":\"WebSite\",\"@id\":\"https:\\\/\\\/balkangreenenergynews.com\\\/rs\\\/#website\",\"url\":\"https:\\\/\\\/balkangreenenergynews.com\\\/rs\\\/\",\"name\":\"Balkan Green Energy News\",\"description\":\"Naj\u0161iri izbor vesti sa Balkana o zelenoj energiji\",\"potentialAction\":[{\"@type\":\"SearchAction\",\"target\":{\"@type\":\"EntryPoint\",\"urlTemplate\":\"https:\\\/\\\/balkangreenenergynews.com\\\/rs\\\/?s={search_term_string}\"},\"query-input\":{\"@type\":\"PropertyValueSpecification\",\"valueRequired\":true,\"valueName\":\"search_term_string\"}}],\"inLanguage\":\"sr-RS\"},{\"@type\":\"Person\",\"@id\":\"https:\\\/\\\/balkangreenenergynews.com\\\/rs\\\/#\\\/schema\\\/person\\\/dee275e6036b1a0f7ceaf956d79d4eff\",\"name\":\"Balkan Green Energy News\",\"url\":\"https:\\\/\\\/balkangreenenergynews.com\\\/rs\\\/author\\\/balkangreenenergynews\\\/\"}]}<\/script>\n<!-- \/ Yoast SEO plugin. -->","yoast_head_json":{"title":"Tender za pametna brojila i obnovu mre\u017ee u Crnoj Gori","description":"Crnogorski elektrodistributivni sistem (CEDIS) raspisao je tender za podno\u0161enje ponuda za ugradnju 45.000 pametnih brojila za doma\u0107instva i rehabilitaciju","robots":{"index":"index","follow":"follow","max-snippet":"max-snippet:-1","max-image-preview":"max-image-preview:large","max-video-preview":"max-video-preview:-1"},"canonical":"https:\/\/balkangreenenergynews.com\/rs\/tender-za-pametna-brojila-obnovu-mreze-u-crnoj-gori\/","og_locale":"sr_RS","og_type":"article","og_title":"Tender za pametna brojila i obnovu mre\u017ee u Crnoj Gori","og_description":"Crnogorski elektrodistributivni sistem (CEDIS) raspisao je tender za podno\u0161enje ponuda za ugradnju 45.000 pametnih brojila za doma\u0107instva i rehabilitaciju","og_url":"https:\/\/balkangreenenergynews.com\/rs\/tender-za-pametna-brojila-obnovu-mreze-u-crnoj-gori\/","og_site_name":"Balkan Green Energy News","article_published_time":"2017-01-04T22:05:16+00:00","article_modified_time":"2018-12-07T13:26:19+00:00","og_image":[{"width":795,"height":407,"url":"https:\/\/balkangreenenergynews.com\/rs\/wp-content\/uploads\/2017\/01\/lights_1000.jpg","type":"image\/jpeg"}],"author":"Balkan Green Energy News","twitter_card":"summary_large_image","twitter_misc":{"\u041d\u0430\u043f\u0438\u0441\u0430\u043d\u043e \u043e\u0434":"Balkan Green Energy News","\u041f\u0440\u043e\u0446\u0435\u045a\u0435\u043d\u043e \u0432\u0440\u0435\u043c\u0435 \u0447\u0438\u0442\u0430\u045a\u0430":"1 \u043c\u0438\u043d\u0443\u0442"},"schema":{"@context":"https:\/\/schema.org","@graph":[{"@type":"Article","@id":"https:\/\/balkangreenenergynews.com\/rs\/tender-za-pametna-brojila-obnovu-mreze-u-crnoj-gori\/#article","isPartOf":{"@id":"https:\/\/balkangreenenergynews.com\/rs\/tender-za-pametna-brojila-obnovu-mreze-u-crnoj-gori\/"},"author":{"name":"Balkan Green Energy News","@id":"https:\/\/balkangreenenergynews.com\/rs\/#\/schema\/person\/dee275e6036b1a0f7ceaf956d79d4eff"},"headline":"Tender za pametna brojila i obnovu mre\u017ee u Crnoj Gori","datePublished":"2017-01-04T22:05:16+00:00","dateModified":"2018-12-07T13:26:19+00:00","mainEntityOfPage":{"@id":"https:\/\/balkangreenenergynews.com\/rs\/tender-za-pametna-brojila-obnovu-mreze-u-crnoj-gori\/"},"wordCount":213,"commentCount":0,"image":{"@id":"https:\/\/balkangreenenergynews.com\/rs\/tender-za-pametna-brojila-obnovu-mreze-u-crnoj-gori\/#primaryimage"},"thumbnailUrl":"https:\/\/balkangreenenergynews.com\/rs\/wp-content\/uploads\/2017\/01\/lights_1000.jpg?wsr","keywords":["CEDIS","EBRD","pametna brojila","tender"],"articleSection":["Elektri\u010dna energija"],"inLanguage":"sr-RS","potentialAction":[{"@type":"CommentAction","name":"Comment","target":["https:\/\/balkangreenenergynews.com\/rs\/tender-za-pametna-brojila-obnovu-mreze-u-crnoj-gori\/#respond"]}]},{"@type":"WebPage","@id":"https:\/\/balkangreenenergynews.com\/rs\/tender-za-pametna-brojila-obnovu-mreze-u-crnoj-gori\/","url":"https:\/\/balkangreenenergynews.com\/rs\/tender-za-pametna-brojila-obnovu-mreze-u-crnoj-gori\/","name":"Tender za pametna brojila i obnovu mre\u017ee u Crnoj Gori","isPartOf":{"@id":"https:\/\/balkangreenenergynews.com\/rs\/#website"},"primaryImageOfPage":{"@id":"https:\/\/balkangreenenergynews.com\/rs\/tender-za-pametna-brojila-obnovu-mreze-u-crnoj-gori\/#primaryimage"},"image":{"@id":"https:\/\/balkangreenenergynews.com\/rs\/tender-za-pametna-brojila-obnovu-mreze-u-crnoj-gori\/#primaryimage"},"thumbnailUrl":"https:\/\/balkangreenenergynews.com\/rs\/wp-content\/uploads\/2017\/01\/lights_1000.jpg?wsr","datePublished":"2017-01-04T22:05:16+00:00","dateModified":"2018-12-07T13:26:19+00:00","author":{"@id":"https:\/\/balkangreenenergynews.com\/rs\/#\/schema\/person\/dee275e6036b1a0f7ceaf956d79d4eff"},"description":"Crnogorski elektrodistributivni sistem (CEDIS) raspisao je tender za podno\u0161enje ponuda za ugradnju 45.000 pametnih brojila za doma\u0107instva i rehabilitaciju","breadcrumb":{"@id":"https:\/\/balkangreenenergynews.com\/rs\/tender-za-pametna-brojila-obnovu-mreze-u-crnoj-gori\/#breadcrumb"},"inLanguage":"sr-RS","potentialAction":[{"@type":"ReadAction","target":["https:\/\/balkangreenenergynews.com\/rs\/tender-za-pametna-brojila-obnovu-mreze-u-crnoj-gori\/"]}]},{"@type":"ImageObject","inLanguage":"sr-RS","@id":"https:\/\/balkangreenenergynews.com\/rs\/tender-za-pametna-brojila-obnovu-mreze-u-crnoj-gori\/#primaryimage","url":"https:\/\/balkangreenenergynews.com\/rs\/wp-content\/uploads\/2017\/01\/lights_1000.jpg?wsr","contentUrl":"https:\/\/balkangreenenergynews.com\/rs\/wp-content\/uploads\/2017\/01\/lights_1000.jpg?wsr","width":795,"height":407},{"@type":"BreadcrumbList","@id":"https:\/\/balkangreenenergynews.com\/rs\/tender-za-pametna-brojila-obnovu-mreze-u-crnoj-gori\/#breadcrumb","itemListElement":[{"@type":"ListItem","position":1,"name":"Po\u010detna","item":"https:\/\/balkangreenenergynews.com\/rs\/"},{"@type":"ListItem","position":2,"name":"Vesti","item":"https:\/\/balkangreenenergynews.com\/rs\/kategorija\/vesti\/"},{"@type":"ListItem","position":3,"name":"Elektri\u010dna energija","item":"https:\/\/balkangreenenergynews.com\/rs\/kategorija\/vesti\/elektricna-energija\/"},{"@type":"ListItem","position":4,"name":"Tender za pametna brojila i obnovu mre\u017ee u Crnoj Gori"}]},{"@type":"WebSite","@id":"https:\/\/balkangreenenergynews.com\/rs\/#website","url":"https:\/\/balkangreenenergynews.com\/rs\/","name":"Balkan Green Energy News","description":"Naj\u0161iri izbor vesti sa Balkana o zelenoj energiji","potentialAction":[{"@type":"SearchAction","target":{"@type":"EntryPoint","urlTemplate":"https:\/\/balkangreenenergynews.com\/rs\/?s={search_term_string}"},"query-input":{"@type":"PropertyValueSpecification","valueRequired":true,"valueName":"search_term_string"}}],"inLanguage":"sr-RS"},{"@type":"Person","@id":"https:\/\/balkangreenenergynews.com\/rs\/#\/schema\/person\/dee275e6036b1a0f7ceaf956d79d4eff","name":"Balkan Green Energy News","url":"https:\/\/balkangreenenergynews.com\/rs\/author\/balkangreenenergynews\/"}]}},"_links":{"self":[{"href":"https:\/\/balkangreenenergynews.com\/rs\/wp-json\/wp\/v2\/posts\/10669","targetHints":{"allow":["GET"]}}],"collection":[{"href":"https:\/\/balkangreenenergynews.com\/rs\/wp-json\/wp\/v2\/posts"}],"about":[{"href":"https:\/\/balkangreenenergynews.com\/rs\/wp-json\/wp\/v2\/types\/post"}],"author":[{"embeddable":true,"href":"https:\/\/balkangreenenergynews.com\/rs\/wp-json\/wp\/v2\/users\/25"}],"replies":[{"embeddable":true,"href":"https:\/\/balkangreenenergynews.com\/rs\/wp-json\/wp\/v2\/comments?post=10669"}],"version-history":[{"count":0,"href":"https:\/\/balkangreenenergynews.com\/rs\/wp-json\/wp\/v2\/posts\/10669\/revisions"}],"wp:featuredmedia":[{"embeddable":true,"href":"https:\/\/balkangreenenergynews.com\/rs\/wp-json\/wp\/v2\/media\/10670"}],"wp:attachment":[{"href":"https:\/\/balkangreenenergynews.com\/rs\/wp-json\/wp\/v2\/media?parent=10669"}],"wp:term":[{"taxonomy":"category","embeddable":true,"href":"https:\/\/balkangreenenergynews.com\/rs\/wp-json\/wp\/v2\/categories?post=10669"},{"taxonomy":"post_tag","embeddable":true,"href":"https:\/\/balkangreenenergynews.com\/rs\/wp-json\/wp\/v2\/tags?post=10669"}],"curies":[{"name":"wp","href":"https:\/\/api.w.org\/{rel}","templated":true}]}}