{"id":10614,"date":"2016-12-27T22:23:33","date_gmt":"2016-12-27T21:23:33","guid":{"rendered":"http:\/\/balkangreenenergynews.com\/rs\/?p=10614"},"modified":"2020-10-30T12:19:28","modified_gmt":"2020-10-30T11:19:28","slug":"transformacija-gradova-od-industrijskih-centara-odrzivih-urbanih-sredina","status":"publish","type":"post","link":"https:\/\/balkangreenenergynews.com\/rs\/transformacija-gradova-od-industrijskih-centara-odrzivih-urbanih-sredina\/","title":{"rendered":"Transformacija gradova: od industrijskih centara do odr\u017eivih urbanih sredina"},"content":{"rendered":"<h2>Me\u0111unarodna manifestacija <em>Connective Cities<\/em> dijalog na temu: \u201cTransformacija gradova: od industrijskih centara do odr\u017eivih urbanih sredina\u201d, odr\u017eana je po\u010detkom decembra u gradu Bocholt, u Njema\u010dkoj. \u00a0Predstavnici grada Zenice, uz podr\u0161ku GIZ ORF-EE kao partnera, aktivno su sudjelovali u ovogodi\u0161njoj manifestaciji predstaviv\u0161i svoj projekat globalnom auditoriju.<\/h2>\n<p><em>Connective Cities<\/em> svake godine organizuje me\u0111unarodnu manifestaciju dijaloga u cilju razmjene znanja i primjera najbolje prakse iz oblasti urbanog razvoja. Ove godine je ta manifestacija odr\u017eana od 5. do 7. decembra 2016.g. u gradu Bocholtu u Njema\u010dkoj, na temu \u201cTransformacija gradova: od industrijskih centara do odr\u017eivih urbanih sredina\u201d. Posebna pa\u017enja je posve\u0107ena primjerima dobre prakse, izazovima i rje\u0161enjima ovog globalnog pitanja.\u00a0 Manifestacija dijaloga je organizovana u saradnji s njema\u010dkim gradom Bocholtom.<\/p>\n<p>U manifestaciji su u\u010destvovali predstavnici iz Njema\u010dke, Ukrajine, Brazila, Kolumbije, Kube, Bosne i Hercegovine, Belgije, Holandije i Kine. Ta\u010dnije, radi se o predstavnicima op\u0161tina i op\u0161tinskih instituta, predstavnicima iz sektora civilnog dru\u0161tva, te akademskog i poslovnog sektora, koji su aktivni u\u010desnici u op\u0161tinskim projektima u okviru navedene teme. Glavni cilj manifestacije bio je prikaz planiranja i mogu\u0107nosti realizacije transformacijskih projekata u razli\u010ditim lokalnim kontekstima. Fokus je bio i na provjeri regionalne primjenjivost iznesenih rje\u0161enja kao i na diskusiji o eventualnim izazovima.<\/p>\n<h3><span style=\"\"><strong>ORF-EE-ova podr\u0161ka partnerskim gradovima<\/strong><\/span><\/h3>\n<p>U 2015.g. je u manifestaciji <em>Connective Cities<\/em> dijaloga sudjelovao glavni grad Makedonije (BJR), Skoplje, kao \u010dlan Mre\u017ee energetski efikasnih glavnih gradova Jugoisto\u010dne Evrope, koju je inicirao GIZ Otvoreni regionalni fond za Jugoisto\u010dnu Evropu &#8211; Energetska efikasnost (ORF-EE).\u00a0 Ove godine je u manifestaciji u\u010destvovao grad Zenica iz Bosne i Hercegovine, kao jo\u0161 jedan partnerski grad ORF-EE.\u00a0 Zenica je predstavila svoj projekat \u201cRazvoj Gradske arene u gradu Zenici\u201d, koji je u cjelosti finansiran iz gradskog bud\u017eeta.<\/p>\n<p style=\"text-align: left;\"><img loading=\"lazy\" decoding=\"async\" class=\"alignnone size-full wp-image-10616\" src=\"https:\/\/balkangreenenergynews.com\/rs\/wp-content\/uploads\/2016\/12\/Arena_prije_poslije.jpg\" alt=\"\" width=\"960\" height=\"960\" srcset=\"https:\/\/balkangreenenergynews.com\/rs\/wp-content\/uploads\/2016\/12\/Arena_prije_poslije.jpg 960w, https:\/\/balkangreenenergynews.com\/rs\/wp-content\/uploads\/2016\/12\/Arena_prije_poslije-500x500.jpg 500w, https:\/\/balkangreenenergynews.com\/rs\/wp-content\/uploads\/2016\/12\/Arena_prije_poslije-840x840.jpg 840w, https:\/\/balkangreenenergynews.com\/rs\/wp-content\/uploads\/2016\/12\/Arena_prije_poslije-370x370.jpg 370w, https:\/\/balkangreenenergynews.com\/rs\/wp-content\/uploads\/2016\/12\/Arena_prije_poslije-768x768.jpg 768w, https:\/\/balkangreenenergynews.com\/rs\/wp-content\/uploads\/2016\/12\/Arena_prije_poslije-300x300.jpg 300w\" sizes=\"auto, (max-width: 960px) 100vw, 960px\" \/><br \/>\n<em>Slika:\u00a0Faruk Mid\u017ei\u0107, Arena pre i posle\u00a0<\/em><\/p>\n<p>\u201cOvaj projekat je pri\u010da o uspje\u0161noj transformaciji urbane sredine jer je zna\u010dajno pobolj\u0161ao kvalitet \u017eivota lokalnog stanovni\u0161tva\u201d, izjavila je Amra Mehmedi\u0107, stru\u010dni savjetnik za privredu i energetsku efikasnost grada Zenice.\u00a0 Dodala je da \u201epost-jugoslovenska Zenica vi\u0161e nije poznata kao industrijski i zaga\u0111eni grad, imaju\u0107i na umu njegovo naslje\u0111e te\u0161ke industrije.\u00a0 Fokus je vi\u0161e na sportskom karakteru. Arena je, zajedno s fudbalskim stadionom na Bilinom Polju, kao jednim od najboljih sportskih stadiona na Zapadnom Balkanu, teren na kojem se odr\u017eavaju sve doma\u0107e utakmice i treninzi fudbalskih nacionalnih reprezentacija za me\u010deve u organizaciji FIFA\/UEFA.\u00a0 Time je revitalizacija i promjena karaktera grada Zenice vi\u0161e nego o\u010digledna\u201d. Amra je tom prilikom naglasila i va\u017enost saradnje izme\u0111u grada Zenice i GIZ ORF-EE u oblastima energetske efikasnosti i privrednog razvoja. Zaklju\u010dila je da \u201estru\u010dna pomo\u0107 i prijenos znanja i iskustva (know-how) kroz razli\u010dite radionice osiguravaju efikasan razvoj ljudskih resursa, \u0161to za rezultat ima bolji pojedina\u010dni i organizacijski u\u010dinak\u201c.<\/p>\n<h3><span style=\"\"><strong>Prijenos znanja i razvoj urbane sredine <\/strong><\/span><\/h3>\n<p>Porast gradskog stanovni\u0161tva i izazovi sa kojima se suo\u010davaju gradovi \u0161irom svijeta postaju sve va\u017eniji i na globalnom nivou. Siroma\u0161tvo, dru\u0161tvena segregacija, mobilnost, problemi \u017eivotne sredine, klimatske promjene, kao i efikasno pru\u017eanje komunalnih usluga, zahtijevaju inovativna i djelotvorna rje\u0161enja kao preduslov za odr\u017eivi razvoj urbane sredine.<\/p>\n<p>Njema\u010dke op\u0161tine posjeduju ogromno prakti\u010dno iskustvo u bavljenju odr\u017eivim urbanim razvojem, koje se mo\u017ee mobilizirati u svrhu zajedni\u010dkog u\u010denja sa zainteresovanim stranama iz sfere urbanog razvoja iz razli\u010ditih regija u svijetu.\u00a0 To se ne odnosi samo na razvijene zemlje, nego i na ekonomije u nastajanju, kao i na industrijalizovane zemlje. Nasuprot navedenim okolnostima, formirana je me\u0111unarodna platforma \u2013 Zajednica prakse za odr\u017eivi urbani razvoj <em>Connective Cities<\/em>.<\/p>\n<p>\u201cZnaju\u0107i da vi\u0161e od polovine svjetske populacije danas \u017eivi u malim i velikim gradovima, i da je taj trend i dalje u porastu, manifestacije i platforme koje omogu\u0107avaju u\u010denje jednih od drugih veoma su cijenjene. <em>Connective Cities<\/em>, kao nova me\u0111unarodna mre\u017ea gradova za odr\u017eivi razvoj, promovi\u0161e odr\u017eivi urbani razvoj i pru\u017ea op\u0161tinama vi\u0161e prilika za razmjenu iskustava o inovativnim rje\u0161enjima.\u00a0 Predstavljanje primjera dobre prakse i pri\u010da o uspjehu iz Skoplja, pro\u0161le godine, i iz Zenice \u2013 ove godine, omogu\u0107ilo je prijenos znanja i iskustva iz Jugoisto\u010dne Evrope \u0161irom svijeta. Takvi uspje\u0161ni i inovativni primjeri trebaju poslu\u017eiti kao uzori za replikaciju dobre prakse,\u201d navela je Dubravka Bo\u0161njak, voditeljica projekta ORF-EE.<\/p>\n<h3><span style=\"\"><strong>Connective Cities <\/strong><\/span><\/h3>\n<p><em>Connective Cities<\/em> su kao projekat inicirali Deutsche Gesellschaft f\u00fcr Internationale Zusammenarbeit, Engagement Global\/Service Agency Communities in One World, i njema\u010dko Udru\u017eenje gradova (Deutscher St\u00e4dtetag). <em>Connective Cities<\/em> na svjetskom nivou olak\u0161ava umre\u017eavanje i razmjenu izme\u0111u urbanih aktera iz oblasti politike, administracije, industrije, nauke i civilnog dru\u0161tva.\u00a0 Nadalje, podr\u017eava sistemati\u010dnu razmjenu iskustava usmjerenu na primjenu i razvoj inovativnih ideja za pokretanje projekata u vezi sa razvojem urbane sredine.\u00a0 Partneri za provedbu su izabrana regionalna i dr\u017eavna udru\u017eenja gradova u Evropi, Americi, Africi i Aziji.\u00a0 Time su obuhva\u0107eni i gradovi koji su njihovi \u010dlanovi.<\/p>\n<p>&nbsp;<\/p>\n<p>&nbsp;<\/p>\n","protected":false},"excerpt":{"rendered":"<p>Me\u0111unarodna manifestacija Connective Cities dijalog na temu: \u201cTransformacija gradova: od industrijskih centara do odr\u017eivih urbanih&#8230;<\/p>\n","protected":false},"author":25,"featured_media":10615,"comment_status":"open","ping_status":"closed","sticky":false,"template":"","format":"standard","meta":{"_acf_changed":false,"_monsterinsights_skip_tracking":false,"_monsterinsights_sitenote_active":false,"_monsterinsights_sitenote_note":"","_monsterinsights_sitenote_category":0,"footnotes":""},"categories":[3,4],"tags":[490,226],"class_list":["post-10614","post","type-post","status-publish","format-standard","has-post-thumbnail","hentry","category-energetska-efikasnost","category-zivotna-sredina","tag-dubravka-bosnjak","tag-giz-orf-ee","country-bosna-i-hercegovina"],"acf":[],"yoast_head":"<!-- This site is optimized with the Yoast SEO plugin v27.4 - https:\/\/yoast.com\/product\/yoast-seo-wordpress\/ -->\n<title>Transformacija gradova: od industrijskih centara do odr\u017eivih urbanih sredina<\/title>\n<meta name=\"description\" content=\"Me\u0111unarodna manifestacija Connective Cities dijalog na temu: \u201cTransformacija gradova: od industrijskih centara do odr\u017eivih urbanih sredina\u201d, odr\u017eana je\" \/>\n<meta name=\"robots\" content=\"index, follow, max-snippet:-1, max-image-preview:large, max-video-preview:-1\" \/>\n<link rel=\"canonical\" href=\"https:\/\/balkangreenenergynews.com\/rs\/transformacija-gradova-od-industrijskih-centara-odrzivih-urbanih-sredina\/\" \/>\n<meta property=\"og:locale\" content=\"sr_RS\" \/>\n<meta property=\"og:type\" content=\"article\" \/>\n<meta property=\"og:title\" content=\"Transformacija gradova: od industrijskih centara do odr\u017eivih urbanih sredina\" \/>\n<meta property=\"og:description\" content=\"Me\u0111unarodna manifestacija Connective Cities dijalog na temu: \u201cTransformacija gradova: od industrijskih centara do odr\u017eivih urbanih sredina\u201d, odr\u017eana je\" \/>\n<meta property=\"og:url\" content=\"https:\/\/balkangreenenergynews.com\/rs\/transformacija-gradova-od-industrijskih-centara-odrzivih-urbanih-sredina\/\" \/>\n<meta property=\"og:site_name\" content=\"Balkan Green Energy News\" \/>\n<meta property=\"article:published_time\" content=\"2016-12-27T21:23:33+00:00\" \/>\n<meta property=\"article:modified_time\" content=\"2020-10-30T11:19:28+00:00\" \/>\n<meta property=\"og:image\" content=\"https:\/\/balkangreenenergynews.com\/rs\/wp-content\/uploads\/2016\/12\/Transforming-Cities.jpg\" \/>\n\t<meta property=\"og:image:width\" content=\"795\" \/>\n\t<meta property=\"og:image:height\" content=\"407\" \/>\n\t<meta property=\"og:image:type\" content=\"image\/jpeg\" \/>\n<meta name=\"author\" content=\"Balkan Green Energy News\" \/>\n<meta name=\"twitter:card\" content=\"summary_large_image\" \/>\n<meta name=\"twitter:label1\" content=\"\u041d\u0430\u043f\u0438\u0441\u0430\u043d\u043e \u043e\u0434\" \/>\n\t<meta name=\"twitter:data1\" content=\"Balkan Green Energy News\" \/>\n\t<meta name=\"twitter:label2\" content=\"\u041f\u0440\u043e\u0446\u0435\u045a\u0435\u043d\u043e \u0432\u0440\u0435\u043c\u0435 \u0447\u0438\u0442\u0430\u045a\u0430\" \/>\n\t<meta name=\"twitter:data2\" content=\"4 \u043c\u0438\u043d\u0443\u0442\u0430\" \/>\n<script type=\"application\/ld+json\" class=\"yoast-schema-graph\">{\"@context\":\"https:\\\/\\\/schema.org\",\"@graph\":[{\"@type\":\"Article\",\"@id\":\"https:\\\/\\\/balkangreenenergynews.com\\\/rs\\\/transformacija-gradova-od-industrijskih-centara-odrzivih-urbanih-sredina\\\/#article\",\"isPartOf\":{\"@id\":\"https:\\\/\\\/balkangreenenergynews.com\\\/rs\\\/transformacija-gradova-od-industrijskih-centara-odrzivih-urbanih-sredina\\\/\"},\"author\":{\"name\":\"Balkan Green Energy News\",\"@id\":\"https:\\\/\\\/balkangreenenergynews.com\\\/rs\\\/#\\\/schema\\\/person\\\/dee275e6036b1a0f7ceaf956d79d4eff\"},\"headline\":\"Transformacija gradova: od industrijskih centara do odr\u017eivih urbanih sredina\",\"datePublished\":\"2016-12-27T21:23:33+00:00\",\"dateModified\":\"2020-10-30T11:19:28+00:00\",\"mainEntityOfPage\":{\"@id\":\"https:\\\/\\\/balkangreenenergynews.com\\\/rs\\\/transformacija-gradova-od-industrijskih-centara-odrzivih-urbanih-sredina\\\/\"},\"wordCount\":873,\"commentCount\":0,\"image\":{\"@id\":\"https:\\\/\\\/balkangreenenergynews.com\\\/rs\\\/transformacija-gradova-od-industrijskih-centara-odrzivih-urbanih-sredina\\\/#primaryimage\"},\"thumbnailUrl\":\"https:\\\/\\\/balkangreenenergynews.com\\\/rs\\\/wp-content\\\/uploads\\\/2016\\\/12\\\/Transforming-Cities.jpg?wsr\",\"keywords\":[\"Dubravka Bo\u0161njak\",\"GIZ ORF-EE\"],\"articleSection\":[\"Energetska efikasnost\",\"\u017divotna sredina\"],\"inLanguage\":\"sr-RS\",\"potentialAction\":[{\"@type\":\"CommentAction\",\"name\":\"Comment\",\"target\":[\"https:\\\/\\\/balkangreenenergynews.com\\\/rs\\\/transformacija-gradova-od-industrijskih-centara-odrzivih-urbanih-sredina\\\/#respond\"]}]},{\"@type\":\"WebPage\",\"@id\":\"https:\\\/\\\/balkangreenenergynews.com\\\/rs\\\/transformacija-gradova-od-industrijskih-centara-odrzivih-urbanih-sredina\\\/\",\"url\":\"https:\\\/\\\/balkangreenenergynews.com\\\/rs\\\/transformacija-gradova-od-industrijskih-centara-odrzivih-urbanih-sredina\\\/\",\"name\":\"Transformacija gradova: od industrijskih centara do odr\u017eivih urbanih sredina\",\"isPartOf\":{\"@id\":\"https:\\\/\\\/balkangreenenergynews.com\\\/rs\\\/#website\"},\"primaryImageOfPage\":{\"@id\":\"https:\\\/\\\/balkangreenenergynews.com\\\/rs\\\/transformacija-gradova-od-industrijskih-centara-odrzivih-urbanih-sredina\\\/#primaryimage\"},\"image\":{\"@id\":\"https:\\\/\\\/balkangreenenergynews.com\\\/rs\\\/transformacija-gradova-od-industrijskih-centara-odrzivih-urbanih-sredina\\\/#primaryimage\"},\"thumbnailUrl\":\"https:\\\/\\\/balkangreenenergynews.com\\\/rs\\\/wp-content\\\/uploads\\\/2016\\\/12\\\/Transforming-Cities.jpg?wsr\",\"datePublished\":\"2016-12-27T21:23:33+00:00\",\"dateModified\":\"2020-10-30T11:19:28+00:00\",\"author\":{\"@id\":\"https:\\\/\\\/balkangreenenergynews.com\\\/rs\\\/#\\\/schema\\\/person\\\/dee275e6036b1a0f7ceaf956d79d4eff\"},\"description\":\"Me\u0111unarodna manifestacija Connective Cities dijalog na temu: \u201cTransformacija gradova: od industrijskih centara do odr\u017eivih urbanih sredina\u201d, odr\u017eana je\",\"breadcrumb\":{\"@id\":\"https:\\\/\\\/balkangreenenergynews.com\\\/rs\\\/transformacija-gradova-od-industrijskih-centara-odrzivih-urbanih-sredina\\\/#breadcrumb\"},\"inLanguage\":\"sr-RS\",\"potentialAction\":[{\"@type\":\"ReadAction\",\"target\":[\"https:\\\/\\\/balkangreenenergynews.com\\\/rs\\\/transformacija-gradova-od-industrijskih-centara-odrzivih-urbanih-sredina\\\/\"]}]},{\"@type\":\"ImageObject\",\"inLanguage\":\"sr-RS\",\"@id\":\"https:\\\/\\\/balkangreenenergynews.com\\\/rs\\\/transformacija-gradova-od-industrijskih-centara-odrzivih-urbanih-sredina\\\/#primaryimage\",\"url\":\"https:\\\/\\\/balkangreenenergynews.com\\\/rs\\\/wp-content\\\/uploads\\\/2016\\\/12\\\/Transforming-Cities.jpg?wsr\",\"contentUrl\":\"https:\\\/\\\/balkangreenenergynews.com\\\/rs\\\/wp-content\\\/uploads\\\/2016\\\/12\\\/Transforming-Cities.jpg?wsr\",\"width\":795,\"height\":407,\"caption\":\"transformacija gradova\"},{\"@type\":\"BreadcrumbList\",\"@id\":\"https:\\\/\\\/balkangreenenergynews.com\\\/rs\\\/transformacija-gradova-od-industrijskih-centara-odrzivih-urbanih-sredina\\\/#breadcrumb\",\"itemListElement\":[{\"@type\":\"ListItem\",\"position\":1,\"name\":\"Po\u010detna\",\"item\":\"https:\\\/\\\/balkangreenenergynews.com\\\/rs\\\/\"},{\"@type\":\"ListItem\",\"position\":2,\"name\":\"GIZ ORF-EE\",\"item\":\"https:\\\/\\\/balkangreenenergynews.com\\\/rs\\\/kategorija\\\/giz-orf-ee\\\/\"},{\"@type\":\"ListItem\",\"position\":3,\"name\":\"Transformacija gradova: od industrijskih centara do odr\u017eivih urbanih sredina\"}]},{\"@type\":\"WebSite\",\"@id\":\"https:\\\/\\\/balkangreenenergynews.com\\\/rs\\\/#website\",\"url\":\"https:\\\/\\\/balkangreenenergynews.com\\\/rs\\\/\",\"name\":\"Balkan Green Energy News\",\"description\":\"Naj\u0161iri izbor vesti sa Balkana o zelenoj energiji\",\"potentialAction\":[{\"@type\":\"SearchAction\",\"target\":{\"@type\":\"EntryPoint\",\"urlTemplate\":\"https:\\\/\\\/balkangreenenergynews.com\\\/rs\\\/?s={search_term_string}\"},\"query-input\":{\"@type\":\"PropertyValueSpecification\",\"valueRequired\":true,\"valueName\":\"search_term_string\"}}],\"inLanguage\":\"sr-RS\"},{\"@type\":\"Person\",\"@id\":\"https:\\\/\\\/balkangreenenergynews.com\\\/rs\\\/#\\\/schema\\\/person\\\/dee275e6036b1a0f7ceaf956d79d4eff\",\"name\":\"Balkan Green Energy News\",\"url\":\"https:\\\/\\\/balkangreenenergynews.com\\\/rs\\\/author\\\/balkangreenenergynews\\\/\"}]}<\/script>\n<!-- \/ Yoast SEO plugin. -->","yoast_head_json":{"title":"Transformacija gradova: od industrijskih centara do odr\u017eivih urbanih sredina","description":"Me\u0111unarodna manifestacija Connective Cities dijalog na temu: \u201cTransformacija gradova: od industrijskih centara do odr\u017eivih urbanih sredina\u201d, odr\u017eana je","robots":{"index":"index","follow":"follow","max-snippet":"max-snippet:-1","max-image-preview":"max-image-preview:large","max-video-preview":"max-video-preview:-1"},"canonical":"https:\/\/balkangreenenergynews.com\/rs\/transformacija-gradova-od-industrijskih-centara-odrzivih-urbanih-sredina\/","og_locale":"sr_RS","og_type":"article","og_title":"Transformacija gradova: od industrijskih centara do odr\u017eivih urbanih sredina","og_description":"Me\u0111unarodna manifestacija Connective Cities dijalog na temu: \u201cTransformacija gradova: od industrijskih centara do odr\u017eivih urbanih sredina\u201d, odr\u017eana je","og_url":"https:\/\/balkangreenenergynews.com\/rs\/transformacija-gradova-od-industrijskih-centara-odrzivih-urbanih-sredina\/","og_site_name":"Balkan Green Energy News","article_published_time":"2016-12-27T21:23:33+00:00","article_modified_time":"2020-10-30T11:19:28+00:00","og_image":[{"width":795,"height":407,"url":"https:\/\/balkangreenenergynews.com\/rs\/wp-content\/uploads\/2016\/12\/Transforming-Cities.jpg","type":"image\/jpeg"}],"author":"Balkan Green Energy News","twitter_card":"summary_large_image","twitter_misc":{"\u041d\u0430\u043f\u0438\u0441\u0430\u043d\u043e \u043e\u0434":"Balkan Green Energy News","\u041f\u0440\u043e\u0446\u0435\u045a\u0435\u043d\u043e \u0432\u0440\u0435\u043c\u0435 \u0447\u0438\u0442\u0430\u045a\u0430":"4 \u043c\u0438\u043d\u0443\u0442\u0430"},"schema":{"@context":"https:\/\/schema.org","@graph":[{"@type":"Article","@id":"https:\/\/balkangreenenergynews.com\/rs\/transformacija-gradova-od-industrijskih-centara-odrzivih-urbanih-sredina\/#article","isPartOf":{"@id":"https:\/\/balkangreenenergynews.com\/rs\/transformacija-gradova-od-industrijskih-centara-odrzivih-urbanih-sredina\/"},"author":{"name":"Balkan Green Energy News","@id":"https:\/\/balkangreenenergynews.com\/rs\/#\/schema\/person\/dee275e6036b1a0f7ceaf956d79d4eff"},"headline":"Transformacija gradova: od industrijskih centara do odr\u017eivih urbanih sredina","datePublished":"2016-12-27T21:23:33+00:00","dateModified":"2020-10-30T11:19:28+00:00","mainEntityOfPage":{"@id":"https:\/\/balkangreenenergynews.com\/rs\/transformacija-gradova-od-industrijskih-centara-odrzivih-urbanih-sredina\/"},"wordCount":873,"commentCount":0,"image":{"@id":"https:\/\/balkangreenenergynews.com\/rs\/transformacija-gradova-od-industrijskih-centara-odrzivih-urbanih-sredina\/#primaryimage"},"thumbnailUrl":"https:\/\/balkangreenenergynews.com\/rs\/wp-content\/uploads\/2016\/12\/Transforming-Cities.jpg?wsr","keywords":["Dubravka Bo\u0161njak","GIZ ORF-EE"],"articleSection":["Energetska efikasnost","\u017divotna sredina"],"inLanguage":"sr-RS","potentialAction":[{"@type":"CommentAction","name":"Comment","target":["https:\/\/balkangreenenergynews.com\/rs\/transformacija-gradova-od-industrijskih-centara-odrzivih-urbanih-sredina\/#respond"]}]},{"@type":"WebPage","@id":"https:\/\/balkangreenenergynews.com\/rs\/transformacija-gradova-od-industrijskih-centara-odrzivih-urbanih-sredina\/","url":"https:\/\/balkangreenenergynews.com\/rs\/transformacija-gradova-od-industrijskih-centara-odrzivih-urbanih-sredina\/","name":"Transformacija gradova: od industrijskih centara do odr\u017eivih urbanih sredina","isPartOf":{"@id":"https:\/\/balkangreenenergynews.com\/rs\/#website"},"primaryImageOfPage":{"@id":"https:\/\/balkangreenenergynews.com\/rs\/transformacija-gradova-od-industrijskih-centara-odrzivih-urbanih-sredina\/#primaryimage"},"image":{"@id":"https:\/\/balkangreenenergynews.com\/rs\/transformacija-gradova-od-industrijskih-centara-odrzivih-urbanih-sredina\/#primaryimage"},"thumbnailUrl":"https:\/\/balkangreenenergynews.com\/rs\/wp-content\/uploads\/2016\/12\/Transforming-Cities.jpg?wsr","datePublished":"2016-12-27T21:23:33+00:00","dateModified":"2020-10-30T11:19:28+00:00","author":{"@id":"https:\/\/balkangreenenergynews.com\/rs\/#\/schema\/person\/dee275e6036b1a0f7ceaf956d79d4eff"},"description":"Me\u0111unarodna manifestacija Connective Cities dijalog na temu: \u201cTransformacija gradova: od industrijskih centara do odr\u017eivih urbanih sredina\u201d, odr\u017eana je","breadcrumb":{"@id":"https:\/\/balkangreenenergynews.com\/rs\/transformacija-gradova-od-industrijskih-centara-odrzivih-urbanih-sredina\/#breadcrumb"},"inLanguage":"sr-RS","potentialAction":[{"@type":"ReadAction","target":["https:\/\/balkangreenenergynews.com\/rs\/transformacija-gradova-od-industrijskih-centara-odrzivih-urbanih-sredina\/"]}]},{"@type":"ImageObject","inLanguage":"sr-RS","@id":"https:\/\/balkangreenenergynews.com\/rs\/transformacija-gradova-od-industrijskih-centara-odrzivih-urbanih-sredina\/#primaryimage","url":"https:\/\/balkangreenenergynews.com\/rs\/wp-content\/uploads\/2016\/12\/Transforming-Cities.jpg?wsr","contentUrl":"https:\/\/balkangreenenergynews.com\/rs\/wp-content\/uploads\/2016\/12\/Transforming-Cities.jpg?wsr","width":795,"height":407,"caption":"transformacija gradova"},{"@type":"BreadcrumbList","@id":"https:\/\/balkangreenenergynews.com\/rs\/transformacija-gradova-od-industrijskih-centara-odrzivih-urbanih-sredina\/#breadcrumb","itemListElement":[{"@type":"ListItem","position":1,"name":"Po\u010detna","item":"https:\/\/balkangreenenergynews.com\/rs\/"},{"@type":"ListItem","position":2,"name":"GIZ ORF-EE","item":"https:\/\/balkangreenenergynews.com\/rs\/kategorija\/giz-orf-ee\/"},{"@type":"ListItem","position":3,"name":"Transformacija gradova: od industrijskih centara do odr\u017eivih urbanih sredina"}]},{"@type":"WebSite","@id":"https:\/\/balkangreenenergynews.com\/rs\/#website","url":"https:\/\/balkangreenenergynews.com\/rs\/","name":"Balkan Green Energy News","description":"Naj\u0161iri izbor vesti sa Balkana o zelenoj energiji","potentialAction":[{"@type":"SearchAction","target":{"@type":"EntryPoint","urlTemplate":"https:\/\/balkangreenenergynews.com\/rs\/?s={search_term_string}"},"query-input":{"@type":"PropertyValueSpecification","valueRequired":true,"valueName":"search_term_string"}}],"inLanguage":"sr-RS"},{"@type":"Person","@id":"https:\/\/balkangreenenergynews.com\/rs\/#\/schema\/person\/dee275e6036b1a0f7ceaf956d79d4eff","name":"Balkan Green Energy News","url":"https:\/\/balkangreenenergynews.com\/rs\/author\/balkangreenenergynews\/"}]}},"_links":{"self":[{"href":"https:\/\/balkangreenenergynews.com\/rs\/wp-json\/wp\/v2\/posts\/10614","targetHints":{"allow":["GET"]}}],"collection":[{"href":"https:\/\/balkangreenenergynews.com\/rs\/wp-json\/wp\/v2\/posts"}],"about":[{"href":"https:\/\/balkangreenenergynews.com\/rs\/wp-json\/wp\/v2\/types\/post"}],"author":[{"embeddable":true,"href":"https:\/\/balkangreenenergynews.com\/rs\/wp-json\/wp\/v2\/users\/25"}],"replies":[{"embeddable":true,"href":"https:\/\/balkangreenenergynews.com\/rs\/wp-json\/wp\/v2\/comments?post=10614"}],"version-history":[{"count":0,"href":"https:\/\/balkangreenenergynews.com\/rs\/wp-json\/wp\/v2\/posts\/10614\/revisions"}],"wp:featuredmedia":[{"embeddable":true,"href":"https:\/\/balkangreenenergynews.com\/rs\/wp-json\/wp\/v2\/media\/10615"}],"wp:attachment":[{"href":"https:\/\/balkangreenenergynews.com\/rs\/wp-json\/wp\/v2\/media?parent=10614"}],"wp:term":[{"taxonomy":"category","embeddable":true,"href":"https:\/\/balkangreenenergynews.com\/rs\/wp-json\/wp\/v2\/categories?post=10614"},{"taxonomy":"post_tag","embeddable":true,"href":"https:\/\/balkangreenenergynews.com\/rs\/wp-json\/wp\/v2\/tags?post=10614"}],"curies":[{"name":"wp","href":"https:\/\/api.w.org\/{rel}","templated":true}]}}