{"id":10470,"date":"2016-12-15T22:44:30","date_gmt":"2016-12-15T21:44:30","guid":{"rendered":"http:\/\/balkangreenenergynews.com\/rs\/?p=10470"},"modified":"2018-12-07T14:12:42","modified_gmt":"2018-12-07T13:12:42","slug":"srbija-ocekuje-poziv-za-otvaranje-poglavlja-27","status":"publish","type":"post","link":"https:\/\/balkangreenenergynews.com\/rs\/srbija-ocekuje-poziv-za-otvaranje-poglavlja-27\/","title":{"rendered":"Srbija o\u010dekuje poziv za otvaranje poglavlja 27"},"content":{"rendered":"<h2>Srbija o\u010dekuje potvrdu Brisela za otvaranje poglavlja 27 o \u017eivotnoj sredini, a prvi nacrt pregovara\u010dke pratforme bi\u0107e spreman polovinom 2017. godine, izjavila je dr\u017eavna sekretarka Ministarstva poljoprivrede i \u017eivotne sredine Stana Bo\u017eovi\u0107.<\/h2>\n<p>\u201cU razgovorima sa visokim predstavnicima Evropske komisije, Direktorata za \u017eivotnu sredinu i Direktorata za klimatske promene \u010duli smo da \u0107e Srbija poglavlje 27 otvoriti bez ikakvih ko\u010dnica\u201d, rekla je Bo\u017eovi\u0107 na predstavljanju projekta za pomo\u0107 Srbiji u prilago\u0111avanju ekolo\u0161kim standardima EU.<\/p>\n<p>Za prilago\u0111avanje evropskim standardima bi\u0107e potrebno 10 milijardi evra i dono\u0161enje ili izmena 700 propisa. Planirane aktivnosti traja\u0107e 25 godina, tako da \u0107e Srbija tra\u017eiti takozvana prelazna merila, odnosno odlaganje po\u010detka primene nekih evropskih standarda za godine nakon pristupanja.<\/p>\n<p>Ovogodi\u0161nji izve\u0161taj Evropske komisije za Srbiju ukazuje da je potrebno pobolj\u0161ati administrativne kapacitete, zatvoriti nepropisne deponije, ulagati u razdvajanje otpada, recikla\u017eu i pobolj\u0161anje kvaliteta vazduha, kao i napredak u upravljanju re\u010dnim basenima.<\/p>\n<p>Bo\u017eovi\u0107 je rekla da je iz pretpristupnih fondova za 2017. godinu predvi\u0111eno 100 miliona evra za infrastrukturne projekte u Brusu, Blacu, Kraljevu i Ni\u0161u koji \u0107e duplirati trenutni nacionalni kapacitet za pre\u010di\u0161\u0107avanje komunalnih otpadnih voda.<\/p>\n<p>Ona je dodala da \u0107e prilago\u0111avanju EU doprineti i Zeleni bud\u017eetski fond, koji bi trebalo da po\u010dne da funkcioni\u0161e 1. januara 2017. godine i koji je uskla\u0111en sa Strategijom aproksimacije u oblasti \u017eivotne sredine.<\/p>\n<p>Zamenik \u0161efa Delegacije EU u Srbiji Oskar Benedikt rekao je da je \u017eivotna sredina najobimnije poglavlje u pristupanju EU, kao i jedno od najslo\u017eenijih i najizazovnijih u pogledu finansiranja.<\/p>\n<p>\u201cPoglavlje 27 \u010dini jednu tre\u0107inu ukupnog evropskog zakonodavstva. Ono je najskuplje i zahteva ogromne investicije, ali je i najva\u017enije, jer se ti\u010de kvaliteta \u017eivota svih gra\u0111ana\u201d, rekao je Benedikt.<\/p>\n<p>Predstavljeni projekat \u201cDalja implementacija Strategije za aproksimaciju u oblasti \u017eivotne sredine\u201d traja\u0107e do oktobra 2018. godine, uz finansijsku podr\u0161ku EU, i pomo\u0107i \u0107e Srbiji da primeni evropske propise i planira projekte u toj oblasti.<\/p>\n","protected":false},"excerpt":{"rendered":"<p>Srbija o\u010dekuje potvrdu Brisela za otvaranje poglavlja 27 o \u017eivotnoj sredini, a prvi nacrt pregovara\u010dke&#8230;<\/p>\n","protected":false},"author":25,"featured_media":10471,"comment_status":"open","ping_status":"closed","sticky":false,"template":"","format":"standard","meta":{"_acf_changed":false,"_monsterinsights_skip_tracking":false,"_monsterinsights_sitenote_active":false,"_monsterinsights_sitenote_note":"","_monsterinsights_sitenote_category":0,"footnotes":""},"categories":[4],"tags":[195,679,867,825],"class_list":["post-10470","post","type-post","status-publish","format-standard","has-post-thumbnail","hentry","category-zivotna-sredina","tag-eu","tag-otpad","tag-poglavlje-27","tag-reciklaza","country-srbija"],"acf":[],"yoast_head":"<!-- This site is optimized with the Yoast SEO plugin v27.4 - https:\/\/yoast.com\/product\/yoast-seo-wordpress\/ -->\n<title>Srbija o\u010dekuje poziv za otvaranje poglavlja 27<\/title>\n<meta name=\"description\" content=\"Srbija o\u010dekuje potvrdu Brisela za otvaranje poglavlja 27 o \u017eivotnoj sredini, a prvi nacrt pregovara\u010dke pratforme bi\u0107e spreman polovinom 2017. godine.\" \/>\n<meta name=\"robots\" content=\"index, follow, max-snippet:-1, max-image-preview:large, max-video-preview:-1\" \/>\n<link rel=\"canonical\" href=\"https:\/\/balkangreenenergynews.com\/rs\/srbija-ocekuje-poziv-za-otvaranje-poglavlja-27\/\" \/>\n<meta property=\"og:locale\" content=\"sr_RS\" \/>\n<meta property=\"og:type\" content=\"article\" \/>\n<meta property=\"og:title\" content=\"Srbija o\u010dekuje poziv za otvaranje poglavlja 27\" \/>\n<meta property=\"og:description\" content=\"Srbija o\u010dekuje potvrdu Brisela za otvaranje poglavlja 27 o \u017eivotnoj sredini, a prvi nacrt pregovara\u010dke pratforme bi\u0107e spreman polovinom 2017. godine.\" \/>\n<meta property=\"og:url\" content=\"https:\/\/balkangreenenergynews.com\/rs\/srbija-ocekuje-poziv-za-otvaranje-poglavlja-27\/\" \/>\n<meta property=\"og:site_name\" content=\"Balkan Green Energy News\" \/>\n<meta property=\"article:published_time\" content=\"2016-12-15T21:44:30+00:00\" \/>\n<meta property=\"article:modified_time\" content=\"2018-12-07T13:12:42+00:00\" \/>\n<meta property=\"og:image\" content=\"https:\/\/balkangreenenergynews.com\/rs\/wp-content\/uploads\/2016\/12\/Pocetak-projekta-EAS_795.jpg\" \/>\n\t<meta property=\"og:image:width\" content=\"795\" \/>\n\t<meta property=\"og:image:height\" content=\"407\" \/>\n\t<meta property=\"og:image:type\" content=\"image\/jpeg\" \/>\n<meta name=\"author\" content=\"Balkan Green Energy News\" \/>\n<meta name=\"twitter:card\" content=\"summary_large_image\" \/>\n<meta name=\"twitter:label1\" content=\"\u041d\u0430\u043f\u0438\u0441\u0430\u043d\u043e \u043e\u0434\" \/>\n\t<meta name=\"twitter:data1\" content=\"Balkan Green Energy News\" \/>\n\t<meta name=\"twitter:label2\" content=\"\u041f\u0440\u043e\u0446\u0435\u045a\u0435\u043d\u043e \u0432\u0440\u0435\u043c\u0435 \u0447\u0438\u0442\u0430\u045a\u0430\" \/>\n\t<meta name=\"twitter:data2\" content=\"2 \u043c\u0438\u043d\u0443\u0442\u0430\" \/>\n<script type=\"application\/ld+json\" class=\"yoast-schema-graph\">{\"@context\":\"https:\\\/\\\/schema.org\",\"@graph\":[{\"@type\":\"Article\",\"@id\":\"https:\\\/\\\/balkangreenenergynews.com\\\/rs\\\/srbija-ocekuje-poziv-za-otvaranje-poglavlja-27\\\/#article\",\"isPartOf\":{\"@id\":\"https:\\\/\\\/balkangreenenergynews.com\\\/rs\\\/srbija-ocekuje-poziv-za-otvaranje-poglavlja-27\\\/\"},\"author\":{\"name\":\"Balkan Green Energy News\",\"@id\":\"https:\\\/\\\/balkangreenenergynews.com\\\/rs\\\/#\\\/schema\\\/person\\\/dee275e6036b1a0f7ceaf956d79d4eff\"},\"headline\":\"Srbija o\u010dekuje poziv za otvaranje poglavlja 27\",\"datePublished\":\"2016-12-15T21:44:30+00:00\",\"dateModified\":\"2018-12-07T13:12:42+00:00\",\"mainEntityOfPage\":{\"@id\":\"https:\\\/\\\/balkangreenenergynews.com\\\/rs\\\/srbija-ocekuje-poziv-za-otvaranje-poglavlja-27\\\/\"},\"wordCount\":339,\"commentCount\":0,\"image\":{\"@id\":\"https:\\\/\\\/balkangreenenergynews.com\\\/rs\\\/srbija-ocekuje-poziv-za-otvaranje-poglavlja-27\\\/#primaryimage\"},\"thumbnailUrl\":\"https:\\\/\\\/balkangreenenergynews.com\\\/rs\\\/wp-content\\\/uploads\\\/2016\\\/12\\\/Pocetak-projekta-EAS_795.jpg?wsr\",\"keywords\":[\"EU\",\"otpad\",\"Poglavlje 27\",\"recikla\u017ea\"],\"articleSection\":[\"\u017divotna sredina\"],\"inLanguage\":\"sr-RS\",\"potentialAction\":[{\"@type\":\"CommentAction\",\"name\":\"Comment\",\"target\":[\"https:\\\/\\\/balkangreenenergynews.com\\\/rs\\\/srbija-ocekuje-poziv-za-otvaranje-poglavlja-27\\\/#respond\"]}]},{\"@type\":\"WebPage\",\"@id\":\"https:\\\/\\\/balkangreenenergynews.com\\\/rs\\\/srbija-ocekuje-poziv-za-otvaranje-poglavlja-27\\\/\",\"url\":\"https:\\\/\\\/balkangreenenergynews.com\\\/rs\\\/srbija-ocekuje-poziv-za-otvaranje-poglavlja-27\\\/\",\"name\":\"Srbija o\u010dekuje poziv za otvaranje poglavlja 27\",\"isPartOf\":{\"@id\":\"https:\\\/\\\/balkangreenenergynews.com\\\/rs\\\/#website\"},\"primaryImageOfPage\":{\"@id\":\"https:\\\/\\\/balkangreenenergynews.com\\\/rs\\\/srbija-ocekuje-poziv-za-otvaranje-poglavlja-27\\\/#primaryimage\"},\"image\":{\"@id\":\"https:\\\/\\\/balkangreenenergynews.com\\\/rs\\\/srbija-ocekuje-poziv-za-otvaranje-poglavlja-27\\\/#primaryimage\"},\"thumbnailUrl\":\"https:\\\/\\\/balkangreenenergynews.com\\\/rs\\\/wp-content\\\/uploads\\\/2016\\\/12\\\/Pocetak-projekta-EAS_795.jpg?wsr\",\"datePublished\":\"2016-12-15T21:44:30+00:00\",\"dateModified\":\"2018-12-07T13:12:42+00:00\",\"author\":{\"@id\":\"https:\\\/\\\/balkangreenenergynews.com\\\/rs\\\/#\\\/schema\\\/person\\\/dee275e6036b1a0f7ceaf956d79d4eff\"},\"description\":\"Srbija o\u010dekuje potvrdu Brisela za otvaranje poglavlja 27 o \u017eivotnoj sredini, a prvi nacrt pregovara\u010dke pratforme bi\u0107e spreman polovinom 2017. godine.\",\"breadcrumb\":{\"@id\":\"https:\\\/\\\/balkangreenenergynews.com\\\/rs\\\/srbija-ocekuje-poziv-za-otvaranje-poglavlja-27\\\/#breadcrumb\"},\"inLanguage\":\"sr-RS\",\"potentialAction\":[{\"@type\":\"ReadAction\",\"target\":[\"https:\\\/\\\/balkangreenenergynews.com\\\/rs\\\/srbija-ocekuje-poziv-za-otvaranje-poglavlja-27\\\/\"]}]},{\"@type\":\"ImageObject\",\"inLanguage\":\"sr-RS\",\"@id\":\"https:\\\/\\\/balkangreenenergynews.com\\\/rs\\\/srbija-ocekuje-poziv-za-otvaranje-poglavlja-27\\\/#primaryimage\",\"url\":\"https:\\\/\\\/balkangreenenergynews.com\\\/rs\\\/wp-content\\\/uploads\\\/2016\\\/12\\\/Pocetak-projekta-EAS_795.jpg?wsr\",\"contentUrl\":\"https:\\\/\\\/balkangreenenergynews.com\\\/rs\\\/wp-content\\\/uploads\\\/2016\\\/12\\\/Pocetak-projekta-EAS_795.jpg?wsr\",\"width\":795,\"height\":407,\"caption\":\"Poglavlje 27 Srbija\"},{\"@type\":\"BreadcrumbList\",\"@id\":\"https:\\\/\\\/balkangreenenergynews.com\\\/rs\\\/srbija-ocekuje-poziv-za-otvaranje-poglavlja-27\\\/#breadcrumb\",\"itemListElement\":[{\"@type\":\"ListItem\",\"position\":1,\"name\":\"Po\u010detna\",\"item\":\"https:\\\/\\\/balkangreenenergynews.com\\\/rs\\\/\"},{\"@type\":\"ListItem\",\"position\":2,\"name\":\"Vesti\",\"item\":\"https:\\\/\\\/balkangreenenergynews.com\\\/rs\\\/kategorija\\\/vesti\\\/\"},{\"@type\":\"ListItem\",\"position\":3,\"name\":\"\u017divotna sredina\",\"item\":\"https:\\\/\\\/balkangreenenergynews.com\\\/rs\\\/kategorija\\\/vesti\\\/zivotna-sredina\\\/\"},{\"@type\":\"ListItem\",\"position\":4,\"name\":\"Srbija o\u010dekuje poziv za otvaranje poglavlja 27\"}]},{\"@type\":\"WebSite\",\"@id\":\"https:\\\/\\\/balkangreenenergynews.com\\\/rs\\\/#website\",\"url\":\"https:\\\/\\\/balkangreenenergynews.com\\\/rs\\\/\",\"name\":\"Balkan Green Energy News\",\"description\":\"Naj\u0161iri izbor vesti sa Balkana o zelenoj energiji\",\"potentialAction\":[{\"@type\":\"SearchAction\",\"target\":{\"@type\":\"EntryPoint\",\"urlTemplate\":\"https:\\\/\\\/balkangreenenergynews.com\\\/rs\\\/?s={search_term_string}\"},\"query-input\":{\"@type\":\"PropertyValueSpecification\",\"valueRequired\":true,\"valueName\":\"search_term_string\"}}],\"inLanguage\":\"sr-RS\"},{\"@type\":\"Person\",\"@id\":\"https:\\\/\\\/balkangreenenergynews.com\\\/rs\\\/#\\\/schema\\\/person\\\/dee275e6036b1a0f7ceaf956d79d4eff\",\"name\":\"Balkan Green Energy News\",\"url\":\"https:\\\/\\\/balkangreenenergynews.com\\\/rs\\\/author\\\/balkangreenenergynews\\\/\"}]}<\/script>\n<!-- \/ Yoast SEO plugin. -->","yoast_head_json":{"title":"Srbija o\u010dekuje poziv za otvaranje poglavlja 27","description":"Srbija o\u010dekuje potvrdu Brisela za otvaranje poglavlja 27 o \u017eivotnoj sredini, a prvi nacrt pregovara\u010dke pratforme bi\u0107e spreman polovinom 2017. godine.","robots":{"index":"index","follow":"follow","max-snippet":"max-snippet:-1","max-image-preview":"max-image-preview:large","max-video-preview":"max-video-preview:-1"},"canonical":"https:\/\/balkangreenenergynews.com\/rs\/srbija-ocekuje-poziv-za-otvaranje-poglavlja-27\/","og_locale":"sr_RS","og_type":"article","og_title":"Srbija o\u010dekuje poziv za otvaranje poglavlja 27","og_description":"Srbija o\u010dekuje potvrdu Brisela za otvaranje poglavlja 27 o \u017eivotnoj sredini, a prvi nacrt pregovara\u010dke pratforme bi\u0107e spreman polovinom 2017. godine.","og_url":"https:\/\/balkangreenenergynews.com\/rs\/srbija-ocekuje-poziv-za-otvaranje-poglavlja-27\/","og_site_name":"Balkan Green Energy News","article_published_time":"2016-12-15T21:44:30+00:00","article_modified_time":"2018-12-07T13:12:42+00:00","og_image":[{"width":795,"height":407,"url":"https:\/\/balkangreenenergynews.com\/rs\/wp-content\/uploads\/2016\/12\/Pocetak-projekta-EAS_795.jpg","type":"image\/jpeg"}],"author":"Balkan Green Energy News","twitter_card":"summary_large_image","twitter_misc":{"\u041d\u0430\u043f\u0438\u0441\u0430\u043d\u043e \u043e\u0434":"Balkan Green Energy News","\u041f\u0440\u043e\u0446\u0435\u045a\u0435\u043d\u043e \u0432\u0440\u0435\u043c\u0435 \u0447\u0438\u0442\u0430\u045a\u0430":"2 \u043c\u0438\u043d\u0443\u0442\u0430"},"schema":{"@context":"https:\/\/schema.org","@graph":[{"@type":"Article","@id":"https:\/\/balkangreenenergynews.com\/rs\/srbija-ocekuje-poziv-za-otvaranje-poglavlja-27\/#article","isPartOf":{"@id":"https:\/\/balkangreenenergynews.com\/rs\/srbija-ocekuje-poziv-za-otvaranje-poglavlja-27\/"},"author":{"name":"Balkan Green Energy News","@id":"https:\/\/balkangreenenergynews.com\/rs\/#\/schema\/person\/dee275e6036b1a0f7ceaf956d79d4eff"},"headline":"Srbija o\u010dekuje poziv za otvaranje poglavlja 27","datePublished":"2016-12-15T21:44:30+00:00","dateModified":"2018-12-07T13:12:42+00:00","mainEntityOfPage":{"@id":"https:\/\/balkangreenenergynews.com\/rs\/srbija-ocekuje-poziv-za-otvaranje-poglavlja-27\/"},"wordCount":339,"commentCount":0,"image":{"@id":"https:\/\/balkangreenenergynews.com\/rs\/srbija-ocekuje-poziv-za-otvaranje-poglavlja-27\/#primaryimage"},"thumbnailUrl":"https:\/\/balkangreenenergynews.com\/rs\/wp-content\/uploads\/2016\/12\/Pocetak-projekta-EAS_795.jpg?wsr","keywords":["EU","otpad","Poglavlje 27","recikla\u017ea"],"articleSection":["\u017divotna sredina"],"inLanguage":"sr-RS","potentialAction":[{"@type":"CommentAction","name":"Comment","target":["https:\/\/balkangreenenergynews.com\/rs\/srbija-ocekuje-poziv-za-otvaranje-poglavlja-27\/#respond"]}]},{"@type":"WebPage","@id":"https:\/\/balkangreenenergynews.com\/rs\/srbija-ocekuje-poziv-za-otvaranje-poglavlja-27\/","url":"https:\/\/balkangreenenergynews.com\/rs\/srbija-ocekuje-poziv-za-otvaranje-poglavlja-27\/","name":"Srbija o\u010dekuje poziv za otvaranje poglavlja 27","isPartOf":{"@id":"https:\/\/balkangreenenergynews.com\/rs\/#website"},"primaryImageOfPage":{"@id":"https:\/\/balkangreenenergynews.com\/rs\/srbija-ocekuje-poziv-za-otvaranje-poglavlja-27\/#primaryimage"},"image":{"@id":"https:\/\/balkangreenenergynews.com\/rs\/srbija-ocekuje-poziv-za-otvaranje-poglavlja-27\/#primaryimage"},"thumbnailUrl":"https:\/\/balkangreenenergynews.com\/rs\/wp-content\/uploads\/2016\/12\/Pocetak-projekta-EAS_795.jpg?wsr","datePublished":"2016-12-15T21:44:30+00:00","dateModified":"2018-12-07T13:12:42+00:00","author":{"@id":"https:\/\/balkangreenenergynews.com\/rs\/#\/schema\/person\/dee275e6036b1a0f7ceaf956d79d4eff"},"description":"Srbija o\u010dekuje potvrdu Brisela za otvaranje poglavlja 27 o \u017eivotnoj sredini, a prvi nacrt pregovara\u010dke pratforme bi\u0107e spreman polovinom 2017. godine.","breadcrumb":{"@id":"https:\/\/balkangreenenergynews.com\/rs\/srbija-ocekuje-poziv-za-otvaranje-poglavlja-27\/#breadcrumb"},"inLanguage":"sr-RS","potentialAction":[{"@type":"ReadAction","target":["https:\/\/balkangreenenergynews.com\/rs\/srbija-ocekuje-poziv-za-otvaranje-poglavlja-27\/"]}]},{"@type":"ImageObject","inLanguage":"sr-RS","@id":"https:\/\/balkangreenenergynews.com\/rs\/srbija-ocekuje-poziv-za-otvaranje-poglavlja-27\/#primaryimage","url":"https:\/\/balkangreenenergynews.com\/rs\/wp-content\/uploads\/2016\/12\/Pocetak-projekta-EAS_795.jpg?wsr","contentUrl":"https:\/\/balkangreenenergynews.com\/rs\/wp-content\/uploads\/2016\/12\/Pocetak-projekta-EAS_795.jpg?wsr","width":795,"height":407,"caption":"Poglavlje 27 Srbija"},{"@type":"BreadcrumbList","@id":"https:\/\/balkangreenenergynews.com\/rs\/srbija-ocekuje-poziv-za-otvaranje-poglavlja-27\/#breadcrumb","itemListElement":[{"@type":"ListItem","position":1,"name":"Po\u010detna","item":"https:\/\/balkangreenenergynews.com\/rs\/"},{"@type":"ListItem","position":2,"name":"Vesti","item":"https:\/\/balkangreenenergynews.com\/rs\/kategorija\/vesti\/"},{"@type":"ListItem","position":3,"name":"\u017divotna sredina","item":"https:\/\/balkangreenenergynews.com\/rs\/kategorija\/vesti\/zivotna-sredina\/"},{"@type":"ListItem","position":4,"name":"Srbija o\u010dekuje poziv za otvaranje poglavlja 27"}]},{"@type":"WebSite","@id":"https:\/\/balkangreenenergynews.com\/rs\/#website","url":"https:\/\/balkangreenenergynews.com\/rs\/","name":"Balkan Green Energy News","description":"Naj\u0161iri izbor vesti sa Balkana o zelenoj energiji","potentialAction":[{"@type":"SearchAction","target":{"@type":"EntryPoint","urlTemplate":"https:\/\/balkangreenenergynews.com\/rs\/?s={search_term_string}"},"query-input":{"@type":"PropertyValueSpecification","valueRequired":true,"valueName":"search_term_string"}}],"inLanguage":"sr-RS"},{"@type":"Person","@id":"https:\/\/balkangreenenergynews.com\/rs\/#\/schema\/person\/dee275e6036b1a0f7ceaf956d79d4eff","name":"Balkan Green Energy News","url":"https:\/\/balkangreenenergynews.com\/rs\/author\/balkangreenenergynews\/"}]}},"_links":{"self":[{"href":"https:\/\/balkangreenenergynews.com\/rs\/wp-json\/wp\/v2\/posts\/10470","targetHints":{"allow":["GET"]}}],"collection":[{"href":"https:\/\/balkangreenenergynews.com\/rs\/wp-json\/wp\/v2\/posts"}],"about":[{"href":"https:\/\/balkangreenenergynews.com\/rs\/wp-json\/wp\/v2\/types\/post"}],"author":[{"embeddable":true,"href":"https:\/\/balkangreenenergynews.com\/rs\/wp-json\/wp\/v2\/users\/25"}],"replies":[{"embeddable":true,"href":"https:\/\/balkangreenenergynews.com\/rs\/wp-json\/wp\/v2\/comments?post=10470"}],"version-history":[{"count":0,"href":"https:\/\/balkangreenenergynews.com\/rs\/wp-json\/wp\/v2\/posts\/10470\/revisions"}],"wp:featuredmedia":[{"embeddable":true,"href":"https:\/\/balkangreenenergynews.com\/rs\/wp-json\/wp\/v2\/media\/10471"}],"wp:attachment":[{"href":"https:\/\/balkangreenenergynews.com\/rs\/wp-json\/wp\/v2\/media?parent=10470"}],"wp:term":[{"taxonomy":"category","embeddable":true,"href":"https:\/\/balkangreenenergynews.com\/rs\/wp-json\/wp\/v2\/categories?post=10470"},{"taxonomy":"post_tag","embeddable":true,"href":"https:\/\/balkangreenenergynews.com\/rs\/wp-json\/wp\/v2\/tags?post=10470"}],"curies":[{"name":"wp","href":"https:\/\/api.w.org\/{rel}","templated":true}]}}