{"id":10071,"date":"2016-11-23T17:32:55","date_gmt":"2016-11-23T16:32:55","guid":{"rendered":"http:\/\/balkangreenenergynews.com\/rs\/?p=10071"},"modified":"2018-12-05T15:52:41","modified_gmt":"2018-12-05T14:52:41","slug":"pocelo-s-radom-novo-postrojenje-ecopack-bugarska-za-sortiranje-stakla","status":"publish","type":"post","link":"https:\/\/balkangreenenergynews.com\/rs\/pocelo-s-radom-novo-postrojenje-ecopack-bugarska-za-sortiranje-stakla\/","title":{"rendered":"Po\u010delo s radom novo postrojenje Ecopack Bugarska za sortiranje stakla"},"content":{"rendered":"<h2>Preduze\u0107e za recikla\u017eu Ecopack Bugarska otvorilo je novi deo pogona za sortiranje stakla prema boji. Nova oprema mo\u017ee dnevno da obradi 100 tona staklene ambala\u017ee, a vredna je 2,5 miliona leva (1,28 miliona evra).<\/h2>\n<p>Nova oprema je instalirana u fabrici Ecopack-a u selu Ravno polje, 10 kilometara isto\u010dno od Sofije. Postrojenje je otvoreno 2008. godine posle po\u010detnog ulaganja od 3,8 miliona leva (1,92 miliona evra). Nova oprema \u0107e udvostru\u010diti kapacitet fabrike, a dodatna pogodnost je mogu\u0107nost klasiranja stakla prema boji, ka\u017ee se u <a href=\"https:\/\/ecopack.bg\/bg\/ekopak-balgariya-investira-2,5-mln-lv-v-parvata-u-nas-instalatsiya-za-sortirane-na-stakleni-otpadatsi-ot-opakovki-po-tsvyat\/506\/view\/\">saop\u0161tenju <\/a>preduze\u0107a.<\/p>\n<p>\u201eOvo je dobra vest za recikla\u017ena postrojenja u Bugarskoj kao i za proizvo\u0111a\u010de staklene ambala\u017ee, jer \u0107e dobijati \u010distiju sirovinu i, odatle, bolju ambala\u017eu,\u201c rekao je direktor Ecopack Bugarska Todor Burgud\u017eiev. On je podsetio da je potra\u017enja za staklom tokom pro\u0161le godine porasla za 30%, u pore\u0111enju s rastom potra\u017enje od 15% za druge vrste ambala\u017ee.<\/p>\n<p>Novi pogon su zajedni\u010dki otvorili Svetoslav Atanasov iz Ecopack Bugarska, bugarska ministarka za \u017eivotnu sredinu i vode Ivelina Vasileva, i gradona\u010delnica Sofije Jordanka Fandakova.<\/p>\n<p>\u201eMinistarstvo \u0107e nastaviti da podr\u017eava investicije zasnovane na zelenim idejama, zelenom na\u010dinu razmi\u0161ljanja i zelenoj ekonomiji,\u201c izjavila je ministarka Vasileva.<\/p>\n<p>Ecopack je tokom 2015. godine obradio ukupno 91.031 tonu otpada, i kontrolisao je ne\u0161to preko 42% tr\u017ei\u0161ta recikla\u017ee u Bugarskoj.<\/p>\n<p>Postrojenje u Ravnom polju \u0107e dodatno pomo\u0107i da ova dr\u017eava pru\u017ei svoj doprinos \u201ecirkularnoj ekonomiji\u201c EU. Planovi Evropske komisije su da se do 2025. godine reciklira 75% ukupno potro\u0161enog stakla. Taj cilj je skoro i postignut ve\u0107 2014. godine, sude\u0107i prema <a href=\"https:\/\/balkangreenenergynews.com\/rs\/reciklaza-stakla-u-eu-na-rekordnom-nivou-feve\/\">izve\u0161taju<\/a> Evropske federacije staklene ambala\u017ee (FEVE).<\/p>\n","protected":false},"excerpt":{"rendered":"<p>Preduze\u0107e za recikla\u017eu Ecopack Bugarska otvorilo je novi deo pogona za sortiranje stakla prema boji&#8230;.<\/p>\n","protected":false},"author":25,"featured_media":10073,"comment_status":"open","ping_status":"closed","sticky":false,"template":"","format":"standard","meta":{"_acf_changed":false,"_monsterinsights_skip_tracking":false,"_monsterinsights_sitenote_active":false,"_monsterinsights_sitenote_note":"","_monsterinsights_sitenote_category":0,"footnotes":""},"categories":[5],"tags":[948,195,825],"class_list":["post-10071","post","type-post","status-publish","format-standard","has-post-thumbnail","hentry","category-otpad","tag-cirkularna-ekonomija","tag-eu","tag-reciklaza","country-bugarska"],"acf":[],"yoast_head":"<!-- This site is optimized with the Yoast SEO plugin v27.4 - https:\/\/yoast.com\/product\/yoast-seo-wordpress\/ -->\n<title>Po\u010delo s radom novo postrojenje Ecopack Bugarska za sortiranje stakla - Balkan Green Energy News<\/title>\n<meta name=\"robots\" content=\"index, follow, max-snippet:-1, max-image-preview:large, max-video-preview:-1\" \/>\n<link rel=\"canonical\" href=\"https:\/\/balkangreenenergynews.com\/rs\/pocelo-s-radom-novo-postrojenje-ecopack-bugarska-za-sortiranje-stakla\/\" \/>\n<meta property=\"og:locale\" content=\"sr_RS\" \/>\n<meta property=\"og:type\" content=\"article\" \/>\n<meta property=\"og:title\" content=\"Po\u010delo s radom novo postrojenje Ecopack Bugarska za sortiranje stakla - Balkan Green Energy News\" \/>\n<meta property=\"og:description\" content=\"Preduze\u0107e za recikla\u017eu Ecopack Bugarska otvorilo je novi deo pogona za sortiranje stakla prema boji....\" \/>\n<meta property=\"og:url\" content=\"https:\/\/balkangreenenergynews.com\/rs\/pocelo-s-radom-novo-postrojenje-ecopack-bugarska-za-sortiranje-stakla\/\" \/>\n<meta property=\"og:site_name\" content=\"Balkan Green Energy News\" \/>\n<meta property=\"article:published_time\" content=\"2016-11-23T16:32:55+00:00\" \/>\n<meta property=\"article:modified_time\" content=\"2018-12-05T14:52:41+00:00\" \/>\n<meta property=\"og:image\" content=\"https:\/\/balkangreenenergynews.com\/rs\/wp-content\/uploads\/2016\/11\/Bulgaria_Ecopack_Glass_350px.jpg\" \/>\n\t<meta property=\"og:image:width\" content=\"350\" \/>\n\t<meta property=\"og:image:height\" content=\"243\" \/>\n\t<meta property=\"og:image:type\" content=\"image\/jpeg\" \/>\n<meta name=\"author\" content=\"Balkan Green Energy News\" \/>\n<meta name=\"twitter:card\" content=\"summary_large_image\" \/>\n<meta name=\"twitter:label1\" content=\"\u041d\u0430\u043f\u0438\u0441\u0430\u043d\u043e \u043e\u0434\" \/>\n\t<meta name=\"twitter:data1\" content=\"Balkan Green Energy News\" \/>\n\t<meta name=\"twitter:label2\" content=\"\u041f\u0440\u043e\u0446\u0435\u045a\u0435\u043d\u043e \u0432\u0440\u0435\u043c\u0435 \u0447\u0438\u0442\u0430\u045a\u0430\" \/>\n\t<meta name=\"twitter:data2\" content=\"1 \u043c\u0438\u043d\u0443\u0442\" \/>\n<script type=\"application\/ld+json\" class=\"yoast-schema-graph\">{\"@context\":\"https:\\\/\\\/schema.org\",\"@graph\":[{\"@type\":\"Article\",\"@id\":\"https:\\\/\\\/balkangreenenergynews.com\\\/rs\\\/pocelo-s-radom-novo-postrojenje-ecopack-bugarska-za-sortiranje-stakla\\\/#article\",\"isPartOf\":{\"@id\":\"https:\\\/\\\/balkangreenenergynews.com\\\/rs\\\/pocelo-s-radom-novo-postrojenje-ecopack-bugarska-za-sortiranje-stakla\\\/\"},\"author\":{\"name\":\"Balkan Green Energy News\",\"@id\":\"https:\\\/\\\/balkangreenenergynews.com\\\/rs\\\/#\\\/schema\\\/person\\\/dee275e6036b1a0f7ceaf956d79d4eff\"},\"headline\":\"Po\u010delo s radom novo postrojenje Ecopack Bugarska za sortiranje stakla\",\"datePublished\":\"2016-11-23T16:32:55+00:00\",\"dateModified\":\"2018-12-05T14:52:41+00:00\",\"mainEntityOfPage\":{\"@id\":\"https:\\\/\\\/balkangreenenergynews.com\\\/rs\\\/pocelo-s-radom-novo-postrojenje-ecopack-bugarska-za-sortiranje-stakla\\\/\"},\"wordCount\":286,\"commentCount\":2,\"image\":{\"@id\":\"https:\\\/\\\/balkangreenenergynews.com\\\/rs\\\/pocelo-s-radom-novo-postrojenje-ecopack-bugarska-za-sortiranje-stakla\\\/#primaryimage\"},\"thumbnailUrl\":\"https:\\\/\\\/balkangreenenergynews.com\\\/rs\\\/wp-content\\\/uploads\\\/2016\\\/11\\\/Bulgaria_Ecopack_Glass_350px.jpg?wsr\",\"keywords\":[\"cirkularna ekonomija\",\"EU\",\"recikla\u017ea\"],\"articleSection\":[\"Otpad\"],\"inLanguage\":\"sr-RS\",\"potentialAction\":[{\"@type\":\"CommentAction\",\"name\":\"Comment\",\"target\":[\"https:\\\/\\\/balkangreenenergynews.com\\\/rs\\\/pocelo-s-radom-novo-postrojenje-ecopack-bugarska-za-sortiranje-stakla\\\/#respond\"]}]},{\"@type\":\"WebPage\",\"@id\":\"https:\\\/\\\/balkangreenenergynews.com\\\/rs\\\/pocelo-s-radom-novo-postrojenje-ecopack-bugarska-za-sortiranje-stakla\\\/\",\"url\":\"https:\\\/\\\/balkangreenenergynews.com\\\/rs\\\/pocelo-s-radom-novo-postrojenje-ecopack-bugarska-za-sortiranje-stakla\\\/\",\"name\":\"Po\u010delo s radom novo postrojenje Ecopack Bugarska za sortiranje stakla - Balkan Green Energy News\",\"isPartOf\":{\"@id\":\"https:\\\/\\\/balkangreenenergynews.com\\\/rs\\\/#website\"},\"primaryImageOfPage\":{\"@id\":\"https:\\\/\\\/balkangreenenergynews.com\\\/rs\\\/pocelo-s-radom-novo-postrojenje-ecopack-bugarska-za-sortiranje-stakla\\\/#primaryimage\"},\"image\":{\"@id\":\"https:\\\/\\\/balkangreenenergynews.com\\\/rs\\\/pocelo-s-radom-novo-postrojenje-ecopack-bugarska-za-sortiranje-stakla\\\/#primaryimage\"},\"thumbnailUrl\":\"https:\\\/\\\/balkangreenenergynews.com\\\/rs\\\/wp-content\\\/uploads\\\/2016\\\/11\\\/Bulgaria_Ecopack_Glass_350px.jpg?wsr\",\"datePublished\":\"2016-11-23T16:32:55+00:00\",\"dateModified\":\"2018-12-05T14:52:41+00:00\",\"author\":{\"@id\":\"https:\\\/\\\/balkangreenenergynews.com\\\/rs\\\/#\\\/schema\\\/person\\\/dee275e6036b1a0f7ceaf956d79d4eff\"},\"breadcrumb\":{\"@id\":\"https:\\\/\\\/balkangreenenergynews.com\\\/rs\\\/pocelo-s-radom-novo-postrojenje-ecopack-bugarska-za-sortiranje-stakla\\\/#breadcrumb\"},\"inLanguage\":\"sr-RS\",\"potentialAction\":[{\"@type\":\"ReadAction\",\"target\":[\"https:\\\/\\\/balkangreenenergynews.com\\\/rs\\\/pocelo-s-radom-novo-postrojenje-ecopack-bugarska-za-sortiranje-stakla\\\/\"]}]},{\"@type\":\"ImageObject\",\"inLanguage\":\"sr-RS\",\"@id\":\"https:\\\/\\\/balkangreenenergynews.com\\\/rs\\\/pocelo-s-radom-novo-postrojenje-ecopack-bugarska-za-sortiranje-stakla\\\/#primaryimage\",\"url\":\"https:\\\/\\\/balkangreenenergynews.com\\\/rs\\\/wp-content\\\/uploads\\\/2016\\\/11\\\/Bulgaria_Ecopack_Glass_350px.jpg?wsr\",\"contentUrl\":\"https:\\\/\\\/balkangreenenergynews.com\\\/rs\\\/wp-content\\\/uploads\\\/2016\\\/11\\\/Bulgaria_Ecopack_Glass_350px.jpg?wsr\",\"width\":350,\"height\":243,\"caption\":\"Slika: Ecopack\"},{\"@type\":\"BreadcrumbList\",\"@id\":\"https:\\\/\\\/balkangreenenergynews.com\\\/rs\\\/pocelo-s-radom-novo-postrojenje-ecopack-bugarska-za-sortiranje-stakla\\\/#breadcrumb\",\"itemListElement\":[{\"@type\":\"ListItem\",\"position\":1,\"name\":\"Po\u010detna\",\"item\":\"https:\\\/\\\/balkangreenenergynews.com\\\/rs\\\/\"},{\"@type\":\"ListItem\",\"position\":2,\"name\":\"Vesti\",\"item\":\"https:\\\/\\\/balkangreenenergynews.com\\\/rs\\\/kategorija\\\/vesti\\\/\"},{\"@type\":\"ListItem\",\"position\":3,\"name\":\"Otpad\",\"item\":\"https:\\\/\\\/balkangreenenergynews.com\\\/rs\\\/kategorija\\\/vesti\\\/otpad\\\/\"},{\"@type\":\"ListItem\",\"position\":4,\"name\":\"Po\u010delo s radom novo postrojenje Ecopack Bugarska za sortiranje stakla\"}]},{\"@type\":\"WebSite\",\"@id\":\"https:\\\/\\\/balkangreenenergynews.com\\\/rs\\\/#website\",\"url\":\"https:\\\/\\\/balkangreenenergynews.com\\\/rs\\\/\",\"name\":\"Balkan Green Energy News\",\"description\":\"Naj\u0161iri izbor vesti sa Balkana o zelenoj energiji\",\"potentialAction\":[{\"@type\":\"SearchAction\",\"target\":{\"@type\":\"EntryPoint\",\"urlTemplate\":\"https:\\\/\\\/balkangreenenergynews.com\\\/rs\\\/?s={search_term_string}\"},\"query-input\":{\"@type\":\"PropertyValueSpecification\",\"valueRequired\":true,\"valueName\":\"search_term_string\"}}],\"inLanguage\":\"sr-RS\"},{\"@type\":\"Person\",\"@id\":\"https:\\\/\\\/balkangreenenergynews.com\\\/rs\\\/#\\\/schema\\\/person\\\/dee275e6036b1a0f7ceaf956d79d4eff\",\"name\":\"Balkan Green Energy News\",\"url\":\"https:\\\/\\\/balkangreenenergynews.com\\\/rs\\\/author\\\/balkangreenenergynews\\\/\"}]}<\/script>\n<!-- \/ Yoast SEO plugin. -->","yoast_head_json":{"title":"Po\u010delo s radom novo postrojenje Ecopack Bugarska za sortiranje stakla - Balkan Green Energy News","robots":{"index":"index","follow":"follow","max-snippet":"max-snippet:-1","max-image-preview":"max-image-preview:large","max-video-preview":"max-video-preview:-1"},"canonical":"https:\/\/balkangreenenergynews.com\/rs\/pocelo-s-radom-novo-postrojenje-ecopack-bugarska-za-sortiranje-stakla\/","og_locale":"sr_RS","og_type":"article","og_title":"Po\u010delo s radom novo postrojenje Ecopack Bugarska za sortiranje stakla - Balkan Green Energy News","og_description":"Preduze\u0107e za recikla\u017eu Ecopack Bugarska otvorilo je novi deo pogona za sortiranje stakla prema boji....","og_url":"https:\/\/balkangreenenergynews.com\/rs\/pocelo-s-radom-novo-postrojenje-ecopack-bugarska-za-sortiranje-stakla\/","og_site_name":"Balkan Green Energy News","article_published_time":"2016-11-23T16:32:55+00:00","article_modified_time":"2018-12-05T14:52:41+00:00","og_image":[{"width":350,"height":243,"url":"https:\/\/balkangreenenergynews.com\/rs\/wp-content\/uploads\/2016\/11\/Bulgaria_Ecopack_Glass_350px.jpg","type":"image\/jpeg"}],"author":"Balkan Green Energy News","twitter_card":"summary_large_image","twitter_misc":{"\u041d\u0430\u043f\u0438\u0441\u0430\u043d\u043e \u043e\u0434":"Balkan Green Energy News","\u041f\u0440\u043e\u0446\u0435\u045a\u0435\u043d\u043e \u0432\u0440\u0435\u043c\u0435 \u0447\u0438\u0442\u0430\u045a\u0430":"1 \u043c\u0438\u043d\u0443\u0442"},"schema":{"@context":"https:\/\/schema.org","@graph":[{"@type":"Article","@id":"https:\/\/balkangreenenergynews.com\/rs\/pocelo-s-radom-novo-postrojenje-ecopack-bugarska-za-sortiranje-stakla\/#article","isPartOf":{"@id":"https:\/\/balkangreenenergynews.com\/rs\/pocelo-s-radom-novo-postrojenje-ecopack-bugarska-za-sortiranje-stakla\/"},"author":{"name":"Balkan Green Energy News","@id":"https:\/\/balkangreenenergynews.com\/rs\/#\/schema\/person\/dee275e6036b1a0f7ceaf956d79d4eff"},"headline":"Po\u010delo s radom novo postrojenje Ecopack Bugarska za sortiranje stakla","datePublished":"2016-11-23T16:32:55+00:00","dateModified":"2018-12-05T14:52:41+00:00","mainEntityOfPage":{"@id":"https:\/\/balkangreenenergynews.com\/rs\/pocelo-s-radom-novo-postrojenje-ecopack-bugarska-za-sortiranje-stakla\/"},"wordCount":286,"commentCount":2,"image":{"@id":"https:\/\/balkangreenenergynews.com\/rs\/pocelo-s-radom-novo-postrojenje-ecopack-bugarska-za-sortiranje-stakla\/#primaryimage"},"thumbnailUrl":"https:\/\/balkangreenenergynews.com\/rs\/wp-content\/uploads\/2016\/11\/Bulgaria_Ecopack_Glass_350px.jpg?wsr","keywords":["cirkularna ekonomija","EU","recikla\u017ea"],"articleSection":["Otpad"],"inLanguage":"sr-RS","potentialAction":[{"@type":"CommentAction","name":"Comment","target":["https:\/\/balkangreenenergynews.com\/rs\/pocelo-s-radom-novo-postrojenje-ecopack-bugarska-za-sortiranje-stakla\/#respond"]}]},{"@type":"WebPage","@id":"https:\/\/balkangreenenergynews.com\/rs\/pocelo-s-radom-novo-postrojenje-ecopack-bugarska-za-sortiranje-stakla\/","url":"https:\/\/balkangreenenergynews.com\/rs\/pocelo-s-radom-novo-postrojenje-ecopack-bugarska-za-sortiranje-stakla\/","name":"Po\u010delo s radom novo postrojenje Ecopack Bugarska za sortiranje stakla - Balkan Green Energy News","isPartOf":{"@id":"https:\/\/balkangreenenergynews.com\/rs\/#website"},"primaryImageOfPage":{"@id":"https:\/\/balkangreenenergynews.com\/rs\/pocelo-s-radom-novo-postrojenje-ecopack-bugarska-za-sortiranje-stakla\/#primaryimage"},"image":{"@id":"https:\/\/balkangreenenergynews.com\/rs\/pocelo-s-radom-novo-postrojenje-ecopack-bugarska-za-sortiranje-stakla\/#primaryimage"},"thumbnailUrl":"https:\/\/balkangreenenergynews.com\/rs\/wp-content\/uploads\/2016\/11\/Bulgaria_Ecopack_Glass_350px.jpg?wsr","datePublished":"2016-11-23T16:32:55+00:00","dateModified":"2018-12-05T14:52:41+00:00","author":{"@id":"https:\/\/balkangreenenergynews.com\/rs\/#\/schema\/person\/dee275e6036b1a0f7ceaf956d79d4eff"},"breadcrumb":{"@id":"https:\/\/balkangreenenergynews.com\/rs\/pocelo-s-radom-novo-postrojenje-ecopack-bugarska-za-sortiranje-stakla\/#breadcrumb"},"inLanguage":"sr-RS","potentialAction":[{"@type":"ReadAction","target":["https:\/\/balkangreenenergynews.com\/rs\/pocelo-s-radom-novo-postrojenje-ecopack-bugarska-za-sortiranje-stakla\/"]}]},{"@type":"ImageObject","inLanguage":"sr-RS","@id":"https:\/\/balkangreenenergynews.com\/rs\/pocelo-s-radom-novo-postrojenje-ecopack-bugarska-za-sortiranje-stakla\/#primaryimage","url":"https:\/\/balkangreenenergynews.com\/rs\/wp-content\/uploads\/2016\/11\/Bulgaria_Ecopack_Glass_350px.jpg?wsr","contentUrl":"https:\/\/balkangreenenergynews.com\/rs\/wp-content\/uploads\/2016\/11\/Bulgaria_Ecopack_Glass_350px.jpg?wsr","width":350,"height":243,"caption":"Slika: Ecopack"},{"@type":"BreadcrumbList","@id":"https:\/\/balkangreenenergynews.com\/rs\/pocelo-s-radom-novo-postrojenje-ecopack-bugarska-za-sortiranje-stakla\/#breadcrumb","itemListElement":[{"@type":"ListItem","position":1,"name":"Po\u010detna","item":"https:\/\/balkangreenenergynews.com\/rs\/"},{"@type":"ListItem","position":2,"name":"Vesti","item":"https:\/\/balkangreenenergynews.com\/rs\/kategorija\/vesti\/"},{"@type":"ListItem","position":3,"name":"Otpad","item":"https:\/\/balkangreenenergynews.com\/rs\/kategorija\/vesti\/otpad\/"},{"@type":"ListItem","position":4,"name":"Po\u010delo s radom novo postrojenje Ecopack Bugarska za sortiranje stakla"}]},{"@type":"WebSite","@id":"https:\/\/balkangreenenergynews.com\/rs\/#website","url":"https:\/\/balkangreenenergynews.com\/rs\/","name":"Balkan Green Energy News","description":"Naj\u0161iri izbor vesti sa Balkana o zelenoj energiji","potentialAction":[{"@type":"SearchAction","target":{"@type":"EntryPoint","urlTemplate":"https:\/\/balkangreenenergynews.com\/rs\/?s={search_term_string}"},"query-input":{"@type":"PropertyValueSpecification","valueRequired":true,"valueName":"search_term_string"}}],"inLanguage":"sr-RS"},{"@type":"Person","@id":"https:\/\/balkangreenenergynews.com\/rs\/#\/schema\/person\/dee275e6036b1a0f7ceaf956d79d4eff","name":"Balkan Green Energy News","url":"https:\/\/balkangreenenergynews.com\/rs\/author\/balkangreenenergynews\/"}]}},"_links":{"self":[{"href":"https:\/\/balkangreenenergynews.com\/rs\/wp-json\/wp\/v2\/posts\/10071","targetHints":{"allow":["GET"]}}],"collection":[{"href":"https:\/\/balkangreenenergynews.com\/rs\/wp-json\/wp\/v2\/posts"}],"about":[{"href":"https:\/\/balkangreenenergynews.com\/rs\/wp-json\/wp\/v2\/types\/post"}],"author":[{"embeddable":true,"href":"https:\/\/balkangreenenergynews.com\/rs\/wp-json\/wp\/v2\/users\/25"}],"replies":[{"embeddable":true,"href":"https:\/\/balkangreenenergynews.com\/rs\/wp-json\/wp\/v2\/comments?post=10071"}],"version-history":[{"count":0,"href":"https:\/\/balkangreenenergynews.com\/rs\/wp-json\/wp\/v2\/posts\/10071\/revisions"}],"wp:featuredmedia":[{"embeddable":true,"href":"https:\/\/balkangreenenergynews.com\/rs\/wp-json\/wp\/v2\/media\/10073"}],"wp:attachment":[{"href":"https:\/\/balkangreenenergynews.com\/rs\/wp-json\/wp\/v2\/media?parent=10071"}],"wp:term":[{"taxonomy":"category","embeddable":true,"href":"https:\/\/balkangreenenergynews.com\/rs\/wp-json\/wp\/v2\/categories?post=10071"},{"taxonomy":"post_tag","embeddable":true,"href":"https:\/\/balkangreenenergynews.com\/rs\/wp-json\/wp\/v2\/tags?post=10071"}],"curies":[{"name":"wp","href":"https:\/\/api.w.org\/{rel}","templated":true}]}}